{"id":4045,"date":"2011-08-29T23:51:59","date_gmt":"2011-08-30T04:51:59","guid":{"rendered":"https:\/\/radiozapatista.org\/?p=4045"},"modified":"2021-09-15T13:19:31","modified_gmt":"2021-09-15T18:19:31","slug":"2do-reporte-sobre-la-brigada-de-observacion-y-solidaridad-con-las-comunidades-zapatistas","status":"publish","type":"post","link":"https:\/\/radiozapatista.org\/?p=4045","title":{"rendered":"2do. Reporte sobre la Brigada de Observaci\u00f3n y Solidaridad con las comunidades zapatistas"},"content":{"rendered":"<p>Saludos compa\u00f1eros y compa\u00f1eras:<\/p>\n<p>Nos reportan los brigadistas que se han dirigido al Caracol de Morelia que, el d\u00eda de hoy, 29 de agosto de 2011, a las siete de la ma\u00f1ana salieron del Caracol hacia el Municipio Aut\u00f3nomo Lucio Caba\u00f1as, en concreto, a la Regi\u00f3n Primero de Enero, la cual recientemente ha sido agredida por la ORCAO y donde se destruy\u00f3 la casa destinada a los observadores nacionales e internacionales<\/p>\n<p>Sin m\u00e1s por el momento&#8230;<\/p>\n<p style=\"text-align: center;\">Equipo de Comunicaci\u00f3n de la Red Contra la Rerpesi\u00f3n y por la Solidaridad<\/p>\n<p><\/p>","protected":false},"excerpt":{"rendered":"<p>Saludos compa\u00f1eros y compa\u00f1eras: Nos reportan los brigadistas que se han dirigido al Caracol de Morelia que, el d\u00eda de hoy, 29 de agosto de 2011, a las siete de la ma\u00f1ana salieron del Caracol hacia el Municipio Aut\u00f3nomo Lucio Caba\u00f1as, en concreto, a la Regi\u00f3n Primero de Enero, la cual recientemente ha sido agredida [&hellip;]<\/p>\n","protected":false},"author":1,"featured_media":0,"comment_status":"open","ping_status":"open","sticky":false,"template":"","format":"standard","meta":{"footnotes":""},"categories":[183],"tags":[36,260,23,27],"class_list":["post-4045","post","type-post","status-publish","format-standard","hentry","category-blog","tag-comunidades-zapatistas","tag-orcao","tag-paramilitares","tag-solidaridad"],"_links":{"self":[{"href":"https:\/\/radiozapatista.org\/index.php?rest_route=\/wp\/v2\/posts\/4045","targetHints":{"allow":["GET"]}}],"collection":[{"href":"https:\/\/radiozapatista.org\/index.php?rest_route=\/wp\/v2\/posts"}],"about":[{"href":"https:\/\/radiozapatista.org\/index.php?rest_route=\/wp\/v2\/types\/post"}],"author":[{"embeddable":true,"href":"https:\/\/radiozapatista.org\/index.php?rest_route=\/wp\/v2\/users\/1"}],"replies":[{"embeddable":true,"href":"https:\/\/radiozapatista.org\/index.php?rest_route=%2Fwp%2Fv2%2Fcomments&post=4045"}],"version-history":[{"count":1,"href":"https:\/\/radiozapatista.org\/index.php?rest_route=\/wp\/v2\/posts\/4045\/revisions"}],"predecessor-version":[{"id":39477,"href":"https:\/\/radiozapatista.org\/index.php?rest_route=\/wp\/v2\/posts\/4045\/revisions\/39477"}],"wp:attachment":[{"href":"https:\/\/radiozapatista.org\/index.php?rest_route=%2Fwp%2Fv2%2Fmedia&parent=4045"}],"wp:term":[{"taxonomy":"category","embeddable":true,"href":"https:\/\/radiozapatista.org\/index.php?rest_route=%2Fwp%2Fv2%2Fcategories&post=4045"},{"taxonomy":"post_tag","embeddable":true,"href":"https:\/\/radiozapatista.org\/index.php?rest_route=%2Fwp%2Fv2%2Ftags&post=4045"}],"curies":[{"name":"wp","href":"https:\/\/api.w.org\/{rel}","templated":true}]}}