{"id":40436,"date":"2021-11-24T14:12:44","date_gmt":"2021-11-24T20:12:44","guid":{"rendered":"https:\/\/radiozapatista.org\/?p=40436"},"modified":"2021-11-24T14:14:00","modified_gmt":"2021-11-24T20:14:00","slug":"video-entrevista-hector-llaitul-un-pueblo-oprimido-tiene-derecho-a-la-violencia-politica-para-lograr-su-liberacion-nacional","status":"publish","type":"post","link":"https:\/\/radiozapatista.org\/?p=40436","title":{"rendered":"[Video-Entrevista] H\u00e9ctor Llaitul \u00abUn pueblo oprimido tiene derecho a la violencia pol\u00edtica para lograr su liberaci\u00f3n nacional\u00bb"},"content":{"rendered":"<p><\/p>\n<p class=\"has-normal-font-size\">Recientemente H\u00e9ctor LLaitul vocero de la Coordinadora Arauco Malleco ha entregado declaraciones respecto del pensamiento y accionar pol\u00edtico de la CAM. De qu\u00e9 manera llegan a abrazar la lucha armada como mecanismo de autodefensa frente al extractivismo y la violencia policial. Legitimado por el genocidio y despojo hist\u00f3rico por parte del Estado de chile hacia el pueblo mapuche. Declara:<\/p>\n<figure class=\"wp-block-embed aligncenter is-type-video is-provider-youtube wp-block-embed-youtube wp-embed-aspect-16-9 wp-has-aspect-ratio\">\n<div class=\"wp-block-embed__wrapper\">\n<div class=\"fluid-width-video-wrapper\">\n<p><iframe loading=\"lazy\" title=\"Entrevista a H\u00e9ctor Llaitul vocero Coordinadora Arauco Malleco\" width=\"500\" height=\"281\" src=\"https:\/\/www.youtube.com\/embed\/w-Dxl587tz4?feature=oembed\" frameborder=\"0\" allow=\"accelerometer; autoplay; clipboard-write; encrypted-media; gyroscope; picture-in-picture; web-share\" referrerpolicy=\"strict-origin-when-cross-origin\" allowfullscreen><\/iframe><\/p>\n<\/div>\n<\/div>\n<\/figure>\n<p class=\"has-normal-font-size\"><em>\u00abCiertamente nosotros como organizaci\u00f3n autonomista, que luchamos bajo una propuesta muy clara de la cual hemos dado cuenta en todos nuestros planteamientos, en nuestras declaraciones, en nuestros comunicados, asumimos el componente de la violencia pol\u00edtica como absolutamente leg\u00edtima toda vez que somos o nos sentimos un pueblo oprimido. En materias de territorialidad, en materia de autonom\u00eda, de soberan\u00eda. Por lo tanto, la violencia no la instalamos nosotros, est\u00e1 instalada desde el momento mismo que hay una ocupaci\u00f3n a sangre y fuego, una ocupaci\u00f3n pol\u00edtico militar de parte de dos Estados en contra de nuestro pueblo.<br \/>\nNosotros reivindicamos todo el contenido que nos han legado en sus aspectos val\u00f3ricos, ideol\u00f3gicos, culturales para reconstruir. Y ah\u00ed est\u00e1 muy fuertemente esto de la plataforma que hablamos, del control territorial, para la recuperaci\u00f3n de las comunidades, la reconstrucci\u00f3n de las Futalmapu y finalmente la reconstrucci\u00f3n del Wallmapu. Entonces cuando nosotros hacemos referencia a esta l\u00ednea de resistencia, hablamos de sabotaje por la necesidad concreta, hist\u00f3rica y en el terreno, de hacer frente a las pol\u00edticas destructivas y de acorralamiento de las comunidades que son llevadas adelante por el sistema de propiedad usurpado, principalmente de la industria forestal, entonces hacemos una reivindicaci\u00f3n y una legitimizaci\u00f3n de las acciones de resistencia en ese plano, con el sabotaje.<br \/>\nNosotros sustentamos por ejemplo el \u00e1mbito miliciano o militar de acci\u00f3n acotado a un plano netamente de reconstrucci\u00f3n de nuestro Pueblo, es decir bajo una propuesta eminentemente pol\u00edtica, y esto se hace circunscrito a un radio de reivindicaci\u00f3n territorial, de reivindicaci\u00f3n ideol\u00f3gica y cultural de nuestro pueblo, y no tiene que transitar en otro \u00e1mbito que se supone que podr\u00eda entenderse como la supremac\u00eda de lo militar por sobre lo pol\u00edtico.\u00bb<\/em><\/p>\n<p>H\u00e9ctor Llaitul, vocero CAM, noviembre de 2021.<\/p>","protected":false},"excerpt":{"rendered":"<p>Recientemente H\u00e9ctor LLaitul vocero de la Coordinadora Arauco Malleco ha entregado declaraciones respecto del pensamiento y accionar pol\u00edtico de la CAM. De qu\u00e9 manera llegan a abrazar la lucha armada como mecanismo de autodefensa frente al extractivismo y la violencia policial. Legitimado por el genocidio y despojo hist\u00f3rico por parte del Estado de chile hacia [&hellip;]<\/p>\n","protected":false},"author":21,"featured_media":40437,"comment_status":"open","ping_status":"closed","sticky":false,"template":"","format":"standard","meta":{"footnotes":""},"categories":[957,51,1284,826,935],"tags":[58,53,567,147,37,545,87,148,27,483,1242],"class_list":["post-40436","post","type-post","status-publish","format-standard","has-post-thumbnail","hentry","category-autonomia","category-autor","category-latinoamerica","category-medios-libres-2","category-temas","tag-derechos-humanos","tag-justicia","tag-megaproyectos","tag-militarizacion","tag-presos-politicos","tag-pueblos-indigenas","tag-represion","tag-resistencia","tag-solidaridad","tag-tierra-y-territorio","tag-wallmapu"],"_links":{"self":[{"href":"https:\/\/radiozapatista.org\/index.php?rest_route=\/wp\/v2\/posts\/40436","targetHints":{"allow":["GET"]}}],"collection":[{"href":"https:\/\/radiozapatista.org\/index.php?rest_route=\/wp\/v2\/posts"}],"about":[{"href":"https:\/\/radiozapatista.org\/index.php?rest_route=\/wp\/v2\/types\/post"}],"author":[{"embeddable":true,"href":"https:\/\/radiozapatista.org\/index.php?rest_route=\/wp\/v2\/users\/21"}],"replies":[{"embeddable":true,"href":"https:\/\/radiozapatista.org\/index.php?rest_route=%2Fwp%2Fv2%2Fcomments&post=40436"}],"version-history":[{"count":2,"href":"https:\/\/radiozapatista.org\/index.php?rest_route=\/wp\/v2\/posts\/40436\/revisions"}],"predecessor-version":[{"id":40439,"href":"https:\/\/radiozapatista.org\/index.php?rest_route=\/wp\/v2\/posts\/40436\/revisions\/40439"}],"wp:featuredmedia":[{"embeddable":true,"href":"https:\/\/radiozapatista.org\/index.php?rest_route=\/wp\/v2\/media\/40437"}],"wp:attachment":[{"href":"https:\/\/radiozapatista.org\/index.php?rest_route=%2Fwp%2Fv2%2Fmedia&parent=40436"}],"wp:term":[{"taxonomy":"category","embeddable":true,"href":"https:\/\/radiozapatista.org\/index.php?rest_route=%2Fwp%2Fv2%2Fcategories&post=40436"},{"taxonomy":"post_tag","embeddable":true,"href":"https:\/\/radiozapatista.org\/index.php?rest_route=%2Fwp%2Fv2%2Ftags&post=40436"}],"curies":[{"name":"wp","href":"https:\/\/api.w.org\/{rel}","templated":true}]}}