{"id":40428,"date":"2021-11-24T11:55:51","date_gmt":"2021-11-24T17:55:51","guid":{"rendered":"https:\/\/radiozapatista.org\/?p=40428"},"modified":"2021-11-24T11:55:51","modified_gmt":"2021-11-24T17:55:51","slug":"comunicado-werken-carolina-marileo-saravia-inicia-huelga-de-hambre-en-carcel-de-angol","status":"publish","type":"post","link":"https:\/\/radiozapatista.org\/?p=40428","title":{"rendered":"[Comunicado] Werken Carolina Marileo Saravia inicia huelga de hambre en c\u00e1rcel de Angol"},"content":{"rendered":"<p><\/p>\n<div class=\"et_pb_section et_pb_section_1_tb_body et_section_regular\">\n<div class=\"et_pb_row et_pb_row_0_tb_body\">\n<div class=\"et_pb_column et_pb_column_4_4 et_pb_column_0_tb_body  et_pb_css_mix_blend_mode_passthrough et-last-child\">\n<div class=\"et_pb_module et_pb_post_content et_pb_post_content_0_tb_body\">\n<p class=\"has-normal-font-size\">A trav\u00e9s de este comunicado p\u00fablico nos dirigimos a los diferentes lof en resistencia del wallmapu, a los weichafes que estan en lucha directa que estan en contra de las grandes empresas forestales, latifundistas y distintas empresas capitalistas pu pe\u00f1i pu lamgen compuche las organizaciones sociales y personal individuales que apoyan y simpatizan nuestra causa mapuche:<\/p>\n<p class=\"has-normal-font-size\">Ki\u00f1e: Nuestra lamgen Carolina Marileo Saravia werken y dirigente del Lof Boyen mapu de ercilla, actualmente en prisi\u00f3n preventiva en la c\u00e1rcel de angol hace aproximadamente 3 meses en la secci\u00f3n femenina y bien reconocida en el sector de ercilla por ser una lamgen de lucha y firmeza en la recuperaci\u00f3n del territorio, as\u00ed tambi\u00e9n enfrentando distintos hechos de persecuci\u00f3n que le a tocado llevar en el camino de la lucha, persecuciones por parte del estado de chile y de empresas forestales y del ministerio p\u00fablico.<\/p>\n<p class=\"has-normal-font-size\">Epu: En el centro penitenciario de angol a formalizados, en muchas ocasiones se ha establecido un di\u00e1logo para pedir mejores condiciones carcelarias tanto de forma verbal a trav\u00e9s de escritos dirigido al alcaide Rafael Rojas Cidy al director regional en su monto, al Director Leonardo Barrientos y actual nuevo director regional de la Araucan\u00eda Diter villaroel, obteniendo nula respuesta de las peticiones hasta el momento que se expone a continuaci\u00f3n.- Alimentaci\u00f3n propia de acuerdo a las costumbres mapuche asi tambien su preparacion.- M\u00f3dulo diferente al resto de la poblaci\u00f3n por no conicidir con el tipo de pensamiento y forma de actuar asi como de acuerdo a las costumbres y tradiciones mapuche, en un lugar donde se pueda realizar ceremonia de forma tranquila.- Visita extendida de un horario de 10 a 16 horas 2 veces por semana, entendido de anguna forma la supuesta pandemia en la que siempre se excusa gendarmer\u00eda pero que todo puede ser conversable para llegar a un acuerdo.- Visita de familiares amigos dentro de la secci\u00f3n femenina en el espacio umi donde se encuentra actualmente mientras se llega alg\u00fan tipo de conversaci\u00f3n satisfactoria de gendarmer\u00eda.<\/p>\n<p class=\"has-normal-font-size\">Kula: Por todo lo expuesto anteriormente y debido a la incapacidad y falta de di\u00e1logo por parte de la instituci\u00f3n de gendarmer\u00eda nuestra lamgen a decidido realizar huelga de hambre liquida desde el dia de hoy 22 de noviembre del 2021, solicitando que se le resuelvan sus demandas ya mencionadas y en apoyo a los 6 huelguista del m\u00f3dulo solicitando similares condiciones carcelarias y en la que se encuentra otra miembro de la comunidad Boyen mapu, JuanToro Manquel.Esta huega de hambre liquida y de car\u00e1cter indefinida o hasta que se de soluciones a sus demandas y toda situaci\u00f3n que le ocurra a nuestra lamgen Carolina Marileo Y Juan Toro ser\u00e1 responsabilidad Directa de Gendarmeria y del estado debido a las diferentes persecuciones que se realiza a nuestra gente.<\/p>\n<p class=\"has-normal-font-size\">Meli: A quienes conocen nuestra lamgen y pe\u00f1i le pedimos apoyar y manifestarse en favor a su petitorio y dejando en libertad de acci\u00f3n a los pe\u00f1i y lamgen en apoyo la movilizaci\u00f3n, cuid\u00e1ndose en tiempo de militarizaci\u00f3n que existe en diferentes territorios.<\/p>\n<p class=\"has-normal-font-size\">Fuera Forestales del Wallmapu y yanaconas.<\/p>\n<p class=\"has-normal-font-size\">Libertad a los presos pol\u00edticos mapuche y de la revuelta social.<\/p>\n<p class=\"has-normal-font-size\">Marrichiweu!!\u00bb<\/p>\n<\/div>\n<\/div>\n<\/div>\n<\/div>\n<p><\/p>","protected":false},"excerpt":{"rendered":"<p>A trav\u00e9s de este comunicado p\u00fablico nos dirigimos a los diferentes lof en resistencia del wallmapu, a los weichafes que estan en lucha directa que estan en contra de las grandes empresas forestales, latifundistas y distintas empresas capitalistas pu pe\u00f1i pu lamgen compuche las organizaciones sociales y personal individuales que apoyan y simpatizan nuestra causa [&hellip;]<\/p>\n","protected":false},"author":21,"featured_media":40429,"comment_status":"open","ping_status":"closed","sticky":false,"template":"","format":"standard","meta":{"footnotes":""},"categories":[51,1284,826,958,935],"tags":[79,58,53,1305,567,147,37,545,87,148,27,483,1242],"class_list":["post-40428","post","type-post","status-publish","format-standard","has-post-thumbnail","hentry","category-autor","category-latinoamerica","category-medios-libres-2","category-megaproyectos","category-temas","tag-autonomia","tag-derechos-humanos","tag-justicia","tag-latinoamerica","tag-megaproyectos","tag-militarizacion","tag-presos-politicos","tag-pueblos-indigenas","tag-represion","tag-resistencia","tag-solidaridad","tag-tierra-y-territorio","tag-wallmapu"],"_links":{"self":[{"href":"https:\/\/radiozapatista.org\/index.php?rest_route=\/wp\/v2\/posts\/40428","targetHints":{"allow":["GET"]}}],"collection":[{"href":"https:\/\/radiozapatista.org\/index.php?rest_route=\/wp\/v2\/posts"}],"about":[{"href":"https:\/\/radiozapatista.org\/index.php?rest_route=\/wp\/v2\/types\/post"}],"author":[{"embeddable":true,"href":"https:\/\/radiozapatista.org\/index.php?rest_route=\/wp\/v2\/users\/21"}],"replies":[{"embeddable":true,"href":"https:\/\/radiozapatista.org\/index.php?rest_route=%2Fwp%2Fv2%2Fcomments&post=40428"}],"version-history":[{"count":1,"href":"https:\/\/radiozapatista.org\/index.php?rest_route=\/wp\/v2\/posts\/40428\/revisions"}],"predecessor-version":[{"id":40430,"href":"https:\/\/radiozapatista.org\/index.php?rest_route=\/wp\/v2\/posts\/40428\/revisions\/40430"}],"wp:featuredmedia":[{"embeddable":true,"href":"https:\/\/radiozapatista.org\/index.php?rest_route=\/wp\/v2\/media\/40429"}],"wp:attachment":[{"href":"https:\/\/radiozapatista.org\/index.php?rest_route=%2Fwp%2Fv2%2Fmedia&parent=40428"}],"wp:term":[{"taxonomy":"category","embeddable":true,"href":"https:\/\/radiozapatista.org\/index.php?rest_route=%2Fwp%2Fv2%2Fcategories&post=40428"},{"taxonomy":"post_tag","embeddable":true,"href":"https:\/\/radiozapatista.org\/index.php?rest_route=%2Fwp%2Fv2%2Ftags&post=40428"}],"curies":[{"name":"wp","href":"https:\/\/api.w.org\/{rel}","templated":true}]}}