{"id":40424,"date":"2021-11-24T11:25:36","date_gmt":"2021-11-24T17:25:36","guid":{"rendered":"https:\/\/radiozapatista.org\/?p=40424"},"modified":"2021-11-24T11:28:52","modified_gmt":"2021-11-24T17:28:52","slug":"denunciamos-las-agresiones-a-las-bases-de-apoyo-al-ezln-del-caracol-10-moises-gandhi-perteneciente-a-la-junta-de-buen-gobierno-nuevo-amanecer-en-resistencia-y-rebeldia-por-la-vida-y-la-humanida","status":"publish","type":"post","link":"https:\/\/radiozapatista.org\/?p=40424","title":{"rendered":"[:es]Denunciamos Las Agresiones A Las Bases De Apoyo Al Ezln Del Caracol 10 Mois\u00e9s-gandhi, Perteneciente A La Junta De Buen Gobierno \u00abNuevo Amanecer En Resistencia Y Rebeld\u00eda Por La Vida Y La Humanidad\u00bb, Caracol 10 Floreciendo La Semilla Rebelde[:]"},"content":{"rendered":"<p>[:es]<\/p>\n<div class=\"single-post-wrap entry-content\">\n<p><strong>Denunciamos<\/strong> las agresiones a las Bases de Apoyo al EZLN del Caracol 10 Mois\u00e9s-Gandhi, perteneciente a la Junta de Buen Gobierno \u00abNuevo Amanecer en Resistencia y Rebeld\u00eda por la Vida y la Humanidad\u00bb, Caracol 10 Floreciendo la Semilla Rebelde, por parte de los paramilitares de la Organizaci\u00f3n Regional de Cafeticultores de Ocosingo (ORCAO).<\/p>\n<p>El pasado 21 de Noviembre los paramilitares de la ORCAO de la comunidad San Antonio Las Flores, que a la vez est\u00e1n dentro de la Regi\u00f3n Siete de Febrero, hicieron un recorrido para revisar las tuber\u00edas de agua a las 10 de la ma\u00f1ana. Durante ese recorrido comenzarona a disparar desde diferentes puntos hacia la comunidad de Mois\u00e9s Gandhi.<\/p>\n<p>As\u00ed estuvieron disparando de manera intermitente, varios disparos de alto calibre impactaron en tres casas de la comunidad poniendo en riesgo a las BAEZLN de la comunidad.<\/p>\n<p>A las 4.30 de la tarde, un grupo de los paramilitares se acerc\u00f3 hasta la Escuela Secundaria Aut\u00f3noma Zapatista \u201cSiguiendo el Caminar de los\u00a0 2 M\u00e1rtires\u201d de la comunidad y prendi\u00f3 fuego a tres aulas. Cabe recordar que esta escuela aut\u00f3noma ya sufri\u00f3 otro ataque armado por parte de la ORCAO el pasado 14 de octubre.<\/p>\n<p>Este grupo paramilitar ha llevado a cabo acciones al amparo de las autoridades del municipio de Ocosingo en donde su principal l\u00edder es funcionario del municipio. Act\u00faan cobijado por el gobernador Rutilio Escand\u00f3n Cadenas.<\/p>\n<p>Entre los ataques que ha llevado a cabo la organizaci\u00f3n ORCAO y que se han denunciado p\u00fablicamente, se envuentran los siguientes:<\/p>\n<p>\u2013 El saqueo, robo y quema de la tienda el Arco Iris el 22 de agosto de 2020, ubicada en el crucero Cushulj\u00e1, municipio de Ocosingo.<\/p>\n<p>\u2013 El d\u00eda 8 de noviembre de 2020 la Junta de Buen Gobierno de Patria Nueva denunci\u00f3 \u201cel secuestro y tortura de un compa\u00f1ero Base de Apoyo Zapatista de la comunidad de San Isidro, anexo de Mois\u00e9s Gandhi, por parte de la organizaci\u00f3n paramilitar llamada ORCAO.\u201d<\/p>\n<p>\u2013 El d\u00eda 11 de septiembre de 2021 el grupo paramilitar secuestr\u00f3 a dos integrantes de la Junta de Buen Gobierno a Jos\u00e9 Antonio S\u00e1nchez Ju\u00e1rez y Sebasti\u00e1n N\u00fa\u00f1ez P\u00e9rez, manteni\u00e9ndolos en calidad de desaparecidos hasta el d\u00eda 19 de septiembre.<\/p>\n<p>Exigimos al gobierno mexicano de Andr\u00e9s Manuel L\u00f3pez Obrador act\u00fae de manera responsable y detenga las agresiones por parte de la Orcao.<\/p>\n<p>Exigimos al Gobernador de Chiapas, Rutilio Escand\u00f3n, actu\u00e9 responsablemente y deje de desestabilizar al Estado de Chiapas.<\/p>\n<p>Exigimos respeto al derecho a la autonom\u00eda de las comunidades Zapatistas y a su derecho de la libre determinaci\u00f3n.<\/p>\n<p>\u00a1Los Zapatistas No est\u00e1n solos!<\/p>\n<p>Desde Slumil K\u00b4Ajkemk\u00b4Op, 23 de noviembre de 2021<\/p>\n<pre class=\"wp-block-preformatted\"> Alemania\r\n\r\nCaf\u00e9 Libertad Kollektiv Hamburgo\r\n\r\nCitizens Summons Bonn\r\n\r\nColectivo Gata-Gata\r\n\r\nColectivo Libertad, Austria\r\n\r\nFiA - Frauen in Aktion G\u00f6ttingen\r\n\r\nGlobale Film Festival Berlin Berlin\r\n\r\nInterventionistische Linke\r\n\r\nMaiz - Autonomes Zentrum von &amp; f\u00fcr Migrantinnen\r\n\r\nTOKATA-LPSG RheinMain\/Germany - Asociaci\u00f3n de Apoyo a Proyectos Sociales, Culturales, Ambientales y de Derechos Humanos de los Ind\u00edgenas y Grupo de Apoyo al Preso Pol\u00edtico Ind\u00edgena Leonard Peltier\r\n\r\nYa Basta Rhein Main\r\n\r\nAustria\r\n\r\nBund demokratischer frauen \u00f6sterreichs\r\n\r\nColectivo Acci\u00f3n Solidaria Viena\r\n\r\nFriedensplattform Steiermark\r\n\r\nInformationsgruppe Lateinamerika\u2013IGLA, Wien\r\n\r\nGuatemala Solidarit\u00e4t \u00d6sterreich, Wien\r\n\r\nPal\u00e4stina Solidarit\u00e4t Steiermark\r\n\r\nSystem Change, not Climate Change! Austria\r\n\r\nSolidarit\u00e4tskomitee MexikoSalzburg\r\n\r\nZapalotta-Netzwerk\r\n\r\nB\u00e9lgica\r\n\r\nCasa Nicaragua Li\u00e8ge\r\n\r\nCETRI - Centro tricontinental\r\n\r\nCVFE, Li\u00e8ge\r\n\r\nGroupe CafeZ, Li\u00e8ge Li\u00e8ge\r\n\r\nRAZB red de acogida de l@s Zapatistas en B\u00e9lgica\r\n\r\nCatalunya\t\r\n\r\nAdhesiva, espai de trobada i acci\u00f3 Barcelona\r\n\r\nAss. Solidaria Caf\u00e8 Rebeld\u00eda-Infoespai\r\n\r\nBruixes Salines de S\u00faria\r\n\r\nDebats a S\u00faria\r\n\r\nPallasos en Rebeldia\r\n\r\nTaula per M\u00e8xic, Barcelona\r\n\r\nChipre\r\n\r\nColectivo Ramona (Chipre)\r\n\r\nEscocia\r\n\r\nScotland Zapatista\r\n\r\nEstado Espa\u00f1ol\r\n\r\nAcci\u00f3n Po\u00e9tica Revolucionaria - Madrid\r\n\r\nAlkarama. Movimiento de mujeres palestinas\r\n\r\nAsamblea 8M Getafe\r\n\r\nAsamblea 8M Latina\r\n\r\nAsamblea de Vivienda Carabanchel\r\n\r\nAsamblea Plaza de los Pueblos\r\n\r\nAsamblea Gira por la vida de Burgos (Castilla)\r\n\r\nAsociaci\u00f3n Arte y Memoria - Madrid\r\n\r\nAsociaci\u00f3n Cultural Cofrad\u00eda Marinera de Vallekas.\r\n\r\nAsociaci\u00f3n Entreiguales, Val\u00e8ncia, Pa\u00eds Valenci\u00e0\r\n\r\nAsociaci\u00f3n para la Recuperaci\u00f3n de la Memoria Hist\u00f3rica (Cuenca)\r\n\r\nAsociaci\u00f3n Teatro de la Tierra\r\n\r\nAssemblea de Solidaritat amb M\u00e8xic del Pa\u00eds Valenci\u00e0\r\n\r\nBienvenidxs Refugiadxs Alcal\u00e1 de Henares\r\n\r\nCaracol Gredos e Iglesuela\r\n\r\nCaracol Extremadura\r\n\r\nCasa de la dona de Val\u00e8ncia, Pa\u00eds Valenci\u00e0\r\n\r\nCedsala, Pa\u00eds Valenci\u00e0\r\n\r\nCentro de Documentaci\u00f3n sobre Zapatismo -CEDOZ- Madrid\r\n\r\nCentro Revolucionario de Arqueolog\u00eda Social (CRAS)\r\n\r\nCentro Social Autogestionado La Enredadera de Tetu\u00e1n\r\n\r\nCentro Social La Villana de Vallekas\r\n\r\nCGT MENORCA, Menorca\r\n\r\nColectivo Hist\u00e9ricos\r\n\r\nComisi\u00f3n Migraci\u00f3n y Antirracismo 8M Madrid\r\n\r\nComit\u00e9 de Emergencia Antirracista\r\n\r\nComit\u00e8 Acollida Zapatistes - Illes Balears i Piti\u00fcses Illes Balears i Piti\u00fcses\r\n\r\nConfederaci\u00f3n General del Trabajo (CGT) Madrid-Castilla la Mancha-Extremadura\r\n\r\nConfederaci\u00f3n General del Trabajo (CGT) SOV Corredor del Henares\r\n\r\nConfederaci\u00f3n General del Trabajo (CGT) Zona Sur, Madrid\r\n\r\nConfederaci\u00f3n General del Trabajo (CGT) Metal, Madrid\r\n\r\nConfederaci\u00f3n General del Trabajo (CGT) Sanidad, Madrid\r\n\r\nConfederaci\u00f3n Nacional del Trabajo (CNT), Colmenar Viejo\r\n\r\nConfederaci\u00f3n Nacional del Trabajo (CNT), Extremadura\r\n\r\nConfederaci\u00f3n Nacional del Trabajo (CNT), M\u00e9rida\r\n\r\nConfederaci\u00f3n Nacional del Trabajo (CNT), Sierra Norte\r\n\r\nConfederaci\u00f3n Nacional del Trabajo (CNT), Comarcal Sur, Madrid\r\n\r\nCoordinadora Anti-privatizaci\u00f3n de la Sanidad (CAS) Madrid\r\n\r\nCoordinadora Antifascista de Madrid\r\n\r\nCSOA La Enredadera (barrio de Tetu\u00e1n, Madrid)\r\n\r\nEcologistas en Acci\u00f3n\r\n\r\nEn Madrid Otra Italia\r\n\r\nEscuela Popular de Prosperidad\r\n\r\nEspacio Sociocultural Liberado Autogestionado EKO\r\n\r\nEspacio Tangente. Centro Autogestionado de Creaci\u00f3n Contempor\u00e1nea de Burgos (Castilla)\r\n\r\nFederaci\u00f3n Estudiantil libertaria, Universidad Complutense de Madrid\r\n\r\nFederaci\u00f3n Estudiantil Libertaria, Universidad Aut\u00f3noma de Madrid\r\n\r\nFestival Memoria Democr\u00e1tica\r\n\r\nFridays for Future, Madrid\r\n\r\nFundaci\u00f3n Anselmo Lorenzo (CNT)\r\n\r\nGuerreros de Luz - Danzantes Mexicas\r\n\r\nInstituto de Imaginaci\u00f3n Radical (IRI)\r\n\r\nJuventud Antifascista de Hortaleza\r\n\r\nLa Comuna, asociacion de presxs y represaliadxs por la dictadura\r\n\r\nLa Hedera\r\n\r\nLa Parcer\u00eda\r\n\r\nLa Tasquiva, (Granada)\r\n\r\nLa Trueca\r\n\r\nLa Villana de Vallekas, Madrid\r\n\r\nLesbianBanda, Valencia\r\n\r\nMadrid Agroecol\u00f3gico\r\n\r\nMarea Azul 15M\r\n\r\nMostoles feminista\r\n\r\nMovimiento Marika de Madrid\r\n\r\nMujeres CGT - Madrid\r\n\r\nMujeres Libres de Extremadura\r\n\r\nMujeres Libres de Madrid\r\n\r\nMujeres Sembrando (M\u00e9rida)\r\n\r\nPallasos en rebeld\u00eda\r\n\r\nPallasos En Rebeldia, Galicia\r\n\r\nPallasos En Rebeldia, Madrid\r\n\r\nPensar\u00e9 Cartoneras Valencia\/Chiapas, Pa\u00eds Valencia\r\n\r\nPerif\u00e8ries del Mon, Pa\u00eds Valenci\u00e0\r\n\r\nPlataforma contra la Privatizaci\u00f3n del Canal de Isabel II\r\n\r\nPlataforma por Honduras\r\n\r\nPueblos vivos: Fraguas y Navalquejigo\r\n\r\nRed de Hondure\u00f1as Migradas\r\n\r\nRed Solidaria de Acogida\r\n\r\nRedretro. Sistema de Transporte On\u00edrico\r\n\r\nRojava Azadi Madrid\r\n\r\nSamidoun Espa\u00f1a\r\n\r\nSamirviveart\r\n\r\nTaller Ahuehuete\r\n\r\nVallekanas Feministas Km9\r\n\r\nWomen Defend Rojava - Madrid\r\n\r\nY retiemble! Espacio de apoyo al Congreso Nacional Ind\u00edgena desde Madrid\r\n\r\nEuskal Herria\r\n\r\nBigite Elkartea - Asociaci\u00f3n Vizca\u00edna de Integradoras\/es Sociales y Animadores\/as Socioculturales Bizkaia\r\n\r\nBizilur Euskal Herria\r\n\r\nELA sindikatua\r\n\r\nErmuko komite internazionalistak\r\n\r\nGernikatik Mundura ONGD Euskal Herria-Pa\u00eds Vasco\r\n\r\nLumaltik Herriak\r\n\r\nMundubat\r\n\r\nOngi etorri errefuxiauak\r\n\r\nPodemos Ahal dugu - Podemos Euskadi\r\n\r\nTxiapasEKIN Euskal Herria\r\n\r\nZapatisten Lagunak y GABILTZA\r\n\r\nFinlandia\r\n\r\nColectivo Armadillo\r\n\r\nFrancia\r\n\r\n\r\n\r\nAsociacion Americasol (Red escargot)\r\n\r\nCollective Par\u00eds-Ayotzinapa\r\n\r\nCollectif Causeries Populaires (Vend\u00e9e, Francia)\r\nYala Colectiva (Nantes, Francia)\r\n\r\nColectivo del Segala Abajo a la Izquierda, la Salvetat-Peyral\u00e8s, Aveyron, Francia\r\n\r\nGroupe Zapatiste Gersois France Gers\r\n\r\nLatir x Mexico\r\n\r\nTierra y Libertad para Arauco - Wallmapu\r\n\r\nUnion syndicale Solidaires\r\n\r\nZapateria Toulouse\r\n\r\nUnion Syndicale Solidaires\r\n\r\nGrecia\r\n\r\nPsy Initiative for a Multidimentional Movement in Mental Health\r\n\r\nAcci\u00f3n Alternativa para la Calidad de Vida\r\n\r\nAsamblea de recepci\u00f3n de l@s Zapatistas en la ciudad de Veria\r\n\r\nAsamblea Libertaria Autoorganizada Paliacate Zapatista\r\n\r\nAsociaci\u00f3n Cultural Ambiental de la pen\u00ednsula de Mani - PERI.POL.O MANIS, Peloponeso\r\n\r\nChispa de Solidaridad con l@s Zapatistas\r\n\r\nClinica y farmacia solidaria social de ilio la Atica\r\n\r\nColectivo autoorganizado \"Nosotr@s\"\r\n\r\nColectivo Calendario Zapatista\r\n\r\nColectivo de comercio solidario \"Lacandona\"\r\n\r\nColectivo libertario Fiore Nero\r\n\r\nComunidad Cooperativa de Autosuficiencia \"ApoKoinou\"\r\n\r\nCooperativa de Comercio Solidario \"Syn Allois\"\r\n\r\nCoordinaci\u00f3n de la ciudad de Kalamata para el viaje de l@s zapatistas a Europa\r\n\r\nCoordinaci\u00f3n de Peloponeso por el viaje zapatista\r\n\r\nEditorial de extranjer@s, Tesal\u00f3nica\r\n\r\nEmeis- A.S.Kalavriton\r\n\r\nEquipo pedag\u00f3gico Freinet \"Skasiarheio\" (Escuela atrasado)\r\n\r\nEspiral de solidaridad-semilla de resistencia\r\n\r\nGrupo de Salud Mental - Covid19: Solidaridad de Tesal\u00f3nica\r\n\r\nIniciativa Libertaria \"\u00c1gria Neda\"\r\n\r\nKukuva Empesa Social Cooperativa de Beneficio Colectivo y Social (Kalamata)\r\n\r\nLas Ediciones de Colegas\r\n\r\nMovimiento Antiautoritario de Tesal\u00f3nica\r\n\r\nMovimiento Antifascista de Kalamata\r\n\r\nOdo, Colectivo Libertario\r\n\r\nSteki Metanaston Atenas - Centro Social (Coordinaci\u00f3n Tsamadou)\r\n\r\nTrabajador@s cooperativ@s de miner\u00eda industrial (Cooperative workers of industrial mining, SE VIOME) Sal\u00f3nica, Griego (Thessaloniki, Greece)\r\n\r\nItalia\r\n\r\nAssociazione Jambo, commercio equo Fidenza\r\n\r\nAsociaci\u00f3n Ya basta! \u00cad\u00ee bese! Italia\r\n\r\nCIAC ( centro immigrazione, asilo, cooperazione internazionale), Parma\r\n\r\nCsa Intifada\/Comunit\u00e0 in Resistenza Empoli\r\n\r\nLAPAZ Italia (asamblea italiana de coordinaci\u00f3n del Viaje por la Vida)\r\n\r\nPortugal\r\n\r\nAssocia\u00e7\u00e3o Cultural Circulosc\u00f3pio Portugal\r\n\r\nCoordenadora Nacional Gira Zapatista - Portugal\r\n\r\nDiem25 Portugal\r\n\r\nF\u00f3rum Ind\u00edgena Lisboa\r\n\r\nJornal MAPA\r\n\r\nN\u00facleo de Lisboa da Rede 8 de Mar\u00e7o - Greve Feminista Internacional 8M Portugal\r\n\r\n\r\n\r\nReino Unido\r\n\r\nZapatista Solidarity Network\r\n\r\nLondon Mexico Solidarity\r\n\r\nManchester Zapatista Collective\r\n\r\nSuiza\r\n\r\nColectivo Zapatista de Lugano\r\n\r\nCollettivo Antirazzista R-Esisitiamo\r\n\r\nDirekte Solidarit\u00e4t mit Chiapas, Z\u00fcrich\r\n\r\nSOA il Molino\r\n\r\nOtros\r\n\r\nLe\u00f3n Resiste, Guanajuato\r\n\r\nMuseum for the Displaced Lisboa, global\r\n\r\n<\/pre>\n<\/div>\n<p>[:]<\/p>\n","protected":false},"excerpt":{"rendered":"<p>[:es] Denunciamos las agresiones a las Bases de Apoyo al EZLN del Caracol 10 Mois\u00e9s-Gandhi, perteneciente a la Junta de Buen Gobierno \u00abNuevo Amanecer en Resistencia y Rebeld\u00eda por la Vida y la Humanidad\u00bb, Caracol 10 Floreciendo la Semilla Rebelde, por parte de los paramilitares de la Organizaci\u00f3n Regional de Cafeticultores de Ocosingo (ORCAO). El [&hellip;]<\/p>\n","protected":false},"author":21,"featured_media":40425,"comment_status":"open","ping_status":"closed","sticky":false,"template":"","format":"standard","meta":{"footnotes":""},"categories":[957,1318,6,826,935],"tags":[79,917,36,58,53,147,23,545,87,148,27,483],"class_list":["post-40424","post","type-post","status-publish","format-standard","has-post-thumbnail","hentry","category-autonomia","category-caravana-zapatista-a-europa","category-chiapas","category-medios-libres-2","category-temas","tag-autonomia","tag-chiapas","tag-comunidades-zapatistas","tag-derechos-humanos","tag-justicia","tag-militarizacion","tag-paramilitares","tag-pueblos-indigenas","tag-represion","tag-resistencia","tag-solidaridad","tag-tierra-y-territorio"],"_links":{"self":[{"href":"https:\/\/radiozapatista.org\/index.php?rest_route=\/wp\/v2\/posts\/40424","targetHints":{"allow":["GET"]}}],"collection":[{"href":"https:\/\/radiozapatista.org\/index.php?rest_route=\/wp\/v2\/posts"}],"about":[{"href":"https:\/\/radiozapatista.org\/index.php?rest_route=\/wp\/v2\/types\/post"}],"author":[{"embeddable":true,"href":"https:\/\/radiozapatista.org\/index.php?rest_route=\/wp\/v2\/users\/21"}],"replies":[{"embeddable":true,"href":"https:\/\/radiozapatista.org\/index.php?rest_route=%2Fwp%2Fv2%2Fcomments&post=40424"}],"version-history":[{"count":2,"href":"https:\/\/radiozapatista.org\/index.php?rest_route=\/wp\/v2\/posts\/40424\/revisions"}],"predecessor-version":[{"id":40427,"href":"https:\/\/radiozapatista.org\/index.php?rest_route=\/wp\/v2\/posts\/40424\/revisions\/40427"}],"wp:featuredmedia":[{"embeddable":true,"href":"https:\/\/radiozapatista.org\/index.php?rest_route=\/wp\/v2\/media\/40425"}],"wp:attachment":[{"href":"https:\/\/radiozapatista.org\/index.php?rest_route=%2Fwp%2Fv2%2Fmedia&parent=40424"}],"wp:term":[{"taxonomy":"category","embeddable":true,"href":"https:\/\/radiozapatista.org\/index.php?rest_route=%2Fwp%2Fv2%2Fcategories&post=40424"},{"taxonomy":"post_tag","embeddable":true,"href":"https:\/\/radiozapatista.org\/index.php?rest_route=%2Fwp%2Fv2%2Ftags&post=40424"}],"curies":[{"name":"wp","href":"https:\/\/api.w.org\/{rel}","templated":true}]}}