{"id":40370,"date":"2021-11-19T11:26:21","date_gmt":"2021-11-19T17:26:21","guid":{"rendered":"https:\/\/radiozapatista.org\/?p=40370"},"modified":"2021-11-22T06:58:46","modified_gmt":"2021-11-22T12:58:46","slug":"exigen-colectivas-feministas-la-aparacion-con-vida-de-la-defensora-irma-galindo-barrios","status":"publish","type":"post","link":"https:\/\/radiozapatista.org\/?p=40370","title":{"rendered":"Exigen colectivas feministas la aparaci\u00f3n con vida de la defensora Irma Galindo Barrios"},"content":{"rendered":"<p>Por Samantha Demby<\/p>\n<p>Integrantes de Mujeres que Luchan Oaxaca, la Colectiva Jur\u00eddica por la Dignidad Disidente, la Comedora Comunitaria y otras agrupaciones y personas aliadas marcharon la ma\u00f1ana de mi\u00e9rcoles, 17 de noviembre, desde el Z\u00f3calo de la Ciudad de Oaxaca hasta las instalaciones de la Fiscal\u00eda General del Estado, para exigir la aparici\u00f3n con vida de Irma Galindo Barrios, defensora comunitaria \u00d1uu Savi, cuyo paradero no se sabe desde el pasado 27 de octubre.<\/p>\n<p>Guadalupe Santaella, una integrante de Mujeres que Luchan Oaxaca, pronunci\u00f3: \u201cPor sus familiares sabemos que nuestra compa no aparece. Estamos esperando y estamos exigiendo su pronta aparici\u00f3n. Estamos exigiendo que el gobierno agilice su b\u00fasqueda. Sabemos que en lo que va de este sexenio han desaparecido muchas defensoras de la tierra. Irma Galindo Barrios es una defensora de la Madre Tierra\u201d.<\/p>\n<p>Una miembra de la Colectiva Jur\u00eddica por la Dignidad Disidente, cuyo nombre se reserva por motivos de seguridad, precis\u00f3: \u201cComo defensoras, como feministas comuntarias, nos pronunciamos en exigencia al gobierno del Estado de Oaxaca, a Alejandro Murat Hinojosa, en la exigencia de la aparici\u00f3n con vida de nuestra compa\u00f1era defensora de la Madre Tierra, Irma Galindo Barrios, desaparecida en la Mixteca por defender su territorio, por defenderse en contra de los talamontes de la regi\u00f3n de la Mixteca\u2026Irma Galindo te estamos buscando y te vamos a encontrar, hermana\u201d.<\/p>\n<p>De acuerdo con la Red de Defensoras de Derechos Humanos en M\u00e9xico (RNDDHM), Irma Galindo fue vista por \u00faltima vez el 27 de octubre en la Ciudad de M\u00e9xico, a donde se hab\u00eda desplazado para asistir a la Junta de Gobierno del Mecanismo de Protecci\u00f3n para Personas Defensoras de Derechos Humanos y Periodistas. Nunca lleg\u00f3 a esta reuni\u00f3n.<\/p>\n<p>En un <a href=\"https:\/\/im-defensoras.org\/2021\/11\/alerta-defensoras-mexico-defensora-irma-galindo-se-encuentra-desaparecida-desde-el-27-de-octubre\/\">comunicado<\/a> publicado el 6 de noviembre, la RNDDHM precisa: \u201cEl 27 de octubre fue tambi\u00e9n el \u00faltimo d\u00eda en que se conect\u00f3 a redes sociales, donde denunci\u00f3 el conflicto que vive su pueblo \u00d1uu Savi y se\u00f1al\u00f3 que el gobierno del Estado de Oaxaca lleva m\u00e1s de dos a\u00f1os \u2018aplicando estrategias\u2019 entre las que se encuentran el desplazamiento forzado, \u2018que vulneran a las y los habitantes defensores de Mier, Ter\u00e1n y Ndoyonuyuji\u2019.\u201d<\/p>\n<p><!--more-->La organizaci\u00f3n agrega que desde 2018, \u201cIrma ha enfrentado intimidaci\u00f3n por parte de personas servidoras p\u00fablicas, as\u00ed como hostigamiento, persecuci\u00f3n, campa\u00f1as de difamaci\u00f3n y amenazas de muerte a ra\u00edz de su defensa de los bosques en el municipio de San Esteban Atatlahuca, Oaxaca, M\u00e9xico, y a ra\u00edz de su denuncia de tala ante la Secretar\u00eda del Medio Ambiente y Recursos Naturales\u201d.<\/p>\n<p>Seg\u00fan la RNDDHM, la desaparici\u00f3n se produce en un contexto de violencia generalizada en la regi\u00f3n, que incluye la quema de las viviendas de Irma Galindo y de una decena de familias en 2019, as\u00ed como un ataque armado que dej\u00f3 varios personas muertes en el municipio de San Esteban Atatlahuca el pasado 23 de octubre de 2021, de acuerdo con organizaciones sociales.<\/p>\n<p>Ante este panorama, las colectivos feministas llegaron a la Fiscal\u00eda para exigir que pongan todos sus recursos en acci\u00f3n para localizar a su compa\u00f1era desaparecida.<\/p>\n<figure class=\"wp-block-image alignwide size-full\"><a class=\"td-modal-image\" href=\"https:\/\/avispa.org\/wp-content\/uploads\/2021\/11\/Irma2.jpg\"><img loading=\"lazy\" decoding=\"async\" class=\"wp-image-46919\" src=\"https:\/\/avispa.org\/wp-content\/uploads\/2021\/11\/Irma2.jpg\" sizes=\"auto, (max-width: 1024px) 100vw, 1024px\" srcset=\"https:\/\/avispa.org\/wp-content\/uploads\/2021\/11\/Irma2.jpg 1024w, https:\/\/avispa.org\/wp-content\/uploads\/2021\/11\/Irma2-300x225.jpg 300w, https:\/\/avispa.org\/wp-content\/uploads\/2021\/11\/Irma2-768x576.jpg 768w, https:\/\/avispa.org\/wp-content\/uploads\/2021\/11\/Irma2-696x522.jpg 696w, https:\/\/avispa.org\/wp-content\/uploads\/2021\/11\/Irma2-560x420.jpg 560w, https:\/\/avispa.org\/wp-content\/uploads\/2021\/11\/Irma2-80x60.jpg 80w, https:\/\/avispa.org\/wp-content\/uploads\/2021\/11\/Irma2-265x198.jpg 265w\" alt=\"\" width=\"1024\" height=\"768\" \/><\/a><\/figure>\n<p><strong>\u201c\u00a1Viva la queremos!\u201d<\/strong><\/p>\n<p>Guadalupe levant\u00f3 su sahumerio con copal del tapete construido bajo la sombra del catedral y dio inicio a la marcha. El acto de protesta avanz\u00f3 por la Avenida Independencia ante la mirada de las comerciantes de la ma\u00f1ana y los turistas que deambulaban:\u00a0 \u201c\u00a1Se\u00f1or! \u00a1Se\u00f1ora! No sea indiferente. \u00a1Matan a las mujeres en la cara del gente!\u201d, clamaban las manifestantes.<\/p>\n<p>Cuando la marcha gir\u00f3 hacia la calle Melchor Ocampo, paralizando el tr\u00e1fico, se hicieron palpables el dolor colectivo y la rabia sostenida pero tambi\u00e9n la ternura radical. Una batucada feminista bati\u00f3 los ritmos de resistencia de Abya Yala, militantes y a la vez alegres, en sinton\u00eda con la gravedad de la situaci\u00f3n pero sin nunca renunciar al baile. Al tambor se le uni\u00f3 una maraca oaxaque\u00f1a y la omnipresente olla azul, golpeada con lo que hab\u00eda a mano. \u201c\u00a1Viva se lo llevaron!\u201d llam\u00f3 alguien desde detr\u00e1s de su cubreboca. \u201c\u00a1Viva la queremos!\u201d respondieron las manifestantes que la rodeaban.<\/p>\n<p>Al frente de la marcha, una se\u00f1ora con rebozo portaba una pancarta morada en la que se le\u00eda: \u201cLos feminicidios son la pandemia de la que no se habla\u201d. Con la otra mano empujaba una carriola que llevaba a su nieta, que se un\u00eda a la percusi\u00f3n persistente con su paleta.<\/p>\n<p>Al llegar a la Fiscal\u00eda, algunos hombres con chalecos aparecieron para tomar fotograf\u00edas de la marcha antes de retirarse abruptamente. Las manifestantes pintaron mensajes \u2013\u201cIrma Galindo presente\u201d, \u201cFuera megaproyectos de muerte de nuestros territorios\u201d\u2013 en las paredes del edificio, gruesas con tantas capas de pintura blanca utilizadas para cubrir las demandas de protestas pasadas por la desaparici\u00f3n de mujeres y defensoras de la tierra.<\/p>\n<p>Frente a la Fiscal\u00eda grafiteada, el sonido de los tambores ya desvaneci\u00e9ndose, se ley\u00f3 en un pronunciamiento: \u201cLas defensoras y defensores son esperanza de vida y no se tocan. Nuevamente la violencia nos alcanza. Roce la cercan\u00eda. Nuevamente la vida de quienes defienden a la Madre Tierra y el territorio, el pa\u00eds, los bosques, est\u00e1 en peligro. Con dolor, con un nudo en la garganta, denunciamos que la hermana Irma Galindo Barrios se encuentra desaparecida.\u201d<\/p>\n<figure class=\"wp-block-image size-large\"><a class=\"td-modal-image\" href=\"https:\/\/avispa.org\/wp-content\/uploads\/2021\/11\/foto1.jpg\"><img loading=\"lazy\" decoding=\"async\" class=\"wp-image-46922\" src=\"https:\/\/avispa.org\/wp-content\/uploads\/2021\/11\/foto1.jpg\" sizes=\"auto, (max-width: 485px) 100vw, 485px\" srcset=\"https:\/\/avispa.org\/wp-content\/uploads\/2021\/11\/foto1.jpg 485w, https:\/\/avispa.org\/wp-content\/uploads\/2021\/11\/foto1-142x300.jpg 142w, https:\/\/avispa.org\/wp-content\/uploads\/2021\/11\/foto1-199x420.jpg 199w\" alt=\"\" width=\"485\" height=\"1024\" \/><\/a><figcaption>Foto: Emmanuel Ruiz Rojo<\/figcaption><\/figure>\n<figure class=\"wp-block-image size-large\"><a class=\"td-modal-image\" href=\"https:\/\/avispa.org\/wp-content\/uploads\/2021\/11\/foto2.jpg\"><img loading=\"lazy\" decoding=\"async\" class=\"wp-image-46923\" src=\"https:\/\/avispa.org\/wp-content\/uploads\/2021\/11\/foto2.jpg\" sizes=\"auto, (max-width: 485px) 100vw, 485px\" srcset=\"https:\/\/avispa.org\/wp-content\/uploads\/2021\/11\/foto2.jpg 485w, https:\/\/avispa.org\/wp-content\/uploads\/2021\/11\/foto2-142x300.jpg 142w, https:\/\/avispa.org\/wp-content\/uploads\/2021\/11\/foto2-199x420.jpg 199w\" alt=\"\" width=\"485\" height=\"1024\" \/><\/a><figcaption>Foto: Emmanuel Ruiz Rojo<\/figcaption><\/figure>\n<figure class=\"wp-block-image size-large\"><a class=\"td-modal-image\" href=\"https:\/\/avispa.org\/wp-content\/uploads\/2021\/11\/foto3.jpg\"><img loading=\"lazy\" decoding=\"async\" class=\"wp-image-46925\" src=\"https:\/\/avispa.org\/wp-content\/uploads\/2021\/11\/foto3.jpg\" sizes=\"auto, (max-width: 1024px) 100vw, 1024px\" srcset=\"https:\/\/avispa.org\/wp-content\/uploads\/2021\/11\/foto3.jpg 1024w, https:\/\/avispa.org\/wp-content\/uploads\/2021\/11\/foto3-300x142.jpg 300w, https:\/\/avispa.org\/wp-content\/uploads\/2021\/11\/foto3-768x364.jpg 768w, https:\/\/avispa.org\/wp-content\/uploads\/2021\/11\/foto3-696x330.jpg 696w, https:\/\/avispa.org\/wp-content\/uploads\/2021\/11\/foto3-887x420.jpg 887w\" alt=\"\" width=\"1024\" height=\"485\" \/><\/a><figcaption>Foto: Emmanuel Ruiz Rojo<\/figcaption><\/figure>\n<figure class=\"wp-block-image size-large\"><a class=\"td-modal-image\" href=\"https:\/\/avispa.org\/wp-content\/uploads\/2021\/11\/foto4-1024x532.jpg\"><img loading=\"lazy\" decoding=\"async\" class=\"wp-image-46926\" src=\"https:\/\/avispa.org\/wp-content\/uploads\/2021\/11\/foto4-1024x532.jpg\" sizes=\"auto, (max-width: 1024px) 100vw, 1024px\" srcset=\"https:\/\/avispa.org\/wp-content\/uploads\/2021\/11\/foto4-1024x532.jpg 1024w, https:\/\/avispa.org\/wp-content\/uploads\/2021\/11\/foto4-300x156.jpg 300w, https:\/\/avispa.org\/wp-content\/uploads\/2021\/11\/foto4-768x399.jpg 768w, https:\/\/avispa.org\/wp-content\/uploads\/2021\/11\/foto4-696x362.jpg 696w, https:\/\/avispa.org\/wp-content\/uploads\/2021\/11\/foto4-1068x555.jpg 1068w, https:\/\/avispa.org\/wp-content\/uploads\/2021\/11\/foto4-808x420.jpg 808w, https:\/\/avispa.org\/wp-content\/uploads\/2021\/11\/foto4.jpg 1280w\" alt=\"\" width=\"1024\" height=\"532\" \/><\/a><figcaption>Foto: Elena Fusar Poli<\/figcaption><\/figure>\n<p><\/p>","protected":false},"excerpt":{"rendered":"<p>Por Samantha Demby Integrantes de Mujeres que Luchan Oaxaca, la Colectiva Jur\u00eddica por la Dignidad Disidente, la Comedora Comunitaria y otras agrupaciones y personas aliadas marcharon la ma\u00f1ana de mi\u00e9rcoles, 17 de noviembre, desde el Z\u00f3calo de la Ciudad de Oaxaca hasta las instalaciones de la Fiscal\u00eda General del Estado, para exigir la aparici\u00f3n con [&hellip;]<\/p>\n","protected":false},"author":21,"featured_media":40371,"comment_status":"open","ping_status":"closed","sticky":false,"template":"","format":"standard","meta":{"footnotes":""},"categories":[51,826,954,961,935],"tags":[58,682,53,41,918,545,87,148,27,483],"class_list":["post-40370","post","type-post","status-publish","format-standard","has-post-thumbnail","hentry","category-autor","category-medios-libres-2","category-mexico","category-mujeres","category-temas","tag-derechos-humanos","tag-desaparicion-forzada","tag-justicia","tag-mujeres","tag-oaxaca","tag-pueblos-indigenas","tag-represion","tag-resistencia","tag-solidaridad","tag-tierra-y-territorio"],"_links":{"self":[{"href":"https:\/\/radiozapatista.org\/index.php?rest_route=\/wp\/v2\/posts\/40370","targetHints":{"allow":["GET"]}}],"collection":[{"href":"https:\/\/radiozapatista.org\/index.php?rest_route=\/wp\/v2\/posts"}],"about":[{"href":"https:\/\/radiozapatista.org\/index.php?rest_route=\/wp\/v2\/types\/post"}],"author":[{"embeddable":true,"href":"https:\/\/radiozapatista.org\/index.php?rest_route=\/wp\/v2\/users\/21"}],"replies":[{"embeddable":true,"href":"https:\/\/radiozapatista.org\/index.php?rest_route=%2Fwp%2Fv2%2Fcomments&post=40370"}],"version-history":[{"count":2,"href":"https:\/\/radiozapatista.org\/index.php?rest_route=\/wp\/v2\/posts\/40370\/revisions"}],"predecessor-version":[{"id":40407,"href":"https:\/\/radiozapatista.org\/index.php?rest_route=\/wp\/v2\/posts\/40370\/revisions\/40407"}],"wp:featuredmedia":[{"embeddable":true,"href":"https:\/\/radiozapatista.org\/index.php?rest_route=\/wp\/v2\/media\/40371"}],"wp:attachment":[{"href":"https:\/\/radiozapatista.org\/index.php?rest_route=%2Fwp%2Fv2%2Fmedia&parent=40370"}],"wp:term":[{"taxonomy":"category","embeddable":true,"href":"https:\/\/radiozapatista.org\/index.php?rest_route=%2Fwp%2Fv2%2Fcategories&post=40370"},{"taxonomy":"post_tag","embeddable":true,"href":"https:\/\/radiozapatista.org\/index.php?rest_route=%2Fwp%2Fv2%2Ftags&post=40370"}],"curies":[{"name":"wp","href":"https:\/\/api.w.org\/{rel}","templated":true}]}}