{"id":40294,"date":"2021-11-10T17:33:12","date_gmt":"2021-11-10T23:33:12","guid":{"rendered":"https:\/\/radiozapatista.org\/?p=40294"},"modified":"2021-11-10T17:33:12","modified_gmt":"2021-11-10T23:33:12","slug":"el-lavado-verde-de-iberdrola-desde-el-istmo-hasta-glasgow","status":"publish","type":"post","link":"https:\/\/radiozapatista.org\/?p=40294","title":{"rendered":"El lavado verde de Iberdrola desde el Istmo hasta Glasgow"},"content":{"rendered":"<p>Por Samantha Demby<\/p>\n<div class=\"tdb-block-inner td-fix-index\">\n<p>M\u00e1s de una docena de rostros blancos recorren sin esfuerzo las laderas escocesas en bicicletas el\u00e9ctricas de alta gama. Sus uniformes, una paleta de tonos verdes, llevan el logotipo del gigante energ\u00e9tico espa\u00f1ol Iberdrola, junto al emblema de la Conferencia de las Naciones Unidas, com\u00fanmente conocida como la COP, que se celebra actualmente en Glasgow (Reino Unido) hasta el 12 de noviembre.<\/p>\n<p>Cada a\u00f1o, Iberdrola organiza la rodada a la COP para \u201cconcienciar en la lucha contra el cambio clim\u00e1tico\u201d, seg\u00fan la propia ONU. Este mes la empresa multinacional anuncia en tuits decorados con corazones verdes y emojis de bicicletas: \u201cLideramos la lucha contra la #EmergenciaClim\u00e1tica con las #renovables, pero no es suficiente: \u00a1TODOS debemos acelerar la transici\u00f3n energ\u00e9tica!\u201d. Con el objetivo declarado de hacerlo, Iberdrola patrocina a sus empleados de alto nivel, junto con representantes de la ONU y otras instituciones ambientales influyentes, para que acudan a la COP 26 en bicicleta el\u00e9ctrica para entregar un \u201cmanifiesto para la acci\u00f3n clim\u00e1tica\u201d.<\/p>\n<p>Iberdrola proyecta una imagen de empresa l\u00edder en energ\u00edas renovables. La asociaci\u00f3n de la empresa con la ONU contribuye en gran medida a esta imagen.<\/p>\n<p>La filial de Iberdrola, Scottish Power, es un \u201c<a href=\"https:\/\/ukcop26.org\/uk-presidency\/partnerships-and-support\/\">socio principal<\/a>\u201d de la COP 26. Durante la conferencia, el Grupo Iberdrola organiza eventos con actores clave en la toma de decisiones en torno a la crisis clim\u00e1tica, como el gobierno brit\u00e1nico, el pa\u00eds anfitri\u00f3n de la conferencia este a\u00f1o. Adem\u00e1s, el \u201cAuditorio Scottish Power\u201d es la sede de \u201csesiones interactivas\u201d organizadas con instituciones como el Consejo Empresarial Mundial para el Desarrollo Sostenible (WBCSD). Finalmente, Iberdrola cuenta con una caseta en la \u201cZona Verde\u201d de la COP 26, donde visibiliza su propio \u201cliderazgo clim\u00e1tico\u201d.<\/p>\n<p>Lejos de la pompa verde de Glasgow, en M\u00e9xico, casi el <a href=\"https:\/\/www.iberdrolageneracionmexico.com\/\">90% de la energ\u00eda que produce Iberdrola no es renovable<\/a>. De un total de 10.511 megavatios generados por la empresa en el pa\u00eds, 9.146 proceden de 12 centrales de ciclo combinado, mientras 4 plantas de cogeneraci\u00f3n producen otros 202 MW. En cuanto a las energ\u00eda renovables, Iberdrola \u2013 que ha jugado un papel destacado en el sector energ\u00e9tico del pa\u00eds desde los 1990 \u2013 opera 7 parques e\u00f3licos con una capacidad total de 693 MW, adem\u00e1s de 3 parques fotovoltaicos capaces de producir 470 MW, lo que supone una producci\u00f3n total de <a href=\"https:\/\/www.iberdrolarenovablesmexico.com\/\">1.163 MW en energ\u00edas renovables<\/a>.<\/p>\n<p><strong>Defensoras ind\u00edgenas denuncian a Iberdrola<\/strong><\/p>\n<p>De los 7 parques e\u00f3licos de la empresa en M\u00e9xico, 4 se encuentran en la regi\u00f3n del Istmo de Tehuantepec en Oaxaca, donde el aprovechamiento de las intensas r\u00e1fagas de viento por empresas como Iberdrola ha provocado intensos conflictos territoriales.<\/p>\n<p>El 4 de noviembre, un par de d\u00edas antes de que la rodada de Iberdrola partiera de Edimburgo hacia Glasgow, defensoras y defensores ind\u00edgenas se concentraron frente a las oficinas de la empresa en la Ciudad de M\u00e9xico para denunciar \u201cel enga\u00f1o, el despojo, la destrucci\u00f3n y la contaminaci\u00f3n\u201d ocasionados por Iberdrola.<\/p>\n<p>En el marco del d\u00eda de acci\u00f3n contra el lavado verde, convocado por el Encuentro de los Pueblos que se celebra paralelamente a la COP 26 en Glasgow, integrantes de la Asamblea de los Pueblos Ind\u00edgenas del Istmo en Defensa de la Tierra y el Territorio (APIDTT), la Coordinadora de Pueblos y Organizaciones del Oriente del Estado de M\u00e9xico en Defensa de la Tierra, el Agua y su Cultura y del Congreso Nacional Ind\u00edgena precisaron en un comunicado que las \u201cSoluciones Basadas en la Naturaleza\u201d, as\u00ed como \u201clas supuestas \u2018energ\u00edas limpias\u2019 como los parques e\u00f3licos y fotovoltaicos tambi\u00e9n despojan, contaminan y matan la tierra f\u00e9rtil, lo mismo que explotan y desplazan a los pueblos.\u201d<\/p>\n<figure class=\"wp-block-image alignwide size-full\"><a class=\"td-modal-image\" href=\"https:\/\/avispa.org\/wp-content\/uploads\/2021\/11\/Protesta-Iberdrola-2.jpg\"><img loading=\"lazy\" decoding=\"async\" class=\"wp-image-46725\" src=\"https:\/\/avispa.org\/wp-content\/uploads\/2021\/11\/Protesta-Iberdrola-2.jpg\" sizes=\"auto, (max-width: 960px) 100vw, 960px\" srcset=\"https:\/\/avispa.org\/wp-content\/uploads\/2021\/11\/Protesta-Iberdrola-2.jpg 960w, https:\/\/avispa.org\/wp-content\/uploads\/2021\/11\/Protesta-Iberdrola-2-300x225.jpg 300w, https:\/\/avispa.org\/wp-content\/uploads\/2021\/11\/Protesta-Iberdrola-2-768x576.jpg 768w, https:\/\/avispa.org\/wp-content\/uploads\/2021\/11\/Protesta-Iberdrola-2-696x522.jpg 696w, https:\/\/avispa.org\/wp-content\/uploads\/2021\/11\/Protesta-Iberdrola-2-560x420.jpg 560w, https:\/\/avispa.org\/wp-content\/uploads\/2021\/11\/Protesta-Iberdrola-2-80x60.jpg 80w, https:\/\/avispa.org\/wp-content\/uploads\/2021\/11\/Protesta-Iberdrola-2-265x198.jpg 265w\" alt=\"\" width=\"960\" height=\"720\" \/><\/a><\/figure>\n<p>Usando un meg\u00e1fono para tapar el sonido de los coches que pasaban por la autopista, una miembra de la APIDTT ley\u00f3 una carta que se entreg\u00f3 a los directores de la empresa, en la que se expresa \u201cnuestra indignaci\u00f3n porque empresas trasnacionales como Iberdrola y su filial Scottish Power, responsables de tales delitos en contra de los pueblos en M\u00e9xico\u2026sean los socios principales de la Organizaci\u00f3n de las Naciones Unidas-ONU en la Cumbre Clim\u00e1tica Mundial COP 26.\u201d<\/p>\n<p>En el Istmo, Iberdrola actualmente opera 4 parques e\u00f3licos: Bii Nee Stipa en el Espinal; Dos Arbolitos en Juchit\u00e1n; PEM (Parques Ecol\u00f3gicos de M\u00e9xico), antes conocido como La Ventosa, en Juchit\u00e1n; y el Parque E\u00f3lico La Venta III en Santo Domingo Ingenio. Desde que Iberdrola comenz\u00f3 a operar en la regi\u00f3n, ha sido acusada de corrupci\u00f3n, falta de transparencia y graves impactos ambientales y sociales.<\/p>\n<p>Como documenta el investigador Luis Miguel Uharte Pozas: \u201cEn los proyectos e\u00f3licos que Iberdrola tiene en Oaxaca\u2026los testimonios recogidos en el marco de nuestra investigaci\u00f3n indican que <a href=\"https:\/\/avispa.org\/el-lavado-verde-de-iberdrola-desde-el-istmo-hasta-glasgow\/..:..:..:..:..:tmp:mozilla_essthel0:Dialnet-Iberdrola-4999333.pdf\">Iberdrola soborn\u00f3 a las autoridades municipales<\/a> para que convencieran a los ejidatarios de alquilar sus tierras para instalar los molinos de la empresa.\u201d<\/p>\n<p>Uharte Pozas agrega: \u201cLa Asamblea de los Pueblos del Istmo en Defensa de la Tierra y el Territorio (2011) tiene registradas diversas denuncias contra \u2018el representante en la regi\u00f3n de Iberdrola\u2019 por haber intimidado y amedrentado a los ejidatarios del parque La Venta III. En el parque de La Ventosa, tambi\u00e9n gestionado por Iberdrola, el proceso fue muy similar, seg\u00fan testimonios de habitantes del municipio.\u201d<\/p>\n<p>Los <a href=\"https:\/\/www.redalyc.org\/pdf\/294\/29411994005.pdf\">impactos ambientales de los parques e\u00f3licos<\/a> est\u00e1n bien documentados. Un ejemplo que ata\u00f1e a Iberdrola es la <a href=\"https:\/\/documents1.worldbank.org\/curated\/en\/239851468089382658\/pdf\/662330PUB0EPI00e0wind09780821389263.pdf\">muerte de unas 3 mil 900 aves y 6 mil murci\u00e9lagos<\/a> al a\u00f1o como consecuencia de la colisi\u00f3n con las turbinas del parque e\u00f3lico La Venta II, en el que Iberdrola particip\u00f3. Al mismo tiempo, en la COP 26 la multinacional promueve actos con su socio Birdlife International, una mega-asociaci\u00f3n de grandes organizaciones de conversaci\u00f3n dedicada a la protecci\u00f3n de las aves.<\/p>\n<p>A estas acusaciones se suma la evidencia de las puertas giratorias que han existido entre Iberdrola y el gobierno mexicano durante d\u00e9cadas, como documenta el informe <a href=\"https:\/\/aplanetainfo.files.wordpress.com\/2020\/09\/innsolacion-iberdrola-3.pdf\">\u201cLa insolaci\u00f3n mexicana de Iberdrola\u201d<\/a> (2020). Por ejemplo, hasta 2015, el presidente de la filial mexicana de Iberdrola fue Herminio Blanco Mendoza, jefe negociador del Tratado de Libre Comercio de Norteam\u00e9rica (TLCAN) y ex-Secretario de Comercio y Fomento Industrial de M\u00e9xico en el gobierno de Ernesto Zedillo (1994 \u2013 2000). Entre 2016 y 2019, el ex presidente mexicano Felipe Calder\u00f3n (2006 \u2013 2012) \u2013 cuyo sexenio dio lugar a la adjudicaci\u00f3n de varios contratos para Iberdrola \u2013 se desempe\u00f1\u00f3 como consejero independiente de Avangrid, la filial estadounidense de la empresa.<\/p>\n<p><strong>COP 26: Plataforma para el lavado verde<\/strong><\/p>\n<p>Mientras la COP 26 llega a su fin este viernes, los activistas ind\u00edgenas y medioambientales siguen denunciando que la conferencia es una plataforma para las estrategias de lavado verde de empresas contaminantes como Iberdrola.<\/p>\n<p>Como resume la destacada activista clim\u00e1tica Greta Thunberg: \u201cLos l\u00edderes no se est\u00e1n quedando de brazos cruzados, sino que est\u00e1n creando activamente lagunas y configurando marcos para beneficiarse a s\u00ed mismos y seguir sacando provecho de este sistema destructivo\u201d.<\/p>\n<p>Las y los defensores del territorio tampoco se quedan de brazos cruzados. M\u00e1s all\u00e1 de manifestarse en contra de Iberdrola y sus socios en la ONU y en la COP, buscan generar salidas alternativas a la crisis clim\u00e1tica. Como dicen los propios pueblos en su carta a los directores de Iberdrola, \u201csoluciones reales y verdaderas (\u2026) apegadas a la Naturaleza y en defensa de la Vida.\u201d<\/p>\n<\/div>\n<p><\/p>","protected":false},"excerpt":{"rendered":"<p>Por Samantha Demby M\u00e1s de una docena de rostros blancos recorren sin esfuerzo las laderas escocesas en bicicletas el\u00e9ctricas de alta gama. Sus uniformes, una paleta de tonos verdes, llevan el logotipo del gigante energ\u00e9tico espa\u00f1ol Iberdrola, junto al emblema de la Conferencia de las Naciones Unidas, com\u00fanmente conocida como la COP, que se celebra [&hellip;]<\/p>\n","protected":false},"author":21,"featured_media":40295,"comment_status":"open","ping_status":"closed","sticky":false,"template":"","format":"standard","meta":{"footnotes":""},"categories":[957,51,1284,826,958,954,953],"tags":[58,53,1305,567,147,23,545,87,148,27,483],"class_list":["post-40294","post","type-post","status-publish","format-standard","has-post-thumbnail","hentry","category-autonomia","category-autor","category-latinoamerica","category-medios-libres-2","category-megaproyectos","category-mexico","category-mundo","tag-derechos-humanos","tag-justicia","tag-latinoamerica","tag-megaproyectos","tag-militarizacion","tag-paramilitares","tag-pueblos-indigenas","tag-represion","tag-resistencia","tag-solidaridad","tag-tierra-y-territorio"],"_links":{"self":[{"href":"https:\/\/radiozapatista.org\/index.php?rest_route=\/wp\/v2\/posts\/40294","targetHints":{"allow":["GET"]}}],"collection":[{"href":"https:\/\/radiozapatista.org\/index.php?rest_route=\/wp\/v2\/posts"}],"about":[{"href":"https:\/\/radiozapatista.org\/index.php?rest_route=\/wp\/v2\/types\/post"}],"author":[{"embeddable":true,"href":"https:\/\/radiozapatista.org\/index.php?rest_route=\/wp\/v2\/users\/21"}],"replies":[{"embeddable":true,"href":"https:\/\/radiozapatista.org\/index.php?rest_route=%2Fwp%2Fv2%2Fcomments&post=40294"}],"version-history":[{"count":1,"href":"https:\/\/radiozapatista.org\/index.php?rest_route=\/wp\/v2\/posts\/40294\/revisions"}],"predecessor-version":[{"id":40296,"href":"https:\/\/radiozapatista.org\/index.php?rest_route=\/wp\/v2\/posts\/40294\/revisions\/40296"}],"wp:featuredmedia":[{"embeddable":true,"href":"https:\/\/radiozapatista.org\/index.php?rest_route=\/wp\/v2\/media\/40295"}],"wp:attachment":[{"href":"https:\/\/radiozapatista.org\/index.php?rest_route=%2Fwp%2Fv2%2Fmedia&parent=40294"}],"wp:term":[{"taxonomy":"category","embeddable":true,"href":"https:\/\/radiozapatista.org\/index.php?rest_route=%2Fwp%2Fv2%2Fcategories&post=40294"},{"taxonomy":"post_tag","embeddable":true,"href":"https:\/\/radiozapatista.org\/index.php?rest_route=%2Fwp%2Fv2%2Ftags&post=40294"}],"curies":[{"name":"wp","href":"https:\/\/api.w.org\/{rel}","templated":true}]}}