{"id":40226,"date":"2021-11-04T10:06:37","date_gmt":"2021-11-04T16:06:37","guid":{"rendered":"https:\/\/radiozapatista.org\/?p=40226"},"modified":"2021-11-04T10:06:37","modified_gmt":"2021-11-04T16:06:37","slug":"la-autonomia-que-ejercemos-son-los-suenos-de-nuestros-companeros-caidos-zapatistas-en-barcelona","status":"publish","type":"post","link":"https:\/\/radiozapatista.org\/?p=40226","title":{"rendered":"La autonom\u00eda que ejercemos son los sue\u00f1os de nuestros compa\u00f1eros ca\u00eddos: zapatistas en Barcelona"},"content":{"rendered":"<p><\/p>\n<div class=\"container pt-4\">\n<div class=\"row justify-content-center\">\n<div class=\"col-md-10 col-12 p-0\">\n<figure class=\"figure d-block mt-3\"><img loading=\"lazy\" decoding=\"async\" class=\"card-img-top d-block full wp-post-image\" src=\"https:\/\/piedepagina.mx\/wp-content\/uploads\/2021\/11\/pdp_laextemporanea_zebedeomensaje_zapatistas_barclona_diademuertos_europa_Daliri_Oropeza_Alvarez.jpg\" sizes=\"auto, (max-width: 992px) 100vw, 992px\" srcset=\"https:\/\/piedepagina.mx\/wp-content\/uploads\/2021\/11\/pdp_laextemporanea_zebedeomensaje_zapatistas_barclona_diademuertos_europa_Daliri_Oropeza_Alvarez.jpg 992w, https:\/\/piedepagina.mx\/wp-content\/uploads\/2021\/11\/pdp_laextemporanea_zebedeomensaje_zapatistas_barclona_diademuertos_europa_Daliri_Oropeza_Alvarez-450x300.jpg 450w, https:\/\/piedepagina.mx\/wp-content\/uploads\/2021\/11\/pdp_laextemporanea_zebedeomensaje_zapatistas_barclona_diademuertos_europa_Daliri_Oropeza_Alvarez-768x512.jpg 768w\" alt=\"\" width=\"992\" height=\"661\" \/><figcaption class=\"py-2 px-sm-0 px-4\">Comandante Zebedeo participa en la ofrenda del altar de muertos. foto: Daliri Oropeza<\/figcaption><hr class=\"border-0 pb-2\" \/>\n<\/figure>\n<\/div>\n<\/div>\n<\/div>\n<p><strong>La delegaci\u00f3n La Extempor\u00e1nea inicia su recorrido por la tercera zona europea de la traves\u00eda zapatista con un altar de d\u00eda de muertos en donde rememoraron a comandantas, insurgentes, maestros de sus comunidades de ra\u00edz maya que murieron en la b\u00fasqueda de autonom\u00eda. La Asamblea Catalana les recibe en Barcelona con m\u00fasica, poes\u00eda y un altar comunitario<\/strong><\/p>\n<p>Texto y fotos: Daliri Oropeza<\/p>\n<p>BARCELONA, CATALUNYA.- En este parque antes hab\u00eda una f\u00e1brica, pero los obreros la quemaron. Esa rebeld\u00eda prevalece en lo que ahora es un coto ocupado, h\u00famedo porque llovi\u00f3, en medio de la ciudad. Hay lodo en los caminos que contornean jardines en el Raval, un barrio urbano de poblaci\u00f3n migrante, que sufre la gentrificaci\u00f3n aunque es reconocido por ser de lucha. Quienes lo habitan ofrendan junto a las zapatistas un altar comunitario.<\/p>\n<p>Es el d\u00eda de muertos y <a href=\"https:\/\/piedepagina.mx\/la-extemporanea-de-la-liberacion-de-las-fincas-a-la-europa-insumisa\/\">la delegaci\u00f3n zapatista La Extempor\u00e1nea<\/a> asegura que habl\u00f3 con los suyos, con quienes les antecedieron y so\u00f1aron con un mundo de autonom\u00eda sin explotaci\u00f3n. Realizan la Traves\u00eda por la vida y ya atravesaron las zonas 1 y 2, acaban de llegar a la zona 3: Espa\u00f1a y Portugal.<\/p>\n<p>\u201cNuestros muertos est\u00e1n felices porque seguimos caminando\u201d, asegura el comandante Zebedeo al tomar el micr\u00f3fono. Al inicio de su discurso hace un pase de lista. Pide a las personas presentes decir \u2018presentes\u2019 cuando enuncia:<\/p>\n<p>\u2014\u00a1Nuestros muertos!<\/p>\n<p>\u2014\u00a1Presentes! \u2014responden cientos en un coro lleno de rabia.<\/p>\n<p>\u2014\u00a1Nuestras muertas! \u00a1Subcomandante Insurgente Pedro! \u00a1Comandanta Ramona! \u00a1Comandante Hugo!<\/p>\n<p>\u2014\u00a1Presentes!<\/p>\n<figure class=\"wp-block-embed is-type-rich is-provider-twitter wp-block-embed-twitter\">\n<div class=\"wp-block-embed__wrapper\">\n<blockquote class=\"twitter-tweet\" data-width=\"550\" data-dnt=\"true\">\n<p dir=\"ltr\" lang=\"es\"><a href=\"https:\/\/twitter.com\/hashtag\/AlMomento?src=hash&amp;ref_src=twsrc%5Etfw\">#AlMomento<\/a> Integrantes del <a href=\"https:\/\/twitter.com\/hashtag\/EZLN?src=hash&amp;ref_src=twsrc%5Etfw\">#EZLN<\/a> realizan pase de lista antes de compartir la palabra en el Raval, barrio obrero de Barcelona, junto a colectivas, organizaciones y activistas que acompa\u00f1an con m\u00fasica la bienvenida de la delegaci\u00f3n Zapatista <a href=\"https:\/\/twitter.com\/hashtag\/LaExtempor%C3%A1nea?src=hash&amp;ref_src=twsrc%5Etfw\">#LaExtempor\u00e1nea<\/a> a Catalunya.<br \/>\nR:<a href=\"https:\/\/twitter.com\/Dal_air?ref_src=twsrc%5Etfw\">@Dal_air<\/a> <a href=\"https:\/\/t.co\/6YTmEDNbZA\">pic.twitter.com\/6YTmEDNbZA<\/a><\/p>\n<p>\u2014 Pie de P\u00e1gina (@PdPagina) <a href=\"https:\/\/twitter.com\/PdPagina\/status\/1455238411317620744?ref_src=twsrc%5Etfw\">November 1, 2021<\/a><\/p><\/blockquote>\n<\/div>\n<\/figure>\n<p>La memoria es el motor de este encuentro. El comandante recuerda la esclavitud que han vivido los pueblos de ra\u00edz maya sometidos a la esclavitud en fincas, cuando dialogar de derechos, trabajo, salud, educaci\u00f3n, era impensable.<\/p>\n<p><!--more--><\/p>\n<figure class=\"wp-block-image size-full\"><img loading=\"lazy\" decoding=\"async\" class=\"wp-image-79492\" src=\"https:\/\/piedepagina.mx\/wp-content\/uploads\/2021\/11\/pdp_laextemporanea_ZEBEDEOaltar_zapatistas_barclona_diademuertos_europa_Daliri_Oropeza_Alvarez-16.jpg\" sizes=\"auto, (max-width: 992px) 100vw, 992px\" srcset=\"https:\/\/piedepagina.mx\/wp-content\/uploads\/2021\/11\/pdp_laextemporanea_ZEBEDEOaltar_zapatistas_barclona_diademuertos_europa_Daliri_Oropeza_Alvarez-16.jpg 992w, https:\/\/piedepagina.mx\/wp-content\/uploads\/2021\/11\/pdp_laextemporanea_ZEBEDEOaltar_zapatistas_barclona_diademuertos_europa_Daliri_Oropeza_Alvarez-16-450x300.jpg 450w, https:\/\/piedepagina.mx\/wp-content\/uploads\/2021\/11\/pdp_laextemporanea_ZEBEDEOaltar_zapatistas_barclona_diademuertos_europa_Daliri_Oropeza_Alvarez-16-768x512.jpg 768w\" alt=\"\" width=\"992\" height=\"661\" \/><figcaption>El altar de muertos en el barrio del Raval fue comunitario, todas llevaron algo para quien quer\u00edan rememorar. foto: Daliri Oropeza<\/figcaption><\/figure>\n<p>\u201cNuestros compa\u00f1eros ca\u00eddos nos dijeron: es importante luchar, no importa si estamos mal armados, tenemos una arma grande, es la raz\u00f3n. Y as\u00ed son las distintas luchas del planeta tierra. Por eso es importante que nos abracemos, que nos unamos, que luchemos juntos. Porque hoy hay un capitalista monstruo\u201d, asegura Zebedeo.<\/p>\n<p>Y recalca:<\/p>\n<p>\u201cCada vez m\u00e1s, la vida de los humanos no es vida, pero ellos son ciegos, y los que pagamos siempre somos los pobres\u201d.<\/p>\n<p>Las zapatistas que menciona en el pase de lista son fundamentales desde el levantamiento para vislumbrar el futuro desde la autonom\u00eda, a seguir con la esperanza, dice el comandante. Asegura que cuando los pueblos zapatistas muestran su autonom\u00eda, se vuelven en una piedra en el zapato de los gobiernos o los capitalistas.<\/p>\n<p>\u201cPero no estamos dispuestos a dejar nuestra autonom\u00eda porque esa es ya casa de los pueblos, ah\u00ed es donde hay que mejorar la vida, ah\u00ed est\u00e1 la vida\u201d.<\/p>\n<p>En el altar tambi\u00e9n est\u00e1n los nombres del comandante Ismael, que muri\u00f3 el a\u00f1o pasado, del maestro Galeano, asesinado por paramilitares de la CIOAC en La Realidad, del comandante Abel, del compa\u00f1ero Manuel, de la compa\u00f1era Maria Luisa, del compa\u00f1ero base de apoyo Sebasti\u00e1n, de Samir Flores, Bertha C\u00e1ceres, del periodista Javier Valdez, decenas de nombres, entre los que est\u00e1 Juan Andr\u00e9s Benitez, persona por la cual esta \u00e1gora recibe dicho nombre.<\/p>\n<p>Juan Andr\u00e9s fue asesinado por la polic\u00eda en este barrio y el crimen tiene ocho a\u00f1os de impunidad, sin investigaci\u00f3n clara.<\/p>\n<p>Desde la <a href=\"https:\/\/piedepagina.mx\/escuadron-421-zapatistas-navegan-a-contrapelo-de-la-historia\/\">llegada del Escuadr\u00f3n 421,<\/a> cuando nombr\u00f3 Europa como Slumil K\u2019ajxemk\u2019op,<a href=\"https:\/\/piedepagina.mx\/zapatistas-mujeres-y-disidencias-de-genero-asi-fue-el-encuentro-en-notre-dame-des-landes\/\"> las luchas LGBT y contra los transfeminicidios<\/a> se han hecho m\u00e1s presentes durante la Traves\u00eda zapatista. En esta ocasi\u00f3n fueron parte del evento organizado por la Asamblea Catalana que naci\u00f3 a ra\u00edz del anuncio de la visita zapatista.<\/p>\n<figure class=\"wp-block-image size-full\"><img loading=\"lazy\" decoding=\"async\" class=\"wp-image-79489\" src=\"https:\/\/piedepagina.mx\/wp-content\/uploads\/2021\/11\/pdp_laextemporanea_altar_zapatistas_barclona_diademuertos_europa_Daliri_Oropeza_Alvarez-2.jpg\" sizes=\"auto, (max-width: 992px) 100vw, 992px\" srcset=\"https:\/\/piedepagina.mx\/wp-content\/uploads\/2021\/11\/pdp_laextemporanea_altar_zapatistas_barclona_diademuertos_europa_Daliri_Oropeza_Alvarez-2.jpg 992w, https:\/\/piedepagina.mx\/wp-content\/uploads\/2021\/11\/pdp_laextemporanea_altar_zapatistas_barclona_diademuertos_europa_Daliri_Oropeza_Alvarez-2-450x300.jpg 450w, https:\/\/piedepagina.mx\/wp-content\/uploads\/2021\/11\/pdp_laextemporanea_altar_zapatistas_barclona_diademuertos_europa_Daliri_Oropeza_Alvarez-2-768x512.jpg 768w\" alt=\"\" width=\"992\" height=\"661\" \/><figcaption>El altar de d\u00eda de muertes tuvo nombres de comandantas y cargos importantes del EZLN. foto: Daliri Oropeza<\/figcaption><\/figure>\n<p>\u201cCatalunya ha sido siempre un lugar cercano al proceso de construcci\u00f3n de la autonom\u00eda zapatista. Han existido colectivos de solidaridad con la rebeli\u00f3n desde los primeros a\u00f1os posteriores al levantamiento. Muchas de las experiencias autogestionadas que se han experimentado en Catalunya han tenido alg\u00fan tipo de inspiraci\u00f3n zapatista. Ante la propuesta de la Gira, ha sido f\u00e1cil conectar o reconectar con colectivos catalanes y personas. El verdadero trabajo fue llevar la invitaci\u00f3n a las nuevas generaciones\u201d, asegura Arturo Landeros, integrante de la organizaci\u00f3n Taula per M\u00e8xic que es parte de esta asamblea.<\/p>\n<p>Actualmente la Asamblea Catalana se conforma de m\u00e1s de 90 colectivos que organizan el viaje zapatista en 4 rutas: Barcelona, Vall\u00e9s, Catalunya Central y Catalunya Ponent y Sud. Asegura que lees motivan las ganas de sumar las luchas propias con otras que han nacido que tienen en com\u00fan ser anticapitalistas, antirracistas, antipatriarcales.<\/p>\n<p>Para Arturo, como parte de esta asamblea, es muy especial escuchar lo que representa para los zapatistas rememorar a sus compa\u00f1eros y compa\u00f1eras ca\u00eddos en estos 27 a\u00f1os de lucha, ver el cari\u00f1o y el amor con el cual les llevan en la memoria.<\/p>\n<p>\u201cEllos est\u00e1n aqu\u00ed con nosotros, ellos est\u00e1n diciendo que debemos organizarnos, porque si no nos organizamos, nadie va a venir a organizarnos. Nos debemos organizar contra el mal capitalista, no queremos explotaci\u00f3n, discriminaci\u00f3n. Nosotros como zapatistas ya organizamos nuestro gobernar,\u00a0 sin ley, con ley, lo estamos haciendo, gracias a la comandanta Ramona, gracias a mujeres ca\u00eddas, las milicianas\u201d, asegura en su turno la comandanta Dalia, que describe que las mujeres tienen una participaci\u00f3n equitativa en la autonom\u00eda gracias a las mujeres que les precedieron.<\/p>\n<figure class=\"wp-block-image size-full\"><img loading=\"lazy\" decoding=\"async\" class=\"wp-image-79493\" src=\"https:\/\/piedepagina.mx\/wp-content\/uploads\/2021\/11\/pdp_laextemporanea_zapatistas_barclona_diademuertos_europa_Daliri_Oropeza_Alvarez-7.jpg\" sizes=\"auto, (max-width: 992px) 100vw, 992px\" srcset=\"https:\/\/piedepagina.mx\/wp-content\/uploads\/2021\/11\/pdp_laextemporanea_zapatistas_barclona_diademuertos_europa_Daliri_Oropeza_Alvarez-7.jpg 992w, https:\/\/piedepagina.mx\/wp-content\/uploads\/2021\/11\/pdp_laextemporanea_zapatistas_barclona_diademuertos_europa_Daliri_Oropeza_Alvarez-7-450x300.jpg 450w, https:\/\/piedepagina.mx\/wp-content\/uploads\/2021\/11\/pdp_laextemporanea_zapatistas_barclona_diademuertos_europa_Daliri_Oropeza_Alvarez-7-768x512.jpg 768w\" alt=\"\" width=\"992\" height=\"661\" \/><\/figure>\n<p>Quienes tomaron el micr\u00f3fono durante el acto, rememoran a sus compa\u00f1eras, denunciaron los feminicidios, transfeminicidios, los asesinatos impunes por parte de la polic\u00eda y tambi\u00e9n los asesinatos a periodistas.<\/p>\n<p>Las mujeres de la colectiva Furia Mexicana interpretan una versi\u00f3n feminista de la Llorona, en la que describen, con sus voces entonadas, la crueldad con la que se reitera este crimen en M\u00e9xico, y al parecer en el mundo.<\/p>\n<p>Hablan las personas migrantes que viven en este Barrio, tambi\u00e9n integrantes del Sindicato Popular de Vendedores Ambulantes, que hicieron un pase de lista por sus compa\u00f1eros afrodescendientes ca\u00eddos. Denunciaron la precariedad laboral desde el colectivo Heura Negra, tambi\u00e9n los desalojos ilegales desde Grup Habitatj Sants,\u00a0 integrantes de la asociaci\u00f3n de trabajadores anarcosindicalista CGT, defensoras trans mexicanas y periodistas en riese mexicanas.<\/p>\n<p>Para acompa\u00f1ar los dolores, resuena la m\u00fasica a lo largo de la ofrenda comunitaria en este barrio rebelde. Inicia con un fandango, resuenan la Guacamaya, el Siquisir\u00ed y la Bamba. Las amigas de Yoli interpretan sus composiciones feministas y Joan Garriga su acorde\u00f3n, para animar la noche que inicia antes por ser oto\u00f1o. Tambi\u00e9n integrantes de la asamblea recitan pod\u00eda para memorar a las mujeres asesinadas.<\/p>\n<p>\u201c\u201cEstamos siguiendo su paso (de las compa\u00f1eras ca\u00eddas), por eso hasta aqu\u00ed estamos con ustedes, una semilla. Porque juntos vamos a luchar. Bien que sabemos que en todo el mundo hay esa explotaci\u00f3n del mal capitalista, por eso debemos organizarnos, en cada religi\u00f3n, en geograf\u00eda, en cada costumbre, debemos organizar, para nuestros hijos que vienen, para que no sigan explot\u00e1ndonos el mal capitalismo\u201d, asegura en la micr\u00f3fono la comandanta Dalia.<\/p>\n<figure class=\"wp-block-image size-full\"><img loading=\"lazy\" decoding=\"async\" class=\"wp-image-79488\" src=\"https:\/\/piedepagina.mx\/wp-content\/uploads\/2021\/11\/pdp_laextemporanea_comandancia_zapatistas_barclona_diademuertos_europa_Daliri_Oropeza_Alvarez-14.jpg\" sizes=\"auto, (max-width: 992px) 100vw, 992px\" srcset=\"https:\/\/piedepagina.mx\/wp-content\/uploads\/2021\/11\/pdp_laextemporanea_comandancia_zapatistas_barclona_diademuertos_europa_Daliri_Oropeza_Alvarez-14.jpg 992w, https:\/\/piedepagina.mx\/wp-content\/uploads\/2021\/11\/pdp_laextemporanea_comandancia_zapatistas_barclona_diademuertos_europa_Daliri_Oropeza_Alvarez-14-450x300.jpg 450w, https:\/\/piedepagina.mx\/wp-content\/uploads\/2021\/11\/pdp_laextemporanea_comandancia_zapatistas_barclona_diademuertos_europa_Daliri_Oropeza_Alvarez-14-768x512.jpg 768w\" alt=\"\" width=\"992\" height=\"661\" \/><figcaption>Comandanta Dalia forma parte de la comisi\u00f3n coordinadora de la Traves\u00eda Zapatista. foto: Daliri Oropeza<\/figcaption><\/figure>\n<p>Esta memoria de los ca\u00eddos es fundamental para el zapatismo actual. Dejaron una ense\u00f1anza y una tarea, y ahora desde donde descansan, miran que se lleve a cabo. El comandante Dar\u00edo lo explica al tomar el micr\u00f3fono:<\/p>\n<p>\u201cTenemos en los pueblos zapatistas la autonom\u00eda. Por eso nosotros decimos los zapatistas, lo que tenemos en los pueblos zapatistas, lo que es la autonom\u00eda, son esos sue\u00f1os que esos muertos, ca\u00eddos, ca\u00eddas, fueron sus sue\u00f1os. Es lo que ya hay ahora en los pueblos zapatistas\u201d, asegura.<\/p>\n<p>\u201cDesde tiempo de la clandestinidad, que ellos ellas estuvieron en este mundo, dijeron que alg\u00fan d\u00eda se van a escuchar los hermanos del mundo. Porque los problemas, el capitalismo en los distintos lados del mundo son los mismos. Es un enemigo com\u00fan el que tenemos. Ellos nos dijeron ayer de que tenemos que seguir, continuar porque a\u00fan faltan muchas cosas\u201d, dice el comandante antes de terminar el acto con el altar monumental a sus espaldas.<\/p>\n<p>De lo que va de la traves\u00eda zapatista, primero con el Escuadr\u00f3n 421 y ahora con La Extempor\u00e1nea, \u201cel mayor aprendizaje es el poder escucharnos entre quienes formamos parte de la organizaci\u00f3n local y continental. El desaf\u00edo de poder establecer una relaci\u00f3n m\u00e1s firme y cercana entre los diferentes territorios, con sus diferencias y sus prioridades. Aprender a escucharnos con cari\u00f1o para que lxs compas puedan llegar a cualquier rinc\u00f3n\u00a0 de la Otra Europa. No es nada f\u00e1cil\u201d, asegura el activista Arturo Landeros.<\/p>\n<p>\u201cNo dejen de recordar a sus muertos, a nuestras muertas, porque seguramente nos dejaron un legado de ejemplo, de lucha, de sus palabras, de sus propuestas, de sus ideas, porque simple esas palabras fueron de vida, y nuestras palabras que traemos de nuestros compa\u00f1eros muertos es por la vida, por la esperanza, por lo tanto, nos seguiremos viendo\u201d, les pide el comandante Zebedeo, ahora que inicia el viaje en la zona 3.<\/p>\n<figure class=\"wp-block-image size-full\"><img loading=\"lazy\" decoding=\"async\" class=\"wp-image-79490\" src=\"https:\/\/piedepagina.mx\/wp-content\/uploads\/2021\/11\/pdp_laextemporanea_zapatistas_barclona_diademuertos_europa_Daliri_Oropeza_Alvarez-15.jpg\" sizes=\"auto, (max-width: 992px) 100vw, 992px\" srcset=\"https:\/\/piedepagina.mx\/wp-content\/uploads\/2021\/11\/pdp_laextemporanea_zapatistas_barclona_diademuertos_europa_Daliri_Oropeza_Alvarez-15.jpg 992w, https:\/\/piedepagina.mx\/wp-content\/uploads\/2021\/11\/pdp_laextemporanea_zapatistas_barclona_diademuertos_europa_Daliri_Oropeza_Alvarez-15-450x300.jpg 450w, https:\/\/piedepagina.mx\/wp-content\/uploads\/2021\/11\/pdp_laextemporanea_zapatistas_barclona_diademuertos_europa_Daliri_Oropeza_Alvarez-15-768x512.jpg 768w\" alt=\"\" width=\"992\" height=\"661\" \/><figcaption>Con m\u00fasica y poes\u00eda, la asamblea catalana recibi\u00f3 a la Extempor\u00e1nea. foto: Daliri Oropeza<\/figcaption><\/figure>\n<div class=\"molongui-clearfix\"><\/div>\n<div id=\"mab-3067883256\" class=\"m-a-box \" data-plugin-release=\"4.3.11\" data-plugin-version=\"free\" data-box-layout=\"slim\" data-box-position=\"below\" data-multiauthor=\"false\" data-author-type=\"user\">\n<div class=\"m-a-box-container\n                molongui-border-none                molongui-border-style-solid                molongui-border-width-2-px\n                m-a-box-shadow-none\"><\/p>\n<div class=\"m-a-box-tab m-a-box-content m-a-box-profile\" data-profile-layout=\"layout-1\" data-author-ref=\"user-55\">\n<div class=\"m-a-box-content-top\"><\/div>\n<\/div>\n<\/div>\n<\/div>\n<p><\/p>","protected":false},"excerpt":{"rendered":"<p>Comandante Zebedeo participa en la ofrenda del altar de muertos. foto: Daliri Oropeza La delegaci\u00f3n La Extempor\u00e1nea inicia su recorrido por la tercera zona europea de la traves\u00eda zapatista con un altar de d\u00eda de muertos en donde rememoraron a comandantas, insurgentes, maestros de sus comunidades de ra\u00edz maya que murieron en la b\u00fasqueda de [&hellip;]<\/p>\n","protected":false},"author":1,"featured_media":40227,"comment_status":"open","ping_status":"closed","sticky":false,"template":"","format":"standard","meta":{"footnotes":""},"categories":[1318,955,826,953],"tags":[1334,1021,239,920,926,1317],"class_list":["post-40226","post","type-post","status-publish","format-standard","has-post-thumbnail","hentry","category-caravana-zapatista-a-europa","category-ezln-temas","category-medios-libres-2","category-mundo","tag-travesiaporlavida","tag-barcelona","tag-espana","tag-europa","tag-ezln","tag-travesia-por-la-vida"],"_links":{"self":[{"href":"https:\/\/radiozapatista.org\/index.php?rest_route=\/wp\/v2\/posts\/40226","targetHints":{"allow":["GET"]}}],"collection":[{"href":"https:\/\/radiozapatista.org\/index.php?rest_route=\/wp\/v2\/posts"}],"about":[{"href":"https:\/\/radiozapatista.org\/index.php?rest_route=\/wp\/v2\/types\/post"}],"author":[{"embeddable":true,"href":"https:\/\/radiozapatista.org\/index.php?rest_route=\/wp\/v2\/users\/1"}],"replies":[{"embeddable":true,"href":"https:\/\/radiozapatista.org\/index.php?rest_route=%2Fwp%2Fv2%2Fcomments&post=40226"}],"version-history":[{"count":1,"href":"https:\/\/radiozapatista.org\/index.php?rest_route=\/wp\/v2\/posts\/40226\/revisions"}],"predecessor-version":[{"id":40228,"href":"https:\/\/radiozapatista.org\/index.php?rest_route=\/wp\/v2\/posts\/40226\/revisions\/40228"}],"wp:featuredmedia":[{"embeddable":true,"href":"https:\/\/radiozapatista.org\/index.php?rest_route=\/wp\/v2\/media\/40227"}],"wp:attachment":[{"href":"https:\/\/radiozapatista.org\/index.php?rest_route=%2Fwp%2Fv2%2Fmedia&parent=40226"}],"wp:term":[{"taxonomy":"category","embeddable":true,"href":"https:\/\/radiozapatista.org\/index.php?rest_route=%2Fwp%2Fv2%2Fcategories&post=40226"},{"taxonomy":"post_tag","embeddable":true,"href":"https:\/\/radiozapatista.org\/index.php?rest_route=%2Fwp%2Fv2%2Ftags&post=40226"}],"curies":[{"name":"wp","href":"https:\/\/api.w.org\/{rel}","templated":true}]}}