{"id":40214,"date":"2021-11-04T09:30:45","date_gmt":"2021-11-04T15:30:45","guid":{"rendered":"https:\/\/radiozapatista.org\/?p=40214"},"modified":"2021-11-04T09:30:45","modified_gmt":"2021-11-04T15:30:45","slug":"por-la-memoria-de-nuestras-ancestras-y-ancestros-de-nuestros-martires-que-siguen-ofreciendo-vida-por-las-victimas-del-capital","status":"publish","type":"post","link":"https:\/\/radiozapatista.org\/?p=40214","title":{"rendered":"Por la memoria de nuestras ancestras y ancestros, de nuestros m\u00e1rtires que siguen ofreciendo vida, por las v\u00edctimas del capital."},"content":{"rendered":"<p>Hermanas y hermanos\u2026<\/p>\n<p>Las comunidades, barrios, tribus, pueblos y naciones que somos el Congreso Nacional Ind\u00edgena cumplimos 25 a\u00f1os de hermanarnos\u00a0 en esta casa\u00a0 de todos los Pueblos ind\u00edgenas de M\u00e9xico, de luchar juntos\u00a0 por la vida, y contra el capital que nos oprime, discrimina, despoja y desprecia.<\/p>\n<p>Esta nuestra palabra verdadera es para decirles a ustedes hermanas y hermanos de los pueblos\u00a0 y de las ciudades, que\u00a0 siguiendo el consejo de las m\u00e1s primeras abuelitas y abuelitos, estamos celebrando y adornando los altares para recibir con alegr\u00eda a los que se adelantaron \u00a0en el camino, desde hace unos d\u00edas estamos preparando <strong>la fiesta colectiva de la vida<\/strong>, las comunidades preparan le\u00f1a y semillas de la cosecha nueva para los tamales\u00a0 y la ofrenda \u00a0que nuestros pueblos, hombres y mujeres hacen la ofrenda de frutos\u00a0 y flores de la tierra y\u00a0 encienden copal para esperar la\u00a0 fiesta donde la comunidad se reconstruye y renuevan los lazos.<\/p>\n<p>En estas fechas honramos y refrendamos la memoria de las hermanas y hermanos que nos ense\u00f1aron a defender y cuidar las semillas criollas, las plantas, los animales y el territorio con el que somos pueblos verdaderos.<\/p>\n<p>Con alegre rebeld\u00eda resistimos\u00a0 y nos organizamos entre las comunidades, pueblos, barrios y ciudades para hacer frente al capital y sus gobiernos que pretenden imponer la muerte a trav\u00e9s de megaproyectos de supuesto \u201cprogreso y desarrollo\u201d, pero que\u00a0 reconocemos que significan la aniquilaci\u00f3n de nuestros pueblos y territorios.<\/p>\n<p>La vida de muchas compa\u00f1eras y compa\u00f1eros\u00a0 ha sido arrebatada por las manos asesinas del capital que\u00a0 desprecia a la vida y a sus guardianas y guardianes. Les traemos a la memoria y les decimos que para nuestros pueblos su vida es ofrenda y semilla de rebeld\u00eda que florece ya en todos los rincones de las barrancas, valles, monta\u00f1as o ciudades donde caminamos las mujeres y hombres verdaderos y junto a las hermanas y hermanos zapatistas nos sumamos a la campa\u00f1a nacional por la Verdad y la Justicia.<\/p>\n<p>Por todas las geograf\u00edas de nuestros territorios se ciernen amenazas del capital y de los gobiernos serviles a sus intereses, mediante el despojo de agua y los bienes comunes de la tierra, la destrucci\u00f3n\u00a0 de los territorios o su depredaci\u00f3n, auguran la muerte de nuestros pueblos.<\/p>\n<p>Repudiamos a las autoridades y grupos de criminales organizados o \u201cautorizados\u201d que\u00a0 desaparecen asesinan y hasta cercenan o pulverizan los cuerpos de miles de mujeres y hombres, en su mayor\u00eda j\u00f3venes, en todos los rincones del pa\u00eds.<\/p>\n<p>Saludamos la lucha digna\u00a0 de las abuelas, madres, hermanas, compa\u00f1eras, e hijas que de manera organizada les buscan y caminan por todo el pa\u00eds descubriendo la ignominia de alrededor de 100 mil personas desaparecidas y cari\u00f1osamente le ruegan a la madre tierra les devuelva la paz que las autoridades no son capaces de otorgar.<\/p>\n<p>El legado de las compa\u00f1eras y compa\u00f1eros nos acompa\u00f1a en nuestra lucha, nosotros los pueblos verdaderos, nos\u00a0 defenderemos\u00a0 y lucharemos\u00a0 con las hermanas y hermanos de las ciudades que se organizan para defender la vida ya sea en M\u00e9xico\u00a0 o en cualquier geograf\u00eda de lo que llaman Am\u00e9rica, o de la digna rabia que se ha encontrado ahora en la Europa de abajo, que comparte palabra y resistencia con la delegaci\u00f3n de los hermanos\u00a0 de la extempor\u00e1nea del EZLN y de la delegaci\u00f3n por la vida del CNI.<\/p>\n<p>Por las miles de mujeres asesinadas por el macho capital, verdad y Justicia,<br \/>\nPor las mujeres asesinadas por el macho patriarcal, Verdad y Justicia<br \/>\nPor las mujeres asesinadas por el macho empresa, por el macho gobierno, Verdad y Justicia<br \/>\nPor la reconstituci\u00f3n integral de nuestros pueblos<\/p>\n<p style=\"text-align: center;\">Campa\u00f1a por la verdad y la Justicia<br \/>\nNunca m\u00e1s un M\u00e9xico sin Nosotros<br \/>\nComisi\u00f3n de Coordinaci\u00f3n del CNI-CIG<br \/>\nOctubre de 2021<\/p>\n<p>&nbsp;<\/p>","protected":false},"excerpt":{"rendered":"<p>Hermanas y hermanos\u2026 Las comunidades, barrios, tribus, pueblos y naciones que somos el Congreso Nacional Ind\u00edgena cumplimos 25 a\u00f1os de hermanarnos\u00a0 en esta casa\u00a0 de todos los Pueblos ind\u00edgenas de M\u00e9xico, de luchar juntos\u00a0 por la vida, y contra el capital que nos oprime, discrimina, despoja y desprecia. Esta nuestra palabra verdadera es para decirles [&hellip;]<\/p>\n","protected":false},"author":1,"featured_media":37977,"comment_status":"open","ping_status":"closed","sticky":false,"template":"","format":"standard","meta":{"footnotes":""},"categories":[957,1024,943,954,961],"tags":[1151,63],"class_list":["post-40214","post","type-post","status-publish","format-standard","has-post-thumbnail","hentry","category-autonomia","category-cni-temas","category-cni","category-mexico","category-mujeres","tag-cig","tag-cni"],"_links":{"self":[{"href":"https:\/\/radiozapatista.org\/index.php?rest_route=\/wp\/v2\/posts\/40214","targetHints":{"allow":["GET"]}}],"collection":[{"href":"https:\/\/radiozapatista.org\/index.php?rest_route=\/wp\/v2\/posts"}],"about":[{"href":"https:\/\/radiozapatista.org\/index.php?rest_route=\/wp\/v2\/types\/post"}],"author":[{"embeddable":true,"href":"https:\/\/radiozapatista.org\/index.php?rest_route=\/wp\/v2\/users\/1"}],"replies":[{"embeddable":true,"href":"https:\/\/radiozapatista.org\/index.php?rest_route=%2Fwp%2Fv2%2Fcomments&post=40214"}],"version-history":[{"count":1,"href":"https:\/\/radiozapatista.org\/index.php?rest_route=\/wp\/v2\/posts\/40214\/revisions"}],"predecessor-version":[{"id":40215,"href":"https:\/\/radiozapatista.org\/index.php?rest_route=\/wp\/v2\/posts\/40214\/revisions\/40215"}],"wp:featuredmedia":[{"embeddable":true,"href":"https:\/\/radiozapatista.org\/index.php?rest_route=\/wp\/v2\/media\/37977"}],"wp:attachment":[{"href":"https:\/\/radiozapatista.org\/index.php?rest_route=%2Fwp%2Fv2%2Fmedia&parent=40214"}],"wp:term":[{"taxonomy":"category","embeddable":true,"href":"https:\/\/radiozapatista.org\/index.php?rest_route=%2Fwp%2Fv2%2Fcategories&post=40214"},{"taxonomy":"post_tag","embeddable":true,"href":"https:\/\/radiozapatista.org\/index.php?rest_route=%2Fwp%2Fv2%2Ftags&post=40214"}],"curies":[{"name":"wp","href":"https:\/\/api.w.org\/{rel}","templated":true}]}}