{"id":40152,"date":"2021-10-30T10:17:25","date_gmt":"2021-10-30T15:17:25","guid":{"rendered":"https:\/\/radiozapatista.org\/?p=40152"},"modified":"2021-11-04T08:54:38","modified_gmt":"2021-11-04T14:54:38","slug":"una-mina-de-niquel-y-la-militarizacion-en-el-estor-guatemala","status":"publish","type":"post","link":"https:\/\/radiozapatista.org\/?p=40152","title":{"rendered":"Una mina de n\u00edquel y la militarizaci\u00f3n en El Estor, Guatemala"},"content":{"rendered":"<p>Fotograf\u00edas: Diego Alvarado y Festivales Solidarios.<\/p>\n<figure class=\"iw ix iy iz ja iv w paragraph-image\"><img loading=\"lazy\" decoding=\"async\" class=\"w jb jc\" role=\"presentation\" src=\"https:\/\/miro.medium.com\/max\/2560\/1*nxfYphXNqz10hccL7Z-SjQ.jpeg\" alt=\"\" width=\"1280\" height=\"720\" \/><figcaption class=\"jd je ff fd fe jf jg bb b bc bd bz\" data-selectable-paragraph=\"\">Foto: Diego Alvarado.<\/figcaption><\/figure>\n<p id=\"0857\" class=\"id ie fv if b gu jh ig ih gx ji ii ij ik jj il im in jk io ip iq jl ir is iu dn gs\" data-selectable-paragraph=\"\">Este es un breve relato, de los miles de sucesos que existen y de c\u00f3mo se conecta la historia <span id=\"rmm\">d<\/span>e despojo y terror que la empresa minera en los alrededores del lago de Izabal, hoy la CGN-PRONICO y su origen en la EXMIBAL, han provocado durante los \u00faltimos 60 a\u00f1os en Guatemala y que ahora, siguen siendo los responsables intelectuales y materiales de criminalizar y perseguir a las y los defensores de la naturaleza que se oponen rotundamente a la destrucci\u00f3n del lago de Izabal y su entorno y tambi\u00e9n de c\u00f3mo, las empresas extranjeras que han sido due\u00f1as a lo largo del tiempo de la mina de n\u00edquel, han utilizado a las fuerzas represivas del Estado como guardias privadas para garantizar que sigan con el saqueo del recurso mineral que existe en la regi\u00f3n.<\/p>\n<p id=\"ecf1\" class=\"id ie fv if b gu jh ig ih gx ji ii ij ik jj il im in jk io ip iq jl ir is iu dn gs\" data-selectable-paragraph=\"\"><strong class=\"if fw\">Los or\u00edgenes<\/strong><\/p>\n<p id=\"1f60\" class=\"id ie fv if b gu jh ig ih gx ji ii ij ik jj il im in jk io ip iq jl ir is iu dn gs\" data-selectable-paragraph=\"\">Esta mina empez\u00f3 a funcionar en 1970, cuando el gobierno de Carlos Arana Osorio, conocido como el \u201cChacal del oriente\u201d (mote otorgado por la ciudadan\u00eda por ser un dictador militar sanguinario) otorg\u00f3 una concesi\u00f3n para explotaci\u00f3n de n\u00edquel, cobalto, hierro y cromo durante 40 a\u00f1os a la empresa Explotaciones y Exploraciones Mineras de Izabal (EXMIBAL), subsidiaria de la compa\u00f1\u00eda canadiense International Nickel Company (INCO).<\/p>\n<p><!--more--><\/p>\n<p id=\"c289\" class=\"id ie fv if b gu jh ig ih gx ji ii ij ik jj il im in jk io ip iq jl ir is iu dn gs\" data-selectable-paragraph=\"\">Para defender la continuidad de las operaciones, los abogados de la CGN utilizaron dos argumentos. El primero, sin un sustento documental, es que, en los a\u00f1os 70, los entonces due\u00f1os de la mina supuestamente realizaron una consulta comunitaria. De ser as\u00ed, lo habr\u00edan hecho tres d\u00e9cadas antes de que Guatemala incluso ratificara el convenio 169 de la Organizaci\u00f3n Internacional de Trabajo, el que regula el derecho de los pueblos ind\u00edgenas a ser consultados sobre megaproyectos que puedan afectar su entorno.<\/p>\n<p id=\"06d3\" class=\"id ie fv if b gu jh ig ih gx ji ii ij ik jj il im in jk io ip iq jl ir is iu dn gs\" data-selectable-paragraph=\"\">En esa \u00e9poca el poder pol\u00edtico de Inco-Exmibal era tal, que en 1962 sus due\u00f1os sugirieron al gobierno de Id\u00edgoras Fuentes que aprobara una nueva ley de miner\u00eda que redactaron abogados contratados por la compa\u00f1\u00eda, con el argumento de estimular las inversiones en el pa\u00eds.<\/p>\n<p id=\"a279\" class=\"id ie fv if b gu jh ig ih gx ji ii ij ik jj il im in jk io ip iq jl ir is iu dn gs\" data-selectable-paragraph=\"\">El nuevo c\u00f3digo de miner\u00eda se aprob\u00f3 en 1965, cuando en ese entonces el presidente de facto era Enrique Peralta Azurdia. El libro de Luis Solano, \u201c<a class=\"dy jm\" href=\"https:\/\/www.amazon.com\/Guatemala-Petr%C3%B3leo-Miner%C3%ADa-Entra%C3%B1as-Poder\/dp\/9992222522\" target=\"_blank\" rel=\"noopener ugc nofollow\"><em class=\"jn\">Guatemala, petr\u00f3leo y miner\u00eda en las entra\u00f1as del poder<\/em><\/a>\u201d, detalla que ese c\u00f3digo fue la base para que meses despu\u00e9s el gobierno de Carlos Arana Osorio le diera a la mina el permiso para explotar, por 40 a\u00f1os, 410 kil\u00f3metros de tierra entre Izabal y Alta Verapaz.<\/p>\n<p id=\"fdea\" class=\"id ie fv if b gu jh ig ih gx ji ii ij ik jj il im in jk io ip iq jl ir is iu dn gs\" data-selectable-paragraph=\"\">La relaci\u00f3n entre la minera y esos gobiernos se puso bajo la lupa a finales de los a\u00f1os 60, cuando el presidente Julio C\u00e9sar M\u00e9ndez Montenegro pidi\u00f3 la Universidad de San Carlos de Guatemala, USAC, la creaci\u00f3n de una comisi\u00f3n para analizar los detalles tras el otorgamiento de la concesi\u00f3n. El resultado de las investigaciones fue muerte y exilio.<\/p>\n<p id=\"57b6\" class=\"id ie fv if b gu jh ig ih gx ji ii ij ik jj il im in jk io ip iq jl ir is iu dn gs\" data-selectable-paragraph=\"\">Presid\u00eda la comisi\u00f3n Rafael Piedrasanta Arandi, entonces decano de la Facultad de Ciencias Econ\u00f3micas de la USAC; los otros miembros eran \u00d3scar Adolfo Mijangos L\u00f3pez<a class=\"dy jm\" href=\"https:\/\/festivalessolidarios.medium.com\/una-mina-de-n%C3%ADquel-y-la-militarizaci%C3%B3n-en-el-estor-guatemala-843ae6ae119f#_ftn1\" rel=\"noopener ugc nofollow\">[1]<\/a>, Julio Camey Herrera y Alfonso Bauer Paiz. Todos fueron v\u00edctimas de ataques cuatro meses antes de que Arana tomara el poder y que la minera obtuviera los permisos del gobierno.<\/p>\n<p id=\"0884\" class=\"id ie fv if b gu jh ig ih gx ji ii ij ik jj il im in jk io ip iq jl ir is iu dn gs\" data-selectable-paragraph=\"\">En 1982 Inco-Exmibal se retir\u00f3 del pa\u00eds. El cierre de las operaciones de la mina sucedi\u00f3 cuando el gobierno intent\u00f3 aumentar el porcentaje de las regal\u00edas de 1% a 5%.<\/p>\n<p id=\"4c5b\" class=\"id ie fv if b gu jh ig ih gx ji ii ij ik jj il im in jk io ip iq jl ir is iu dn gs\" data-selectable-paragraph=\"\">Pero la tensi\u00f3n por la minera situada en las orillas del lago m\u00e1s grande de Guatemala, el lago de Izabal, dur\u00f3 poco.<\/p>\n<figure class=\"jw iv jx jy jz ka kb paragraph-image\">\n<div class=\"kc kd ap ke w kf\" tabindex=\"0\" role=\"button\"><img loading=\"lazy\" decoding=\"async\" class=\"w jb jc\" role=\"presentation\" src=\"https:\/\/miro.medium.com\/max\/2560\/1*IYBPRrusVw_YTTZ97W-1OQ.jpeg\" alt=\"\" width=\"1280\" height=\"853\" \/><\/div>\n<\/figure>\n<figure class=\"jw iv jx jy jz ka kb paragraph-image\">\n<div class=\"kc kd ap ke w kf\" tabindex=\"0\" role=\"button\"><img loading=\"lazy\" decoding=\"async\" class=\"w jb jc\" role=\"presentation\" src=\"https:\/\/miro.medium.com\/max\/2560\/1*BTHZ43rFvbzufPJhOgz3IA.jpeg\" alt=\"\" width=\"1280\" height=\"853\" \/><\/div>\n<\/figure>\n<figure class=\"jw iv jx jy jz ka kb paragraph-image\">\n<div class=\"kc kd ap ke w kf\" tabindex=\"0\" role=\"button\"><img loading=\"lazy\" decoding=\"async\" class=\"w jb jc\" role=\"presentation\" src=\"https:\/\/miro.medium.com\/max\/2560\/1*iscr55uflZLY-HMY78vFIg.jpeg\" alt=\"\" width=\"1280\" height=\"853\" \/><\/div><figcaption class=\"jd je ff fd fe jf jg bb b bc bd bz kg ap kh ki\" data-selectable-paragraph=\"\">Fotos: Diego Alvarado.<\/figcaption><\/figure>\n<\/div>\n<\/div>\n<p id=\"4e1b\" class=\"id ie fv if b gu jh ig ih gx ji ii ij ik jj il im in jk io ip iq jl ir is iu dn gs\" data-selectable-paragraph=\"\"><strong class=\"if fw\">La paz firme, duradera y minera\u2026<\/strong><\/p>\n<p id=\"b3b6\" class=\"id ie fv if b gu jh ig ih gx ji ii ij ik jj il im in jk io ip iq jl ir is iu dn gs\" data-selectable-paragraph=\"\">La tensi\u00f3n a El Estor volvi\u00f3 en el a\u00f1o 2004, cuando la compa\u00f1\u00eda canadiense Sky Resources-Hudbay Minerales, compr\u00f3 las acciones de Inco-Exmibal e inici\u00f3 las gestiones para renovar la licencia de explotaci\u00f3n minera por 40 a\u00f1os m\u00e1s.<\/p>\n<p id=\"6739\" class=\"id ie fv if b gu jh ig ih gx ji ii ij ik jj il im in jk io ip iq jl ir is iu dn gs\" data-selectable-paragraph=\"\">Durante el gobierno de \u00d3scar Berger, el Estado debi\u00f3 realizar una consulta en el a\u00f1o 2006, cuando el Ministerio de Energ\u00eda del gobierno de Berger, renov\u00f3 la licencia de explotaci\u00f3n minera de la CGN para el proyecto F\u00e9nix, 248 kil\u00f3metros cuadrados de tierra y monta\u00f1as equivalentes a casi 36 mil campos de f\u00fatbol dedicados la extracci\u00f3n de n\u00edquel en el municipio de El Estor, un territorio donde habitan comunidades ind\u00edgenas Q\u00b4eqch\u00edes, el pueblo que ancestralmente ha habitado esa regi\u00f3n en Guatemala.<\/p>\n<p id=\"07a5\" class=\"id ie fv if b gu jh ig ih gx ji ii ij ik jj il im in jk io ip iq jl ir is iu dn gs\" data-selectable-paragraph=\"\">En el 2006, el Ministerio de Energ\u00eda que lo dirig\u00eda Luis Romero Ort\u00edz Pel\u00e1ez, renov\u00f3 la licencia de explotaci\u00f3n minera para 248 kil\u00f3metros cuadrados de tierra y monta\u00f1as. Ese a\u00f1o la conflictividad en El Estor lleg\u00f3 a un nuevo punto: los comunitarios reclamaban ser propietarios de espacios de terreno donde la mina quer\u00eda operar y el gobierno orden\u00f3 desalojos que terminaron en quema de casas de los agricultores y violaciones en grupo a mujeres q\u00b4eqch\u00edes<a class=\"dy jm\" href=\"https:\/\/festivalessolidarios.medium.com\/una-mina-de-n%C3%ADquel-y-la-militarizaci%C3%B3n-en-el-estor-guatemala-843ae6ae119f#_ftn2\" rel=\"noopener ugc nofollow\">[2]<\/a>.<\/p>\n<p id=\"f2f8\" class=\"id ie fv if b gu jh ig ih gx ji ii ij ik jj il im in jk io ip iq jl ir is iu dn gs\" data-selectable-paragraph=\"\">En 2011, la CGN cambi\u00f3 de due\u00f1o. En esa transici\u00f3n tres j\u00f3venes universitarios murieron en las instalaciones de la mina. En marzo del 2012, tres estudiantes de la Universidad del Valle se encontraban en el lugar haciendo un monitoreo de cocodrilos del R\u00edo Dulce. Sus cuerpos fueron encontrados al d\u00eda siguiente, en distintos puntos y con golpes extra\u00f1os. Sus padres buscan justicia y que se esclarezca su muerte<a class=\"dy jm\" href=\"https:\/\/festivalessolidarios.medium.com\/una-mina-de-n%C3%ADquel-y-la-militarizaci%C3%B3n-en-el-estor-guatemala-843ae6ae119f#_ftn3\" rel=\"noopener ugc nofollow\">[3]<\/a>.<\/p>\n<p id=\"cff7\" class=\"id ie fv if b gu jh ig ih gx ji ii ij ik jj il im in jk io ip iq jl ir is iu dn gs\" data-selectable-paragraph=\"\">El consorcio suizo Solway Investment Group adquiri\u00f3 la mina por US$170 millones. Solway es un grupo privado de inversi\u00f3n internacional que se especializa en proyectos en los campos minero y metal\u00fargico. Es due\u00f1a de mineras que extraen metales que no tienen hierro en su composici\u00f3n qu\u00edmica. Est\u00e1 registrada en Suiza, su matriz est\u00e1 en Malta y tiene proyectos mineros en Guatemala, Argentina, Congo, Indonesia, Macedonia, Rusia y Ucrania.<\/p>\n<p id=\"31fb\" class=\"id ie fv if b gu jh ig ih gx ji ii ij ik jj il im in jk io ip iq jl ir is iu dn gs\" data-selectable-paragraph=\"\">Solway est\u00e1 registrada en <a class=\"dy jm\" href=\"https:\/\/zg.chregister.ch\/cr-portal\/auszug\/auszug.xhtml?uid=CHE-208.870.678\" target=\"_blank\" rel=\"noopener ugc nofollow\">Suiza<\/a> y su casa matriz se encuentra en Malta. En su ficha de identificaci\u00f3n menciona a sus tres directores. El presidente es Dan Bronstein, de nacionalidad alemana. Los otros dos son Denis Gerasev, de nacionalidad israel\u00ed, y Alexey Tsvetkov, de nacionalidad rusa. El director de la matriz en Malta es Aleksandr Bronstein.<\/p>\n<p id=\"ffb1\" class=\"id ie fv if b gu jh ig ih gx ji ii ij ik jj il im in jk io ip iq jl ir is iu dn gs\" data-selectable-paragraph=\"\">Dan Bronstein, el presidente de Solway, lleg\u00f3 a la compa\u00f1\u00eda en el 2000, cuando comenz\u00f3 a trabajar para la compa\u00f1\u00eda Romtrade Group como jefe del departamento de Fusiones y Adquisiciones, donde reorganiz\u00f3 las funciones y activos de Solway. Tambi\u00e9n es miembro del Consejo Asesor de NR Growth Consulting, una firma de inversiones fundada en agosto de 2006 con sede en Mosc\u00fa.<\/p>\n<p id=\"79ee\" class=\"id ie fv if b gu jh ig ih gx ji ii ij ik jj il im in jk io ip iq jl ir is iu dn gs\" data-selectable-paragraph=\"\"><strong class=\"if fw\">La \u00e9poca reciente<\/strong><\/p>\n<p id=\"3615\" class=\"id ie fv if b gu jh ig ih gx ji ii ij ik jj il im in jk io ip iq jl ir is iu dn gs\" data-selectable-paragraph=\"\">Adem\u00e1s de comprar la Compa\u00f1\u00eda Guatemalteca de N\u00edquel, Solway asegura en su <a class=\"dy jm\" href=\"http:\/\/solwaygroup.com\/our-business\/fenix-project-guatemala\/\" target=\"_blank\" rel=\"noopener ugc nofollow\">p\u00e1gina web<\/a> que desde el 2001 han invertido US$600 millones en la mina, especialmente para crear la Planta Procesadora de N\u00edquel de Izabal (Pronico), a trav\u00e9s de la cual convierten el mineral h\u00famedo de las monta\u00f1as de El Estor, en ferron\u00edquel, un material que contiene dos partes de hierro y una de n\u00edquel y que es utilizado como producto final en industrias que, principalmente, producen acero inoxidable. La empresa vende a compa\u00f1\u00edas de construcci\u00f3n, ingenier\u00eda, transporte, metal\u00fargicas y electr\u00f3nicos.<\/p>\n<p id=\"0933\" class=\"id ie fv if b gu jh ig ih gx ji ii ij ik jj il im in jk io ip iq jl ir is iu dn gs\" data-selectable-paragraph=\"\">El n\u00edquel de Guatemala parece ser muy apreciado en el mundo. Solway describe el mineral que extraen del proyecto minero F\u00e9nix (CGN) como uno de los 10 m\u00e1s ricos y puros del mundo, y por ser un yacimiento de gran potencial en tama\u00f1o y calidad representa \u201cun hito importante\u201d en su estrategia para convertirse en uno de los cinco principales productores de n\u00edquel del mundo.<\/p>\n<p id=\"2720\" class=\"id ie fv if b gu jh ig ih gx ji ii ij ik jj il im in jk io ip iq jl ir is iu dn gs\" data-selectable-paragraph=\"\">Para lograrlo, en Guatemala tuvieron el apoyo del gobierno. El 30 mayo del 2014, cuando reinauguraron la planta, junto con los gerentes de la compa\u00f1\u00eda, sonriente, estaba el entonces presidente Otto P\u00e9rez Molina.<\/p>\n<p id=\"a47d\" class=\"id ie fv if b gu jh ig ih gx ji ii ij ik jj il im in jk io ip iq jl ir is iu dn gs\" data-selectable-paragraph=\"\">D\u00edas antes, el 7 de marzo de 2014, los ministros Sergio de la Torre (Econom\u00eda), Erick Archila (Ambiente) y Mauricio L\u00f3pez Bonilla (Gobernaci\u00f3n) <a class=\"dy jm\" href=\"https:\/\/www.gov.uk\/government\/world-location-news\/british-companies-meet-with-guatemalan-delegation-in-london.es-419\" target=\"_blank\" rel=\"noopener ugc nofollow\">viajaron a Londres<\/a> para reunirse con representantes de Solway y 9 grandes compa\u00f1\u00edas m\u00e1s para explorar oportunidades de comercio e inversi\u00f3n.<\/p>\n<p id=\"e60b\" class=\"id ie fv if b gu jh ig ih gx ji ii ij ik jj il im in jk io ip iq jl ir is iu dn gs\" data-selectable-paragraph=\"\">El 26 de marzo de 2015, <a class=\"dy jm\" href=\"https:\/\/twitter.com\/ottoperezmolina\/status\/581121512117157888\" target=\"_blank\" rel=\"noopener ugc nofollow\">Sergu\u00e9i Lavrov<\/a>, Ministro de Asuntos Exteriores de Rusia, se reuni\u00f3 con Otto P\u00e9rez Molina. El periodista australiano John Helmer, basado en Mosc\u00fa, <a class=\"dy jm\" href=\"http:\/\/johnhelmer.net\/mayans-fight-conquistadors-over-guatemalan-nickel-mine-russian-foreign-ministry-backs-cyprus-company\/\" target=\"_blank\" rel=\"noopener ugc nofollow\">escribi\u00f3<\/a> que la visita habr\u00eda tenido como fin, intervenir por las inversiones rusas en el pa\u00eds y por los propietarios de Solway.<\/p>\n<p id=\"1dd0\" class=\"id ie fv if b gu jh ig ih gx ji ii ij ik jj il im in jk io ip iq jl ir is iu dn gs\" data-selectable-paragraph=\"\"><a class=\"dy jm\" href=\"https:\/\/www.publinews.gt\/gt\/guatemala\/2015\/03\/27\/seis-puntos-visita-canciller-rusia-guatemala.html\" target=\"_blank\" rel=\"noopener ugc nofollow\">P\u00e9rez Molina dijo<\/a> que, en la visita del canciller ruso, \u201cse habl\u00f3 del comercio, ya que en Guatemala una de las empresas m\u00e1s grandes es de origen ruso, que se dedica a la extracci\u00f3n de n\u00edquel\u201d.<\/p>\n<p id=\"6526\" class=\"id ie fv if b gu jh ig ih gx ji ii ij ik jj il im in jk io ip iq jl ir is iu dn gs\" data-selectable-paragraph=\"\">En su visita Lavrov se reuni\u00f3n con sus hom\u00f3logos de Centroam\u00e9rica y <a class=\"dy jm\" href=\"http:\/\/www.mid.ru\/es\/foreign_policy\/news\/-\/asset_publisher\/cKNonkJE02Bw\/content\/id\/1115905\" target=\"_blank\" rel=\"noopener ugc nofollow\">pidi\u00f3<\/a> que Rusia fuera un miembro observador extrarregional del Sistema de Integraci\u00f3n Econ\u00f3mica y de la Comunidad de Estados Latinoamericanos y del Caribe (CELAC). Otros pa\u00edses observadores son Alemania, Australia, Taiw\u00e1n, Francia, etc\u00e9tera. Lavrov <a class=\"dy jm\" href=\"https:\/\/revistamyt.com\/que-tiene-rusia-que-le-interesa-al-sica\/\" target=\"_blank\" rel=\"noopener ugc nofollow\">dijo que<\/a> Centroam\u00e9rica y Rusia tienen una \u201cestructura de exportaciones af\u00edn\u201d, por lo que deber\u00edan unir esfuerzos para aumentar los intercambios y optimizar la log\u00edstica.<\/p>\n<p id=\"e432\" class=\"id ie fv if b gu jh ig ih gx ji ii ij ik jj il im in jk io ip iq jl ir is iu dn gs\" data-selectable-paragraph=\"\">Meses despu\u00e9s, en noviembre de 2015, mientras en el Congreso se aprobaba el presupuesto del Estado, diputados del Partido Patriota y L\u00edder, propusieron aumentar el pago de regal\u00edas por actividades mineras, de 1% al 10%, pero no para todos los minerales. <a class=\"dy jm\" href=\"https:\/\/nomada.gt\/pais\/por-que-el-jade-pagara-menos-impuestos-una-diputada-del-pp-lo-explota\/\" target=\"_blank\" rel=\"noopener ugc nofollow\">El n\u00edquel y el jade<\/a> quedaron fuera de esa propuesta. En ese tiempo, el diputado Am\u00edlcar Pop dijo que el porcentaje de pago de regal\u00edas lo discuti\u00f3 el gobierno con el sector empresas extractivas.<\/p>\n<p id=\"f102\" class=\"id ie fv if b gu jh ig ih gx ji ii ij ik jj il im in jk io ip iq jl ir is iu dn gs\" data-selectable-paragraph=\"\">Con el gobierno de Jimmy Morales el \u00faltimo acercamiento ocurri\u00f3 la 73 Asamblea General de las Naciones Unidas. Lavrov se <a class=\"dy jm\" href=\"https:\/\/twitter.com\/RussiaUN\/status\/1044695114851860481\" target=\"_blank\" rel=\"noopener ugc nofollow\">reuni\u00f3<\/a> el 25 de septiembre con su hom\u00f3loga guatemalteca, la canciller Sandra Jovel y posteriormente hubo un <a class=\"dy jm\" href=\"http:\/\/www.mid.ru\/ru\/maps\/gt\/-\/asset_publisher\/0n4XEAQLbbjN\/content\/id\/3368352\" target=\"_blank\" rel=\"noopener ugc nofollow\">encuentro<\/a> entre el jefe del Servicio de Seguridad Federal de Rusia, Alexander Bortnikov, embajador especial de Rusia en Guatemala, Alexander Hoholikov y el vicepresidente Jafeth Cabrera.<\/p>\n<p id=\"d18f\" class=\"id ie fv if b gu jh ig ih gx ji ii ij ik jj il im in jk io ip iq jl ir is iu dn gs\" data-selectable-paragraph=\"\">\u2014 Se discutieron temas del estado y perspectivas de desarrollo de las relaciones bilaterales. Cabrera reafirm\u00f3 el enfoque de la parte guatemalteca en la profundizaci\u00f3n del di\u00e1logo pol\u00edtico, el aumento de la cooperaci\u00f3n en varios campos, el fortalecimiento de la base jur\u00eddica de las relaciones ruso-guatemaltecas \u2014 , comunic\u00f3 Rusia.<\/p>\n<\/div>\n<\/div>\n<div class=\"iv\">\n<div class=\"n p\">\n<div class=\"jo jp jq jr js jt at ju au jv aw w\">\n<div class=\"iw ix iy iz ja n ay\">\n<figure class=\"jw iv kj jy jz ka kb paragraph-image\">\n<div class=\"kc kd ap ke w kf\" tabindex=\"0\" role=\"button\"><img loading=\"lazy\" decoding=\"async\" class=\"w jb jc\" role=\"presentation\" src=\"https:\/\/miro.medium.com\/max\/2560\/1*IzXzI89tGVr30e_LuiQIVw.jpeg\" alt=\"\" width=\"1280\" height=\"853\" \/><\/div>\n<\/figure>\n<figure class=\"jw iv kk jy jz ka kb paragraph-image\">\n<div class=\"kc kd ap ke w kf\" tabindex=\"0\" role=\"button\"><img loading=\"lazy\" decoding=\"async\" class=\"w jb jc\" role=\"presentation\" src=\"https:\/\/miro.medium.com\/max\/2560\/1*g3cjDuQ8eNukwT8VUSeMlQ.jpeg\" alt=\"\" width=\"1280\" height=\"854\" \/><\/div>\n<\/figure>\n<figure class=\"jw iv kk jy jz ka kb paragraph-image\">\n<div class=\"kc kd ap ke w kf\" tabindex=\"0\" role=\"button\"><img loading=\"lazy\" decoding=\"async\" class=\"w jb jc\" role=\"presentation\" src=\"https:\/\/miro.medium.com\/max\/2560\/1*C6OsMqIB771CBGP7YbHAGA.jpeg\" alt=\"\" width=\"1280\" height=\"854\" \/><\/div><figcaption class=\"jd je ff fd fe jf jg bb b bc bd bz kg ap kh ki\" data-selectable-paragraph=\"\">Fotos: Diego Alvarado.<\/figcaption><\/figure>\n<\/div>\n<\/div>\n<\/div>\n<\/div>\n<div class=\"n p\">\n<div class=\"aq ar as at au ft aw w\">\n<p id=\"6d64\" class=\"id ie fv if b gu jh ig ih gx ji ii ij ik jj il im in jk io ip iq jl ir is iu dn gs\" data-selectable-paragraph=\"\"><strong class=\"if fw\">La criminalizaci\u00f3n y los eternos estados de sitio\u2026<\/strong><\/p>\n<p id=\"1a57\" class=\"id ie fv if b gu jh ig ih gx ji ii ij ik jj il im in jk io ip iq jl ir is iu dn gs\" data-selectable-paragraph=\"\">Durante los \u00faltimos a\u00f1os la norma en El Estor ha sido la criminalizaci\u00f3n a pescadores, mujeres ind\u00edgenas, periodistas y radialistas comunitarios para acallara y amedrentar a las voces que gritan y exigen para que la mina se retire del territorio que habitan desde hace miles de a\u00f1os<a class=\"dy jm\" href=\"https:\/\/festivalessolidarios.medium.com\/una-mina-de-n%C3%ADquel-y-la-militarizaci%C3%B3n-en-el-estor-guatemala-843ae6ae119f#_ftn4\" rel=\"noopener ugc nofollow\">[4]<\/a>.<\/p>\n<p id=\"21cb\" class=\"id ie fv if b gu jh ig ih gx ji ii ij ik jj il im in jk io ip iq jl ir is iu dn gs\" data-selectable-paragraph=\"\">Estos actos de acoso, intimidaci\u00f3n y violencia han provenido de las fuerzas estatales de seguridad, pero tambi\u00e9n provienen de grupos paramilitares que causa zozobra en la regi\u00f3n.<\/p>\n<p id=\"e06b\" class=\"id ie fv if b gu jh ig ih gx ji ii ij ik jj il im in jk io ip iq jl ir is iu dn gs\" data-selectable-paragraph=\"\">Pero no s\u00f3lo la acci\u00f3n de criminalizaci\u00f3n afecta, el uso excesivo de la judicializaci\u00f3n tambi\u00e9n es un \u00edtem permanente en la regi\u00f3n del lago de Izabal, esto sucede cuando las empresas extractivas utilizan al sistema judicial guatemalteco a su antojo para mantener a pescadores<a class=\"dy jm\" href=\"https:\/\/festivalessolidarios.medium.com\/una-mina-de-n%C3%ADquel-y-la-militarizaci%C3%B3n-en-el-estor-guatemala-843ae6ae119f#_ftn5\" rel=\"noopener ugc nofollow\">[5]<\/a>, mujeres ind\u00edgenas<a class=\"dy jm\" href=\"https:\/\/festivalessolidarios.medium.com\/una-mina-de-n%C3%ADquel-y-la-militarizaci%C3%B3n-en-el-estor-guatemala-843ae6ae119f#_ftn6\" rel=\"noopener ugc nofollow\">[6]<\/a> y defensores de derechos humanos en prisi\u00f3n o con medidas de arraigo para que no puedan salir de sus territorios y seguir denunciando lo que sucede en el lago de Izabal.<\/p>\n<p id=\"2315\" class=\"id ie fv if b gu jh ig ih gx ji ii ij ik jj il im in jk io ip iq jl ir is iu dn gs\" data-selectable-paragraph=\"\">En esta l\u00f3gica de la declaraci\u00f3n a mansalva de los estados de excepci\u00f3n, estados de sitio y toques de queda el pasado 24 de octubre el gobierno de Guatemala decret\u00f3 estado de sitio y posteriormente el Congreso de la Rep\u00fablica lo ratific\u00f3, entrando as\u00ed, de nuevo en un c\u00edrculo de criminalizaci\u00f3n a la protesta pac\u00edfica de las comunidades en el \u00e1rea, nuevamente los toques de queda, detenciones extrajudiciales, retenciones ilegales y allanamientos de radios comunitarias y de las casas de defensores de derechos humanos est\u00e1 siendo la norma.<\/p>\n<p id=\"2429\" class=\"id ie fv if b gu jh ig ih gx ji ii ij ik jj il im in jk io ip iq jl ir is iu dn gs\" data-selectable-paragraph=\"\">A pesar de que existe una sentencia de la Corte de Constitucionalidad para que la mina ruso\/suiza Solway Investmente Group y la filial guatemalteca CGN-PRONICO no opere, est\u00e1 sigue operando de forma ilegal.<\/p>\n<p id=\"14f3\" class=\"id ie fv if b gu jh ig ih gx ji ii ij ik jj il im in jk io ip iq jl ir is iu dn gs\" data-selectable-paragraph=\"\">Las comunidades Q\u00b4eqch\u00edes\u00b4 lanzan un llamado a la comunidad nacional e internacional para que volteen la mirada hacia El Estor, antes de que sea tarde y regresemos a los a\u00f1os cruentos del terror estatal, tal y como sucedi\u00f3 en la d\u00e9cadas de los 70\u00b4s y 80\u00b4s del siglo pasado en una de las guerras m\u00e1s largas y crueles que azotaron el hemisferio occidental y en particular a Centroam\u00e9rica.<\/p>\n<\/div>\n<\/div>\n<div class=\"iv\">\n<div class=\"n p\">\n<div class=\"jo jp jq jr js jt at ju au jv aw w\">\n<div class=\"iw ix iy iz ja n ay\">\n<figure class=\"jw iv kl jy jz ka kb paragraph-image\">\n<div class=\"kc kd ap ke w kf\" tabindex=\"0\" role=\"button\"><img loading=\"lazy\" decoding=\"async\" class=\"w jb jc\" role=\"presentation\" src=\"https:\/\/miro.medium.com\/max\/2400\/1*K2IEWv8meOZomvLaGD_jBg.jpeg\" alt=\"\" width=\"1200\" height=\"1200\" \/><\/div>\n<\/figure>\n<figure class=\"jw iv km jy jz ka kb paragraph-image\">\n<div class=\"kc kd ap ke w kf\" tabindex=\"0\" role=\"button\"><img loading=\"lazy\" decoding=\"async\" class=\"w jb jc\" role=\"presentation\" src=\"https:\/\/miro.medium.com\/max\/2560\/1*wG-UtT8WW47y_SpN7ElpwQ.jpeg\" alt=\"\" width=\"1280\" height=\"960\" \/><\/div>\n<\/figure>\n<figure class=\"jw iv kn jy jz ka kb paragraph-image\">\n<div class=\"kc kd ap ke w kf\" tabindex=\"0\" role=\"button\"><img loading=\"lazy\" decoding=\"async\" class=\"w jb jc\" role=\"presentation\" src=\"https:\/\/miro.medium.com\/max\/1920\/1*7cwCT46dfsYZrDkIFURACQ.jpeg\" alt=\"\" width=\"960\" height=\"1280\" \/><\/div>\n<\/figure>\n<\/div>\n<div class=\"n ay\">\n<figure class=\"jw iv ko jy jz ka kb paragraph-image\">\n<div class=\"kc kd ap ke w kf\" tabindex=\"0\" role=\"button\"><img loading=\"lazy\" decoding=\"async\" class=\"w jb jc\" role=\"presentation\" src=\"https:\/\/miro.medium.com\/max\/838\/1*G7rzAyNwdQ6IW2Ezj9vM6w.jpeg\" alt=\"\" width=\"419\" height=\"419\" \/><\/div>\n<\/figure>\n<figure class=\"jw iv ko jy jz ka kb paragraph-image\"><img loading=\"lazy\" decoding=\"async\" class=\"w jb jc\" role=\"presentation\" src=\"https:\/\/miro.medium.com\/max\/748\/1*uG7LuvOgA78rprKN720Nhg.jpeg\" alt=\"\" width=\"374\" height=\"374\" \/><\/figure>\n<figure class=\"jw iv kp jy jz ka kb paragraph-image\">\n<div class=\"kc kd ap ke w kf\" tabindex=\"0\" role=\"button\"><img loading=\"lazy\" decoding=\"async\" class=\"w jb jc\" role=\"presentation\" src=\"https:\/\/miro.medium.com\/max\/1436\/1*U1GpWqXrBJk5Oy3X8PympA.jpeg\" alt=\"\" width=\"718\" height=\"1250\" \/><\/div>\n<\/figure>\n<\/div>\n<div class=\"n ay\">\n<figure class=\"jw iv kq jy jz ka kb paragraph-image\">\n<div class=\"kc kd ap ke w kf\" tabindex=\"0\" role=\"button\"><img loading=\"lazy\" decoding=\"async\" class=\"w jb jc\" role=\"presentation\" src=\"https:\/\/miro.medium.com\/max\/1536\/1*aItZ3d6Dn6QzCj1C8jDJwQ.jpeg\" alt=\"\" width=\"768\" height=\"768\" \/><\/div>\n<\/figure>\n<figure class=\"jw iv kq jy jz ka kb paragraph-image\">\n<div class=\"kc kd ap ke w kf\" tabindex=\"0\" role=\"button\"><img loading=\"lazy\" decoding=\"async\" class=\"w jb jc\" role=\"presentation\" src=\"https:\/\/miro.medium.com\/max\/1536\/1*LpjEOdPLeHrpIx3QzPz-QA.jpeg\" alt=\"\" width=\"768\" height=\"768\" \/><\/div>\n<\/figure>\n<\/div>\n<div class=\"n ay\">\n<figure class=\"jw iv kr jy jz ka kb paragraph-image\">\n<div class=\"kc kd ap ke w kf\" tabindex=\"0\" role=\"button\">\n<div class=\"kw s ap kx\">\n<div class=\"ky kz s\">\n<div class=\"ep ks ef es eo ex w kt ku kv\"><img loading=\"lazy\" decoding=\"async\" class=\"ef es eo ex w la lb af uq\" role=\"presentation\" src=\"https:\/\/miro.medium.com\/max\/60\/1*rXIWwa8uTGovDa0lZ9sc_Q.jpeg?q=20\" alt=\"\" width=\"853\" height=\"853\" \/><\/div>\n<p><img loading=\"lazy\" decoding=\"async\" class=\"nf up ef es eo ex w c\" role=\"presentation\" src=\"https:\/\/miro.medium.com\/max\/853\/1*rXIWwa8uTGovDa0lZ9sc_Q.jpeg\" sizes=\"auto, 409px\" srcset=\"https:\/\/miro.medium.com\/max\/276\/1*rXIWwa8uTGovDa0lZ9sc_Q.jpeg 276w, https:\/\/miro.medium.com\/max\/409\/1*rXIWwa8uTGovDa0lZ9sc_Q.jpeg 409w\" alt=\"\" width=\"853\" height=\"853\" \/><\/div>\n<\/div>\n<\/div>\n<\/figure>\n<figure class=\"jw iv ld jy jz ka kb paragraph-image\">\n<div class=\"kc kd ap ke w kf\" tabindex=\"0\" role=\"button\">\n<div class=\"kw s ap kx\">\n<div class=\"le kz s\">\n<div class=\"ep ks ef es eo ex w kt ku kv\"><img loading=\"lazy\" decoding=\"async\" class=\"ef es eo ex w la lb af uq\" role=\"presentation\" src=\"https:\/\/miro.medium.com\/max\/60\/1*UD_mMJtkAqtgflOTJW4fnQ.jpeg?q=20\" alt=\"\" width=\"1280\" height=\"885\" \/><\/div>\n<p><img loading=\"lazy\" decoding=\"async\" class=\"nf up ef es eo ex w c\" role=\"presentation\" src=\"https:\/\/miro.medium.com\/max\/1280\/1*UD_mMJtkAqtgflOTJW4fnQ.jpeg\" sizes=\"auto, 592px\" srcset=\"https:\/\/miro.medium.com\/max\/276\/1*UD_mMJtkAqtgflOTJW4fnQ.jpeg 276w, https:\/\/miro.medium.com\/max\/552\/1*UD_mMJtkAqtgflOTJW4fnQ.jpeg 552w, https:\/\/miro.medium.com\/max\/592\/1*UD_mMJtkAqtgflOTJW4fnQ.jpeg 592w\" alt=\"\" width=\"1280\" height=\"885\" \/><\/div>\n<\/div>\n<\/div><figcaption class=\"jd je ff fd fe jf jg bb b bc bd bz lf ap lg ki\" data-selectable-paragraph=\"\">Fotos: Festivales Solidarios.<\/figcaption><\/figure>\n<\/div>\n<\/div>\n<\/div>\n<\/div>\n<div class=\"n p\">\n<div class=\"aq ar as at au ft aw w\">\n<p id=\"b86d\" class=\"id ie fv if b gu jh ig ih gx ji ii ij ik jj il im in jk io ip iq jl ir is iu dn gs\" data-selectable-paragraph=\"\">En el siguiente enlace, pueden ver un v\u00eddeo tomado desde el lago de Izabal que demuestra la contaminaci\u00f3n sistem\u00e1tica que la empresa minera CGN-PRONICO:<\/p>\n<p id=\"1dbc\" class=\"id ie fv if b gu jh ig ih gx ji ii ij ik jj il im in jk io ip iq jl ir is iu dn gs\" data-selectable-paragraph=\"\"><a class=\"dy jm\" href=\"https:\/\/www.youtube.com\/watch?v=jzjGbUVkojw\" target=\"_blank\" rel=\"noopener ugc nofollow\">https:\/\/www.youtube.com\/watch?v=jzjGbUVkojw<\/a><\/p>\n<p id=\"99c3\" class=\"id ie fv if b gu jh ig ih gx ji ii ij ik jj il im in jk io ip iq jl ir is iu dn gs\" data-selectable-paragraph=\"\"><a class=\"dy jm\" href=\"https:\/\/festivalessolidarios.medium.com\/una-mina-de-n%C3%ADquel-y-la-militarizaci%C3%B3n-en-el-estor-guatemala-843ae6ae119f#_ftnref1\" rel=\"noopener ugc nofollow\">[1]<\/a> <a class=\"dy jm\" href=\"https:\/\/festivalessolidarios.medium.com\/adolfo-mijangos-l\u00f3pez-y-la-conmemoraci\u00f3n-del-49-aniversario-de-su-asesinato-3c956096e8d9\" rel=\"noopener\">https:\/\/festivalessolidarios.medium.com\/adolfo-mijangos-l%C3%B3pez-y-la-conmemoraci%C3%B3n-del-49-aniversario-de-su-asesinato-3c956096e8d9<\/a><\/p>\n<p id=\"4d46\" class=\"id ie fv if b gu jh ig ih gx ji ii ij ik jj il im in jk io ip iq jl ir is iu dn gs\" data-selectable-paragraph=\"\"><a class=\"dy jm\" href=\"https:\/\/festivalessolidarios.medium.com\/una-mina-de-n%C3%ADquel-y-la-militarizaci%C3%B3n-en-el-estor-guatemala-843ae6ae119f#_ftnref2\" rel=\"noopener ugc nofollow\">[2]<\/a> <a class=\"dy jm\" href=\"https:\/\/www.nytimes.com\/es\/2016\/04\/05\/espanol\/america-latina\/un-grupo-de-mujeres-en-guatemala-se-enfrenta-a-una-empresa-minera-canadiense.html\" target=\"_blank\" rel=\"noopener ugc nofollow\">https:\/\/www.nytimes.com\/es\/2016\/04\/05\/espanol\/america-latina\/un-grupo-de-mujeres-en-guatemala-se-enfrenta-a-una-empresa-minera-canadiense.html<\/a><\/p>\n<p id=\"ba20\" class=\"id ie fv if b gu jh ig ih gx ji ii ij ik jj il im in jk io ip iq jl ir is iu dn gs\" data-selectable-paragraph=\"\"><a class=\"dy jm\" href=\"https:\/\/festivalessolidarios.medium.com\/una-mina-de-n%C3%ADquel-y-la-militarizaci%C3%B3n-en-el-estor-guatemala-843ae6ae119f#_ftnref3\" rel=\"noopener ugc nofollow\">[3]<\/a> <a class=\"dy jm\" href=\"https:\/\/www.prensacomunitaria.org\/2018\/05\/justicia-estudiantes-uvg\/\" target=\"_blank\" rel=\"noopener ugc nofollow\">https:\/\/www.prensacomunitaria.org\/2018\/05\/justicia-estudiantes-uvg\/<\/a><\/p>\n<p id=\"0649\" class=\"id ie fv if b gu jh ig ih gx ji ii ij ik jj il im in jk io ip iq jl ir is iu dn gs\" data-selectable-paragraph=\"\"><a class=\"dy jm\" href=\"https:\/\/festivalessolidarios.medium.com\/una-mina-de-n%C3%ADquel-y-la-militarizaci%C3%B3n-en-el-estor-guatemala-843ae6ae119f#_ftnref4\" rel=\"noopener ugc nofollow\">[4]<\/a> <a class=\"dy jm\" href=\"https:\/\/festivalessolidarios.medium.com\/libertad-para-las-voces-del-lago-es-una-campa\u00f1a-que-busca-visibilizar-y-denunciar-la-realidad-de-2b3885f8d96c\" rel=\"noopener\">https:\/\/festivalessolidarios.medium.com\/libertad-para-las-voces-del-lago-es-una-campa%C3%B1a-que-busca-visibilizar-y-denunciar-la-realidad-de-2b3885f8d96c<\/a><\/p>\n<p id=\"006a\" class=\"id ie fv if b gu jh ig ih gx ji ii ij ik jj il im in jk io ip iq jl ir is iu dn gs\" data-selectable-paragraph=\"\"><a class=\"dy jm\" href=\"https:\/\/festivalessolidarios.medium.com\/una-mina-de-n%C3%ADquel-y-la-militarizaci%C3%B3n-en-el-estor-guatemala-843ae6ae119f#_ftnref5\" rel=\"noopener ugc nofollow\">[5]<\/a> <a class=\"dy jm\" href=\"https:\/\/festivalessolidarios.medium.com\/el-juez-an\u00edbal-arteaga-niega-revisi\u00f3n-de-medida-a-eduardo-bin-f4efd79241e2\" rel=\"noopener\">https:\/\/festivalessolidarios.medium.com\/el-juez-an%C3%ADbal-arteaga-niega-revisi%C3%B3n-de-medida-a-eduardo-bin-f4efd79241e2<\/a><\/p>\n<p id=\"612b\" class=\"id ie fv if b gu jh ig ih gx ji ii ij ik jj il im in jk io ip iq jl ir is iu dn gs\" data-selectable-paragraph=\"\"><a class=\"dy jm\" href=\"https:\/\/festivalessolidarios.medium.com\/una-mina-de-n%C3%ADquel-y-la-militarizaci%C3%B3n-en-el-estor-guatemala-843ae6ae119f#_ftnref6\" rel=\"noopener ugc nofollow\">[6]<\/a> <a class=\"dy jm\" href=\"https:\/\/festivalessolidarios.medium.com\/soy-mar\u00eda-cuc-choc-y-esta-es-mi-historia-3655acb71ea\" rel=\"noopener\">https:\/\/festivalessolidarios.medium.com\/soy-mar%C3%ADa-cuc-choc-y-esta-es-mi-historia-3655acb71ea<\/a><\/p>\n<\/div>\n<\/div>\n<p><\/p>","protected":false},"excerpt":{"rendered":"<p>Fotograf\u00edas: Diego Alvarado y Festivales Solidarios. Foto: Diego Alvarado. Este es un breve relato, de los miles de sucesos que existen y de c\u00f3mo se conecta la historia de despojo y terror que la empresa minera en los alrededores del lago de Izabal, hoy la CGN-PRONICO y su origen en la EXMIBAL, han provocado durante [&hellip;]<\/p>\n","protected":false},"author":21,"featured_media":40153,"comment_status":"open","ping_status":"closed","sticky":false,"template":"","format":"standard","meta":{"footnotes":""},"categories":[957,51,1284,826,958,935],"tags":[79,58,312,53,1305,567,147,23,37,545,87,148,27,483],"class_list":["post-40152","post","type-post","status-publish","format-standard","has-post-thumbnail","hentry","category-autonomia","category-autor","category-latinoamerica","category-medios-libres-2","category-megaproyectos","category-temas","tag-autonomia","tag-derechos-humanos","tag-guatemala","tag-justicia","tag-latinoamerica","tag-megaproyectos","tag-militarizacion","tag-paramilitares","tag-presos-politicos","tag-pueblos-indigenas","tag-represion","tag-resistencia","tag-solidaridad","tag-tierra-y-territorio"],"_links":{"self":[{"href":"https:\/\/radiozapatista.org\/index.php?rest_route=\/wp\/v2\/posts\/40152","targetHints":{"allow":["GET"]}}],"collection":[{"href":"https:\/\/radiozapatista.org\/index.php?rest_route=\/wp\/v2\/posts"}],"about":[{"href":"https:\/\/radiozapatista.org\/index.php?rest_route=\/wp\/v2\/types\/post"}],"author":[{"embeddable":true,"href":"https:\/\/radiozapatista.org\/index.php?rest_route=\/wp\/v2\/users\/21"}],"replies":[{"embeddable":true,"href":"https:\/\/radiozapatista.org\/index.php?rest_route=%2Fwp%2Fv2%2Fcomments&post=40152"}],"version-history":[{"count":3,"href":"https:\/\/radiozapatista.org\/index.php?rest_route=\/wp\/v2\/posts\/40152\/revisions"}],"predecessor-version":[{"id":40205,"href":"https:\/\/radiozapatista.org\/index.php?rest_route=\/wp\/v2\/posts\/40152\/revisions\/40205"}],"wp:featuredmedia":[{"embeddable":true,"href":"https:\/\/radiozapatista.org\/index.php?rest_route=\/wp\/v2\/media\/40153"}],"wp:attachment":[{"href":"https:\/\/radiozapatista.org\/index.php?rest_route=%2Fwp%2Fv2%2Fmedia&parent=40152"}],"wp:term":[{"taxonomy":"category","embeddable":true,"href":"https:\/\/radiozapatista.org\/index.php?rest_route=%2Fwp%2Fv2%2Fcategories&post=40152"},{"taxonomy":"post_tag","embeddable":true,"href":"https:\/\/radiozapatista.org\/index.php?rest_route=%2Fwp%2Fv2%2Ftags&post=40152"}],"curies":[{"name":"wp","href":"https:\/\/api.w.org\/{rel}","templated":true}]}}