{"id":40108,"date":"2021-10-21T20:24:06","date_gmt":"2021-10-22T01:24:06","guid":{"rendered":"https:\/\/radiozapatista.org\/?p=40108"},"modified":"2021-10-21T20:24:06","modified_gmt":"2021-10-22T01:24:06","slug":"wallmapu-realizan-manifestaciones-contra-la-militarizacion-en-distintos-puntos-del-territorio","status":"publish","type":"post","link":"https:\/\/radiozapatista.org\/?p=40108","title":{"rendered":"Wallmapu: Realizan manifestaciones contra la militarizaci\u00f3n en distintos puntos del territorio"},"content":{"rendered":"<p>Durante la jornada de \u00e9ste mi\u00e9rcoles 20 de octubre, desde tempranas horas de la madrugada se han realizado una serie de manifestaciones en contra de la presencia militar en territorio mapuche, luego de que el presidente Sebasti\u00e1n Pi\u00f1era decretara estado de excepci\u00f3n el pasado 12 de octubre, para lo que geogr\u00e1ficamente denominan como \u00abmacrozona sur\u00bb, lo que corresponde a localidades movilizadas del Wallmapu.<\/p>\n<p>Acciones simult\u00e1neas se realizaron en las rutas Maquehue-Nueva Imperial y Maquehue-Freire, en las cuales se dejaron diversos mensajes en rechazo al decreto presidencial, adem\u00e1s de cortes de ruta en distintos puntos.<\/p>\n<p>Compartimos registros enviados a Radio Kvrruf<\/p>\n<div class=\"wp-block-image\">\n<figure class=\"aligncenter is-resized\"><img loading=\"lazy\" decoding=\"async\" src=\"https:\/\/scontent.fzco2-1.fna.fbcdn.net\/v\/t1.6435-9\/s600x600\/246957663_1505706809786733_2848408015471201403_n.jpg?_nc_cat=101&amp;ccb=1-5&amp;_nc_sid=8bfeb9&amp;_nc_eui2=AeFCltYLCMwr1uUvt0toC9mWfvNSckQl-rt-81JyRCX6uyPtBLP7sipLnWQlP_qx-Mc&amp;_nc_ohc=z2-WYO4ZrV8AX9t2qFc&amp;_nc_ht=scontent.fzco2-1.fna&amp;oh=22b4b8cd9d4a010d8fa75b6c14f931cc&amp;oe=61955623\" alt=\"\" width=\"358\" height=\"269\" \/><figcaption><\/figcaption><\/figure>\n<\/div>\n<div class=\"wp-block-image\">\n<figure class=\"aligncenter is-resized\"><img loading=\"lazy\" decoding=\"async\" src=\"https:\/\/scontent.fzco2-1.fna.fbcdn.net\/v\/t1.6435-9\/s600x600\/247376433_1505706916453389_9053682606335451556_n.jpg?_nc_cat=101&amp;ccb=1-5&amp;_nc_sid=8bfeb9&amp;_nc_eui2=AeHPUMlsUD5E6Dh3Rj8fTgRLfHcCw3dtYGd8dwLDd21gZ9vM71o-ZVNhGrTZlNgw6L8&amp;_nc_ohc=ytURDFtXXdEAX-WSsa9&amp;_nc_ht=scontent.fzco2-1.fna&amp;oh=dadbf486df0b6839a182e7ff7f313665&amp;oe=61963FF9\" alt=\"\" width=\"368\" height=\"490\" \/><\/figure>\n<\/div>\n<div class=\"wp-block-image\">\n<figure class=\"aligncenter is-resized\"><img loading=\"lazy\" decoding=\"async\" src=\"https:\/\/scontent.fzco2-1.fna.fbcdn.net\/v\/t1.6435-9\/s600x600\/246755552_1505786733112074_1831847281732433507_n.jpg?_nc_cat=108&amp;ccb=1-5&amp;_nc_sid=8bfeb9&amp;_nc_eui2=AeFSQaBZGX-c5bKcB7XlF14LCrhIfHKakN0KuEh8cpqQ3ctjkCyOSpNwSk7jFnF7jYA&amp;_nc_ohc=hdDXg9vTfRMAX8hd2m7&amp;_nc_ht=scontent.fzco2-1.fna&amp;oh=f2e755459c1cbbd86795818e347667cb&amp;oe=6194426F\" alt=\"\" width=\"455\" height=\"341\" \/><\/figure>\n<\/div>\n<p><em>\u00ab\u2026En rechazo a la militarizaci\u00f3n del wallmapu. Exigiendo la salida de los milicos del territorio mapuche y la libertad del weichafe Luis Tranamil<\/em>\u00bb , se\u00f1alaban estas primeras acciones reportadas.<\/p>\n<p>En avenida Javiera Carrera con Pedro de Valdivia tambi\u00e9n se levantaron barricadas donde adem\u00e1s de manifestarse en rechazo a la presencia militar, se hace un llamado a la organizaci\u00f3n y lucha desde las distintas poblaciones de la ciudad. Compartimos registros y mensaje enviado para su difusi\u00f3n:<\/p>\n<div class=\"wp-block-image\">\n<figure class=\"aligncenter is-resized\"><img loading=\"lazy\" decoding=\"async\" src=\"https:\/\/scontent.fzco2-1.fna.fbcdn.net\/v\/t1.6435-9\/p600x600\/247005978_1505910706433010_9177052344617606176_n.jpg?_nc_cat=105&amp;ccb=1-5&amp;_nc_sid=a26aad&amp;_nc_eui2=AeEvEtwnCQVP11yojQXYDKAWwXQO9q8f-4jBdA72rx_7iAPHs8bPc96zFkLuOOyu30w&amp;_nc_ohc=88tsOEH6-zgAX9GsLMg&amp;_nc_ht=scontent.fzco2-1.fna&amp;oh=f28f5f53f85a1283fdc540cb12968255&amp;oe=619792F0\" alt=\"\" width=\"502\" height=\"502\" \/><\/figure>\n<\/div>\n<p><em>\u00abQue arda la calle en memoria de lxs muertxs y presxs por el estado $hileno. Han pasado dos a\u00f1os desde la revuelta social y lo \u00fanico que ha cambiado es el total de compa\u00f1erxs asesinados por manos del gobierno y el estado. Hacemos un llamado a la lucha y la organizaci\u00f3n desde las poblaciones.Fin a la militirizacion del wallmapu y del estado de excepci\u00f3n, que lo \u00fanico que busca es aumentar la reprensi\u00f3n en las comunidades.Fuera milicos del wallmapu !!!\u00bb<\/em>.<\/p>\n<p>En horas de la ma\u00f1ana en avenida Francisco Salazar de Temuco tambi\u00e9n se realizaron manifestaciones con interrupci\u00f3n de tr\u00e1nsito y propaganda en cercan\u00edas de la Universidad de La Frontera. Compartimos registro y mensaje emitido:<\/p>\n<div class=\"wp-block-image\">\n<figure class=\"aligncenter is-resized\"><img loading=\"lazy\" decoding=\"async\" src=\"https:\/\/scontent.fzco2-1.fna.fbcdn.net\/v\/t1.6435-9\/246701149_1505717939785620_2356499425594953685_n.jpg?_nc_cat=110&amp;ccb=1-5&amp;_nc_sid=8bfeb9&amp;_nc_eui2=AeGOnw0EPuayxiqOPY9TLH2dNpZ24HhIVGA2lnbgeEhUYJ5aR__PZyT_xfPP5gh32Ak&amp;_nc_ohc=sJ6v1INZz0MAX8zZLf_&amp;_nc_ht=scontent.fzco2-1.fna&amp;oh=53d04d3297b895a7462c0e07353f8af1&amp;oe=61968548\" alt=\"Puede ser una imagen de fuego, al aire libre y texto\" width=\"382\" height=\"300\" \/><figcaption><img decoding=\"async\" src=\"https:\/\/scontent.fzco2-1.fna.fbcdn.net\/v\/t1.6435-9\/243457440_1505717876452293_1323510068930841988_n.jpg?_nc_cat=101&amp;ccb=1-5&amp;_nc_sid=8bfeb9&amp;_nc_eui2=AeHe97qn6y0rOQdlXQ_oXU2Mu8rvCbQNG-u7yu8JtA0b65wTmTSL7c0IxX68851EGyA&amp;_nc_ohc=ArsshBUFaxMAX9Y_XVq&amp;tn=uA5cx8N8Ku3cYXaq&amp;_nc_ht=scontent.fzco2-1.fna&amp;oh=1f5c3814d46e0ce5ffca84a1c98ff899&amp;oe=61952BBB\" alt=\"Puede ser una imagen de al aire libre\" \/><\/figcaption><\/figure>\n<\/div>\n<p><em>\u00abMari mari kom pu che Comunicamos a nuestro pueblo naci\u00f3n mapuche y a todos los simpatizantes de la lucha de nuestro pueblo, que hoy mi\u00e9rcoles 20 de octubre del a\u00f1o 2021, interrumpimos el tr\u00e1nsito en la calle Francisco Salazar, por que <strong>repudiamos la militarizaci\u00f3n <\/strong>una vez m\u00e1s en nuestro territorio, en donde el estado chileno busca continuar reprimiendo y amedrentando a nuestra gente.Rechazamos la creciente ola represiva que ha desatado el estado en el territorio mapuche, y reafirmamos el compromiso del hogar Pelontuwe con la lucha de nuestro pueblo, basta de represi\u00f3n para silenciar nuestra lucha. TXIPATUPE WIGKAKE AN\u00dcMKA TAI\u00d1 MAPU MU, TXIPATUPE PUKE KAR\u00dcKECHE TAI\u00d1 MAPU MU, ZOY NEWENTU WEICHATULEAI\u00d1 TAI\u00d1 INGKANIEPEAFIEL I\u00d1 ITXOFILLMOGEN, WEWAI\u00d1, AMULEPE TAI\u00d1 WEICHAN KOM WALLMAPU MU!!\u00bb<\/em><\/p>\n<p>Hasta el momento no se informa de detenidos por parte del personal policial, y se realizan m\u00faltiples llamados a manifestarse ante lo que consideran una nueva especie de \u00abpacificaci\u00f3n\u00bb de la araucan\u00eda, donde ya se ha registrado presencia policial y militar en la mayor\u00eda de los accesos a comunidades principalmente en resistencia.<\/p>","protected":false},"excerpt":{"rendered":"<p>Durante la jornada de \u00e9ste mi\u00e9rcoles 20 de octubre, desde tempranas horas de la madrugada se han realizado una serie de manifestaciones en contra de la presencia militar en territorio mapuche, luego de que el presidente Sebasti\u00e1n Pi\u00f1era decretara estado de excepci\u00f3n el pasado 12 de octubre, para lo que geogr\u00e1ficamente denominan como \u00abmacrozona sur\u00bb, [&hellip;]<\/p>\n","protected":false},"author":21,"featured_media":40109,"comment_status":"open","ping_status":"closed","sticky":false,"template":"","format":"standard","meta":{"footnotes":""},"categories":[957,51,1284,826,962,935],"tags":[79,58,782,53,1305,567,147,37,545,87,148,27,483,1242],"class_list":["post-40108","post","type-post","status-publish","format-standard","has-post-thumbnail","hentry","category-autonomia","category-autor","category-latinoamerica","category-medios-libres-2","category-presos","category-temas","tag-autonomia","tag-derechos-humanos","tag-desplazamiento-forzado","tag-justicia","tag-latinoamerica","tag-megaproyectos","tag-militarizacion","tag-presos-politicos","tag-pueblos-indigenas","tag-represion","tag-resistencia","tag-solidaridad","tag-tierra-y-territorio","tag-wallmapu"],"_links":{"self":[{"href":"https:\/\/radiozapatista.org\/index.php?rest_route=\/wp\/v2\/posts\/40108","targetHints":{"allow":["GET"]}}],"collection":[{"href":"https:\/\/radiozapatista.org\/index.php?rest_route=\/wp\/v2\/posts"}],"about":[{"href":"https:\/\/radiozapatista.org\/index.php?rest_route=\/wp\/v2\/types\/post"}],"author":[{"embeddable":true,"href":"https:\/\/radiozapatista.org\/index.php?rest_route=\/wp\/v2\/users\/21"}],"replies":[{"embeddable":true,"href":"https:\/\/radiozapatista.org\/index.php?rest_route=%2Fwp%2Fv2%2Fcomments&post=40108"}],"version-history":[{"count":1,"href":"https:\/\/radiozapatista.org\/index.php?rest_route=\/wp\/v2\/posts\/40108\/revisions"}],"predecessor-version":[{"id":40110,"href":"https:\/\/radiozapatista.org\/index.php?rest_route=\/wp\/v2\/posts\/40108\/revisions\/40110"}],"wp:featuredmedia":[{"embeddable":true,"href":"https:\/\/radiozapatista.org\/index.php?rest_route=\/wp\/v2\/media\/40109"}],"wp:attachment":[{"href":"https:\/\/radiozapatista.org\/index.php?rest_route=%2Fwp%2Fv2%2Fmedia&parent=40108"}],"wp:term":[{"taxonomy":"category","embeddable":true,"href":"https:\/\/radiozapatista.org\/index.php?rest_route=%2Fwp%2Fv2%2Fcategories&post=40108"},{"taxonomy":"post_tag","embeddable":true,"href":"https:\/\/radiozapatista.org\/index.php?rest_route=%2Fwp%2Fv2%2Ftags&post=40108"}],"curies":[{"name":"wp","href":"https:\/\/api.w.org\/{rel}","templated":true}]}}