{"id":40024,"date":"2021-10-10T12:01:34","date_gmt":"2021-10-10T17:01:34","guid":{"rendered":"https:\/\/radiozapatista.org\/?p=40024"},"modified":"2021-10-10T12:01:34","modified_gmt":"2021-10-10T17:01:34","slug":"elestor-bloqueos-prominera-y-campanas-de-desprestigio-contra-autoridades-maya-qeqchi-pescadores-y-periodistas","status":"publish","type":"post","link":"https:\/\/radiozapatista.org\/?p=40024","title":{"rendered":"[:es]#ElEstor Bloqueos ProMinera y campa\u00f1as de desprestigio contra autoridades maya Q\u2019eqchi\u2019, pescadores y periodistas[:]"},"content":{"rendered":"<p>[:es]Por<strong> Concepci\u00f3n Muc\u00fa Cuz <\/strong><\/p>\n<p>Desde que las comunidades organizadas decidieron declararse en resistencia pac\u00edfica, no se han hecho esperar los ataques en redes sociales, Tambi\u00e9n se montaron dos bloqueos, uno que hace cobros ilegales a veh\u00edculos, ubicado cerca de la Finca El Recreo en la salida a R\u00edo Dulce. El otro se encuentra despu\u00e9s de la Colonia Minera, \u00e9ste en apoyo a la empresa. Se observa en el lugar que colgaron mantas se\u00f1alando a Abelino Chub dirigente ind\u00edgena maya Q\u2019eqchi\u2019 y al profesor Enrique Quinich, como responsables del \u201cbloqueo\u201d.<\/p>\n<p><img loading=\"lazy\" decoding=\"async\" class=\"aligncenter size-full wp-image-75933\" src=\"https:\/\/www.prensacomunitaria.org\/wp-content\/uploads\/2021\/10\/photo5120902572767553858.jpg\" sizes=\"auto, (max-width: 1280px) 100vw, 1280px\" srcset=\"https:\/\/www.prensacomunitaria.org\/wp-content\/uploads\/2021\/10\/photo5120902572767553858.jpg 1280w, https:\/\/www.prensacomunitaria.org\/wp-content\/uploads\/2021\/10\/photo5120902572767553858-300x225.jpg 300w\" alt=\"\" width=\"1280\" height=\"960\" \/><\/p>\n<p>Abelino Chub, en la actualidad forma parte del Consejo de Autoridades Ancestrales Maya Q\u2019eqchi\u2019. Chub adem\u00e1s estuvo preso injustamente durante m\u00e1s de dos a\u00f1os, desde el 2017 hasta que un tribunal resolvi\u00f3 su libertad y qued\u00f3 demostrado que le hab\u00edan denunciado sin pruebas, la empresa Inversiones Cobra S. A. Y CXI S. A.<\/p>\n<p>En sus redes sociales Abelino escribi\u00f3 \u201cCualquier atentado contra mi persona, el responsable ser\u00e1 la Miner\u00eda CGN-PRONICO y ministerio de Energ\u00eda y Minas. No es posible que hermanos como los que aperecen en estas fotograf\u00edas se prestan para beneficiar a la empresa.<\/p>\n<p>Hago responsable a la institucionalidad del Estado y a la empresa cualquier hecho contra mi persona, mi familia, a las personas qui\u00e9nes resisten en defensa de la vida y el territorio.\u201d<\/p>\n<p><img loading=\"lazy\" decoding=\"async\" class=\"aligncenter size-full wp-image-75934\" src=\"https:\/\/www.prensacomunitaria.org\/wp-content\/uploads\/2021\/10\/photo5120902572767553860.jpg\" sizes=\"auto, (max-width: 1280px) 100vw, 1280px\" srcset=\"https:\/\/www.prensacomunitaria.org\/wp-content\/uploads\/2021\/10\/photo5120902572767553860.jpg 1280w, https:\/\/www.prensacomunitaria.org\/wp-content\/uploads\/2021\/10\/photo5120902572767553860-300x225.jpg 300w\" alt=\"\" width=\"1280\" height=\"960\" \/><\/p>\n<p>La campa\u00f1a de ataques y difamaci\u00f3n en redes sociales an\u00f3nimas y p\u00e1ginas de Facebook, contra Abelino Chub, dirigentes de la Gremial de Pescadores y el periodista Carlos Ernesto Choc.<\/p>\n<p>Estas p\u00e1ginas y personas, son conocidas por hacer propaganda y publicidad a favor de la municipalidad y las empresas.<\/p>\n<p><strong>Resistencia pac\u00edfica<\/strong><\/p>\n<p>Desde la madrugada del 4 de octubre, se encuentran en un plant\u00f3n permanente en la entrada a la cabecera del municipio. Esto impide el ingreso de los camiones de la compa\u00f1\u00eda de n\u00edquel CGN-Pronico de Solway. El resto de veh\u00edculos particulares y paso peatonal, circula con toda normalidad.<\/p>\n<p>Pese a esto agentes de la Polic\u00eda Nacional Civil (PNC) esta ma\u00f1ana se acercaron al lugar de la resistencia, para preguntar si dejar\u00edan pasar a los camiones de la empresa minera u otros camiones, la gente respondi\u00f3<\/p>\n<p>\u201cAqu\u00ed no pasan todos los camiones de la empresa minera, s\u00f3lo hay paso para los que no tienen que ver nada con la empresa\u201d.<\/p>\n<p><img loading=\"lazy\" decoding=\"async\" class=\"aligncenter size-full wp-image-75935\" src=\"https:\/\/www.prensacomunitaria.org\/wp-content\/uploads\/2021\/10\/photo5120902572767553872.jpg\" sizes=\"auto, (max-width: 1280px) 100vw, 1280px\" srcset=\"https:\/\/www.prensacomunitaria.org\/wp-content\/uploads\/2021\/10\/photo5120902572767553872.jpg 1280w, https:\/\/www.prensacomunitaria.org\/wp-content\/uploads\/2021\/10\/photo5120902572767553872-300x200.jpg 300w\" alt=\"\" width=\"1280\" height=\"853\" \/><\/p>\n<p>\u201cAll\u00e1 dejan pasar y no hay problema\u201d indic\u00f3 unos de los agentes al referirse a los dos grupos que se organizaron para cerrar el paso y cobrar a cada veh\u00edculo que pasa.<\/p>\n<p>\u201cDuele e indigna nuestra exclusi\u00f3n del Estado rasista, opresor y dictador\u201d se lee en unos de los carteles que las autoridades ind\u00edgenas, han colocado donde realizan la manifestaci\u00f3n.<\/p>\n<p>\u201cAhora somos nosotros los que no le permitimos al Estado que nos excluya\u201d expres\u00f3 una autoridad comunitaria quien no quiso dar su nombre por motivos de seguridad.<\/p>\n<p>Bloqueos a favor de la empresa<\/p>\n<p>Desde el 6 de octubre, en apoyo a la minera con carteles y pancartas, un grupo de personas est\u00e1 ubicado cerca de la colonia de la compa\u00f1\u00eda de n\u00edquel CGN-Pronico, en la ruta a Panz\u00f3s.<\/p>\n<p>El otro bloqueo se ubica cerca de la finca el Recreo. Estas dos acciones perjudican la manifestaci\u00f3n pac\u00edfica, de las autoridades del Consejo Ancestral y la Gremial de Pescadores. \u00c9sta tiene como objetivo rechazar las acciones del Ministerio de Energ\u00eda y Minas en la preconsulta por el proyecto minero F\u00e9nix, que ha dejado fuera a los representantes de las comunidades que fueron nombrados en asamblea.[:]<\/p>\n","protected":false},"excerpt":{"rendered":"<p>[:es]Por Concepci\u00f3n Muc\u00fa Cuz Desde que las comunidades organizadas decidieron declararse en resistencia pac\u00edfica, no se han hecho esperar los ataques en redes sociales, Tambi\u00e9n se montaron dos bloqueos, uno que hace cobros ilegales a veh\u00edculos, ubicado cerca de la Finca El Recreo en la salida a R\u00edo Dulce. El otro se encuentra despu\u00e9s de [&hellip;]<\/p>\n","protected":false},"author":21,"featured_media":40025,"comment_status":"open","ping_status":"closed","sticky":false,"template":"","format":"standard","meta":{"footnotes":""},"categories":[957,51,1284,826,958,935],"tags":[58,312,53,567,87,148,27,483],"class_list":["post-40024","post","type-post","status-publish","format-standard","has-post-thumbnail","hentry","category-autonomia","category-autor","category-latinoamerica","category-medios-libres-2","category-megaproyectos","category-temas","tag-derechos-humanos","tag-guatemala","tag-justicia","tag-megaproyectos","tag-represion","tag-resistencia","tag-solidaridad","tag-tierra-y-territorio"],"_links":{"self":[{"href":"https:\/\/radiozapatista.org\/index.php?rest_route=\/wp\/v2\/posts\/40024","targetHints":{"allow":["GET"]}}],"collection":[{"href":"https:\/\/radiozapatista.org\/index.php?rest_route=\/wp\/v2\/posts"}],"about":[{"href":"https:\/\/radiozapatista.org\/index.php?rest_route=\/wp\/v2\/types\/post"}],"author":[{"embeddable":true,"href":"https:\/\/radiozapatista.org\/index.php?rest_route=\/wp\/v2\/users\/21"}],"replies":[{"embeddable":true,"href":"https:\/\/radiozapatista.org\/index.php?rest_route=%2Fwp%2Fv2%2Fcomments&post=40024"}],"version-history":[{"count":1,"href":"https:\/\/radiozapatista.org\/index.php?rest_route=\/wp\/v2\/posts\/40024\/revisions"}],"predecessor-version":[{"id":40026,"href":"https:\/\/radiozapatista.org\/index.php?rest_route=\/wp\/v2\/posts\/40024\/revisions\/40026"}],"wp:featuredmedia":[{"embeddable":true,"href":"https:\/\/radiozapatista.org\/index.php?rest_route=\/wp\/v2\/media\/40025"}],"wp:attachment":[{"href":"https:\/\/radiozapatista.org\/index.php?rest_route=%2Fwp%2Fv2%2Fmedia&parent=40024"}],"wp:term":[{"taxonomy":"category","embeddable":true,"href":"https:\/\/radiozapatista.org\/index.php?rest_route=%2Fwp%2Fv2%2Fcategories&post=40024"},{"taxonomy":"post_tag","embeddable":true,"href":"https:\/\/radiozapatista.org\/index.php?rest_route=%2Fwp%2Fv2%2Ftags&post=40024"}],"curies":[{"name":"wp","href":"https:\/\/api.w.org\/{rel}","templated":true}]}}