{"id":4002,"date":"2011-08-28T20:38:09","date_gmt":"2011-08-29T01:38:09","guid":{"rendered":"https:\/\/radiozapatista.org\/?p=4002"},"modified":"2020-01-25T07:53:38","modified_gmt":"2020-01-25T13:53:38","slug":"saludo-solidario-de-radio-zapatista-al-pueblo-chileno-en-resistencia","status":"publish","type":"post","link":"https:\/\/radiozapatista.org\/?p=4002","title":{"rendered":"<!--:es-->saludo solidario de radio zapatista al pueblo chileno en resistencia<!--:--><!--:en-->Greeting by Radio Zapatista in solidarity with the Chilean people in resistance<!--:-->"},"content":{"rendered":"<p><!--:es--><strong>Desde California y Chiapas, el Colectivo Radio Zapatista manda un saludo rebelde al pueblo chileno en resistencia! <\/strong><\/p>\n<p>Hemos estado siguiendo con mucha admiraci\u00f3n los hechos de los \u00faltimos meses, y queremos decirles que \u00a1no est\u00e1n solxs!<\/p>\n<p>Nos identificamos mucho con la apuesta de los estudiantes y los trabajadores chilenos por la acci\u00f3n directa, la recuperaci\u00f3n del espacio p\u00fablico, y la organizaci\u00f3n aut\u00f3noma y autogestiva.<\/p>\n<p>Algunos de nosotrxs militamos en el movimiento estudiantil en las universidades del estado de California, donde igual a ustedes, nos hemos levantado en protesta contra la privatizaci\u00f3n de la educaci\u00f3n p\u00fablica, el endeudamiento perpetuo, y el autoritarismo con el cual se gobiernan nuestros espacios de aprendizaje y encuentro.<\/p>\n<p>Junto con ustedes, nos levantamos para decir YA BASTA! Tenemos que cambiar este sistema explotador y represivo, que es el sistema que nos despoja de nuestro derecho a una educaci\u00f3n digna; que es el sistema que responde a nuestra rebeld\u00eda con violencia, como hicieron los carabineros cuando mataron al joven Manuel Guti\u00e9rrez; y que es el sistema que trata de criminalizar la organizaci\u00f3n comunitaria y la protesta social, que para nosotros, como ustedes, no es una opci\u00f3n, sino una necesidad para vivir bien.<\/p>\n<p>Queremos decirles que pueden contar con todo nuestro apoyo y solidaridad, y queremos que sepan que aunque sea de lejos, lxs estamos acompa\u00f1ando en su incansable lucha contra el neoliberalismo y la privatizaci\u00f3n, y en defensa de la educaci\u00f3n p\u00fablica y el derecho de todos los chilenos a la dignidad. Haremos todo lo posible para seguir difundiendo informaci\u00f3n sobre la digna lucha del pueblo chileno desde abajo y la izquierda.<\/p>\n<p><strong>\u00a1Fuerza compa\u00f1erxs!<\/strong><!--:--><!--:en--><\/p>\n<\/p>\n<p><!--:--><\/p>\n","protected":false},"excerpt":{"rendered":"<p><!--:es-->Desde California y Chiapas, el Colectivo Radio Zapatista manda un saludo rebelde al pueblo chileno en resistencia! Hemos estado siguiendo con mucha admiraci\u00f3n los hechos de los \u00faltimos meses, y queremos decirles que \u00a1no est\u00e1n solos! <!--:--><\/p>\n","protected":false},"author":4,"featured_media":0,"comment_status":"open","ping_status":"open","sticky":false,"template":"","format":"standard","meta":{"footnotes":""},"categories":[1,957,1284,190],"tags":[79,85,57,18,87,148,27],"class_list":["post-4002","post","type-post","status-publish","format-standard","hentry","category-audio","category-autonomia","category-latinoamerica","category-radiozapatista","tag-autonomia","tag-chile","tag-educacion","tag-medios","tag-represion","tag-resistencia","tag-solidaridad"],"_links":{"self":[{"href":"https:\/\/radiozapatista.org\/index.php?rest_route=\/wp\/v2\/posts\/4002","targetHints":{"allow":["GET"]}}],"collection":[{"href":"https:\/\/radiozapatista.org\/index.php?rest_route=\/wp\/v2\/posts"}],"about":[{"href":"https:\/\/radiozapatista.org\/index.php?rest_route=\/wp\/v2\/types\/post"}],"author":[{"embeddable":true,"href":"https:\/\/radiozapatista.org\/index.php?rest_route=\/wp\/v2\/users\/4"}],"replies":[{"embeddable":true,"href":"https:\/\/radiozapatista.org\/index.php?rest_route=%2Fwp%2Fv2%2Fcomments&post=4002"}],"version-history":[{"count":1,"href":"https:\/\/radiozapatista.org\/index.php?rest_route=\/wp\/v2\/posts\/4002\/revisions"}],"predecessor-version":[{"id":33883,"href":"https:\/\/radiozapatista.org\/index.php?rest_route=\/wp\/v2\/posts\/4002\/revisions\/33883"}],"wp:attachment":[{"href":"https:\/\/radiozapatista.org\/index.php?rest_route=%2Fwp%2Fv2%2Fmedia&parent=4002"}],"wp:term":[{"taxonomy":"category","embeddable":true,"href":"https:\/\/radiozapatista.org\/index.php?rest_route=%2Fwp%2Fv2%2Fcategories&post=4002"},{"taxonomy":"post_tag","embeddable":true,"href":"https:\/\/radiozapatista.org\/index.php?rest_route=%2Fwp%2Fv2%2Ftags&post=4002"}],"curies":[{"name":"wp","href":"https:\/\/api.w.org\/{rel}","templated":true}]}}