{"id":39697,"date":"2021-09-24T10:20:20","date_gmt":"2021-09-24T15:20:20","guid":{"rendered":"https:\/\/radiozapatista.org\/?p=39697"},"modified":"2021-09-25T07:16:27","modified_gmt":"2021-09-25T12:16:27","slug":"organizaciones-brasilenas-en-solidaridad-con-lxs-zapatistas","status":"publish","type":"post","link":"https:\/\/radiozapatista.org\/?p=39697","title":{"rendered":"Organizaciones brasile\u00f1as en solidaridad con lxs zapatistas"},"content":{"rendered":"<p>Este 24 de septiembre, d\u00eda internacional de protestas contra la violencia narcoparamilitar y contrainsurgente en el estado de Chiapas, organizaciones de lucha brasile\u00f1as se unen a la exigencia de que el Estado mexicano detenga las agresiones contras los pueblos zapatistas y la violencia en general en el estado.<\/p>\n<h3>Teia dos Povos (Tejido de los Pueblos) de Cear\u00e1<\/h3>\n<p>https:\/\/www.instagram.com\/p\/CUNp_4JDKql\/?utm_source=ig_web_button_share_sheet<\/p>\n<p align=\"center\"><a href=\"https:\/\/radiozapatista.org\/wp-content\/uploads\/2021\/09\/solidariedade-aos-zapatistas.jpg\"><img loading=\"lazy\" decoding=\"async\" class=\"aligncenter size-full wp-image-39698\" src=\"https:\/\/radiozapatista.org\/wp-content\/uploads\/2021\/09\/solidariedade-aos-zapatistas.jpg\" alt=\"\" width=\"640\" height=\"640\" srcset=\"https:\/\/radiozapatista.org\/wp-content\/uploads\/2021\/09\/solidariedade-aos-zapatistas.jpg 640w, https:\/\/radiozapatista.org\/wp-content\/uploads\/2021\/09\/solidariedade-aos-zapatistas-150x150.jpg 150w, https:\/\/radiozapatista.org\/wp-content\/uploads\/2021\/09\/solidariedade-aos-zapatistas-300x300.jpg 300w\" sizes=\"auto, (max-width: 640px) 100vw, 640px\" \/><\/a><\/p>\n<p>Nosotrxs, como Teia dos Povos (Tejido de los Pueblos) de Cear\u00e1, expresamos nuestra solidaridad con el Ej\u00e9rcito Zapatista de Liberaci\u00f3n Nacional (EZLN), frente al avance de la violencia perpetrado por el gobierno mexicano.<\/p>\n<p>El pasado 11 de septiembre, el gobierno mexicano fue responsable por el sequestro durante ocho d\u00edas de las autoridades civiles zapatistas Sebasti\u00e9n N\u00fa\u00f1ez P\u00e9rez y Jos\u00e9 Antonio S\u00e1nchez, que s\u00f3lo fueron liberados despu\u00e9s de la fuerte presi\u00f3n de movimientos sociales zapatistas y mexicanos. Adem\u00e1s de ese acto criminal, tambi\u00e9n destacamos la reciente represi\u00f3n policial contra estudiantes de la Escuela Normal Rural de Mactumactz\u00e1 y las alianzas del gobernador chiapaneco Rutilio Escand\u00f3n con grupos paramilitares vinculados a la agroindustria local, que se oponen no s\u00f3lo a los zapatistas, sino a cualquier comunidad aut\u00f3noma que se posicione contra los intereses del capital en el pa\u00eds.<\/p>\n<p>En su <a href=\"https:\/\/enlacezapatista.ezln.org.mx\/2021\/09\/19\/chiapas-al-borde-de-la-guerra-civil\/\">comunicado oficial<\/a>, el EZLN pide que se realicen manifestaciones de solidaridad frente a embajadas y consulados de M\u00e9xico en el mundo este viernes 24 de septiembre. La reivindicaci\u00f3n es que todas las instancias de gobierno de M\u00e9xico detengan &#8220;las provocaciones y abandonden el culto de muerte que profesan&#8221;. Nosotrxs, como Teia dos Povos de Cear\u00e1, apoyamos las acciones del EZLN, pues la lucha de liberacion pasa por el coraz\u00f3n de todos los pueblos y nuestro enemigo es com\u00fan.<\/p>\n<p>Ilustraci\u00f3n: @bvrity<\/p>\n<p>https:\/\/www.instagram.com\/p\/CUOM-WbD8Nn\/?utm_source=ig_web_copy_link<\/p>\n<p>&nbsp;<\/p>\n<hr \/>\n<h3>Federaci\u00f3n de las Organizaciones Sindicalistas Revolucionarias de Brasil (FOB)<\/h3>\n<p style=\"text-align: center;\"><a href=\"https:\/\/radiozapatista.org\/wp-content\/uploads\/2021\/09\/cartaz-fob.jpg\"><img loading=\"lazy\" decoding=\"async\" class=\"aligncenter size-large wp-image-39699\" src=\"https:\/\/radiozapatista.org\/wp-content\/uploads\/2021\/09\/cartaz-fob-724x1024.jpg\" alt=\"\" width=\"724\" height=\"1024\" srcset=\"https:\/\/radiozapatista.org\/wp-content\/uploads\/2021\/09\/cartaz-fob-724x1024.jpg 724w, https:\/\/radiozapatista.org\/wp-content\/uploads\/2021\/09\/cartaz-fob-212x300.jpg 212w, https:\/\/radiozapatista.org\/wp-content\/uploads\/2021\/09\/cartaz-fob-768x1086.jpg 768w, https:\/\/radiozapatista.org\/wp-content\/uploads\/2021\/09\/cartaz-fob.jpg 905w\" sizes=\"auto, (max-width: 724px) 100vw, 724px\" \/><\/a><\/p>\n<p style=\"text-align: center;\"><strong>Basta de violencia del Estado mexicano contra las comunidades zapatistas<\/strong><\/p>\n<p style=\"text-align: center;\">En el estado de Chiapas, M\u00e9xico, comunidades aut\u00f3nomas zapatistas est\u00e1n teniendo a sus l\u00edderes secuestrados, sus comercios incendiados, adem\u00e1s de otros atentados. Son ind\u00edgenas, campesinos pobres que se reh\u00fasan a sujetarse a un Estado que los maltrata, por eso son perseguidos.<\/p>\n<p style=\"text-align: center;\">\u00c9sta es una campa\u00f1a internacional contra esa injusticia.<\/p>\n<p style=\"text-align: center;\">T\u00f3male una foto a este cartel y m\u00e1rcanos en Instragram @lutafobce<\/p>\n<p style=\"text-align: center;\">Federaci\u00f3n de las Organizaciones Sindicalistas Revolucionarias de Brasil (FOB)<\/p>\n<p>&nbsp;<\/p>","protected":false},"excerpt":{"rendered":"<p>Este 24 de septiembre, d\u00eda internacional de protestas contra la violencia narcoparamilitar y contrainsurgente en el estado de Chiapas, organizaciones de lucha brasile\u00f1as se unen a la exigencia de que el Estado mexicano detenga las agresiones contras los pueblos zapatistas y la violencia en general en el estado. Teia dos Povos (Tejido de los Pueblos) [&hellip;]<\/p>\n","protected":false},"author":1,"featured_media":39702,"comment_status":"open","ping_status":"closed","sticky":false,"template":"","format":"standard","meta":{"footnotes":""},"categories":[6,955,1284,190],"tags":[42,917,926,198,912,260,23,27,511],"class_list":["post-39697","post","type-post","status-publish","format-standard","has-post-thumbnail","hentry","category-chiapas","category-ezln-temas","category-latinoamerica","category-radiozapatista","tag-brasil","tag-chiapas","tag-ezln","tag-impunidad","tag-narcoestado","tag-orcao","tag-paramilitares","tag-solidaridad","tag-violencia"],"_links":{"self":[{"href":"https:\/\/radiozapatista.org\/index.php?rest_route=\/wp\/v2\/posts\/39697","targetHints":{"allow":["GET"]}}],"collection":[{"href":"https:\/\/radiozapatista.org\/index.php?rest_route=\/wp\/v2\/posts"}],"about":[{"href":"https:\/\/radiozapatista.org\/index.php?rest_route=\/wp\/v2\/types\/post"}],"author":[{"embeddable":true,"href":"https:\/\/radiozapatista.org\/index.php?rest_route=\/wp\/v2\/users\/1"}],"replies":[{"embeddable":true,"href":"https:\/\/radiozapatista.org\/index.php?rest_route=%2Fwp%2Fv2%2Fcomments&post=39697"}],"version-history":[{"count":3,"href":"https:\/\/radiozapatista.org\/index.php?rest_route=\/wp\/v2\/posts\/39697\/revisions"}],"predecessor-version":[{"id":39704,"href":"https:\/\/radiozapatista.org\/index.php?rest_route=\/wp\/v2\/posts\/39697\/revisions\/39704"}],"wp:featuredmedia":[{"embeddable":true,"href":"https:\/\/radiozapatista.org\/index.php?rest_route=\/wp\/v2\/media\/39702"}],"wp:attachment":[{"href":"https:\/\/radiozapatista.org\/index.php?rest_route=%2Fwp%2Fv2%2Fmedia&parent=39697"}],"wp:term":[{"taxonomy":"category","embeddable":true,"href":"https:\/\/radiozapatista.org\/index.php?rest_route=%2Fwp%2Fv2%2Fcategories&post=39697"},{"taxonomy":"post_tag","embeddable":true,"href":"https:\/\/radiozapatista.org\/index.php?rest_route=%2Fwp%2Fv2%2Ftags&post=39697"}],"curies":[{"name":"wp","href":"https:\/\/api.w.org\/{rel}","templated":true}]}}