{"id":39688,"date":"2021-09-23T19:30:13","date_gmt":"2021-09-24T00:30:13","guid":{"rendered":"https:\/\/radiozapatista.org\/?p=39688"},"modified":"2021-09-23T19:30:13","modified_gmt":"2021-09-24T00:30:13","slug":"comunicado-de-nuestro-companero-marcelino-ruiz-preso-en-lucha-exigiendo-el-cese-de-los-hostigamientocontra-lxs-zapatistas-y-solidarizandoce-con-ellxs","status":"publish","type":"post","link":"https:\/\/radiozapatista.org\/?p=39688","title":{"rendered":"Comunicado de nuestro compa\u00f1ero Marcelino Ruiz preso en lucha exigiendo el cese de los hostigamientocontra lxs zapatistas y solidarizandoce con ellxs"},"content":{"rendered":"<p><\/p>\n<div id=\"js_6\" class=\"_5pbx userContent _3576\" data-testid=\"post_message\" data-ft=\"{&quot;tn&quot;:&quot;K&quot;}\">\n<p>CERSS No 10<br \/>\nComit\u00e1n, Chiapas, Mexico.<\/p>\n<p>Comunicado de presxs ind\u00edgenas en lucha<\/p>\n<p>Organizaci\u00f3n Vineketik en Resistencia, adherente a la Sexta Declaraci\u00f3n de la Selva Lacandona del EZLN<\/p>\n<p>Al Ejercito Zapatista de Liberaci\u00f3n Nacional.<br \/>\nA la Sociedad Civil nacional e internacional.<br \/>\nAl Congreso Nacional Ind\u00edgena.<br \/>\nAl Consejo Ind\u00edgena de Gobierno.<br \/>\nA los medios de comunicaci\u00f3n.<br \/>\nAl Pueblo Creyente.<br \/>\nAl pueblo de M\u00e9xico y del mundo.<\/p>\n<p>La organizaci\u00f3n Vineketik en Resistencia repudiamos el acto criminal del secuestro de los dos compa\u00f1eros zapatistas, ya liberados. Le exigimos al gobierno que cese los hostigamientos a los pueblos aut\u00f3nomos, a los ind\u00edgenas y campesinos.<br \/>\nYa que el gobierno corrupto a implementado una serie de estrategias como el secuestro, las desapariciones forzadas, los encarcelamientos con delitos prefabricados, acciones de contrainsurgencia en contra de los pueblos aut\u00f3nomos para intimidar a los pueblos que luchan y resisten al gobierno y sus sistema corrupto.<\/p>\n<p>Al mismo tiempo expresamos nuestra solidaridad a nuestrxs compa\u00f1rxs zapatistas y decirles que juntxs seguiremos tejiendo rebeld\u00eda para construir un mundo con justicia y libertad con conciencia.<\/p>\n<p>Desde mi lugar de lucha y resistencia les env\u00edo un saludo combativo.<\/p>\n<p>\u00a1Samir vive!<\/p>\n<p>\u00a1Simon Pedro vive!<\/p>\n<p>\u00a1Justicia para Ayotzinapa!<\/p>\n<p>\u00a1Viva el EZLN!<\/p>\n<p>Atentamente<\/p>\n<p>Marcelino Ruiz G\u00f3mez<\/p>\n<p>Organizaci\u00f3n Vineketik en Resistencia<\/p>\n<\/div>\n<div class=\"_3x-2\" data-ft=\"{&quot;tn&quot;:&quot;H&quot;}\">\n<div data-ft=\"{&quot;tn&quot;:&quot;H&quot;}\">\n<div class=\"mtm\">\n<div>\n<div>\n<div class=\"_5cq3 _1ktf\" data-ft=\"{&quot;tn&quot;:&quot;E&quot;}\">\n<div class=\"uiScaledImageContainer _4-ep\"><img loading=\"lazy\" decoding=\"async\" class=\"scaledImageFitWidth img\" src=\"https:\/\/scontent.fmex15-1.fna.fbcdn.net\/v\/t1.6435-9\/p526x296\/242358080_1471745756542181_2841775704691621261_n.jpg?_nc_cat=100&amp;ccb=1-5&amp;_nc_sid=110474&amp;_nc_ohc=Tf3TQMRSD9UAX_X9tNn&amp;_nc_ht=scontent.fmex15-1.fna&amp;oh=8133a83cd97b7aa65e73ba3746f53266&amp;oe=617451F1\" alt=\"Puede ser arte de 2 personas\" width=\"500\" height=\"300\" data-src=\"https:\/\/scontent.fmex15-1.fna.fbcdn.net\/v\/t1.6435-9\/p526x296\/242358080_1471745756542181_2841775704691621261_n.jpg?_nc_cat=100&amp;ccb=1-5&amp;_nc_sid=110474&amp;_nc_ohc=Tf3TQMRSD9UAX_X9tNn&amp;_nc_ht=scontent.fmex15-1.fna&amp;oh=8133a83cd97b7aa65e73ba3746f53266&amp;oe=617451F1\" \/><\/div>\n<\/div>\n<\/div>\n<\/div>\n<\/div>\n<\/div>\n<\/div>\n<p><\/p>","protected":false},"excerpt":{"rendered":"<p>CERSS No 10 Comit\u00e1n, Chiapas, Mexico. Comunicado de presxs ind\u00edgenas en lucha Organizaci\u00f3n Vineketik en Resistencia, adherente a la Sexta Declaraci\u00f3n de la Selva Lacandona del EZLN Al Ejercito Zapatista de Liberaci\u00f3n Nacional. A la Sociedad Civil nacional e internacional. Al Congreso Nacional Ind\u00edgena. Al Consejo Ind\u00edgena de Gobierno. A los medios de comunicaci\u00f3n. Al [&hellip;]<\/p>\n","protected":false},"author":21,"featured_media":39689,"comment_status":"open","ping_status":"closed","sticky":false,"template":"","format":"standard","meta":{"footnotes":""},"categories":[957,51,6,956,826,954,935],"tags":[79,917,36,58,926,53,147,23,37,545,87,148,27],"class_list":["post-39688","post","type-post","status-publish","format-standard","has-post-thumbnail","hentry","category-autonomia","category-autor","category-chiapas","category-sexta","category-medios-libres-2","category-mexico","category-temas","tag-autonomia","tag-chiapas","tag-comunidades-zapatistas","tag-derechos-humanos","tag-ezln","tag-justicia","tag-militarizacion","tag-paramilitares","tag-presos-politicos","tag-pueblos-indigenas","tag-represion","tag-resistencia","tag-solidaridad"],"_links":{"self":[{"href":"https:\/\/radiozapatista.org\/index.php?rest_route=\/wp\/v2\/posts\/39688","targetHints":{"allow":["GET"]}}],"collection":[{"href":"https:\/\/radiozapatista.org\/index.php?rest_route=\/wp\/v2\/posts"}],"about":[{"href":"https:\/\/radiozapatista.org\/index.php?rest_route=\/wp\/v2\/types\/post"}],"author":[{"embeddable":true,"href":"https:\/\/radiozapatista.org\/index.php?rest_route=\/wp\/v2\/users\/21"}],"replies":[{"embeddable":true,"href":"https:\/\/radiozapatista.org\/index.php?rest_route=%2Fwp%2Fv2%2Fcomments&post=39688"}],"version-history":[{"count":2,"href":"https:\/\/radiozapatista.org\/index.php?rest_route=\/wp\/v2\/posts\/39688\/revisions"}],"predecessor-version":[{"id":39691,"href":"https:\/\/radiozapatista.org\/index.php?rest_route=\/wp\/v2\/posts\/39688\/revisions\/39691"}],"wp:featuredmedia":[{"embeddable":true,"href":"https:\/\/radiozapatista.org\/index.php?rest_route=\/wp\/v2\/media\/39689"}],"wp:attachment":[{"href":"https:\/\/radiozapatista.org\/index.php?rest_route=%2Fwp%2Fv2%2Fmedia&parent=39688"}],"wp:term":[{"taxonomy":"category","embeddable":true,"href":"https:\/\/radiozapatista.org\/index.php?rest_route=%2Fwp%2Fv2%2Fcategories&post=39688"},{"taxonomy":"post_tag","embeddable":true,"href":"https:\/\/radiozapatista.org\/index.php?rest_route=%2Fwp%2Fv2%2Ftags&post=39688"}],"curies":[{"name":"wp","href":"https:\/\/api.w.org\/{rel}","templated":true}]}}