{"id":39603,"date":"2021-09-21T17:54:56","date_gmt":"2021-09-21T22:54:56","guid":{"rendered":"https:\/\/radiozapatista.org\/?p=39603"},"modified":"2021-09-21T18:08:47","modified_gmt":"2021-09-21T23:08:47","slug":"zapatistas-se-encuentran-e-intercambian-con-resistencias-a-megaproyecto-carretero-en-austria","status":"publish","type":"post","link":"https:\/\/radiozapatista.org\/?p=39603","title":{"rendered":"Zapatistas se encuentran e intercambian con resistencias a megaproyecto carretero en Austria"},"content":{"rendered":"<p><iframe loading=\"lazy\" title=\"vimeo-player\" src=\"https:\/\/player.vimeo.com\/video\/610996961?h=f236700fff\" width=\"640\" height=\"360\" frameborder=\"0\" allowfullscreen=\"allowfullscreen\"><\/iframe><\/p>\n<p>Viena, 21 de septiembre 2021.<\/p>\n<p>En la ma\u00f1ana del s\u00e1bado 18 de septiembre, una delegaci\u00f3n zapatista tuvo por primera vez un encuentro p\u00fablico con una resistencia que, abajo y a la izquierda, se enfrenta al mal gobierno en esta Tierras Insumisas. Ocurri\u00f3 en un campamento en Lobau, en las afueras de Viena, con una impresionante infraestructura -con cocina, comedores, puntos de informaci\u00f3n y una treintena de tiendas de campa\u00f1a- montada para proteger un ecosistema \u00fanico en lo que es uno de los grandes centros de la hidra capitalista que, en su af\u00e1n de crecimiento desenfrenado e infinito, se traga monta\u00f1as, llanuras, r\u00edos y pantanos para sustituirlos por metr\u00f3polis, desiertos de cemento, agroindustrias, minas y un sinf\u00edn de megaproyectos que siembran la muerte donde antes hab\u00eda vida.<\/p>\n<p style=\"text-align: center;\"><a href=\"https:\/\/radiozapatista.org\/wp-content\/uploads\/2021\/09\/1-6.jpg\"><img loading=\"lazy\" decoding=\"async\" class=\"aligncenter size-full wp-image-39604\" src=\"https:\/\/radiozapatista.org\/wp-content\/uploads\/2021\/09\/1-6.jpg\" alt=\"\" width=\"768\" height=\"576\" srcset=\"https:\/\/radiozapatista.org\/wp-content\/uploads\/2021\/09\/1-6.jpg 768w, https:\/\/radiozapatista.org\/wp-content\/uploads\/2021\/09\/1-6-350x263.jpg 350w\" sizes=\"auto, (max-width: 768px) 100vw, 768px\" \/><\/a><\/p>\n<p>Alrededor de 60 zapatistas, hombres y mujeres, se reunieron con j\u00f3venes y ecologistas que, con el amplio apoyo de la poblaci\u00f3n local, resisten desde agosto a los planes del gobierno austriaco de construir una autopista en medio de la mayor reserva natural cercana a la capital, un \u00e1rea protegida desde 1978 y parte del Parque Nacional Danubio-Auen desde 1996.<br \/>\n<!--more--><\/p>\n<p style=\"text-align: center;\"><a href=\"https:\/\/radiozapatista.org\/wp-content\/uploads\/2021\/09\/2-5.jpg\"><img loading=\"lazy\" decoding=\"async\" class=\"aligncenter size-full wp-image-39605\" src=\"https:\/\/radiozapatista.org\/wp-content\/uploads\/2021\/09\/2-5.jpg\" alt=\"\" width=\"768\" height=\"576\" srcset=\"https:\/\/radiozapatista.org\/wp-content\/uploads\/2021\/09\/2-5.jpg 768w, https:\/\/radiozapatista.org\/wp-content\/uploads\/2021\/09\/2-5-350x263.jpg 350w\" sizes=\"auto, (max-width: 768px) 100vw, 768px\" \/><\/a><\/p>\n<p>En un primer intercambio, los participantes en el campamento cuentan a los zapatistas la historia del lugar, el megaproyecto y por qu\u00e9 defienden este paisaje \u00fanico que permanece ecol\u00f3gicamente intacto no s\u00f3lo en la ciudad, sino en toda Europa Central. La zona alberga 800 especies de plantas, as\u00ed como 100 especies de aves reproductoras, m\u00e1s de medio centenar de especies de mam\u00edferos, reptiles y anfibios y 67 especies de peces.<\/p>\n<p>Entre discursos y preguntas, se discuten las estrategias de resistencia para defender el territorio: se habla de pacifismo, desobediencia civil, ocupaci\u00f3n y violencia. Los activistas locales explican que todo el movimiento en Lobau es pac\u00edfico, y que \u00e9sta es una condici\u00f3n fundamental para mantener el amplio apoyo del vecindario. Aunque la mayor\u00eda de los j\u00f3venes pernoctan en el campamento, los vecinos han colaborado y ayudado, por ejemplo dejando que los j\u00f3venes acampados se ba\u00f1en en sus casas.<\/p>\n<p style=\"text-align: center;\"><a href=\"https:\/\/radiozapatista.org\/wp-content\/uploads\/2021\/09\/3-5.jpg\"><img loading=\"lazy\" decoding=\"async\" class=\"aligncenter size-full wp-image-39606\" src=\"https:\/\/radiozapatista.org\/wp-content\/uploads\/2021\/09\/3-5.jpg\" alt=\"\" width=\"768\" height=\"576\" srcset=\"https:\/\/radiozapatista.org\/wp-content\/uploads\/2021\/09\/3-5.jpg 768w, https:\/\/radiozapatista.org\/wp-content\/uploads\/2021\/09\/3-5-350x263.jpg 350w\" sizes=\"auto, (max-width: 768px) 100vw, 768px\" \/><\/a><\/p>\n<p>Incluso se lleg\u00f3 a un acuerdo con la polic\u00eda para que, si la protesta no es violenta, avisen a los ocupantes con un d\u00eda de antelaci\u00f3n en caso de orden de desalojo.<\/p>\n<p>Si esto resulta extra\u00f1o para quienes vienen de una geograf\u00eda del sur de Europa y conviven a diario con im\u00e1genes de polic\u00edas reprimiendo y golpeando violentamente a la poblaci\u00f3n indefensa, no podemos imaginar lo extra\u00f1o que ser\u00e1 para quienes vienen de M\u00e9xico, donde la violencia est\u00e1 a la orden del d\u00eda y la polic\u00eda es una fuerza m\u00e1s de represi\u00f3n y violencia gratuita.<\/p>\n<p style=\"text-align: center;\"><a href=\"https:\/\/radiozapatista.org\/wp-content\/uploads\/2021\/09\/4-5.jpg\"><img loading=\"lazy\" decoding=\"async\" class=\"aligncenter size-full wp-image-39607\" src=\"https:\/\/radiozapatista.org\/wp-content\/uploads\/2021\/09\/4-5.jpg\" alt=\"\" width=\"768\" height=\"576\" srcset=\"https:\/\/radiozapatista.org\/wp-content\/uploads\/2021\/09\/4-5.jpg 768w, https:\/\/radiozapatista.org\/wp-content\/uploads\/2021\/09\/4-5-350x263.jpg 350w\" sizes=\"auto, (max-width: 768px) 100vw, 768px\" \/><\/a><\/p>\n<p>\u00ab\u00bfY si no vas?\u00bb, preguntan los zapatistas.<\/p>\n<p>Les explican que, ante una orden de desahucio, si no acceden a marcharse por su cuenta, les detienen durante 24 horas y les vuelven a dejar en libertad, sin cargos. Es decir, que \u00abno pasa nada y volvemos a acampar\u00bb.<\/p>\n<p>\u00abEs como si yo te dijera \u2018te voy a romper la madre\u2019, y contestas \u00abno, no lo hagas\u00bb, y entonces ya no lo hago\u00bb, coment\u00f3 Sub Mois\u00e9s, sorprendido, pregunt\u00e1ndoles despu\u00e9s si este tipo de acciones realmente tienen resultados. Lo cierto es que, desde que se iniciaron las ocupaciones en Lobau, las obras de construcci\u00f3n de la autopista y sus v\u00edas de acceso se han paralizado.<\/p>\n<p style=\"text-align: center;\"><a href=\"https:\/\/radiozapatista.org\/wp-content\/uploads\/2021\/09\/5-4.jpg\"><img loading=\"lazy\" decoding=\"async\" class=\"aligncenter size-full wp-image-39608\" src=\"https:\/\/radiozapatista.org\/wp-content\/uploads\/2021\/09\/5-4.jpg\" alt=\"\" width=\"768\" height=\"576\" srcset=\"https:\/\/radiozapatista.org\/wp-content\/uploads\/2021\/09\/5-4.jpg 768w, https:\/\/radiozapatista.org\/wp-content\/uploads\/2021\/09\/5-4-350x263.jpg 350w\" sizes=\"auto, (max-width: 768px) 100vw, 768px\" \/><\/a><\/p>\n<p style=\"text-align: center;\">****<\/p>\n<p>Tras una buena hora en la que ambos movimientos se conocieron e intercambiaron ideas e impresiones sobre la resistencia, se les present\u00f3 el resto del campamento. Desde all\u00ed se dirigen a un segundo lugar ocupado, a unos 15 minutos a pie: la obra donde est\u00e1 toda la maquinaria. All\u00ed, los zapatistas y los dem\u00e1s presentes se dividieron en dos grupos y se les mostraron los dos campamentos, m\u00e1s peque\u00f1os que el principal, que se hab\u00edan instalado en el lugar.<\/p>\n<p>Fue en uno de estos campamentos donde se reunieron todos frente a una torre construida por los manifestantes para grabar un video en apoyo a la resistencia en Lobau.<\/p>\n<p>Hasta que, de repente empez\u00f3 a llover a c\u00e1ntaros y las decenas de personas tuvieron que refugiarse bajo una larga lona, lo que no impidi\u00f3 que la mayor\u00eda de los presentes se empaparan.<\/p>\n<p style=\"text-align: center;\"><a href=\"https:\/\/radiozapatista.org\/wp-content\/uploads\/2021\/09\/6-5.jpg\"><img loading=\"lazy\" decoding=\"async\" class=\"aligncenter size-full wp-image-39609\" src=\"https:\/\/radiozapatista.org\/wp-content\/uploads\/2021\/09\/6-5.jpg\" alt=\"\" width=\"768\" height=\"576\" srcset=\"https:\/\/radiozapatista.org\/wp-content\/uploads\/2021\/09\/6-5.jpg 768w, https:\/\/radiozapatista.org\/wp-content\/uploads\/2021\/09\/6-5-350x263.jpg 350w\" sizes=\"auto, (max-width: 768px) 100vw, 768px\" \/><\/a><\/p>\n<p>En ese momento, la mayor\u00eda de los compa\u00f1eros zapatistas decidieron regresar a sus alojamientos. Un grupo de mujeres zapatistas alojadas en el Frauenzentrum (Centro de Mujeres) decidieron quedarse en Lobau mientras esperaban la comida a la que hab\u00edan sido invitadas.<\/p>\n<p>Durante este tiempo de espera hubo otro momento de discusi\u00f3n e intercambio, esta vez m\u00e1s informal, en el que los compa\u00f1eros compartieron la historia del movimiento zapatista desde 1986, la preparaci\u00f3n del levantamiento de 1994 y el papel de los promotores de la salud y la educaci\u00f3n, haciendo especial hincapi\u00e9 en la participaci\u00f3n de las mujeres en todo el proceso. Tambi\u00e9n se abord\u00f3 el consumo de alcohol en las comunidades, que es un problema en el movimiento zapatista.<\/p>\n<p><em>Escucha algunas de las particiapciones:<\/em><\/p>\n<div class=\"wp-playlist wp-audio-playlist wp-playlist-light\">\n\t\t\t<div class=\"wp-playlist-current-item\"><\/div>\n\t\t<audio controls=\"controls\" preload=\"none\" width=\"640\"\n\t\t\t><\/audio>\n\t<div class=\"wp-playlist-next\"><\/div>\n\t<div class=\"wp-playlist-prev\"><\/div>\n\t<noscript>\n\t<ol>\n\t\t<li><a href='https:\/\/radiozapatista.org\/wp-content\/uploads\/2021\/09\/Companera_autonomia.mp3'>Autonomia<\/a><\/li><li><a href='https:\/\/radiozapatista.org\/wp-content\/uploads\/2021\/09\/ParticipacionMujeresZapatistas.mp3'>Participacion mujeres zapatistas<\/a><\/li><li><a href='https:\/\/radiozapatista.org\/wp-content\/uploads\/2021\/09\/SupMoi.mp3'>Subcomandante Mois\u00e9s<\/a><\/li><li><a href='https:\/\/radiozapatista.org\/wp-content\/uploads\/2021\/09\/Emilia-FridaysForFuture.mp3'>Emilia - Fridays For Future<\/a><\/li>\t<\/ol>\n\t<\/noscript>\n\t<script type=\"application\/json\" class=\"wp-playlist-script\">{\"type\":\"audio\",\"tracklist\":true,\"tracknumbers\":true,\"images\":true,\"artists\":false,\"tracks\":[{\"src\":\"https:\/\/radiozapatista.org\/wp-content\/uploads\/2021\/09\/Companera_autonomia.mp3\",\"type\":\"audio\/mpeg\",\"title\":\"Autonomia\",\"caption\":\"Compa\\u00f1era habla sobre la construcci\\u00f3n de la autonom\\u00eda\",\"description\":\"Compa\\u00f1era habla sobre la construcci\\u00f3n de la autonom\\u00eda\",\"meta\":{\"length_formatted\":\"2:11\"},\"image\":{\"src\":\"https:\/\/radiozapatista.org\/wp-includes\/images\/media\/audio.svg\",\"width\":48,\"height\":64},\"thumb\":{\"src\":\"https:\/\/radiozapatista.org\/wp-includes\/images\/media\/audio.svg\",\"width\":48,\"height\":64}},{\"src\":\"https:\/\/radiozapatista.org\/wp-content\/uploads\/2021\/09\/ParticipacionMujeresZapatistas.mp3\",\"type\":\"audio\/mpeg\",\"title\":\"Participacion mujeres zapatistas\",\"caption\":\"Compa\\u00f1eras explican la participaci\\u00f3n de las mujeres en el zapatismo\",\"description\":\"Compa\\u00f1eras explican la participaci\\u00f3n de las mujeres en el zapatismo\",\"meta\":{\"length_formatted\":\"7:50\"},\"image\":{\"src\":\"https:\/\/radiozapatista.org\/wp-includes\/images\/media\/audio.svg\",\"width\":48,\"height\":64},\"thumb\":{\"src\":\"https:\/\/radiozapatista.org\/wp-includes\/images\/media\/audio.svg\",\"width\":48,\"height\":64}},{\"src\":\"https:\/\/radiozapatista.org\/wp-content\/uploads\/2021\/09\/SupMoi.mp3\",\"type\":\"audio\/mpeg\",\"title\":\"Subcomandante Mois\\u00e9s\",\"caption\":\"El Subcomandante Mois\\u00e9s explica por qu\\u00e9 la Traves\\u00eda por la Vida\",\"description\":\"El Subcomandante Mois\\u00e9s explica por qu\\u00e9 la Traves\\u00eda por la Vida\",\"meta\":{\"length_formatted\":\"1:22\"},\"image\":{\"src\":\"https:\/\/radiozapatista.org\/wp-includes\/images\/media\/audio.svg\",\"width\":48,\"height\":64},\"thumb\":{\"src\":\"https:\/\/radiozapatista.org\/wp-includes\/images\/media\/audio.svg\",\"width\":48,\"height\":64}},{\"src\":\"https:\/\/radiozapatista.org\/wp-content\/uploads\/2021\/09\/Emilia-FridaysForFuture.mp3\",\"type\":\"audio\/mpeg\",\"title\":\"Emilia - Fridays For Future\",\"caption\":\"Emilia, de Fridays for Future, explica la lucha\",\"description\":\"Emilia, de Fridays for Future, explica la lucha\",\"meta\":{\"length_formatted\":\"2:58\"},\"image\":{\"src\":\"https:\/\/radiozapatista.org\/wp-includes\/images\/media\/audio.svg\",\"width\":48,\"height\":64},\"thumb\":{\"src\":\"https:\/\/radiozapatista.org\/wp-includes\/images\/media\/audio.svg\",\"width\":48,\"height\":64}}]}<\/script>\n<\/div>\n\t\n<p>Un compa\u00f1ero presente nos dijo que \u00ablos zapatistas vienen a dar esperanza, nos inspiran con todo lo que ya han logrado construir en Chiapas. Son una aut\u00e9ntica biblioteca ambulante\u00bb. A modo de conclusi\u00f3n, los zapatistas subrayaron que actualmente son un movimiento pac\u00edfico y que se resisten a tomar las armas a pesar de las provocaciones.<\/p>\n<p style=\"text-align: center;\"><a href=\"https:\/\/radiozapatista.org\/wp-content\/uploads\/2021\/09\/7-3.jpg\"><img loading=\"lazy\" decoding=\"async\" class=\"aligncenter size-large wp-image-39610\" src=\"https:\/\/radiozapatista.org\/wp-content\/uploads\/2021\/09\/7-3-768x1024.jpg\" alt=\"\" width=\"768\" height=\"1024\" srcset=\"https:\/\/radiozapatista.org\/wp-content\/uploads\/2021\/09\/7-3.jpg 768w, https:\/\/radiozapatista.org\/wp-content\/uploads\/2021\/09\/7-3-225x300.jpg 225w\" sizes=\"auto, (max-width: 768px) 100vw, 768px\" \/><\/a><\/p>\n<p>La zona de Lobau, en el Parque Nacional del Danubio-Auen, es lo que queda de un enorme ecosistema de humedales que se extend\u00eda a lo largo de las orillas del Danubio, destruido en el proceso de movimiento de tierras para la expansi\u00f3n e industrializaci\u00f3n de la capital austriaca a finales del siglo XIX. Fue entonces en este lugar tan especial donde comenzaron los encuentros entre los zapatistas y los movimientos y resistencias de la Europa Insumisa, objetivo principal de este primer cap\u00edtulo del Viaje por la Vida. Fue tambi\u00e9n en este Parque Nacional donde, en 1984, tuvo lugar uno de los mayores procesos de resistencia de la historia reciente de Austria.<\/p>\n<p>El proyecto de construir una central hidroel\u00e9ctrica en el extremo oriental del parque provoc\u00f3 una oleada de protestas que culmin\u00f3, en diciembre de ese a\u00f1o, con la ocupaci\u00f3n del lugar que las m\u00e1quinas se dispon\u00edan a destruir. El 8 de diciembre, 8.000 personas se manifestaron en el lugar y algunos cientos iniciaron una ocupaci\u00f3n permanente del espacio, obligando a suspender las obras. El 19 de diciembre, un contingente de 800 polic\u00edas inici\u00f3 una violenta intervenci\u00f3n para expulsar a los aproximadamente 3.000 manifestantes que permanec\u00edan en el lugar. Los enfrentamientos se saldaron con decenas de heridos y provocaron una ola de indignaci\u00f3n en Viena, donde 40.000 personas se manifestaron esa misma noche. Por temor a una revuelta, el gobierno anunci\u00f3 un par de d\u00edas despu\u00e9s la suspensi\u00f3n de las obras, y a principios de enero el Tribunal Supremo anunci\u00f3 la prohibici\u00f3n de cualquier trabajo en la zona. La ocupaci\u00f3n finaliz\u00f3 y meses despu\u00e9s el proyecto se abandon\u00f3 definitivamente.<\/p>\n<p style=\"text-align: center;\"><a href=\"https:\/\/radiozapatista.org\/wp-content\/uploads\/2021\/09\/8-4.jpg\"><img loading=\"lazy\" decoding=\"async\" class=\"aligncenter size-full wp-image-39611\" src=\"https:\/\/radiozapatista.org\/wp-content\/uploads\/2021\/09\/8-4.jpg\" alt=\"\" width=\"768\" height=\"576\" srcset=\"https:\/\/radiozapatista.org\/wp-content\/uploads\/2021\/09\/8-4.jpg 768w, https:\/\/radiozapatista.org\/wp-content\/uploads\/2021\/09\/8-4-350x263.jpg 350w\" sizes=\"auto, (max-width: 768px) 100vw, 768px\" \/><\/a><\/p>\n<p>Esta lucha hist\u00f3rica se recuerda como uno de los momentos m\u00e1s importantes del proceso democr\u00e1tico de Austria, y la primera vez que la desobediencia civil fue ampliamente aceptada como estrategia para hacer valer la voluntad del pueblo frente a las intenciones del mal gobierno. Desde ese a\u00f1o, pr\u00e1cticamente todos los megaproyectos de Austria se han enfrentado a alg\u00fan tipo de movimiento popular. En 1996 la construcci\u00f3n de una central hidroel\u00e9ctrica en Lambach se retras\u00f3 por una ocupaci\u00f3n, y en 2003 un proyecto similar para la zona de Lobau tambi\u00e9n se detuvo tras una ocupaci\u00f3n simb\u00f3lica del lugar.<\/p>\n<p style=\"text-align: center;\"><a href=\"https:\/\/radiozapatista.org\/wp-content\/uploads\/2021\/09\/9-3.jpg\"><img loading=\"lazy\" decoding=\"async\" class=\"aligncenter size-full wp-image-39612\" src=\"https:\/\/radiozapatista.org\/wp-content\/uploads\/2021\/09\/9-3.jpg\" alt=\"\" width=\"768\" height=\"576\" srcset=\"https:\/\/radiozapatista.org\/wp-content\/uploads\/2021\/09\/9-3.jpg 768w, https:\/\/radiozapatista.org\/wp-content\/uploads\/2021\/09\/9-3-350x263.jpg 350w\" sizes=\"auto, (max-width: 768px) 100vw, 768px\" \/><\/a><\/p>\n<p class=\"p2\">Instagram: <a href=\"https:\/\/instagram.com\/fridaysforfuturevienna?utm_medium=copy_link\" target=\"_blank\" rel=\"noopener\">Fridays For Future Vienna<\/a>\u00a0 <a href=\"https:\/\/instagram.com\/xrwien?utm_medium=copy_link\" target=\"_blank\" rel=\"noopener\">XRWien<\/a>\u00a0\u00a0<a href=\"https:\/\/instagram.com\/lobau_bleibt?utm_medium=copy_link\" target=\"_blank\" rel=\"noopener\">Lobau Bleibt<\/a>\u00a0\u00a0<a href=\"https:\/\/instagram.com\/lobaubesetzen?utm_medium=copy_link\" target=\"_blank\" rel=\"noopener\">Lobauesetzen<\/a>\u00a0\u00a0<a href=\"https:\/\/instagram.com\/rettet_die_lobau?utm_medium=copy_link\" target=\"_blank\" rel=\"noopener\">Rettet Die Lobau<\/a><\/p>\n<p>Nota e im\u00e1genes de Medios Libres en Viena, publicado originalmente en portugu\u00e9s en <a href=\"https:\/\/guilhotina.info\/\" target=\"_blank\" rel=\"noopener\">guilhotina.info\/<\/a><\/p>\n<p><a href=\"https:\/\/www.instagram.com\/_lukasdbeck\/\" target=\"_blank\" rel=\"noopener\">Fuente del video:<\/a> @_lukasdbeck Lukas David Beck: <span class=\"s1\">https:\/\/www.instagram.com\/_lukasdbeck\/<\/span><\/p>\n<p>#LaGiraZapatistaVa #Traves\u00edaPorLaVida #EZLN #FAZ #LaExtempor\u00e1nea #NuestraLuchaEsPorLaVida #EuropaZapatista #SlumilKajxemkop #EZLNenViena #EZLNinWien #LobauBleibt<\/p>","protected":false},"excerpt":{"rendered":"<p>Viena, 21 de septiembre 2021. En la ma\u00f1ana del s\u00e1bado 18 de septiembre, una delegaci\u00f3n zapatista tuvo por primera vez un encuentro p\u00fablico con una resistencia que, abajo y a la izquierda, se enfrenta al mal gobierno en esta Tierras Insumisas. Ocurri\u00f3 en un campamento en Lobau, en las afueras de Viena, con una impresionante [&hellip;]<\/p>\n","protected":false},"author":1,"featured_media":39617,"comment_status":"open","ping_status":"closed","sticky":false,"template":"","format":"standard","meta":{"footnotes":""},"categories":[1,957,1318,955,949,953,196],"tags":[1334,79,75,920,926,148,1317],"class_list":["post-39603","post","type-post","status-publish","format-standard","has-post-thumbnail","hentry","category-audio","category-autonomia","category-caravana-zapatista-a-europa","category-ezln-temas","category-fotorreportaje","category-mundo","category-radio-pozol","tag-travesiaporlavida","tag-autonomia","tag-autopistas","tag-europa","tag-ezln","tag-resistencia","tag-travesia-por-la-vida"],"_links":{"self":[{"href":"https:\/\/radiozapatista.org\/index.php?rest_route=\/wp\/v2\/posts\/39603","targetHints":{"allow":["GET"]}}],"collection":[{"href":"https:\/\/radiozapatista.org\/index.php?rest_route=\/wp\/v2\/posts"}],"about":[{"href":"https:\/\/radiozapatista.org\/index.php?rest_route=\/wp\/v2\/types\/post"}],"author":[{"embeddable":true,"href":"https:\/\/radiozapatista.org\/index.php?rest_route=\/wp\/v2\/users\/1"}],"replies":[{"embeddable":true,"href":"https:\/\/radiozapatista.org\/index.php?rest_route=%2Fwp%2Fv2%2Fcomments&post=39603"}],"version-history":[{"count":2,"href":"https:\/\/radiozapatista.org\/index.php?rest_route=\/wp\/v2\/posts\/39603\/revisions"}],"predecessor-version":[{"id":39619,"href":"https:\/\/radiozapatista.org\/index.php?rest_route=\/wp\/v2\/posts\/39603\/revisions\/39619"}],"wp:featuredmedia":[{"embeddable":true,"href":"https:\/\/radiozapatista.org\/index.php?rest_route=\/wp\/v2\/media\/39617"}],"wp:attachment":[{"href":"https:\/\/radiozapatista.org\/index.php?rest_route=%2Fwp%2Fv2%2Fmedia&parent=39603"}],"wp:term":[{"taxonomy":"category","embeddable":true,"href":"https:\/\/radiozapatista.org\/index.php?rest_route=%2Fwp%2Fv2%2Fcategories&post=39603"},{"taxonomy":"post_tag","embeddable":true,"href":"https:\/\/radiozapatista.org\/index.php?rest_route=%2Fwp%2Fv2%2Ftags&post=39603"}],"curies":[{"name":"wp","href":"https:\/\/api.w.org\/{rel}","templated":true}]}}