{"id":39573,"date":"2021-09-19T20:27:24","date_gmt":"2021-09-20T01:27:24","guid":{"rendered":"https:\/\/radiozapatista.org\/?p=39573"},"modified":"2021-09-19T20:27:24","modified_gmt":"2021-09-20T01:27:24","slug":"comunicado-por-la-salida-de-las-y-los-delegados-del-cni-cig-y-fpdtapmt-a-la-europa-insumisa-para-sumarse-a-la-travesia-por-la-vida","status":"publish","type":"post","link":"https:\/\/radiozapatista.org\/?p=39573","title":{"rendered":"COMUNICADO POR LA SALIDA DE LAS Y LOS DELEGADOS DEL CNI, CIG Y FPDTAPMT A LA EUROPA INSUMISA PARA SUMARSE A LA TRAVES\u00cdA POR LA VIDA"},"content":{"rendered":"<p><\/p>\n<div class=\"post-content-container\">\n<div class=\"post-content entry-content cf\">\n<p><b>Al Ej\u00e9rcito Zapatista de Liberaci\u00f3n Nacional,\u00a0<\/b><\/p>\n<p><b>A la Europa rebelde de abajo y a la izquierda,<\/b><\/p>\n<p><b>A la Sexta Nacional e Internacional,<\/b><\/p>\n<p><b>A los medios de comunicaci\u00f3n,<\/b><\/p>\n<p><b>A los pueblos de M\u00e9xico y el mundo.<\/b><\/p>\n<p>&nbsp;<\/p>\n<p>En medio de la guerra que los malos gobiernos crecen en contra de los pueblos zapatistas, el Congreso Nacional Ind\u00edgena- Concejo Ind\u00edgena de Gobierno y el Frente de Pueblos en Defensa de la Tierra y el Agua de Morelos, Puebla y Tlaxcala, anunciamos que nos encontramos listos para acompa\u00f1ar la Gira Zapatista por la Vida, cap\u00edtulo Europa, las y los 16 delegad@s pertenecientes al pueblo maya de Yucat\u00e1n, Campeche y Quintana Roo; Popoluca de Veracruz; Biniza de Oaxaca; Pur\u00e9pecha de Michoac\u00e1n; Rar\u00e1muri de Chihuahua, Otom\u00ed de la Ciudad de M\u00e9xico y Nahua de Jalisco, Puebla, Michoac\u00e1n y Morelos.<\/p>\n<p>Saludamos a la delegaci\u00f3n zapatista \u201cLa Extempor\u00e1nea\u201d y a sus unidades de Escucha y Palabra que, estando en tierras europeas, nos invitan a no parar en la lucha por la vida y nos recuerdan que la esperanza est\u00e1 guardada en todos los que estamos so\u00f1ando y luchando por otro mundo, en todo el mundo.<\/p>\n<p>En la lucha y organizaci\u00f3n de abajo, al modo de c\u00f3mo somos las comunidades, pueblos, tribus o barrios ind\u00edgenas a lo largo y ancho de M\u00e9xico, sabemos que la guerra en contra de los pueblos arrecia y que nosotras, nosotros, nos vemos en este caminar hist\u00f3rico de los pueblos zapatistas, en el que reconocemos como un destello de lo que es, quiz\u00e1, la \u00faltima oportunidad para plantearnos un nuevo rumbo como humanidad, que es la lucha por la vida.<\/p>\n<p>Nuestra delegaci\u00f3n del CNI-CIG saldr\u00e1 el pr\u00f3ximo d\u00eda 21 de septiembre a las 8 de la noche del Aeropuerto Internacional de la Ciudad de M\u00e9xico y estar\u00e1 llegando a Viena, Austria, el 22 de septiembre, donde nos encontraremos con las y los compas de la Europa de abajo, con quienes, junto a \u201cLa Extempor\u00e1nea\u201d y los grupos de escucha y palabra, recorreremos el continente europeo, diciendo al mundo lo que en nuestros territorios y en nuestro pa\u00eds pasa por el sistema capitalista y su corrupci\u00f3n, arraigada, acrecentada e inevitable en este sistema que sirve al dinero y que siembra muerte donde se para.<\/p>\n<p>Tambi\u00e9n iremos a encontrarnos con quienes hace mucho que somos uno solo en el horizonte. Entonces, nosotras, nosotros, vamos sembrando la vida y la rebeld\u00eda de abajo y a la izquierda; convocando a los pueblos, colectivos, estudiantes, trabajadores y organizaciones a escucharnos en el lenguaje com\u00fan en el que nos entendemos sin miedos, sin rendirnos y determinados a no dar un solo paso atr\u00e1s. O sea, el de la lucha por la vida.<\/p>\n<p>&nbsp;<\/p>\n<p align=\"center\"><b>Atentamente<\/b><\/p>\n<p align=\"center\"><b>Septiembre de 2021<\/b><\/p>\n<p align=\"center\"><b>Por la reconstituci\u00f3n integral de nuestros pueblos<\/b><\/p>\n<p align=\"center\"><b>Nunca M\u00e1s un M\u00e9xico sin Nosotros<\/b><\/p>\n<p align=\"center\"><b>Comisi\u00f3n de Coordinaci\u00f3n y Seguimiento del Congreso Nacional Ind\u00edgena- Concejo Ind\u00edgena de Gobierno y Delegaci\u00f3n del CNI-CIG y Frente de Pueblos en Defensa de la Tierra y el Agua de Puebla, Morelos y Tlaxcala<\/b><\/p>\n<\/div>\n<\/div>\n<p><\/p>","protected":false},"excerpt":{"rendered":"<p>Al Ej\u00e9rcito Zapatista de Liberaci\u00f3n Nacional,\u00a0 A la Europa rebelde de abajo y a la izquierda, A la Sexta Nacional e Internacional, A los medios de comunicaci\u00f3n, A los pueblos de M\u00e9xico y el mundo. &nbsp; En medio de la guerra que los malos gobiernos crecen en contra de los pueblos zapatistas, el Congreso Nacional [&hellip;]<\/p>\n","protected":false},"author":21,"featured_media":38676,"comment_status":"open","ping_status":"closed","sticky":false,"template":"","format":"standard","meta":{"footnotes":""},"categories":[957,51,1318,1024,943,1095,956,953,935],"tags":[512,79,1151,63,58,53,147,545,87,148,483,1317],"class_list":["post-39573","post","type-post","status-publish","format-standard","has-post-thumbnail","hentry","category-autonomia","category-autor","category-caravana-zapatista-a-europa","category-cni-temas","category-cni","category-concejo-indigena-de-gobierno","category-sexta","category-mundo","category-temas","tag-a-tumbar-las-paredes-del-calabozo","tag-autonomia","tag-cig","tag-cni","tag-derechos-humanos","tag-justicia","tag-militarizacion","tag-pueblos-indigenas","tag-represion","tag-resistencia","tag-tierra-y-territorio","tag-travesia-por-la-vida"],"_links":{"self":[{"href":"https:\/\/radiozapatista.org\/index.php?rest_route=\/wp\/v2\/posts\/39573","targetHints":{"allow":["GET"]}}],"collection":[{"href":"https:\/\/radiozapatista.org\/index.php?rest_route=\/wp\/v2\/posts"}],"about":[{"href":"https:\/\/radiozapatista.org\/index.php?rest_route=\/wp\/v2\/types\/post"}],"author":[{"embeddable":true,"href":"https:\/\/radiozapatista.org\/index.php?rest_route=\/wp\/v2\/users\/21"}],"replies":[{"embeddable":true,"href":"https:\/\/radiozapatista.org\/index.php?rest_route=%2Fwp%2Fv2%2Fcomments&post=39573"}],"version-history":[{"count":1,"href":"https:\/\/radiozapatista.org\/index.php?rest_route=\/wp\/v2\/posts\/39573\/revisions"}],"predecessor-version":[{"id":39574,"href":"https:\/\/radiozapatista.org\/index.php?rest_route=\/wp\/v2\/posts\/39573\/revisions\/39574"}],"wp:featuredmedia":[{"embeddable":true,"href":"https:\/\/radiozapatista.org\/index.php?rest_route=\/wp\/v2\/media\/38676"}],"wp:attachment":[{"href":"https:\/\/radiozapatista.org\/index.php?rest_route=%2Fwp%2Fv2%2Fmedia&parent=39573"}],"wp:term":[{"taxonomy":"category","embeddable":true,"href":"https:\/\/radiozapatista.org\/index.php?rest_route=%2Fwp%2Fv2%2Fcategories&post=39573"},{"taxonomy":"post_tag","embeddable":true,"href":"https:\/\/radiozapatista.org\/index.php?rest_route=%2Fwp%2Fv2%2Ftags&post=39573"}],"curies":[{"name":"wp","href":"https:\/\/api.w.org\/{rel}","templated":true}]}}