{"id":39560,"date":"2021-09-19T06:54:33","date_gmt":"2021-09-19T11:54:33","guid":{"rendered":"https:\/\/radiozapatista.org\/?p=39560"},"modified":"2021-09-19T06:54:33","modified_gmt":"2021-09-19T11:54:33","slug":"denuncia-del-cni-cig-fpdtampt-por-la-campana-de-hostigamiento-y-violencia-en-contra-de-las-bases-de-apoyo-zapatistas","status":"publish","type":"post","link":"https:\/\/radiozapatista.org\/?p=39560","title":{"rendered":"Denuncia del CNI\u2013CIG\u2013FPDTAMPT por la campa\u00f1a de hostigamiento y violencia en contra de las bases de apoyo zapatistas"},"content":{"rendered":"<p>Al Ej\u00e9rcito Zapatista de Liberaci\u00f3n Nacional,<br \/>\nA la Europa rebelde de abajo y a la izquierda,<br \/>\nA la Sexta Nacional e Internacional,<br \/>\nA los medios de comunicaci\u00f3n,<br \/>\nA los pueblos de M\u00e9xico y el mundo.<\/p>\n<p>El Congreso Nacional Ind\u00edgena-Concejo Ind\u00edgena de Gobierno, el Frente de Pueblos en Defensa de la Tierra y el Agua Puebla-Morelos-Tlaxcala y su Delegaci\u00f3n conjunta para la Gira por la Vida que organiza el EZLN a nivel mundial y que ha iniciado en Europa, denunciamos la violencia de los malos gobiernos en contra de nuestros hermanos y hermanas zapatistas, armando y organizando grupos paramilitares que disputan el territorio aut\u00f3nomo; es el caso de la desaparici\u00f3n de los compa\u00f1eros Jos\u00e9 Antonio S\u00e1nchez Ju\u00e1rez y Sebasti\u00e1n N\u00fa\u00f1ez P\u00e9rez, integrantes de la Junta de Buen Gobierno Patria Nueva, del Caracol 10 \u00abFloreciendo La Semilla Rebelde\u00bb, por parte del grupo paramilitar ORCAO el pasado 11 de septiembre.<\/p>\n<p>Del mismo modo condenamos el cobarde espionaje y la campa\u00f1a de hostigamiento que los gobiernos han hecho en contra de compa\u00f1eros y compa\u00f1eras de la Comisi\u00f3n de Coordinaci\u00f3n y Seguimiento del CNI-CIG, pretendiendo intimidar y amenazar al tiempo que se arrecia la guerra contrainsurgente en contra de las bases de apoyo del EZLN que defienden en colectivo a la madre tierra.<\/p>\n<p>Denunciamos pues, que se trata de una campa\u00f1a global para frenar la lucha y la resistencia anticapitalista, de abajo y a la izquierda en defensa de la vida.<\/p>\n<p style=\"text-align: center;\">Atentamente<\/p>\n<p style=\"text-align: center;\">Septiembre de 2021<br \/>\nPor la reconstituci\u00f3n integral de nuestros pueblos<br \/>\nNunca M\u00e1s un M\u00e9xico sin Nosotros<br \/>\nComisi\u00f3n de Coordinaci\u00f3n y Seguimiento del Congreso Nacional Ind\u00edgena- Concejo Ind\u00edgena de Gobierno y Delegaci\u00f3n del CNI-CIG y del Frente de Pueblos en Defensa del Agua y de la Tierra Puebla-Morelos-Tlaxcala.<\/p>\n<p><\/p>","protected":false},"excerpt":{"rendered":"<p>Al Ej\u00e9rcito Zapatista de Liberaci\u00f3n Nacional, A la Europa rebelde de abajo y a la izquierda, A la Sexta Nacional e Internacional, A los medios de comunicaci\u00f3n, A los pueblos de M\u00e9xico y el mundo. El Congreso Nacional Ind\u00edgena-Concejo Ind\u00edgena de Gobierno, el Frente de Pueblos en Defensa de la Tierra y el Agua Puebla-Morelos-Tlaxcala [&hellip;]<\/p>\n","protected":false},"author":1,"featured_media":37977,"comment_status":"open","ping_status":"closed","sticky":false,"template":"","format":"standard","meta":{"footnotes":""},"categories":[6,943,1024,1095,955],"tags":[244,682,926,1310,260,23],"class_list":["post-39560","post","type-post","status-publish","format-standard","has-post-thumbnail","hentry","category-chiapas","category-cni","category-cni-temas","category-concejo-indigena-de-gobierno","category-ezln-temas","tag-desaparecidos","tag-desaparicion-forzada","tag-ezln","tag-juntas-de-buen-gobierno","tag-orcao","tag-paramilitares"],"_links":{"self":[{"href":"https:\/\/radiozapatista.org\/index.php?rest_route=\/wp\/v2\/posts\/39560","targetHints":{"allow":["GET"]}}],"collection":[{"href":"https:\/\/radiozapatista.org\/index.php?rest_route=\/wp\/v2\/posts"}],"about":[{"href":"https:\/\/radiozapatista.org\/index.php?rest_route=\/wp\/v2\/types\/post"}],"author":[{"embeddable":true,"href":"https:\/\/radiozapatista.org\/index.php?rest_route=\/wp\/v2\/users\/1"}],"replies":[{"embeddable":true,"href":"https:\/\/radiozapatista.org\/index.php?rest_route=%2Fwp%2Fv2%2Fcomments&post=39560"}],"version-history":[{"count":1,"href":"https:\/\/radiozapatista.org\/index.php?rest_route=\/wp\/v2\/posts\/39560\/revisions"}],"predecessor-version":[{"id":39561,"href":"https:\/\/radiozapatista.org\/index.php?rest_route=\/wp\/v2\/posts\/39560\/revisions\/39561"}],"wp:featuredmedia":[{"embeddable":true,"href":"https:\/\/radiozapatista.org\/index.php?rest_route=\/wp\/v2\/media\/37977"}],"wp:attachment":[{"href":"https:\/\/radiozapatista.org\/index.php?rest_route=%2Fwp%2Fv2%2Fmedia&parent=39560"}],"wp:term":[{"taxonomy":"category","embeddable":true,"href":"https:\/\/radiozapatista.org\/index.php?rest_route=%2Fwp%2Fv2%2Fcategories&post=39560"},{"taxonomy":"post_tag","embeddable":true,"href":"https:\/\/radiozapatista.org\/index.php?rest_route=%2Fwp%2Fv2%2Ftags&post=39560"}],"curies":[{"name":"wp","href":"https:\/\/api.w.org\/{rel}","templated":true}]}}