{"id":39498,"date":"2021-09-16T16:00:42","date_gmt":"2021-09-16T21:00:42","guid":{"rendered":"https:\/\/radiozapatista.org\/?p=39498"},"modified":"2021-09-16T16:00:42","modified_gmt":"2021-09-16T21:00:42","slug":"campana-para-exigir-la-aparicion-con-vida-de-nuestros-companeros-bases-de-apoyo","status":"publish","type":"post","link":"https:\/\/radiozapatista.org\/?p=39498","title":{"rendered":"Campa\u00f1a para exigir la aparici\u00f3n con vida de nuestros compa\u00f1eros Bases de Apoyo"},"content":{"rendered":"<p>A los pueblos del mundo<br \/>\nAl Congreso Nacional Ind\u00edgena<br \/>\nAl Concejo Ind\u00edgena de Gobierno<br \/>\nA la Sexta Nacional e Internacional<br \/>\nA las Redes de Resistencia y Rebeld\u00edas<\/p>\n<p>Hermanas, hermanos, compa\u00f1eras y compa\u00f1eroas les agradecemos la difusi\u00f3n y el estar alerta sobre la situaci\u00f3n que est\u00e1n enfrentando nuestros compa\u00f1eros integrantes de la <a href=\"https:\/\/redajmaq.org\/es\/desaparicion-de-dos-integrantes-de-la-junta-de-buen-gobierno-patria-nueva-del-caracol-10\">Junta de Buen Gobierno, Jos\u00e9 Antonio S\u00e1nchez Ju\u00e1rez y Sebasti\u00e1n N\u00fa\u00f1ez P\u00e9rez<\/a>. A\u00fan se encuentran en calidad de desaparecidos. Es una situaci\u00f3n bastante alarmante y que nos deja claro que la inacci\u00f3n del mal gobierno es parte de las acciones de contrainsurgencia hacia los pueblos que luchan por su autonom\u00eda: por justicia, libertad y democracia de ra\u00edz; por la vida<\/p>\n<p>No dejaremos de levantar la voz y hacer todo lo que este en nuestras manos hasta que aparezcan nuestros compa\u00f1eros Jos\u00e9 Antonio S\u00e1nchez Ju\u00e1rez y Sebasti\u00e1n N\u00fa\u00f1ez P\u00e9rez. Hoy llamamos a todos, todas y todoas compas artistas visuales a sumarse a una campa\u00f1a permanente para exigir la aparici\u00f3n con vida de nuestros compa\u00f1eros. Las obras se tienen pensadas difundirlas en las redes sociales,pero tambi\u00e9n difundirlas de la mejor forma que cada artista lo vea conveniente. Para que cada quien las use en paredes, muros, y en cualquier espacio que se nos ocurra.<\/p>\n<p>Si desean enviarlas a nuestro correo,<a href=\"mailto:ajmaq_chiapas@riseup.net\">ajmaq_chiapas@riseup.net<\/a>, las recibiremos y las difundimos con mucho gusto, pero tambi\u00e9n lo hagan seg\u00fan sus tiempos, modos y formas. La idea es crear\u00a0 jornadas de agitaci\u00f3n permanente hasta que nuestros compa\u00f1eros est\u00e9n de vuelta con sus familias.<\/p>\n<p class=\"text-align-center\">Cesen el hostigamiento a la Autonom\u00eda y la Vida que construye el EZLN<\/p>\n<p class=\"text-align-center\">Compa\u00f1eros Bases de Apoyo: \u00a1No est\u00e1n solos! \u00a1Si tocan a uno a una nos tocan a todos a todas!<\/p>\n<p class=\"text-align-center\">Red de Resistencia y Rebeld\u00eda Ajmaq<\/p>\n<p>&nbsp;<\/p>\n<p>M\u00e1s informaci\u00f3n: <a href=\"https:\/\/radiozapatista.org\/?p=39478\">https:\/\/radiozapatista.org\/?p=39478<\/a><\/p>\n<p class=\"text-align-center\">Nota: Quienes quieran enviar sus obras a Radio Zapatista, con gusto las difundimos tambi\u00e9n: <a href=\"mailto:radiozapatista@protonmail.com\">radiozapatista@protonmail.com<\/a><\/p>\n<p>&nbsp;<\/p>\n<p style=\"text-align: center;\"><img loading=\"lazy\" decoding=\"async\" class=\"alignnone size-large\" src=\"https:\/\/redajmaq.org\/sites\/default\/files\/articles\/E_Vchn3XoAM4PDH.jpeg\" width=\"1587\" height=\"2245\" \/><\/p>\n<p><\/p>","protected":false},"excerpt":{"rendered":"<p>A los pueblos del mundo Al Congreso Nacional Ind\u00edgena Al Concejo Ind\u00edgena de Gobierno A la Sexta Nacional e Internacional A las Redes de Resistencia y Rebeld\u00edas Hermanas, hermanos, compa\u00f1eras y compa\u00f1eroas les agradecemos la difusi\u00f3n y el estar alerta sobre la situaci\u00f3n que est\u00e1n enfrentando nuestros compa\u00f1eros integrantes de la Junta de Buen Gobierno, [&hellip;]<\/p>\n","protected":false},"author":1,"featured_media":39499,"comment_status":"open","ping_status":"closed","sticky":false,"template":"","format":"standard","meta":{"footnotes":""},"categories":[6,955,826],"tags":[1139,926,260,23,27],"class_list":["post-39498","post","type-post","status-publish","format-standard","has-post-thumbnail","hentry","category-chiapas","category-ezln-temas","category-medios-libres-2","tag-artes","tag-ezln","tag-orcao","tag-paramilitares","tag-solidaridad"],"_links":{"self":[{"href":"https:\/\/radiozapatista.org\/index.php?rest_route=\/wp\/v2\/posts\/39498","targetHints":{"allow":["GET"]}}],"collection":[{"href":"https:\/\/radiozapatista.org\/index.php?rest_route=\/wp\/v2\/posts"}],"about":[{"href":"https:\/\/radiozapatista.org\/index.php?rest_route=\/wp\/v2\/types\/post"}],"author":[{"embeddable":true,"href":"https:\/\/radiozapatista.org\/index.php?rest_route=\/wp\/v2\/users\/1"}],"replies":[{"embeddable":true,"href":"https:\/\/radiozapatista.org\/index.php?rest_route=%2Fwp%2Fv2%2Fcomments&post=39498"}],"version-history":[{"count":1,"href":"https:\/\/radiozapatista.org\/index.php?rest_route=\/wp\/v2\/posts\/39498\/revisions"}],"predecessor-version":[{"id":39500,"href":"https:\/\/radiozapatista.org\/index.php?rest_route=\/wp\/v2\/posts\/39498\/revisions\/39500"}],"wp:featuredmedia":[{"embeddable":true,"href":"https:\/\/radiozapatista.org\/index.php?rest_route=\/wp\/v2\/media\/39499"}],"wp:attachment":[{"href":"https:\/\/radiozapatista.org\/index.php?rest_route=%2Fwp%2Fv2%2Fmedia&parent=39498"}],"wp:term":[{"taxonomy":"category","embeddable":true,"href":"https:\/\/radiozapatista.org\/index.php?rest_route=%2Fwp%2Fv2%2Fcategories&post=39498"},{"taxonomy":"post_tag","embeddable":true,"href":"https:\/\/radiozapatista.org\/index.php?rest_route=%2Fwp%2Fv2%2Ftags&post=39498"}],"curies":[{"name":"wp","href":"https:\/\/api.w.org\/{rel}","templated":true}]}}