{"id":39484,"date":"2021-09-15T17:54:09","date_gmt":"2021-09-15T22:54:09","guid":{"rendered":"https:\/\/radiozapatista.org\/?p=39484"},"modified":"2021-09-15T17:54:09","modified_gmt":"2021-09-15T22:54:09","slug":"la-fuerza-aerea-zapatista-se-completa-en-austria","status":"publish","type":"post","link":"https:\/\/radiozapatista.org\/?p=39484","title":{"rendered":"La Fuerza A\u00e9rea Zapatista se completa en Austria"},"content":{"rendered":"<p>Viena, 15 de septiembre de 2021.<\/p>\n<p>M\u00e1s de 70 hombres zapatistas aterrizaron y salieron alegres en fila del aeropuerto de la capital austriaca situada en el r\u00edo Danubio que pudieron admirar desde las ventanillas del avi\u00f3n en esta ma\u00f1ana soleada. Cerca de 24 horas despu\u00e9s de la llegada del primer avi\u00f3n de la delegaci\u00f3n aerotransportada, la FAZ fue recibida por Zapalotta, Compas Zapatistas Viena, Asamblea latinoamericana\u2013Viena, Solidaridad con M\u00e9xico\u2013Salzburgo, Ekh, Frauenzentrum, KomIntern, Colectivo Acci\u00f3n Solidaria, Mujeres y Disidencias de la Sexta en la Otra Europa y Abya Yala-RRR, RAZB de B\u00e9lgica, Caf\u00e9 Libertad Kollektiv de Hamburgo, Alemania, LA PAZ Italia, Asamblea Zapatista Berlin, Frankfurt, Wendland, Compas Arriba, Medios Libres con la Gira, Ni Una Menos \u00c1ustria, entre otros colectivos de Slumil K\u2019ajxemk\u2019op con pancartas, consignas, m\u00fasica y cantos. A escasos metros de la puerta de las llegadas internacionales, unas compa\u00f1eras anfitrionas migrantas tomaron la palabra:<\/p>\n<blockquote><p><em>\u201c\u00a1Queridas Compas! \u00a1Los migrantes de habla hispana y portugu\u00e9s en la geograf\u00eda de Viena os saludan y os dan la bienvenida! Somos un colectivo que se reuni\u00f3 para acompa\u00f1aros y reunirnos con vosotros, la delegaci\u00f3n zapatista. Queremos asegurarnos de que la voz de los migrantes se escuche en los diferentes frentes de la organizaci\u00f3n del recorrido por la vida en Austria. Nos pregunt\u00e1bamos: \u00bfC\u00f3mo nos hubiera gustado ser recibidos cuando llegamos del otro lado del oc\u00e9ano? Y respondimos que alguien podr\u00eda decirnos las siguientes palabras: Nosotros, los precarizados, nosotros, los racificados, nosotros que luchamos por tener una voz migrante, nosotros que hablamos alem\u00e1n con acento, en la geograf\u00eda llamada Viena, \u00a1les saludamos y les damos la bienvenida! Nuestra casa es vuestra casa.\u201d (<a href=\"https:\/\/www.facebook.com\/CompasZapatistas\">https:\/\/www.facebook.com\/CompasZapatistas<\/a>).<\/em><\/p><\/blockquote>\n<p>El equipo de difusi\u00f3n audiovisual en directo (streaming) se instal\u00f3 dos d\u00edas consecutivos cerca de la puerta de las llegadas internacionales del aeropuerto y pudo registrar la emoci\u00f3n de decenas de activistas y simpatizantes del movimiento zapatista cuando vieron surgir la fila rebelde. Se intercambiaron saludos de mano y palabras calurosas, mientras se fotografiaban y grababan mutuamente con celulares. Antes de acompa\u00f1arles en los transportes p\u00fablicos, los medios libres realizaron peque\u00f1as entrevistas a quienes asistieron y registraron las actividades art\u00edstico-culturales. Documentaron la distribuci\u00f3n por parte del Subcomandante Mois\u00e9s de los boletos de tren ligero a los viajeros reci\u00e9n llegados. A pesar de un largo viaje, los compa\u00f1eros estaban sonrientes y se ve\u00edan muy alegres por pisar por primera vez el pasto verde europeo.<\/p>\n\n\t\t<style type=\"text\/css\">\n\t\t\t#gallery-1 {\n\t\t\t\tmargin: auto;\n\t\t\t}\n\t\t\t#gallery-1 .gallery-item {\n\t\t\t\tfloat: left;\n\t\t\t\tmargin-top: 10px;\n\t\t\t\ttext-align: center;\n\t\t\t\twidth: 100%;\n\t\t\t}\n\t\t\t#gallery-1 img {\n\t\t\t\tborder: 2px solid #cfcfcf;\n\t\t\t}\n\t\t\t#gallery-1 .gallery-caption {\n\t\t\t\tmargin-left: 0;\n\t\t\t}\n\t\t\t\/* see gallery_shortcode() in wp-includes\/media.php *\/\n\t\t<\/style>\n\t\t<div id='gallery-1' class='gallery galleryid-39484 gallery-columns-1 gallery-size-full'><dl class='gallery-item'>\n\t\t\t<dt class='gallery-icon landscape'>\n\t\t\t\t<a href='https:\/\/radiozapatista.org\/wp-content\/uploads\/2021\/09\/2-3.jpg'><img loading=\"lazy\" decoding=\"async\" width=\"768\" height=\"512\" src=\"https:\/\/radiozapatista.org\/wp-content\/uploads\/2021\/09\/2-3.jpg\" class=\"attachment-full size-full\" alt=\"\" srcset=\"https:\/\/radiozapatista.org\/wp-content\/uploads\/2021\/09\/2-3.jpg 768w, https:\/\/radiozapatista.org\/wp-content\/uploads\/2021\/09\/2-3-350x233.jpg 350w, https:\/\/radiozapatista.org\/wp-content\/uploads\/2021\/09\/2-3-700x466.jpg 700w\" sizes=\"auto, (max-width: 768px) 100vw, 768px\" \/><\/a>\n\t\t\t<\/dt><\/dl><br style=\"clear: both\" \/><dl class='gallery-item'>\n\t\t\t<dt class='gallery-icon landscape'>\n\t\t\t\t<a href='https:\/\/radiozapatista.org\/wp-content\/uploads\/2021\/09\/3-3.jpg'><img loading=\"lazy\" decoding=\"async\" width=\"768\" height=\"512\" src=\"https:\/\/radiozapatista.org\/wp-content\/uploads\/2021\/09\/3-3.jpg\" class=\"attachment-full size-full\" alt=\"\" srcset=\"https:\/\/radiozapatista.org\/wp-content\/uploads\/2021\/09\/3-3.jpg 768w, https:\/\/radiozapatista.org\/wp-content\/uploads\/2021\/09\/3-3-350x233.jpg 350w, https:\/\/radiozapatista.org\/wp-content\/uploads\/2021\/09\/3-3-700x466.jpg 700w\" sizes=\"auto, (max-width: 768px) 100vw, 768px\" \/><\/a>\n\t\t\t<\/dt><\/dl><br style=\"clear: both\" \/><dl class='gallery-item'>\n\t\t\t<dt class='gallery-icon landscape'>\n\t\t\t\t<a href='https:\/\/radiozapatista.org\/wp-content\/uploads\/2021\/09\/4-3.jpg'><img loading=\"lazy\" decoding=\"async\" width=\"768\" height=\"512\" src=\"https:\/\/radiozapatista.org\/wp-content\/uploads\/2021\/09\/4-3.jpg\" class=\"attachment-full size-full\" alt=\"\" srcset=\"https:\/\/radiozapatista.org\/wp-content\/uploads\/2021\/09\/4-3.jpg 768w, https:\/\/radiozapatista.org\/wp-content\/uploads\/2021\/09\/4-3-350x233.jpg 350w, https:\/\/radiozapatista.org\/wp-content\/uploads\/2021\/09\/4-3-700x466.jpg 700w\" sizes=\"auto, (max-width: 768px) 100vw, 768px\" \/><\/a>\n\t\t\t<\/dt><\/dl><br style=\"clear: both\" \/><dl class='gallery-item'>\n\t\t\t<dt class='gallery-icon landscape'>\n\t\t\t\t<a href='https:\/\/radiozapatista.org\/wp-content\/uploads\/2021\/09\/5-2.jpg'><img loading=\"lazy\" decoding=\"async\" width=\"768\" height=\"512\" src=\"https:\/\/radiozapatista.org\/wp-content\/uploads\/2021\/09\/5-2.jpg\" class=\"attachment-full size-full\" alt=\"\" srcset=\"https:\/\/radiozapatista.org\/wp-content\/uploads\/2021\/09\/5-2.jpg 768w, https:\/\/radiozapatista.org\/wp-content\/uploads\/2021\/09\/5-2-350x233.jpg 350w, https:\/\/radiozapatista.org\/wp-content\/uploads\/2021\/09\/5-2-700x466.jpg 700w\" sizes=\"auto, (max-width: 768px) 100vw, 768px\" \/><\/a>\n\t\t\t<\/dt><\/dl><br style=\"clear: both\" \/><dl class='gallery-item'>\n\t\t\t<dt class='gallery-icon landscape'>\n\t\t\t\t<a href='https:\/\/radiozapatista.org\/wp-content\/uploads\/2021\/09\/6-3.jpg'><img loading=\"lazy\" decoding=\"async\" width=\"768\" height=\"512\" src=\"https:\/\/radiozapatista.org\/wp-content\/uploads\/2021\/09\/6-3.jpg\" class=\"attachment-full size-full\" alt=\"\" srcset=\"https:\/\/radiozapatista.org\/wp-content\/uploads\/2021\/09\/6-3.jpg 768w, https:\/\/radiozapatista.org\/wp-content\/uploads\/2021\/09\/6-3-350x233.jpg 350w, https:\/\/radiozapatista.org\/wp-content\/uploads\/2021\/09\/6-3-700x466.jpg 700w\" sizes=\"auto, (max-width: 768px) 100vw, 768px\" \/><\/a>\n\t\t\t<\/dt><\/dl><br style=\"clear: both\" \/><dl class='gallery-item'>\n\t\t\t<dt class='gallery-icon landscape'>\n\t\t\t\t<a href='https:\/\/radiozapatista.org\/wp-content\/uploads\/2021\/09\/7-1.jpg'><img loading=\"lazy\" decoding=\"async\" width=\"768\" height=\"512\" src=\"https:\/\/radiozapatista.org\/wp-content\/uploads\/2021\/09\/7-1.jpg\" class=\"attachment-full size-full\" alt=\"\" srcset=\"https:\/\/radiozapatista.org\/wp-content\/uploads\/2021\/09\/7-1.jpg 768w, https:\/\/radiozapatista.org\/wp-content\/uploads\/2021\/09\/7-1-350x233.jpg 350w, https:\/\/radiozapatista.org\/wp-content\/uploads\/2021\/09\/7-1-700x466.jpg 700w\" sizes=\"auto, (max-width: 768px) 100vw, 768px\" \/><\/a>\n\t\t\t<\/dt><\/dl><br style=\"clear: both\" \/><dl class='gallery-item'>\n\t\t\t<dt class='gallery-icon landscape'>\n\t\t\t\t<a href='https:\/\/radiozapatista.org\/wp-content\/uploads\/2021\/09\/8-2.jpg'><img loading=\"lazy\" decoding=\"async\" width=\"768\" height=\"512\" src=\"https:\/\/radiozapatista.org\/wp-content\/uploads\/2021\/09\/8-2.jpg\" class=\"attachment-full size-full\" alt=\"\" srcset=\"https:\/\/radiozapatista.org\/wp-content\/uploads\/2021\/09\/8-2.jpg 768w, https:\/\/radiozapatista.org\/wp-content\/uploads\/2021\/09\/8-2-350x233.jpg 350w, https:\/\/radiozapatista.org\/wp-content\/uploads\/2021\/09\/8-2-700x466.jpg 700w\" sizes=\"auto, (max-width: 768px) 100vw, 768px\" \/><\/a>\n\t\t\t<\/dt><\/dl><br style=\"clear: both\" \/><dl class='gallery-item'>\n\t\t\t<dt class='gallery-icon landscape'>\n\t\t\t\t<a href='https:\/\/radiozapatista.org\/wp-content\/uploads\/2021\/09\/9-1.jpg'><img loading=\"lazy\" decoding=\"async\" width=\"768\" height=\"512\" src=\"https:\/\/radiozapatista.org\/wp-content\/uploads\/2021\/09\/9-1.jpg\" class=\"attachment-full size-full\" alt=\"\" srcset=\"https:\/\/radiozapatista.org\/wp-content\/uploads\/2021\/09\/9-1.jpg 768w, https:\/\/radiozapatista.org\/wp-content\/uploads\/2021\/09\/9-1-350x233.jpg 350w, https:\/\/radiozapatista.org\/wp-content\/uploads\/2021\/09\/9-1-700x466.jpg 700w\" sizes=\"auto, (max-width: 768px) 100vw, 768px\" \/><\/a>\n\t\t\t<\/dt><\/dl><br style=\"clear: both\" \/><dl class='gallery-item'>\n\t\t\t<dt class='gallery-icon landscape'>\n\t\t\t\t<a href='https:\/\/radiozapatista.org\/wp-content\/uploads\/2021\/09\/10-1.jpg'><img loading=\"lazy\" decoding=\"async\" width=\"768\" height=\"512\" src=\"https:\/\/radiozapatista.org\/wp-content\/uploads\/2021\/09\/10-1.jpg\" class=\"attachment-full size-full\" alt=\"\" srcset=\"https:\/\/radiozapatista.org\/wp-content\/uploads\/2021\/09\/10-1.jpg 768w, https:\/\/radiozapatista.org\/wp-content\/uploads\/2021\/09\/10-1-350x233.jpg 350w, https:\/\/radiozapatista.org\/wp-content\/uploads\/2021\/09\/10-1-700x466.jpg 700w\" sizes=\"auto, (max-width: 768px) 100vw, 768px\" \/><\/a>\n\t\t\t<\/dt><\/dl><br style=\"clear: both\" \/><dl class='gallery-item'>\n\t\t\t<dt class='gallery-icon landscape'>\n\t\t\t\t<a href='https:\/\/radiozapatista.org\/wp-content\/uploads\/2021\/09\/11-1.jpg'><img loading=\"lazy\" decoding=\"async\" width=\"768\" height=\"512\" src=\"https:\/\/radiozapatista.org\/wp-content\/uploads\/2021\/09\/11-1.jpg\" class=\"attachment-full size-full\" alt=\"\" srcset=\"https:\/\/radiozapatista.org\/wp-content\/uploads\/2021\/09\/11-1.jpg 768w, https:\/\/radiozapatista.org\/wp-content\/uploads\/2021\/09\/11-1-350x233.jpg 350w, https:\/\/radiozapatista.org\/wp-content\/uploads\/2021\/09\/11-1-700x466.jpg 700w\" sizes=\"auto, (max-width: 768px) 100vw, 768px\" \/><\/a>\n\t\t\t<\/dt><\/dl><br style=\"clear: both\" \/><dl class='gallery-item'>\n\t\t\t<dt class='gallery-icon landscape'>\n\t\t\t\t<a href='https:\/\/radiozapatista.org\/wp-content\/uploads\/2021\/09\/12-1.jpg'><img loading=\"lazy\" decoding=\"async\" width=\"768\" height=\"512\" src=\"https:\/\/radiozapatista.org\/wp-content\/uploads\/2021\/09\/12-1.jpg\" class=\"attachment-full size-full\" alt=\"\" srcset=\"https:\/\/radiozapatista.org\/wp-content\/uploads\/2021\/09\/12-1.jpg 768w, https:\/\/radiozapatista.org\/wp-content\/uploads\/2021\/09\/12-1-350x233.jpg 350w, https:\/\/radiozapatista.org\/wp-content\/uploads\/2021\/09\/12-1-700x466.jpg 700w\" sizes=\"auto, (max-width: 768px) 100vw, 768px\" \/><\/a>\n\t\t\t<\/dt><\/dl><br style=\"clear: both\" \/>\n\t\t<\/div>\n\n<p>Fotos de Amehd Coca e Isabel Mateos<br \/>\n<a href=\"https:\/\/www.facebook.com\/pozol.colectivo\/videos\/1453824494993650\">Streaming Medios Libres<\/a><br \/>\n<a href=\"https:\/\/www.facebook.com\/148731431838098\/videos\/1265222117295629\" target=\"_blank\" rel=\"noopener\">Streaming Radio Pozol<\/a><\/p>\n<p>Discusro del Subcomandante Mois\u00e9s:<br \/>\n[podcast]https:\/\/radiozapatista.org\/wp-content\/uploads\/2021\/09\/moises-h5.mp3[\/podcast]<\/p>\n<p><\/p>","protected":false},"excerpt":{"rendered":"<p>Viena, 15 de septiembre de 2021. M\u00e1s de 70 hombres zapatistas aterrizaron y salieron alegres en fila del aeropuerto de la capital austriaca situada en el r\u00edo Danubio que pudieron admirar desde las ventanillas del avi\u00f3n en esta ma\u00f1ana soleada. Cerca de 24 horas despu\u00e9s de la llegada del primer avi\u00f3n de la delegaci\u00f3n aerotransportada, [&hellip;]<\/p>\n","protected":false},"author":1,"featured_media":39496,"comment_status":"open","ping_status":"closed","sticky":false,"template":"","format":"standard","meta":{"footnotes":""},"categories":[1,957,1318,955,949,953,196],"tags":[1334,920,926,1317,1352],"class_list":["post-39484","post","type-post","status-publish","format-standard","has-post-thumbnail","hentry","category-audio","category-autonomia","category-caravana-zapatista-a-europa","category-ezln-temas","category-fotorreportaje","category-mundo","category-radio-pozol","tag-travesiaporlavida","tag-europa","tag-ezln","tag-travesia-por-la-vida","tag-viena"],"_links":{"self":[{"href":"https:\/\/radiozapatista.org\/index.php?rest_route=\/wp\/v2\/posts\/39484","targetHints":{"allow":["GET"]}}],"collection":[{"href":"https:\/\/radiozapatista.org\/index.php?rest_route=\/wp\/v2\/posts"}],"about":[{"href":"https:\/\/radiozapatista.org\/index.php?rest_route=\/wp\/v2\/types\/post"}],"author":[{"embeddable":true,"href":"https:\/\/radiozapatista.org\/index.php?rest_route=\/wp\/v2\/users\/1"}],"replies":[{"embeddable":true,"href":"https:\/\/radiozapatista.org\/index.php?rest_route=%2Fwp%2Fv2%2Fcomments&post=39484"}],"version-history":[{"count":1,"href":"https:\/\/radiozapatista.org\/index.php?rest_route=\/wp\/v2\/posts\/39484\/revisions"}],"predecessor-version":[{"id":39497,"href":"https:\/\/radiozapatista.org\/index.php?rest_route=\/wp\/v2\/posts\/39484\/revisions\/39497"}],"wp:featuredmedia":[{"embeddable":true,"href":"https:\/\/radiozapatista.org\/index.php?rest_route=\/wp\/v2\/media\/39496"}],"wp:attachment":[{"href":"https:\/\/radiozapatista.org\/index.php?rest_route=%2Fwp%2Fv2%2Fmedia&parent=39484"}],"wp:term":[{"taxonomy":"category","embeddable":true,"href":"https:\/\/radiozapatista.org\/index.php?rest_route=%2Fwp%2Fv2%2Fcategories&post=39484"},{"taxonomy":"post_tag","embeddable":true,"href":"https:\/\/radiozapatista.org\/index.php?rest_route=%2Fwp%2Fv2%2Ftags&post=39484"}],"curies":[{"name":"wp","href":"https:\/\/api.w.org\/{rel}","templated":true}]}}