{"id":39482,"date":"2021-09-15T16:41:47","date_gmt":"2021-09-15T21:41:47","guid":{"rendered":"https:\/\/radiozapatista.org\/?p=39482"},"modified":"2021-09-15T16:41:47","modified_gmt":"2021-09-15T21:41:47","slug":"exigen-liberacion-de-zapatistas-secuestrados-por-la-orcao","status":"publish","type":"post","link":"https:\/\/radiozapatista.org\/?p=39482","title":{"rendered":"Exigen liberaci\u00f3n de zapatistas secuestrados por la ORCAO"},"content":{"rendered":"<p><\/p>\n<h3 class=\"entry-title\" style=\"text-align: center;\"><a title=\"Exigimos la presentaci\u00f3n con vida de los compa\u00f1eros Bases de Apoyo Zapatista de la Junta de Buen Gobierno \u00abNuevo Amanecer en Resistencia y Rebeld\u00eda por la Vida y la Humanidad\u00bb\" href=\"https:\/\/www.congresonacionalindigena.org\/2021\/09\/15\/exigimos-la-presentacion-con-vida-de-los-companeros-bases-de-apoyo-zapatista-de-la-junta-de-buen-gobierno-nuevo-amanecer-en-resistencia-y-rebeldia-por-la-vida-y-la-humanidad\/\">Exigimos la presentaci\u00f3n con vida de los compa\u00f1eros Bases de Apoyo Zapatista de la Junta de Buen Gobierno \u00abNuevo Amanecer en Resistencia y Rebeld\u00eda por la Vida y la Humanidad\u00bb<\/a><\/h3>\n<p>Al Ej\u00e9rcito Zapatista de Liberaci\u00f3n Nacional<br \/>\nA las Bases de Apoyo Zapatista<br \/>\nAl Congreso Nacional Ind\u00edgena<br \/>\nAl Concejo Ind\u00edgena de Gobierno<br \/>\nA la Sexta Nacional e Internacional<br \/>\nA las Redes de Resistencia y Rebeld\u00eda<\/p>\n<p>15 de septiembre de 2021<\/p>\n<p>Como Consejo Ind\u00edgena y Popular de Guerrero-Emiliano Zapata, exigimos la presentaci\u00f3n con vida de los hermanos Jos\u00e9 Antonio S\u00e1nchez Ju\u00e1rez y Sebasti\u00e1n N\u00fa\u00f1ez P\u00e9rez, integrantes de la Junta de Buen Gobierno \u00abNuevo Amanecer en Resistencia y Rebeld\u00eda por la Vida y la Humanidad\u00bb, Caracol 10 Floreciendo la semilla rebelde; al mismo tiempo responsabilizamos a los 3 niveles de gobierno por su desaparici\u00f3n.<\/p>\n<p>Los malos gobiernos nos cesan en sus intentos de destruir la autonom\u00eda de los pueblos, a trav\u00e9s de grupos paramilitares, han hostigado a nuestros hermanos y hermanas del EZLN. Esta vez, los compa\u00f1eros Jos\u00e9 Antonio S\u00e1nchez Ju\u00e1rez y Sebasti\u00e1n N\u00fa\u00f1ez P\u00e9rez, han sido privados de su libertad. Ambos salieron el d\u00eda 11 de septiembre de este a\u00f1o, aproximadamente a las 8 de la ma\u00f1ana, de la sede de la Junta de Buen Gobierno en una camioneta de redilas con placas CW-0001-C a realizar una tarea de la Junta en otro lugar. Al no recibir informaci\u00f3n de ellos, la junta inici\u00f3 un proceso de b\u00fasqueda, localizando la camioneta en la comunidad 7 de Febrero, municipio de Ocosingo, Chiapas. Cabe recordar que esta localidad es la sede de la Organizaci\u00f3n Regional de Cafeticultores de Ocosingo (ORCAO) \u2013 en donde, seg\u00fan informaci\u00f3n fueron detenidos.<\/p>\n<p>No olvidamos que la Organizaci\u00f3n Regional de Cafeticultores de Ocosingo (ORCAO) ha perpetrado m\u00faltiples ataques en contra de nuestros hermanos, con toda la complicidad de los 3 niveles de gobierno: saqueo, robo, destrucci\u00f3n y quema de la tienda-cooperativa aut\u00f3noma el Arco Iris, el secuestro del Base de Apoyo del EZLN F\u00e9lix L\u00f3pez Hern\u00e1ndez el d\u00eda 8 de noviembre de 2020. Y el secuestro de dos defensores de Derechos Humanos del Centro de Derechos Humanos Fray Bartolom\u00e9 de Las Casas el 12 de abril del presente a\u00f1o. Nuevamente en este a\u00f1o, en el mes de septiembre vuelven a insistir con sus acciones delincuenciales.<\/p>\n<p>Esta escala de violencia orquestada desde los altos poderes del gobierno federal se enmarca en la iniciativa del EZLN \u201cTraves\u00eda por la Vida Cap\u00edtulo Europa\u201d. Iniciativa organizativa que busca expandir, de forma pac\u00edfica y creativa, la semilla de la resistencia-rebeld\u00eda por la humanidad y la Madre Tierra, es decir; por la Vida.<\/p>\n<p>Por tales hechos, nos sumamos a la exigencia por la presentaci\u00f3n con vida de los Bases de Apoyo de EZLN Jos\u00e9 Antonio S\u00e1nchez Ju\u00e1rez y Sebasti\u00e1n N\u00fa\u00f1ez P\u00e9rez.<\/p>\n<p>Exigimos que cesen el hostigamiento a la Autonom\u00eda y la Vida que construye el EZLN.<\/p>\n<p>\u00a1Alto a la guerra paramilitar en contra del EZLN!<br \/>\n\u00a1Alto a la guerra contra la vida y la autonom\u00eda!<\/p>","protected":false},"excerpt":{"rendered":"<p>Exigimos la presentaci\u00f3n con vida de los compa\u00f1eros Bases de Apoyo Zapatista de la Junta de Buen Gobierno \u00abNuevo Amanecer en Resistencia y Rebeld\u00eda por la Vida y la Humanidad\u00bb Al Ej\u00e9rcito Zapatista de Liberaci\u00f3n Nacional A las Bases de Apoyo Zapatista Al Congreso Nacional Ind\u00edgena Al Concejo Ind\u00edgena de Gobierno A la Sexta Nacional [&hellip;]<\/p>\n","protected":false},"author":1,"featured_media":0,"comment_status":"open","ping_status":"closed","sticky":false,"template":"","format":"standard","meta":{"footnotes":""},"categories":[6,1024,943,955,183],"tags":[260,23],"class_list":["post-39482","post","type-post","status-publish","format-standard","hentry","category-chiapas","category-cni-temas","category-cni","category-ezln-temas","category-blog","tag-orcao","tag-paramilitares"],"_links":{"self":[{"href":"https:\/\/radiozapatista.org\/index.php?rest_route=\/wp\/v2\/posts\/39482","targetHints":{"allow":["GET"]}}],"collection":[{"href":"https:\/\/radiozapatista.org\/index.php?rest_route=\/wp\/v2\/posts"}],"about":[{"href":"https:\/\/radiozapatista.org\/index.php?rest_route=\/wp\/v2\/types\/post"}],"author":[{"embeddable":true,"href":"https:\/\/radiozapatista.org\/index.php?rest_route=\/wp\/v2\/users\/1"}],"replies":[{"embeddable":true,"href":"https:\/\/radiozapatista.org\/index.php?rest_route=%2Fwp%2Fv2%2Fcomments&post=39482"}],"version-history":[{"count":1,"href":"https:\/\/radiozapatista.org\/index.php?rest_route=\/wp\/v2\/posts\/39482\/revisions"}],"predecessor-version":[{"id":39483,"href":"https:\/\/radiozapatista.org\/index.php?rest_route=\/wp\/v2\/posts\/39482\/revisions\/39483"}],"wp:attachment":[{"href":"https:\/\/radiozapatista.org\/index.php?rest_route=%2Fwp%2Fv2%2Fmedia&parent=39482"}],"wp:term":[{"taxonomy":"category","embeddable":true,"href":"https:\/\/radiozapatista.org\/index.php?rest_route=%2Fwp%2Fv2%2Fcategories&post=39482"},{"taxonomy":"post_tag","embeddable":true,"href":"https:\/\/radiozapatista.org\/index.php?rest_route=%2Fwp%2Fv2%2Ftags&post=39482"}],"curies":[{"name":"wp","href":"https:\/\/api.w.org\/{rel}","templated":true}]}}