{"id":39439,"date":"2021-09-15T10:24:59","date_gmt":"2021-09-15T15:24:59","guid":{"rendered":"https:\/\/radiozapatista.org\/?p=39439"},"modified":"2021-09-15T10:36:42","modified_gmt":"2021-09-15T15:36:42","slug":"desaparicion-de-dos-integrantes-de-la-junta-de-buen-gobierno-patria-nueva-caracol-10-por-parte-de-la-orcao","status":"publish","type":"post","link":"https:\/\/radiozapatista.org\/?p=39439","title":{"rendered":"Desaparici\u00f3n de dos integrantes de la Junta de Buen Gobierno Patria Nueva, Caracol 10, por parte de la ORCAO"},"content":{"rendered":"<p><small>Fuente: <a href=\"https:\/\/www.redajmaq.org\/es\/desaparicion-de-dos-integrantes-de-la-junta-de-buen-gobierno-patria-nueva-del-caracol-10\" target=\"_blank\" rel=\"noopener\">Red de Resistencia y Rebeld\u00eda Ajmaq<\/a><\/small><\/p>\n<h3 class=\"post-title\" style=\"text-align: center;\">Desaparici\u00f3n de dos integrantes de la Junta de Buen Gobierno Patria Nueva, del Caracol 10 &#8220;Floreciendo la semilla rebelde&#8221; por parte de la ORCAO<\/h3>\n<div class=\"node__content clearfix\">\n<div class=\"field field--name-body field--type-text-with-summary field--label-hidden field__item\">\n<p style=\"text-align: center;\"><a href=\"https:\/\/radiozapatista.org\/wp-content\/uploads\/2021\/09\/ajmaq-jbg.jpeg\"><img loading=\"lazy\" decoding=\"async\" class=\"aligncenter size-large wp-image-39446\" src=\"https:\/\/radiozapatista.org\/wp-content\/uploads\/2021\/09\/ajmaq-jbg-724x1024.jpeg\" alt=\"\" width=\"724\" height=\"1024\" srcset=\"https:\/\/radiozapatista.org\/wp-content\/uploads\/2021\/09\/ajmaq-jbg-724x1024.jpeg 724w, https:\/\/radiozapatista.org\/wp-content\/uploads\/2021\/09\/ajmaq-jbg-212x300.jpeg 212w, https:\/\/radiozapatista.org\/wp-content\/uploads\/2021\/09\/ajmaq-jbg-768x1086.jpeg 768w, https:\/\/radiozapatista.org\/wp-content\/uploads\/2021\/09\/ajmaq-jbg.jpeg 905w\" sizes=\"auto, (max-width: 724px) 100vw, 724px\" \/><\/a><\/p>\n<p class=\"text-align-right\" style=\"text-align: right;\">Jobel, Chiapas, M\u00e9xico<br \/>\na 14 de septiembre de 2021<\/p>\n<p>A los pueblos del mundo<br \/>\nAl Congreso Nacional Ind\u00edgena<br \/>\nAl Concejo Ind\u00edgena de Gobierno<br \/>\nA la Sexta Nacional e Internacional<br \/>\nA las Redes de Resistencia y Rebeld\u00edas<\/p>\n<p>Hermanas, hermanos, compa\u00f1eras y compa\u00f1eroas: Denunciamos el discurso hip\u00f3crita, mentiroso y chapusero del gobierno federal de Andr\u00e9s Manuel L\u00f3pez Obrador, del gobernador del estado de Chiapas Rutilio Escand\u00f3n Cadenas de respetar las autonom\u00edas de los Pueblos Originarios, cuando en realidad ha implementado una serie de acciones de contrainsurgencia contra las Autonom\u00edas que caminan los pueblos del Ej\u00e9rcito Zapatista de Liberaci\u00f3n Nacional y sus Bases de Apoyo.<\/p>\n<p>Hoy damos a conocer, con la permisibilidad de los tres niveles del mal gobierno \u2014municipal, estatal y federal\u2014, el secuestro de dos integrantes de la Junta de Buen Gobierno &#8220;Nuevo Amanecer en Resistencia y Rebeld\u00eda por la Vida y la Humanidad&#8221;, Caracol 10 &#8220;Floreciendo la semilla rebelde&#8221;.<\/p>\n<p>Los dos integrantes de la Junta de Buen Gobierno, Jos\u00e9 Antonio S\u00e1nchez Ju\u00e1rez y Sebasti\u00e1n N\u00fa\u00f1ez P\u00e9rez, salieron el d\u00eda 11 de septiembre de este a\u00f1o, como a las 8 de la ma\u00f1ana, de la sede de la Junta en una camioneta de redila con placas CW-0001-C a realizar una tarea de la\u00a0Junta en otro lugar. Al no recibir informaci\u00f3n, la Junta inici\u00f3 un proceso de b\u00fasqueda, localizando la camioneta en la comunidad 7 de Febrero, municipio de Ocosingo, Chiapas. Cabe recordar que esta localidad es la sede de la Organizaci\u00f3n Regional de Cafeticultores de Ocosingo (ORCAO) \u2014en donde, seg\u00fan informaci\u00f3n, fueron detenidos los dos integrantes de la Junta en lo que ha sido leg\u00edtimamente territorio del EZLN y donde se sembr\u00f3 la tienda-cooperativa el Arco Iris como parte de la expresi\u00f3n de la econom\u00eda aut\u00f3noma zapatista. Hasta la fecha y hora, martes 14 de septiembre, la JBG no ha podido ver a los detenidos, verificar su estado de salud, ni constatar el lugar donde se encuentran, por lo que est\u00e1n en calidad de desaparecidos.<\/p>\n<p><a href=\"https:\/\/radiozapatista.org\/?tag=orcao\">La ORCAO ha perpetrado una serie de acciones criminales<\/a> contra las Bases de Apoyo del EZLN de la comunidad aut\u00f3noma Mois\u00e9s-Gandhi desde hace varios meses. Siendo los actos m\u00e1s despreciables, aquellos registrados desde agosto del 2020, donde se ejecut\u00f3 de forma violenta el saqueo, robo, destrucci\u00f3n y quema de la tienda-cooperativa aut\u00f3noma el Arco Iris, el secuestro del Base de Apoyo del EZLN F\u00e9lix L\u00f3pez Hern\u00e1ndez el d\u00eda 8 de noviembre de 2020 y\u00a0 el secuestro de dos defensores de Derechos Humanos del Centro de Derechos Humanos Fray Bartolom\u00e9 de Las Casas el 12 de abril del presente a\u00f1o. Nuevamente este a\u00f1o, en el mes de septiembre, vuelven a insistir con sus acciones delincuenciales. Esta escalada de violencia orquestada desde los altos poderes del gobierno federal se enmarca en la iniciativa del EZLN \u201cTraves\u00eda por la Vida Capitulo Europa\u201d. Iniciativa organizativa que busca expandir, de forma pac\u00edfica y creativa, la semilla de la resistencia-rebeld\u00eda por la humanidad y la Madre Tierra, es decir: por la Vida.<\/p>\n<p>Por tales hechos exigimos la presentaci\u00f3n con vida de los Bases de Apoyo de EZLN Jos\u00e9 Antonio S\u00e1nchez Ju\u00e1rez y Sebasti\u00e1n N\u00fa\u00f1ez P\u00e9rez.<br \/>\n<!--more--><\/p>\n<p style=\"text-align: center;\">Cesen el hostigamiento a la Autonom\u00eda y la Vida que construye el EZLN<\/p>\n<p style=\"text-align: center;\">Compa\u00f1eros Bases de Apoyo: \u00a1No est\u00e1n solos! \u00a1Si tocan a uno a una nos tocan a todos a todas!<\/p>\n<p>Convocamos a las y los compa\u00f1eras de las Redes de Resistencia y Rebeld\u00eda, a los adherentes a la Sexta Nacional e Internacional manifiesten su exigencia por la aparici\u00f3n con vida de los compa\u00f1eros integrantes de la Junta de Buen Gobierno.<\/p>\n<p class=\"text-align-center\"><strong>Red de Resistencias y Rebeld\u00edas AJMAQ.<\/strong><br \/>\nGrupo de Trabajo No Estamos Todos y Todas<br \/>\nEspacio de Lucha contra el Olvido y la Represi\u00f3n (ELCOR)<br \/>\nConsejo Aut\u00f3nomo de la Costa<br \/>\nCentro de Derechos de la Mujer de Chiapas AC (CDMCH)<br \/>\nEl Puente<br \/>\nPromedios de Comunicaci\u00f3n Comunitaria<br \/>\nBizilur<br \/>\nDiana Itzu Luna<br \/>\nElena Mor\u00faa<br \/>\nKarela Contreras<br \/>\nBarbara Riviello<br \/>\nGustavo B\u00e1rcenas<\/p>\n<p>Si quieres agregar tu firma escribe a: ajmaq_chiapas@riseup.net<\/p>\n<p>(Foto de portada: <a href=\"http:\/\/pozol.org\/\">Pozol Colectivo<\/a>)<\/p>\n<p>&nbsp;<\/p>\n<\/div>\n<\/div>\n<p><\/p>","protected":false},"excerpt":{"rendered":"<p>Fuente: Red de Resistencia y Rebeld\u00eda Ajmaq Desaparici\u00f3n de dos integrantes de la Junta de Buen Gobierno Patria Nueva, del Caracol 10 &#8220;Floreciendo la semilla rebelde&#8221; por parte de la ORCAO Jobel, Chiapas, M\u00e9xico a 14 de septiembre de 2021 A los pueblos del mundo Al Congreso Nacional Ind\u00edgena Al Concejo Ind\u00edgena de Gobierno A [&hellip;]<\/p>\n","protected":false},"author":1,"featured_media":39440,"comment_status":"open","ping_status":"closed","sticky":false,"template":"","format":"standard","meta":{"footnotes":""},"categories":[6,955,826],"tags":[297,1310,260,23],"class_list":["post-39439","post","type-post","status-publish","format-standard","has-post-thumbnail","hentry","category-chiapas","category-ezln-temas","category-medios-libres-2","tag-caracoles","tag-juntas-de-buen-gobierno","tag-orcao","tag-paramilitares"],"_links":{"self":[{"href":"https:\/\/radiozapatista.org\/index.php?rest_route=\/wp\/v2\/posts\/39439","targetHints":{"allow":["GET"]}}],"collection":[{"href":"https:\/\/radiozapatista.org\/index.php?rest_route=\/wp\/v2\/posts"}],"about":[{"href":"https:\/\/radiozapatista.org\/index.php?rest_route=\/wp\/v2\/types\/post"}],"author":[{"embeddable":true,"href":"https:\/\/radiozapatista.org\/index.php?rest_route=\/wp\/v2\/users\/1"}],"replies":[{"embeddable":true,"href":"https:\/\/radiozapatista.org\/index.php?rest_route=%2Fwp%2Fv2%2Fcomments&post=39439"}],"version-history":[{"count":3,"href":"https:\/\/radiozapatista.org\/index.php?rest_route=\/wp\/v2\/posts\/39439\/revisions"}],"predecessor-version":[{"id":39447,"href":"https:\/\/radiozapatista.org\/index.php?rest_route=\/wp\/v2\/posts\/39439\/revisions\/39447"}],"wp:featuredmedia":[{"embeddable":true,"href":"https:\/\/radiozapatista.org\/index.php?rest_route=\/wp\/v2\/media\/39440"}],"wp:attachment":[{"href":"https:\/\/radiozapatista.org\/index.php?rest_route=%2Fwp%2Fv2%2Fmedia&parent=39439"}],"wp:term":[{"taxonomy":"category","embeddable":true,"href":"https:\/\/radiozapatista.org\/index.php?rest_route=%2Fwp%2Fv2%2Fcategories&post=39439"},{"taxonomy":"post_tag","embeddable":true,"href":"https:\/\/radiozapatista.org\/index.php?rest_route=%2Fwp%2Fv2%2Ftags&post=39439"}],"curies":[{"name":"wp","href":"https:\/\/api.w.org\/{rel}","templated":true}]}}