{"id":39434,"date":"2021-09-14T09:39:23","date_gmt":"2021-09-14T14:39:23","guid":{"rendered":"https:\/\/radiozapatista.org\/?p=39434"},"modified":"2021-09-14T09:39:23","modified_gmt":"2021-09-14T14:39:23","slug":"ezln-viaja-a-austria-desde-aicm-fotogaleria-el-sombrero-tzotzil","status":"publish","type":"post","link":"https:\/\/radiozapatista.org\/?p=39434","title":{"rendered":"EZLN viaja a Austria desde AICM (Fotogaler\u00eda)+ El sombrero tzotzil"},"content":{"rendered":"<p>177 integrantes del Ej\u00e9rcito Zapatista de Liberaci\u00f3n Nacional (EZLN) viajaron este 13 de septiembre con direcci\u00f3n a la ciudad de Viena en Austria, como parte de La Gira por la Vida. Desde las 8 de la ma\u00f1ana el primer grupo arrib\u00f3 al Aeropuerto Internacional de la Ciudad de M\u00e9xico. En esta avanzada est\u00e1 integrado el Subcomandante Insurgente Mois\u00e9s.<\/p>\n<p><img loading=\"lazy\" decoding=\"async\" class=\"aligncenter size-full wp-image-13316 td-animation-stack-type0-2\" src=\"https:\/\/regeneracionradio.org\/wp-content\/uploads\/2021\/09\/DSC8347.jpg\" sizes=\"auto, (max-width: 1200px) 100vw, 1200px\" srcset=\"https:\/\/regeneracionradio.org\/wp-content\/uploads\/2021\/09\/DSC8347.jpg 1200w, https:\/\/regeneracionradio.org\/wp-content\/uploads\/2021\/09\/DSC8347-300x200.jpg 300w, https:\/\/regeneracionradio.org\/wp-content\/uploads\/2021\/09\/DSC8347-1024x683.jpg 1024w, https:\/\/regeneracionradio.org\/wp-content\/uploads\/2021\/09\/DSC8347-768x512.jpg 768w, https:\/\/regeneracionradio.org\/wp-content\/uploads\/2021\/09\/DSC8347-150x100.jpg 150w, https:\/\/regeneracionradio.org\/wp-content\/uploads\/2021\/09\/DSC8347-696x464.jpg 696w, https:\/\/regeneracionradio.org\/wp-content\/uploads\/2021\/09\/DSC8347-1068x712.jpg 1068w, https:\/\/regeneracionradio.org\/wp-content\/uploads\/2021\/09\/DSC8347-630x420.jpg 630w, https:\/\/regeneracionradio.org\/wp-content\/uploads\/2021\/09\/DSC8347-600x400.jpg 600w\" alt=\"\" width=\"1200\" height=\"800\" \/><\/p>\n<p><!--more--><img loading=\"lazy\" decoding=\"async\" class=\"aligncenter size-full wp-image-13317 td-animation-stack-type0-2\" src=\"https:\/\/regeneracionradio.org\/wp-content\/uploads\/2021\/09\/DSC8415.jpg\" sizes=\"auto, (max-width: 1200px) 100vw, 1200px\" srcset=\"https:\/\/regeneracionradio.org\/wp-content\/uploads\/2021\/09\/DSC8415.jpg 1200w, https:\/\/regeneracionradio.org\/wp-content\/uploads\/2021\/09\/DSC8415-300x200.jpg 300w, https:\/\/regeneracionradio.org\/wp-content\/uploads\/2021\/09\/DSC8415-1024x683.jpg 1024w, https:\/\/regeneracionradio.org\/wp-content\/uploads\/2021\/09\/DSC8415-768x512.jpg 768w, https:\/\/regeneracionradio.org\/wp-content\/uploads\/2021\/09\/DSC8415-150x100.jpg 150w, https:\/\/regeneracionradio.org\/wp-content\/uploads\/2021\/09\/DSC8415-696x464.jpg 696w, https:\/\/regeneracionradio.org\/wp-content\/uploads\/2021\/09\/DSC8415-1068x712.jpg 1068w, https:\/\/regeneracionradio.org\/wp-content\/uploads\/2021\/09\/DSC8415-630x420.jpg 630w, https:\/\/regeneracionradio.org\/wp-content\/uploads\/2021\/09\/DSC8415-600x400.jpg 600w\" alt=\"\" width=\"1200\" height=\"800\" \/><\/p>\n<p><img loading=\"lazy\" decoding=\"async\" class=\"aligncenter size-full wp-image-13318 td-animation-stack-type0-2\" src=\"https:\/\/regeneracionradio.org\/wp-content\/uploads\/2021\/09\/DSC8543.jpg\" sizes=\"auto, (max-width: 1200px) 100vw, 1200px\" srcset=\"https:\/\/regeneracionradio.org\/wp-content\/uploads\/2021\/09\/DSC8543.jpg 1200w, https:\/\/regeneracionradio.org\/wp-content\/uploads\/2021\/09\/DSC8543-300x200.jpg 300w, https:\/\/regeneracionradio.org\/wp-content\/uploads\/2021\/09\/DSC8543-1024x683.jpg 1024w, https:\/\/regeneracionradio.org\/wp-content\/uploads\/2021\/09\/DSC8543-768x512.jpg 768w, https:\/\/regeneracionradio.org\/wp-content\/uploads\/2021\/09\/DSC8543-150x100.jpg 150w, https:\/\/regeneracionradio.org\/wp-content\/uploads\/2021\/09\/DSC8543-696x464.jpg 696w, https:\/\/regeneracionradio.org\/wp-content\/uploads\/2021\/09\/DSC8543-1068x712.jpg 1068w, https:\/\/regeneracionradio.org\/wp-content\/uploads\/2021\/09\/DSC8543-630x420.jpg 630w, https:\/\/regeneracionradio.org\/wp-content\/uploads\/2021\/09\/DSC8543-600x400.jpg 600w\" alt=\"\" width=\"1200\" height=\"800\" \/><\/p>\n<p>La formaci\u00f3n zapatista permaneci\u00f3 dos horas y media para efectuar el protocolo aeroportuario de documentaci\u00f3n y abordaje. El grupo de rebeldes lleva caretas y cubrebocas. No llevan pasamonta\u00f1as. Sus maletas se distinguen de todas las dem\u00e1s por una ilustraci\u00f3n colocada en ellas, es el el logotipo de esta comisi\u00f3n denominada \u201cLa Extempor\u00e1nea\u201d.<\/p>\n<p>Los grupos de apoyo de la Ciudad de M\u00e9xico y las organizaciones internacionales acompa\u00f1aron a los sure\u00f1os para que la documentaci\u00f3n fuera m\u00e1s \u00e1gil. El vuelo IB6400 despeg\u00f3 pasando el medio d\u00eda y el IB6402 est\u00e1 programado para las 8:45 de la noche. Ambos realizar\u00e1n una escala en Madrid, Espa\u00f1a.<\/p>\n<p><img loading=\"lazy\" decoding=\"async\" class=\"aligncenter size-full wp-image-13319 td-animation-stack-type0-2\" src=\"https:\/\/regeneracionradio.org\/wp-content\/uploads\/2021\/09\/01_EZLN_La_Extemporanea.jpg\" sizes=\"auto, (max-width: 1200px) 100vw, 1200px\" srcset=\"https:\/\/regeneracionradio.org\/wp-content\/uploads\/2021\/09\/01_EZLN_La_Extemporanea.jpg 1200w, https:\/\/regeneracionradio.org\/wp-content\/uploads\/2021\/09\/01_EZLN_La_Extemporanea-300x200.jpg 300w, https:\/\/regeneracionradio.org\/wp-content\/uploads\/2021\/09\/01_EZLN_La_Extemporanea-1024x683.jpg 1024w, https:\/\/regeneracionradio.org\/wp-content\/uploads\/2021\/09\/01_EZLN_La_Extemporanea-768x512.jpg 768w, https:\/\/regeneracionradio.org\/wp-content\/uploads\/2021\/09\/01_EZLN_La_Extemporanea-150x100.jpg 150w, https:\/\/regeneracionradio.org\/wp-content\/uploads\/2021\/09\/01_EZLN_La_Extemporanea-696x464.jpg 696w, https:\/\/regeneracionradio.org\/wp-content\/uploads\/2021\/09\/01_EZLN_La_Extemporanea-1068x712.jpg 1068w, https:\/\/regeneracionradio.org\/wp-content\/uploads\/2021\/09\/01_EZLN_La_Extemporanea-630x420.jpg 630w, https:\/\/regeneracionradio.org\/wp-content\/uploads\/2021\/09\/01_EZLN_La_Extemporanea-600x400.jpg 600w\" alt=\"\" width=\"1200\" height=\"800\" \/><\/p>\n<p><img loading=\"lazy\" decoding=\"async\" class=\"aligncenter size-full wp-image-13320 td-animation-stack-type0-2\" src=\"https:\/\/regeneracionradio.org\/wp-content\/uploads\/2021\/09\/02_EZLN_La_Extemporanea.jpg\" sizes=\"auto, (max-width: 1200px) 100vw, 1200px\" srcset=\"https:\/\/regeneracionradio.org\/wp-content\/uploads\/2021\/09\/02_EZLN_La_Extemporanea.jpg 1200w, https:\/\/regeneracionradio.org\/wp-content\/uploads\/2021\/09\/02_EZLN_La_Extemporanea-300x200.jpg 300w, https:\/\/regeneracionradio.org\/wp-content\/uploads\/2021\/09\/02_EZLN_La_Extemporanea-1024x683.jpg 1024w, https:\/\/regeneracionradio.org\/wp-content\/uploads\/2021\/09\/02_EZLN_La_Extemporanea-768x512.jpg 768w, https:\/\/regeneracionradio.org\/wp-content\/uploads\/2021\/09\/02_EZLN_La_Extemporanea-150x100.jpg 150w, https:\/\/regeneracionradio.org\/wp-content\/uploads\/2021\/09\/02_EZLN_La_Extemporanea-696x464.jpg 696w, https:\/\/regeneracionradio.org\/wp-content\/uploads\/2021\/09\/02_EZLN_La_Extemporanea-1068x712.jpg 1068w, https:\/\/regeneracionradio.org\/wp-content\/uploads\/2021\/09\/02_EZLN_La_Extemporanea-630x420.jpg 630w, https:\/\/regeneracionradio.org\/wp-content\/uploads\/2021\/09\/02_EZLN_La_Extemporanea-600x400.jpg 600w\" alt=\"\" width=\"1200\" height=\"800\" \/><\/p>\n<p><img loading=\"lazy\" decoding=\"async\" class=\"aligncenter size-full wp-image-13321 td-animation-stack-type0-2\" src=\"https:\/\/regeneracionradio.org\/wp-content\/uploads\/2021\/09\/03_EZLN_La_Extemporanea.jpg\" sizes=\"auto, (max-width: 1200px) 100vw, 1200px\" srcset=\"https:\/\/regeneracionradio.org\/wp-content\/uploads\/2021\/09\/03_EZLN_La_Extemporanea.jpg 1200w, https:\/\/regeneracionradio.org\/wp-content\/uploads\/2021\/09\/03_EZLN_La_Extemporanea-300x200.jpg 300w, https:\/\/regeneracionradio.org\/wp-content\/uploads\/2021\/09\/03_EZLN_La_Extemporanea-1024x683.jpg 1024w, https:\/\/regeneracionradio.org\/wp-content\/uploads\/2021\/09\/03_EZLN_La_Extemporanea-768x512.jpg 768w, https:\/\/regeneracionradio.org\/wp-content\/uploads\/2021\/09\/03_EZLN_La_Extemporanea-150x100.jpg 150w, https:\/\/regeneracionradio.org\/wp-content\/uploads\/2021\/09\/03_EZLN_La_Extemporanea-696x464.jpg 696w, https:\/\/regeneracionradio.org\/wp-content\/uploads\/2021\/09\/03_EZLN_La_Extemporanea-1068x712.jpg 1068w, https:\/\/regeneracionradio.org\/wp-content\/uploads\/2021\/09\/03_EZLN_La_Extemporanea-630x420.jpg 630w, https:\/\/regeneracionradio.org\/wp-content\/uploads\/2021\/09\/03_EZLN_La_Extemporanea-600x400.jpg 600w\" alt=\"\" width=\"1200\" height=\"800\" \/><\/p>\n<p>***<\/p>\n<p><strong>El sombrero tzotzil<\/strong><\/p>\n<p>En la palabra zapatista los colores son importantes. En 2001 el Subcomandante Marcos (ahora Galeano) pronunci\u00f3: \u201cSomos del color de la tierra. El que es gente. El que es monta\u00f1a. El que est\u00e1 pintado de color\u201d. En aquel discurso de la marcha del color de la tierra, frente a miles en el Z\u00f3calo capitalino de la Ciudad de M\u00e9xico, dir\u00eda que la lucha tiene muchos caminos y concluir\u00eda: \u201cUn solo destino tiene: ser color con todos los colores que visten a la tierra\u201d.<\/p>\n<p><img loading=\"lazy\" decoding=\"async\" class=\"aligncenter size-full wp-image-13322 td-animation-stack-type0-2\" src=\"https:\/\/regeneracionradio.org\/wp-content\/uploads\/2021\/09\/04_EZLN_La_Extemporanea.jpg\" sizes=\"auto, (max-width: 1200px) 100vw, 1200px\" srcset=\"https:\/\/regeneracionradio.org\/wp-content\/uploads\/2021\/09\/04_EZLN_La_Extemporanea.jpg 1200w, https:\/\/regeneracionradio.org\/wp-content\/uploads\/2021\/09\/04_EZLN_La_Extemporanea-300x200.jpg 300w, https:\/\/regeneracionradio.org\/wp-content\/uploads\/2021\/09\/04_EZLN_La_Extemporanea-1024x683.jpg 1024w, https:\/\/regeneracionradio.org\/wp-content\/uploads\/2021\/09\/04_EZLN_La_Extemporanea-768x512.jpg 768w, https:\/\/regeneracionradio.org\/wp-content\/uploads\/2021\/09\/04_EZLN_La_Extemporanea-150x100.jpg 150w, https:\/\/regeneracionradio.org\/wp-content\/uploads\/2021\/09\/04_EZLN_La_Extemporanea-696x464.jpg 696w, https:\/\/regeneracionradio.org\/wp-content\/uploads\/2021\/09\/04_EZLN_La_Extemporanea-1068x712.jpg 1068w, https:\/\/regeneracionradio.org\/wp-content\/uploads\/2021\/09\/04_EZLN_La_Extemporanea-630x420.jpg 630w, https:\/\/regeneracionradio.org\/wp-content\/uploads\/2021\/09\/04_EZLN_La_Extemporanea-600x400.jpg 600w\" alt=\"\" width=\"1200\" height=\"800\" \/><\/p>\n<p><img loading=\"lazy\" decoding=\"async\" class=\"aligncenter size-full wp-image-13323 td-animation-stack-type0-2\" src=\"https:\/\/regeneracionradio.org\/wp-content\/uploads\/2021\/09\/05_EZLN_La_Extemporanea.jpg\" sizes=\"auto, (max-width: 1200px) 100vw, 1200px\" srcset=\"https:\/\/regeneracionradio.org\/wp-content\/uploads\/2021\/09\/05_EZLN_La_Extemporanea.jpg 1200w, https:\/\/regeneracionradio.org\/wp-content\/uploads\/2021\/09\/05_EZLN_La_Extemporanea-300x200.jpg 300w, https:\/\/regeneracionradio.org\/wp-content\/uploads\/2021\/09\/05_EZLN_La_Extemporanea-1024x683.jpg 1024w, https:\/\/regeneracionradio.org\/wp-content\/uploads\/2021\/09\/05_EZLN_La_Extemporanea-768x512.jpg 768w, https:\/\/regeneracionradio.org\/wp-content\/uploads\/2021\/09\/05_EZLN_La_Extemporanea-150x100.jpg 150w, https:\/\/regeneracionradio.org\/wp-content\/uploads\/2021\/09\/05_EZLN_La_Extemporanea-696x464.jpg 696w, https:\/\/regeneracionradio.org\/wp-content\/uploads\/2021\/09\/05_EZLN_La_Extemporanea-1068x712.jpg 1068w, https:\/\/regeneracionradio.org\/wp-content\/uploads\/2021\/09\/05_EZLN_La_Extemporanea-630x420.jpg 630w, https:\/\/regeneracionradio.org\/wp-content\/uploads\/2021\/09\/05_EZLN_La_Extemporanea-600x400.jpg 600w\" alt=\"\" width=\"1200\" height=\"800\" \/><\/p>\n<p><img loading=\"lazy\" decoding=\"async\" class=\"aligncenter size-full wp-image-13324 td-animation-stack-type0-2\" src=\"https:\/\/regeneracionradio.org\/wp-content\/uploads\/2021\/09\/06_EZLN_La_Extemporanea.jpg\" sizes=\"auto, (max-width: 1200px) 100vw, 1200px\" srcset=\"https:\/\/regeneracionradio.org\/wp-content\/uploads\/2021\/09\/06_EZLN_La_Extemporanea.jpg 1200w, https:\/\/regeneracionradio.org\/wp-content\/uploads\/2021\/09\/06_EZLN_La_Extemporanea-300x200.jpg 300w, https:\/\/regeneracionradio.org\/wp-content\/uploads\/2021\/09\/06_EZLN_La_Extemporanea-1024x683.jpg 1024w, https:\/\/regeneracionradio.org\/wp-content\/uploads\/2021\/09\/06_EZLN_La_Extemporanea-768x512.jpg 768w, https:\/\/regeneracionradio.org\/wp-content\/uploads\/2021\/09\/06_EZLN_La_Extemporanea-150x100.jpg 150w, https:\/\/regeneracionradio.org\/wp-content\/uploads\/2021\/09\/06_EZLN_La_Extemporanea-696x464.jpg 696w, https:\/\/regeneracionradio.org\/wp-content\/uploads\/2021\/09\/06_EZLN_La_Extemporanea-1068x712.jpg 1068w, https:\/\/regeneracionradio.org\/wp-content\/uploads\/2021\/09\/06_EZLN_La_Extemporanea-630x420.jpg 630w, https:\/\/regeneracionradio.org\/wp-content\/uploads\/2021\/09\/06_EZLN_La_Extemporanea-600x400.jpg 600w\" alt=\"\" width=\"1200\" height=\"800\" \/><\/p>\n<p>Para el zapatismo, el sombrero tzotzil es un s\u00edmbolo de la diversidad de pensamiento. Del mundo donde caben muchos mundos. Este 2021 viajan esos colores: en los sombreros tzotziles, como el que usa el Comandante David; en los bordados de las mujeres y hombres zapatistas; en las telas de los trajes tojolabales.<\/p>\n<p>Desde las ocho de la ma\u00f1ana La Extempor\u00e1nea entra al aeropuerto en una formaci\u00f3n en fila. En silencio, irrumpen el escenario cl\u00e1sico del Aeropuerto Internacional de la Ciudad de M\u00e9xico. Los blanquecinos y grises tonos de los pisos y los techos quedan desplazados. Llegan mujeres, ni\u00f1as, ni\u00f1os y hombres zapatistas.<\/p>\n<p><img loading=\"lazy\" decoding=\"async\" class=\"aligncenter size-full wp-image-13325 td-animation-stack-type0-2\" src=\"https:\/\/regeneracionradio.org\/wp-content\/uploads\/2021\/09\/DSC8222.jpg\" sizes=\"auto, (max-width: 1200px) 100vw, 1200px\" srcset=\"https:\/\/regeneracionradio.org\/wp-content\/uploads\/2021\/09\/DSC8222.jpg 1200w, https:\/\/regeneracionradio.org\/wp-content\/uploads\/2021\/09\/DSC8222-300x200.jpg 300w, https:\/\/regeneracionradio.org\/wp-content\/uploads\/2021\/09\/DSC8222-1024x683.jpg 1024w, https:\/\/regeneracionradio.org\/wp-content\/uploads\/2021\/09\/DSC8222-768x512.jpg 768w, https:\/\/regeneracionradio.org\/wp-content\/uploads\/2021\/09\/DSC8222-150x100.jpg 150w, https:\/\/regeneracionradio.org\/wp-content\/uploads\/2021\/09\/DSC8222-696x464.jpg 696w, https:\/\/regeneracionradio.org\/wp-content\/uploads\/2021\/09\/DSC8222-1068x712.jpg 1068w, https:\/\/regeneracionradio.org\/wp-content\/uploads\/2021\/09\/DSC8222-630x420.jpg 630w, https:\/\/regeneracionradio.org\/wp-content\/uploads\/2021\/09\/DSC8222-600x400.jpg 600w\" alt=\"\" width=\"1200\" height=\"800\" \/><\/p>\n<p><img loading=\"lazy\" decoding=\"async\" class=\"aligncenter size-full wp-image-13326 td-animation-stack-type0-2\" src=\"https:\/\/regeneracionradio.org\/wp-content\/uploads\/2021\/09\/DSC8255.jpg\" sizes=\"auto, (max-width: 1200px) 100vw, 1200px\" srcset=\"https:\/\/regeneracionradio.org\/wp-content\/uploads\/2021\/09\/DSC8255.jpg 1200w, https:\/\/regeneracionradio.org\/wp-content\/uploads\/2021\/09\/DSC8255-300x200.jpg 300w, https:\/\/regeneracionradio.org\/wp-content\/uploads\/2021\/09\/DSC8255-1024x683.jpg 1024w, https:\/\/regeneracionradio.org\/wp-content\/uploads\/2021\/09\/DSC8255-768x512.jpg 768w, https:\/\/regeneracionradio.org\/wp-content\/uploads\/2021\/09\/DSC8255-150x100.jpg 150w, https:\/\/regeneracionradio.org\/wp-content\/uploads\/2021\/09\/DSC8255-696x464.jpg 696w, https:\/\/regeneracionradio.org\/wp-content\/uploads\/2021\/09\/DSC8255-1068x712.jpg 1068w, https:\/\/regeneracionradio.org\/wp-content\/uploads\/2021\/09\/DSC8255-630x420.jpg 630w, https:\/\/regeneracionradio.org\/wp-content\/uploads\/2021\/09\/DSC8255-600x400.jpg 600w\" alt=\"\" width=\"1200\" height=\"800\" \/><\/p>\n<p><img loading=\"lazy\" decoding=\"async\" class=\"aligncenter size-full wp-image-13327 td-animation-stack-type0-2\" src=\"https:\/\/regeneracionradio.org\/wp-content\/uploads\/2021\/09\/DSC8305.jpg\" sizes=\"auto, (max-width: 1200px) 100vw, 1200px\" srcset=\"https:\/\/regeneracionradio.org\/wp-content\/uploads\/2021\/09\/DSC8305.jpg 1200w, https:\/\/regeneracionradio.org\/wp-content\/uploads\/2021\/09\/DSC8305-300x200.jpg 300w, https:\/\/regeneracionradio.org\/wp-content\/uploads\/2021\/09\/DSC8305-1024x683.jpg 1024w, https:\/\/regeneracionradio.org\/wp-content\/uploads\/2021\/09\/DSC8305-768x512.jpg 768w, https:\/\/regeneracionradio.org\/wp-content\/uploads\/2021\/09\/DSC8305-150x100.jpg 150w, https:\/\/regeneracionradio.org\/wp-content\/uploads\/2021\/09\/DSC8305-696x464.jpg 696w, https:\/\/regeneracionradio.org\/wp-content\/uploads\/2021\/09\/DSC8305-1068x712.jpg 1068w, https:\/\/regeneracionradio.org\/wp-content\/uploads\/2021\/09\/DSC8305-630x420.jpg 630w, https:\/\/regeneracionradio.org\/wp-content\/uploads\/2021\/09\/DSC8305-600x400.jpg 600w\" alt=\"\" width=\"1200\" height=\"800\" \/><\/p>\n<p>No llevan pasamonta\u00f1as, pero cubren sus rostros sin complicaci\u00f3n. Parad\u00f3jicamente, en estos tiempos pand\u00e9micos ya no es mal visto ni tampoco es delito. Cubrebocas negros para protegerse de la pandemia. Caretas que entre dejan ver sus ojos. Salpican colores, como en aquel cuento de <em>La historia de los colores<\/em>, contenido en <em>Los Relatos de El Viejo Antonio.<\/em><\/p>\n<p>Un sombrero tzotzil resalta en todo momento. Es un zapatista que sonr\u00ede al llegar y tambi\u00e9n al irse. Traje de manta arriba de las rodillas y jorongo negro de lana. Una tela roja envuelve su cuello. Huaraches del color de la tierra. Intercambia algunas palabras con el Subcomandante Insurgente Mois\u00e9s. Se organizan para los \u00faltimos detalles del vuelo. Observan el panorama.<\/p>\n<p><img loading=\"lazy\" decoding=\"async\" class=\"aligncenter size-full wp-image-13328 td-animation-stack-type0-2\" src=\"https:\/\/regeneracionradio.org\/wp-content\/uploads\/2021\/09\/07_EZLN_La_Extemporanea.jpg\" sizes=\"auto, (max-width: 1200px) 100vw, 1200px\" srcset=\"https:\/\/regeneracionradio.org\/wp-content\/uploads\/2021\/09\/07_EZLN_La_Extemporanea.jpg 1200w, https:\/\/regeneracionradio.org\/wp-content\/uploads\/2021\/09\/07_EZLN_La_Extemporanea-300x200.jpg 300w, https:\/\/regeneracionradio.org\/wp-content\/uploads\/2021\/09\/07_EZLN_La_Extemporanea-1024x683.jpg 1024w, https:\/\/regeneracionradio.org\/wp-content\/uploads\/2021\/09\/07_EZLN_La_Extemporanea-768x512.jpg 768w, https:\/\/regeneracionradio.org\/wp-content\/uploads\/2021\/09\/07_EZLN_La_Extemporanea-150x100.jpg 150w, https:\/\/regeneracionradio.org\/wp-content\/uploads\/2021\/09\/07_EZLN_La_Extemporanea-696x464.jpg 696w, https:\/\/regeneracionradio.org\/wp-content\/uploads\/2021\/09\/07_EZLN_La_Extemporanea-1068x712.jpg 1068w, https:\/\/regeneracionradio.org\/wp-content\/uploads\/2021\/09\/07_EZLN_La_Extemporanea-630x420.jpg 630w, https:\/\/regeneracionradio.org\/wp-content\/uploads\/2021\/09\/07_EZLN_La_Extemporanea-600x400.jpg 600w\" alt=\"\" width=\"1200\" height=\"800\" \/><\/p>\n<p><img loading=\"lazy\" decoding=\"async\" class=\"aligncenter size-full wp-image-13329 td-animation-stack-type0-2\" src=\"https:\/\/regeneracionradio.org\/wp-content\/uploads\/2021\/09\/08_EZLN_La_Extemporanea.jpg\" sizes=\"auto, (max-width: 1200px) 100vw, 1200px\" srcset=\"https:\/\/regeneracionradio.org\/wp-content\/uploads\/2021\/09\/08_EZLN_La_Extemporanea.jpg 1200w, https:\/\/regeneracionradio.org\/wp-content\/uploads\/2021\/09\/08_EZLN_La_Extemporanea-300x200.jpg 300w, https:\/\/regeneracionradio.org\/wp-content\/uploads\/2021\/09\/08_EZLN_La_Extemporanea-1024x683.jpg 1024w, https:\/\/regeneracionradio.org\/wp-content\/uploads\/2021\/09\/08_EZLN_La_Extemporanea-768x512.jpg 768w, https:\/\/regeneracionradio.org\/wp-content\/uploads\/2021\/09\/08_EZLN_La_Extemporanea-150x100.jpg 150w, https:\/\/regeneracionradio.org\/wp-content\/uploads\/2021\/09\/08_EZLN_La_Extemporanea-696x464.jpg 696w, https:\/\/regeneracionradio.org\/wp-content\/uploads\/2021\/09\/08_EZLN_La_Extemporanea-1068x712.jpg 1068w, https:\/\/regeneracionradio.org\/wp-content\/uploads\/2021\/09\/08_EZLN_La_Extemporanea-630x420.jpg 630w, https:\/\/regeneracionradio.org\/wp-content\/uploads\/2021\/09\/08_EZLN_La_Extemporanea-600x400.jpg 600w\" alt=\"\" width=\"1200\" height=\"800\" \/><\/p>\n<p><img loading=\"lazy\" decoding=\"async\" class=\"aligncenter size-full wp-image-13330 td-animation-stack-type0-2\" src=\"https:\/\/regeneracionradio.org\/wp-content\/uploads\/2021\/09\/12_EZLN_La_Extemporanea.jpg\" sizes=\"auto, (max-width: 1200px) 100vw, 1200px\" srcset=\"https:\/\/regeneracionradio.org\/wp-content\/uploads\/2021\/09\/12_EZLN_La_Extemporanea.jpg 1200w, https:\/\/regeneracionradio.org\/wp-content\/uploads\/2021\/09\/12_EZLN_La_Extemporanea-300x200.jpg 300w, https:\/\/regeneracionradio.org\/wp-content\/uploads\/2021\/09\/12_EZLN_La_Extemporanea-1024x683.jpg 1024w, https:\/\/regeneracionradio.org\/wp-content\/uploads\/2021\/09\/12_EZLN_La_Extemporanea-768x512.jpg 768w, https:\/\/regeneracionradio.org\/wp-content\/uploads\/2021\/09\/12_EZLN_La_Extemporanea-150x100.jpg 150w, https:\/\/regeneracionradio.org\/wp-content\/uploads\/2021\/09\/12_EZLN_La_Extemporanea-696x464.jpg 696w, https:\/\/regeneracionradio.org\/wp-content\/uploads\/2021\/09\/12_EZLN_La_Extemporanea-1068x712.jpg 1068w, https:\/\/regeneracionradio.org\/wp-content\/uploads\/2021\/09\/12_EZLN_La_Extemporanea-630x420.jpg 630w, https:\/\/regeneracionradio.org\/wp-content\/uploads\/2021\/09\/12_EZLN_La_Extemporanea-600x400.jpg 600w\" alt=\"\" width=\"1200\" height=\"800\" \/><\/p>\n<p>Las manos tzotziles, tzeltales, choles, tojolabales y mayas, tienen en sus manos lo necesario para viajar a pesar de que la Secretar\u00eda de Relaciones Exteriores (SRE) se los neg\u00f3 antes. Victoria del zapatismo: arrebatar sus pasaportes a las instituciones mexicanas y dejar en evidencia el racismo con el que operan todos los d\u00edas. No es la primera vez que lo niegan a los pueblos originarios. Tampoco es la primera vez que faltan traductores para los tr\u00e1mites o una peque\u00f1a dosis de \u201caprender a escuchar\u201d. Esa historia es un reflejo de todo el aparato gubernamental en M\u00e9xico.<\/p>\n<p>Pero los pasaportes est\u00e1n ah\u00ed y el avi\u00f3n a pocas horas de despegar. Adentro del documento azul marino viene el boleto. As\u00ed es como documenta sus pertenencias la Fuerza A\u00e9rea Zapatista. El relevo del Escuadr\u00f3n 421 ya va en camino: el Comando Palomitas, las j\u00f3venes milicianas y probablemente \u00abla ni\u00f1a que llora en Chol\u00bb de la que nos cont\u00f3 el Subcomandante Insurgente Galeano en uno de los comunicados del mes de septiembre.<\/p>\n<p><img loading=\"lazy\" decoding=\"async\" class=\"aligncenter size-full wp-image-13331 td-animation-stack-type0-2\" src=\"https:\/\/regeneracionradio.org\/wp-content\/uploads\/2021\/09\/DSC8327.jpg\" sizes=\"auto, (max-width: 1200px) 100vw, 1200px\" srcset=\"https:\/\/regeneracionradio.org\/wp-content\/uploads\/2021\/09\/DSC8327.jpg 1200w, https:\/\/regeneracionradio.org\/wp-content\/uploads\/2021\/09\/DSC8327-300x200.jpg 300w, https:\/\/regeneracionradio.org\/wp-content\/uploads\/2021\/09\/DSC8327-1024x683.jpg 1024w, https:\/\/regeneracionradio.org\/wp-content\/uploads\/2021\/09\/DSC8327-768x512.jpg 768w, https:\/\/regeneracionradio.org\/wp-content\/uploads\/2021\/09\/DSC8327-150x100.jpg 150w, https:\/\/regeneracionradio.org\/wp-content\/uploads\/2021\/09\/DSC8327-696x464.jpg 696w, https:\/\/regeneracionradio.org\/wp-content\/uploads\/2021\/09\/DSC8327-1068x712.jpg 1068w, https:\/\/regeneracionradio.org\/wp-content\/uploads\/2021\/09\/DSC8327-630x420.jpg 630w, https:\/\/regeneracionradio.org\/wp-content\/uploads\/2021\/09\/DSC8327-600x400.jpg 600w\" alt=\"\" width=\"1200\" height=\"800\" \/><\/p>\n<p><img loading=\"lazy\" decoding=\"async\" class=\"aligncenter size-full wp-image-13332 td-animation-stack-type0-2\" src=\"https:\/\/regeneracionradio.org\/wp-content\/uploads\/2021\/09\/DSC8463.jpg\" sizes=\"auto, (max-width: 1200px) 100vw, 1200px\" srcset=\"https:\/\/regeneracionradio.org\/wp-content\/uploads\/2021\/09\/DSC8463.jpg 1200w, https:\/\/regeneracionradio.org\/wp-content\/uploads\/2021\/09\/DSC8463-300x201.jpg 300w, https:\/\/regeneracionradio.org\/wp-content\/uploads\/2021\/09\/DSC8463-1024x685.jpg 1024w, https:\/\/regeneracionradio.org\/wp-content\/uploads\/2021\/09\/DSC8463-768x514.jpg 768w, https:\/\/regeneracionradio.org\/wp-content\/uploads\/2021\/09\/DSC8463-150x100.jpg 150w, https:\/\/regeneracionradio.org\/wp-content\/uploads\/2021\/09\/DSC8463-696x466.jpg 696w, https:\/\/regeneracionradio.org\/wp-content\/uploads\/2021\/09\/DSC8463-1068x715.jpg 1068w, https:\/\/regeneracionradio.org\/wp-content\/uploads\/2021\/09\/DSC8463-628x420.jpg 628w, https:\/\/regeneracionradio.org\/wp-content\/uploads\/2021\/09\/DSC8463-600x402.jpg 600w\" alt=\"\" width=\"1200\" height=\"803\" \/><\/p>\n<p><img loading=\"lazy\" decoding=\"async\" class=\"aligncenter size-full wp-image-13334 td-animation-stack-type0-2\" src=\"https:\/\/regeneracionradio.org\/wp-content\/uploads\/2021\/09\/11_EZLN_La_Extemporanea.jpg\" sizes=\"auto, (max-width: 1200px) 100vw, 1200px\" srcset=\"https:\/\/regeneracionradio.org\/wp-content\/uploads\/2021\/09\/11_EZLN_La_Extemporanea.jpg 1200w, https:\/\/regeneracionradio.org\/wp-content\/uploads\/2021\/09\/11_EZLN_La_Extemporanea-300x200.jpg 300w, https:\/\/regeneracionradio.org\/wp-content\/uploads\/2021\/09\/11_EZLN_La_Extemporanea-1024x683.jpg 1024w, https:\/\/regeneracionradio.org\/wp-content\/uploads\/2021\/09\/11_EZLN_La_Extemporanea-768x512.jpg 768w, https:\/\/regeneracionradio.org\/wp-content\/uploads\/2021\/09\/11_EZLN_La_Extemporanea-150x100.jpg 150w, https:\/\/regeneracionradio.org\/wp-content\/uploads\/2021\/09\/11_EZLN_La_Extemporanea-696x464.jpg 696w, https:\/\/regeneracionradio.org\/wp-content\/uploads\/2021\/09\/11_EZLN_La_Extemporanea-1068x712.jpg 1068w, https:\/\/regeneracionradio.org\/wp-content\/uploads\/2021\/09\/11_EZLN_La_Extemporanea-630x420.jpg 630w, https:\/\/regeneracionradio.org\/wp-content\/uploads\/2021\/09\/11_EZLN_La_Extemporanea-600x400.jpg 600w\" alt=\"\" width=\"1200\" height=\"800\" \/><\/p>\n<p>Hay arte transgresor en la irrupci\u00f3n zapatista. Todo el aeropuerto gira en otra direcci\u00f3n. Hay dignidad. El aire de turismo clasista persiste, mas no predomina. Los originarios son centro de atenci\u00f3n. Los guardias privados obedecen las indicaciones de la comisi\u00f3n de seguridad que forma una valla para cuidar de La Extempor\u00e1nea.<\/p>\n<p>El lugar donde despegan y aterrizan aviones se transforma en sombrero tzotzil y en una Guacamaya que se abrir\u00e1 paso entre los aires para encontrarse con el Europa de abajo.<\/p>\n<p>El zapatismo lo dijo en 1994:<\/p>\n<p>\u201c<em>Y as\u00ed fue como la guacamaya se agarr\u00f3 color y ah\u00ed lo anda paseando, por si a los hombres y mujeres se les olvida que muchos son los colores y los pensamientos, y que el mundo ser\u00e1 alegre si todos los colores y todos los pensamientos tienen su lugar\u201d.<\/em><\/p>\n<p><img loading=\"lazy\" decoding=\"async\" class=\"aligncenter size-full wp-image-13335 td-animation-stack-type0-2\" src=\"https:\/\/regeneracionradio.org\/wp-content\/uploads\/2021\/09\/09_EZLN_La_Extemporanea.jpg\" sizes=\"auto, (max-width: 1200px) 100vw, 1200px\" srcset=\"https:\/\/regeneracionradio.org\/wp-content\/uploads\/2021\/09\/09_EZLN_La_Extemporanea.jpg 1200w, https:\/\/regeneracionradio.org\/wp-content\/uploads\/2021\/09\/09_EZLN_La_Extemporanea-300x200.jpg 300w, https:\/\/regeneracionradio.org\/wp-content\/uploads\/2021\/09\/09_EZLN_La_Extemporanea-1024x683.jpg 1024w, https:\/\/regeneracionradio.org\/wp-content\/uploads\/2021\/09\/09_EZLN_La_Extemporanea-768x512.jpg 768w, https:\/\/regeneracionradio.org\/wp-content\/uploads\/2021\/09\/09_EZLN_La_Extemporanea-150x100.jpg 150w, https:\/\/regeneracionradio.org\/wp-content\/uploads\/2021\/09\/09_EZLN_La_Extemporanea-696x464.jpg 696w, https:\/\/regeneracionradio.org\/wp-content\/uploads\/2021\/09\/09_EZLN_La_Extemporanea-1068x712.jpg 1068w, https:\/\/regeneracionradio.org\/wp-content\/uploads\/2021\/09\/09_EZLN_La_Extemporanea-630x420.jpg 630w, https:\/\/regeneracionradio.org\/wp-content\/uploads\/2021\/09\/09_EZLN_La_Extemporanea-600x400.jpg 600w\" alt=\"\" width=\"1200\" height=\"800\" \/> <img loading=\"lazy\" decoding=\"async\" class=\"aligncenter size-full wp-image-13336 td-animation-stack-type0-2\" src=\"https:\/\/regeneracionradio.org\/wp-content\/uploads\/2021\/09\/10_EZLN_La_Extemporanea-1.jpg\" sizes=\"auto, (max-width: 1200px) 100vw, 1200px\" srcset=\"https:\/\/regeneracionradio.org\/wp-content\/uploads\/2021\/09\/10_EZLN_La_Extemporanea-1.jpg 1200w, https:\/\/regeneracionradio.org\/wp-content\/uploads\/2021\/09\/10_EZLN_La_Extemporanea-1-300x200.jpg 300w, https:\/\/regeneracionradio.org\/wp-content\/uploads\/2021\/09\/10_EZLN_La_Extemporanea-1-1024x683.jpg 1024w, https:\/\/regeneracionradio.org\/wp-content\/uploads\/2021\/09\/10_EZLN_La_Extemporanea-1-768x512.jpg 768w, https:\/\/regeneracionradio.org\/wp-content\/uploads\/2021\/09\/10_EZLN_La_Extemporanea-1-150x100.jpg 150w, https:\/\/regeneracionradio.org\/wp-content\/uploads\/2021\/09\/10_EZLN_La_Extemporanea-1-696x464.jpg 696w, https:\/\/regeneracionradio.org\/wp-content\/uploads\/2021\/09\/10_EZLN_La_Extemporanea-1-1068x712.jpg 1068w, https:\/\/regeneracionradio.org\/wp-content\/uploads\/2021\/09\/10_EZLN_La_Extemporanea-1-630x420.jpg 630w, https:\/\/regeneracionradio.org\/wp-content\/uploads\/2021\/09\/10_EZLN_La_Extemporanea-1-600x400.jpg 600w\" alt=\"\" width=\"1200\" height=\"800\" \/><\/p>\n<p><\/p>","protected":false},"excerpt":{"rendered":"<p>177 integrantes del Ej\u00e9rcito Zapatista de Liberaci\u00f3n Nacional (EZLN) viajaron este 13 de septiembre con direcci\u00f3n a la ciudad de Viena en Austria, como parte de La Gira por la Vida. Desde las 8 de la ma\u00f1ana el primer grupo arrib\u00f3 al Aeropuerto Internacional de la Ciudad de M\u00e9xico. En esta avanzada est\u00e1 integrado el [&hellip;]<\/p>\n","protected":false},"author":1,"featured_media":39435,"comment_status":"open","ping_status":"closed","sticky":false,"template":"","format":"standard","meta":{"footnotes":""},"categories":[957,1318,955,949,826,954,953],"tags":[926,1317],"class_list":["post-39434","post","type-post","status-publish","format-standard","has-post-thumbnail","hentry","category-autonomia","category-caravana-zapatista-a-europa","category-ezln-temas","category-fotorreportaje","category-medios-libres-2","category-mexico","category-mundo","tag-ezln","tag-travesia-por-la-vida"],"_links":{"self":[{"href":"https:\/\/radiozapatista.org\/index.php?rest_route=\/wp\/v2\/posts\/39434","targetHints":{"allow":["GET"]}}],"collection":[{"href":"https:\/\/radiozapatista.org\/index.php?rest_route=\/wp\/v2\/posts"}],"about":[{"href":"https:\/\/radiozapatista.org\/index.php?rest_route=\/wp\/v2\/types\/post"}],"author":[{"embeddable":true,"href":"https:\/\/radiozapatista.org\/index.php?rest_route=\/wp\/v2\/users\/1"}],"replies":[{"embeddable":true,"href":"https:\/\/radiozapatista.org\/index.php?rest_route=%2Fwp%2Fv2%2Fcomments&post=39434"}],"version-history":[{"count":1,"href":"https:\/\/radiozapatista.org\/index.php?rest_route=\/wp\/v2\/posts\/39434\/revisions"}],"predecessor-version":[{"id":39436,"href":"https:\/\/radiozapatista.org\/index.php?rest_route=\/wp\/v2\/posts\/39434\/revisions\/39436"}],"wp:featuredmedia":[{"embeddable":true,"href":"https:\/\/radiozapatista.org\/index.php?rest_route=\/wp\/v2\/media\/39435"}],"wp:attachment":[{"href":"https:\/\/radiozapatista.org\/index.php?rest_route=%2Fwp%2Fv2%2Fmedia&parent=39434"}],"wp:term":[{"taxonomy":"category","embeddable":true,"href":"https:\/\/radiozapatista.org\/index.php?rest_route=%2Fwp%2Fv2%2Fcategories&post=39434"},{"taxonomy":"post_tag","embeddable":true,"href":"https:\/\/radiozapatista.org\/index.php?rest_route=%2Fwp%2Fv2%2Ftags&post=39434"}],"curies":[{"name":"wp","href":"https:\/\/api.w.org\/{rel}","templated":true}]}}