{"id":39363,"date":"2021-09-12T15:23:39","date_gmt":"2021-09-12T20:23:39","guid":{"rendered":"https:\/\/radiozapatista.org\/?p=39363"},"modified":"2021-09-12T15:23:39","modified_gmt":"2021-09-12T20:23:39","slug":"desde-slumil-kajxemkop-mil-gracias-carta-de-despedida-al-escuadron-421","status":"publish","type":"post","link":"https:\/\/radiozapatista.org\/?p=39363","title":{"rendered":"[:es]Desde Slumil K&#8217;ajxemk&#8217;op: \u00ab\u00a1Mil Gracias!\u00bb Carta de Despedida al Escuadr\u00f3n 421[:]"},"content":{"rendered":"<p>[:es]<\/p>\n<p style=\"text-align: center;\"><img loading=\"lazy\" decoding=\"async\" class=\"alignnone size-large\" src=\"https:\/\/viajezapatista.eu\/wp-content\/uploads\/esq-site.jpg\" width=\"1000\" height=\"1000\" \/><\/p>\n<p>En alg\u00fan ric\u00f3n de Slumil K\u00b4Ajkemk\u00b4op, septiembre de 2021<\/p>\n<p>Estimad@s Marijose, Lupita, Carolina, Yuli, Ximena, Bernal y Felipe,<\/p>\n<p>l@s que escribimos estas l\u00edneas, somos mujeres, hombres, compa\u00f1eroas, de todas las edades y de todos los rincones de Slumil K\u00b4Ajkemk\u00b4Op y m\u00e1s all\u00e1.<\/p>\n<p>Estuvimos presentes en Vigo, Paris, Barcelona, Madrid, en la ZAD, Basel, Z\u00fcrich, en fin, seguimos su Gira por estas geograf\u00edas y aunque ustedes no nos hayan visto, ah\u00ed estuvimos nosotr@s, haciendo guardia, manejando las compus, tomando videos, fotos, escribiendo, haciendo la seguridad,\u00a0cocinando, limpiando, cuidando,\u00a0organizando y no pocas veces, desorganizando su llegada, su visita, su paso.<\/p>\n<p>Puede ser que no se nos haya notado, o seguramente s\u00ed, pero cada visita de ustedes nos pon\u00eda nervios@s, motivad@s y muy, muy content@s.<\/p>\n<p>Ustedes no lo saben, pero antes de la Gira de ustedes, nosotr@s no nos conociamos. Cada un@ de nosotr@s estaba en su territorio, en su lucha, en su trinchera. La llegada de ustedes a\u00a0 Slumil K\u00b4Ajkemk el 22 de Junio 2021, nos enlaz\u00f3. Primero el enlace fue virtual, despu\u00e9s en persona y puede creerse que cuando nos encontramos en persona, la primera vez en Vigo, fue como si nos hubi\u00e9ramos conocido de toda la vida. Trabajamos, intercambiamos, re\u00edmos y tambi\u00e9n discutimos. Es decir, nos organizamos y pusimos mucha fuerza y mucho coraz\u00f3n en cada una de las fotos, de los videos, de las cr\u00f3nicas, de los carteles anunciando su llegada, en todo pues.<\/p>\n<p>El grupo, el equipo, fue al principio no muy grande, pero fue lindo ver como con cada visita de ustedes el grupo iba creciendo y tod@s con unas ganas enormes de ayudar, cooperar y compartir.<\/p>\n<p>Cuando ustedes l@s Zapatistas dicen \u201corgan\u00edcense\u201d pues eso fue lo que hicimos y no fue f\u00e1cil, pero hemos aprendido un@s de otr@s. La Gira continua ahora con La Extempor\u00e1nea y tambi\u00e9n nuestras ganas de seguir esto que ya comenzamos y no queremos parar.<\/p>\n<p>Puede ser que nos veamos en sus Caracoles, en la Europa Insumisa o en el m\u00e1s all\u00e1, \u00a1pero como sea nuestros corazones rebeldes y solidarios ya est\u00e1n unidos!<\/p>\n<p>Reciban ustedes, Escuadron 421, un abrazo colectivo de tod@s\u00a0 y cada un@ de nosotr@s!<\/p>\n<p>\u00a1Un buen retorno al Caracol!\u00a0Aqu\u00ed ya dejaron la semilla para lo que tenga que venir.<\/p>\n<p>Gracias!<\/p>\n<div class=\"wp-block-spacer\" aria-hidden=\"true\"><\/div>\n<p><strong>Firmas<\/strong><\/p>\n<p>Leticia H. Caf\u00e9 Libertad, amerika21.de<br \/>\nEstuardo Alvarez. Segovia\/Madrid<br \/>\nAlddo Flores. Barfuss Kollektiv, Suiza<br \/>\nMiguel Leone. Coimbra, Portugal<br \/>\nLorena Salamanca. Lisboa, Portugal<br \/>\nEsmeralda Elizalde. Asamblea de Catalunya<br \/>\nLumaltik Herriak<br \/>\nNekane. Radia LoRa, Z\u00fcrich<br \/>\nKramps y Igore. Libradio<br \/>\nClaudiamora. Medio Libre, Suiza\/Barcelona<br \/>\nYuri \u00c1lvarez. Asturies<br \/>\nPikuda Punk. M\u00e9xico, Espa\u00f1a y Austria<br \/>\nCompas Zapatistas. Viena, Austria<br \/>\nGerardo Montes de Oca. Colectivo Acci\u00f3n Solidaria, Viena, Austria<br \/>\nGrupo de apoyo a su Viaje por la Vida. Vaud, Suiza<br \/>\nVanessa Garc\u00eda Blanca. Fot\u00f3grafa documental independiente, Ciudadana del mundo<br \/>\nMatoula. Colectivo Calendario Zapatista, Grecia<br \/>\nEquipo Media \u2013 Yretiemble! Maxrid<br \/>\nNatalia Lizama Larrain.\u00a0Palabreriakolektiva, Chile\/Berlin<br \/>\nDaniel Aguilar Ruvalcaba. Unidad de Inteligencia Libidinal, Pa\u00edses Bajos<br \/>\nMujeres y disidencias de la Sexta en la Otra Europa y Abya Yala \u2013 Red de Resistencia y Rebeld\u00eda<br \/>\nCentro de Documentaci\u00f3n sobre Zapatismo -CEDOZ-<br \/>\nMariana Itzel. M\u00e9xico, Berlin<br \/>\nTrini. Asamblea de Vigo \u2013 Asamblea Galega<br \/>\nRAZB (R\u00e9seau d\u2019accueil des Zapatistes en Belgique). B\u00e9lgica<br \/>\nColectivo Izargain. Donostia<br \/>\nLinda Quiquivix. Sexta Grietas del Norte, EEUU &amp; Guatemala<br \/>\nDaliri Oropeza. Periodista Pie de p\u00e1gina, M\u00e9xico<br \/>\nKristian E. Vasquez. Sexta Grietas del Norte, EEUU &amp; Aztl\u00e1n &amp; M\u00e9xico<br \/>\nMaritza Geronimo. Sexta Grietas del Norte, EEUU &amp; Mexico &amp; Peru<br \/>\nNatalia M. Toscano. Sexta Grietas del Norte, EEUU &amp; Mexico<br \/>\nGustavo Garcia. Sexta Grietas del Norte, EEUU &amp; Mexico<br \/>\nChicanx World Making and Futurities Project and Xicana Tiahui Medio Libre EEUU<br \/>\nAsamblea galega Xira pola Vida. Galiza<br \/>\nJornal MAPA. Portugal<br \/>\nLet\u2019zapatitas. Luxemburgo<br \/>\nGuilhotina.info. Medio libre, Portugal[:]<\/p>\n","protected":false},"excerpt":{"rendered":"<p>[:es] En alg\u00fan ric\u00f3n de Slumil K\u00b4Ajkemk\u00b4op, septiembre de 2021 Estimad@s Marijose, Lupita, Carolina, Yuli, Ximena, Bernal y Felipe, l@s que escribimos estas l\u00edneas, somos mujeres, hombres, compa\u00f1eroas, de todas las edades y de todos los rincones de Slumil K\u00b4Ajkemk\u00b4Op y m\u00e1s all\u00e1. Estuvimos presentes en Vigo, Paris, Barcelona, Madrid, en la ZAD, Basel, Z\u00fcrich, [&hellip;]<\/p>\n","protected":false},"author":1,"featured_media":0,"comment_status":"open","ping_status":"closed","sticky":false,"template":"","format":"standard","meta":{"footnotes":""},"categories":[1318,955,953,183],"tags":[920,1317],"class_list":["post-39363","post","type-post","status-publish","format-standard","hentry","category-caravana-zapatista-a-europa","category-ezln-temas","category-mundo","category-blog","tag-europa","tag-travesia-por-la-vida"],"_links":{"self":[{"href":"https:\/\/radiozapatista.org\/index.php?rest_route=\/wp\/v2\/posts\/39363","targetHints":{"allow":["GET"]}}],"collection":[{"href":"https:\/\/radiozapatista.org\/index.php?rest_route=\/wp\/v2\/posts"}],"about":[{"href":"https:\/\/radiozapatista.org\/index.php?rest_route=\/wp\/v2\/types\/post"}],"author":[{"embeddable":true,"href":"https:\/\/radiozapatista.org\/index.php?rest_route=\/wp\/v2\/users\/1"}],"replies":[{"embeddable":true,"href":"https:\/\/radiozapatista.org\/index.php?rest_route=%2Fwp%2Fv2%2Fcomments&post=39363"}],"version-history":[{"count":1,"href":"https:\/\/radiozapatista.org\/index.php?rest_route=\/wp\/v2\/posts\/39363\/revisions"}],"predecessor-version":[{"id":39365,"href":"https:\/\/radiozapatista.org\/index.php?rest_route=\/wp\/v2\/posts\/39363\/revisions\/39365"}],"wp:attachment":[{"href":"https:\/\/radiozapatista.org\/index.php?rest_route=%2Fwp%2Fv2%2Fmedia&parent=39363"}],"wp:term":[{"taxonomy":"category","embeddable":true,"href":"https:\/\/radiozapatista.org\/index.php?rest_route=%2Fwp%2Fv2%2Fcategories&post=39363"},{"taxonomy":"post_tag","embeddable":true,"href":"https:\/\/radiozapatista.org\/index.php?rest_route=%2Fwp%2Fv2%2Ftags&post=39363"}],"curies":[{"name":"wp","href":"https:\/\/api.w.org\/{rel}","templated":true}]}}