{"id":39332,"date":"2021-09-10T08:17:56","date_gmt":"2021-09-10T13:17:56","guid":{"rendered":"https:\/\/radiozapatista.org\/?p=39332"},"modified":"2021-09-10T15:00:05","modified_gmt":"2021-09-10T20:00:05","slug":"travesia-por-la-vida-inicia-el-viaje-de-la-extemporanea-rumbo-a-europa","status":"publish","type":"post","link":"https:\/\/radiozapatista.org\/?p=39332","title":{"rendered":"[:es]Traves\u00eda por la vida: Inicia el viaje de &#8220;La Extempor\u00e1nea&#8221; rumbo a Europa[:]"},"content":{"rendered":"<p>[:es]San Crist\u00f3bal de Las Casas, 10 de septiembre de 2021. Hoy a las 6 a.m. sali\u00f3 la Delegaci\u00f3n A\u00e9rea Zapatista &#8220;La Extempor\u00e1nea&#8221; del Caracol Jacinto Canek, en San Crist\u00f3bal de Las Casas, a bordo de cuatro autobuses, rumbo a la Ciudad de M\u00e9xico, para de all\u00ed volar a Viena, donde comenzar\u00e1 la segunda fase de la Traves\u00eda por la Vida en la renombrada Europa Insumisa, Slumil K&#8217;ajxemk&#8217;op.<\/p>\n<p style=\"text-align: center;\"><a href=\"https:\/\/radiozapatista.org\/wp-content\/uploads\/2021\/09\/IMG_4647.jpg\"><img loading=\"lazy\" decoding=\"async\" class=\"aligncenter size-large wp-image-39333\" src=\"https:\/\/radiozapatista.org\/wp-content\/uploads\/2021\/09\/IMG_4647-1024x683.jpg\" alt=\"\" width=\"1024\" height=\"683\" srcset=\"https:\/\/radiozapatista.org\/wp-content\/uploads\/2021\/09\/IMG_4647-1024x683.jpg 1024w, https:\/\/radiozapatista.org\/wp-content\/uploads\/2021\/09\/IMG_4647-350x233.jpg 350w, https:\/\/radiozapatista.org\/wp-content\/uploads\/2021\/09\/IMG_4647-768x512.jpg 768w, https:\/\/radiozapatista.org\/wp-content\/uploads\/2021\/09\/IMG_4647-700x466.jpg 700w, https:\/\/radiozapatista.org\/wp-content\/uploads\/2021\/09\/IMG_4647.jpg 1200w\" sizes=\"auto, (max-width: 1024px) 100vw, 1024px\" \/><\/a><\/p>\n<p><a href=\"https:\/\/radiozapatista.org\/wp-content\/uploads\/2021\/09\/IMG_4648.jpg\"><img loading=\"lazy\" decoding=\"async\" class=\"aligncenter size-large wp-image-39334\" src=\"https:\/\/radiozapatista.org\/wp-content\/uploads\/2021\/09\/IMG_4648-1024x683.jpg\" alt=\"\" width=\"1024\" height=\"683\" srcset=\"https:\/\/radiozapatista.org\/wp-content\/uploads\/2021\/09\/IMG_4648-1024x683.jpg 1024w, https:\/\/radiozapatista.org\/wp-content\/uploads\/2021\/09\/IMG_4648-350x233.jpg 350w, https:\/\/radiozapatista.org\/wp-content\/uploads\/2021\/09\/IMG_4648-768x512.jpg 768w, https:\/\/radiozapatista.org\/wp-content\/uploads\/2021\/09\/IMG_4648-700x466.jpg 700w, https:\/\/radiozapatista.org\/wp-content\/uploads\/2021\/09\/IMG_4648.jpg 1200w\" sizes=\"auto, (max-width: 1024px) 100vw, 1024px\" \/><\/a><\/p>\n<p>No han sido pocas las dificultades que han enfrentado los zapatistas para llegar a este momento. Racismo y una burocracia absurda en las instituciones mexicanas a la hora de obtener pasaportes, innumerables trabas por parte de la Uni\u00f3n Europea para poder entrar en el contexto de las muchas restricciones en medio de una nueva ola de contagios por la pandemia del Covid-19, las preparaciones, los costos, la extraordinaria log\u00edstica&#8230;<\/p>\n<p>&#8220;Es una locura este viaje en plena pandemia&#8221;, se dijo tantas veces. Y s\u00ed, una locura que inspira, que ense\u00f1a, que quedar\u00e1 grabada en las mentes y corazones de muchos y muchas de nosotras. En un momento en que el mundo se encierra en s\u00ed mismo, en que la muerte ronda, en que el miedo paraliza, en que la intolerancia se viste de cordura y el control, de sensatez sanitaria, enfrentan los zapatistas todos los obst\u00e1culos y salen, con todas las medidas de seguridad necesarias, a desafiar el miedo, la par\u00e1lisis y la muerte misma. Traves\u00eda por la Vida en el momento m\u00e1s dif\u00edcil, pero tambi\u00e9n el m\u00e1s necesario.<\/p>\n<p><!--more--><\/p>\n<p style=\"text-align: center;\"><a href=\"https:\/\/radiozapatista.org\/wp-content\/uploads\/2021\/09\/IMG_4651.jpg\"><img loading=\"lazy\" decoding=\"async\" class=\"aligncenter size-large wp-image-39335\" src=\"https:\/\/radiozapatista.org\/wp-content\/uploads\/2021\/09\/IMG_4651-1024x683.jpg\" alt=\"\" width=\"1024\" height=\"683\" srcset=\"https:\/\/radiozapatista.org\/wp-content\/uploads\/2021\/09\/IMG_4651-1024x683.jpg 1024w, https:\/\/radiozapatista.org\/wp-content\/uploads\/2021\/09\/IMG_4651-350x233.jpg 350w, https:\/\/radiozapatista.org\/wp-content\/uploads\/2021\/09\/IMG_4651-768x512.jpg 768w, https:\/\/radiozapatista.org\/wp-content\/uploads\/2021\/09\/IMG_4651-700x466.jpg 700w, https:\/\/radiozapatista.org\/wp-content\/uploads\/2021\/09\/IMG_4651.jpg 1200w\" sizes=\"auto, (max-width: 1024px) 100vw, 1024px\" \/><\/a><\/p>\n<p style=\"text-align: center;\"><a href=\"https:\/\/radiozapatista.org\/wp-content\/uploads\/2021\/09\/IMG_4675.jpg\"><img loading=\"lazy\" decoding=\"async\" class=\"aligncenter size-large wp-image-39336\" src=\"https:\/\/radiozapatista.org\/wp-content\/uploads\/2021\/09\/IMG_4675-1024x683.jpg\" alt=\"\" width=\"1024\" height=\"683\" srcset=\"https:\/\/radiozapatista.org\/wp-content\/uploads\/2021\/09\/IMG_4675-1024x683.jpg 1024w, https:\/\/radiozapatista.org\/wp-content\/uploads\/2021\/09\/IMG_4675-350x233.jpg 350w, https:\/\/radiozapatista.org\/wp-content\/uploads\/2021\/09\/IMG_4675-768x512.jpg 768w, https:\/\/radiozapatista.org\/wp-content\/uploads\/2021\/09\/IMG_4675-700x466.jpg 700w, https:\/\/radiozapatista.org\/wp-content\/uploads\/2021\/09\/IMG_4675.jpg 1200w\" sizes=\"auto, (max-width: 1024px) 100vw, 1024px\" \/><\/a><\/p>\n<p>En la caravana viaja la &#8220;<a href=\"https:\/\/radiozapatista.org\/?p=39297\">Secci\u00f3n Miliciana Ixchel-Ramona<\/a>&#8220;, compuesta por 39 milicianas, todas ellas muy j\u00f3venes, encargadas de la seguridad, de formar parte de los grupos de &#8220;Escucha y Palabra&#8221; y de conformar los equipos de futbol que desafiar\u00e1n con su alegr\u00eda a los equipos femininos en el lejano continente. Entre ellas, las ni\u00f1as Defensa Zapatista y Esperanza Zapatista.<\/p>\n<p style=\"text-align: center;\"><a href=\"https:\/\/radiozapatista.org\/wp-content\/uploads\/2021\/09\/IMG_4666.jpg\"><img loading=\"lazy\" decoding=\"async\" class=\"aligncenter size-large wp-image-39337\" src=\"https:\/\/radiozapatista.org\/wp-content\/uploads\/2021\/09\/IMG_4666-1024x683.jpg\" alt=\"\" width=\"1024\" height=\"683\" srcset=\"https:\/\/radiozapatista.org\/wp-content\/uploads\/2021\/09\/IMG_4666-1024x683.jpg 1024w, https:\/\/radiozapatista.org\/wp-content\/uploads\/2021\/09\/IMG_4666-350x233.jpg 350w, https:\/\/radiozapatista.org\/wp-content\/uploads\/2021\/09\/IMG_4666-768x512.jpg 768w, https:\/\/radiozapatista.org\/wp-content\/uploads\/2021\/09\/IMG_4666-700x466.jpg 700w, https:\/\/radiozapatista.org\/wp-content\/uploads\/2021\/09\/IMG_4666.jpg 1200w\" sizes=\"auto, (max-width: 1024px) 100vw, 1024px\" \/><\/a><\/p>\n<p><a href=\"https:\/\/radiozapatista.org\/wp-content\/uploads\/2021\/09\/IMG_4667.jpg\"><img loading=\"lazy\" decoding=\"async\" class=\"aligncenter size-large wp-image-39338\" src=\"https:\/\/radiozapatista.org\/wp-content\/uploads\/2021\/09\/IMG_4667-1024x683.jpg\" alt=\"\" width=\"1024\" height=\"683\" srcset=\"https:\/\/radiozapatista.org\/wp-content\/uploads\/2021\/09\/IMG_4667-1024x683.jpg 1024w, https:\/\/radiozapatista.org\/wp-content\/uploads\/2021\/09\/IMG_4667-350x233.jpg 350w, https:\/\/radiozapatista.org\/wp-content\/uploads\/2021\/09\/IMG_4667-768x512.jpg 768w, https:\/\/radiozapatista.org\/wp-content\/uploads\/2021\/09\/IMG_4667-700x466.jpg 700w, https:\/\/radiozapatista.org\/wp-content\/uploads\/2021\/09\/IMG_4667.jpg 1200w\" sizes=\"auto, (max-width: 1024px) 100vw, 1024px\" \/><\/a><\/p>\n<p>Y coordinando el viaje, el Subcomandante Insurgente Mois\u00e9s, jefe y vocero del Ej\u00e9rcito Zapatista de Liberaci\u00f3n Nacional.<\/p>\n<p style=\"text-align: center;\"><a href=\"https:\/\/radiozapatista.org\/wp-content\/uploads\/2021\/09\/IMG_4702.jpg\"><img loading=\"lazy\" decoding=\"async\" class=\"aligncenter size-large wp-image-39339\" src=\"https:\/\/radiozapatista.org\/wp-content\/uploads\/2021\/09\/IMG_4702-1024x683.jpg\" alt=\"\" width=\"1024\" height=\"683\" srcset=\"https:\/\/radiozapatista.org\/wp-content\/uploads\/2021\/09\/IMG_4702-1024x683.jpg 1024w, https:\/\/radiozapatista.org\/wp-content\/uploads\/2021\/09\/IMG_4702-350x233.jpg 350w, https:\/\/radiozapatista.org\/wp-content\/uploads\/2021\/09\/IMG_4702-768x512.jpg 768w, https:\/\/radiozapatista.org\/wp-content\/uploads\/2021\/09\/IMG_4702-700x466.jpg 700w, https:\/\/radiozapatista.org\/wp-content\/uploads\/2021\/09\/IMG_4702.jpg 1200w\" sizes=\"auto, (max-width: 1024px) 100vw, 1024px\" \/><\/a><\/p>\n<p style=\"text-align: center;\"><a href=\"https:\/\/radiozapatista.org\/wp-content\/uploads\/2021\/09\/IMG_4700b.jpg\"><img loading=\"lazy\" decoding=\"async\" class=\"aligncenter wp-image-39342 size-large\" src=\"https:\/\/radiozapatista.org\/wp-content\/uploads\/2021\/09\/IMG_4700b-1024x614.jpg\" alt=\"\" width=\"1024\" height=\"614\" srcset=\"https:\/\/radiozapatista.org\/wp-content\/uploads\/2021\/09\/IMG_4700b-1024x614.jpg 1024w, https:\/\/radiozapatista.org\/wp-content\/uploads\/2021\/09\/IMG_4700b-350x210.jpg 350w, https:\/\/radiozapatista.org\/wp-content\/uploads\/2021\/09\/IMG_4700b-768x461.jpg 768w, https:\/\/radiozapatista.org\/wp-content\/uploads\/2021\/09\/IMG_4700b.jpg 1200w\" sizes=\"auto, (max-width: 1024px) 100vw, 1024px\" \/><\/a><\/p>\n<p>Hoy en la noche, <a href=\"https:\/\/radiozapatista.org\/?p=39300\">la Delegaci\u00f3n A\u00e9rea llegar\u00e1 a la Ciudad de M\u00e9xico<\/a>. Ma\u00f1ana, a las 18:30, llegar\u00e1 de regreso a la Ciudad de M\u00e9xico la Delegaci\u00f3n Mar\u00edtima, el &#8220;Escuadr\u00f3n 421&#8221;, despu\u00e9s de su traves\u00eda de 50 d\u00edas a bordo del nav\u00edo La Monta\u00f1a, iniciada el 2 de mayo de este a\u00f1o, y dos meses y medio recorriendo la Europa Insumisa. Y este pr\u00f3ximo lunes 13 de septiembre, en dos vuelos distintos, la Delegaci\u00f3n A\u00e9rea partir\u00e1 del aeropuerto de la Ciudad de M\u00e9xico rumbo a Viena, donde ser\u00e1 recibida por organizaciones y colectivos europeos, dando as\u00ed inicio a esta nueva fase de la Traves\u00eda por la Vida.<\/p>\n<p style=\"text-align: center;\"><a href=\"https:\/\/radiozapatista.org\/wp-content\/uploads\/2021\/09\/IMG_4690.jpg\"><img loading=\"lazy\" decoding=\"async\" class=\"aligncenter size-large wp-image-39343\" src=\"https:\/\/radiozapatista.org\/wp-content\/uploads\/2021\/09\/IMG_4690-1024x683.jpg\" alt=\"\" width=\"1024\" height=\"683\" srcset=\"https:\/\/radiozapatista.org\/wp-content\/uploads\/2021\/09\/IMG_4690-1024x683.jpg 1024w, https:\/\/radiozapatista.org\/wp-content\/uploads\/2021\/09\/IMG_4690-350x233.jpg 350w, https:\/\/radiozapatista.org\/wp-content\/uploads\/2021\/09\/IMG_4690-768x512.jpg 768w, https:\/\/radiozapatista.org\/wp-content\/uploads\/2021\/09\/IMG_4690-700x466.jpg 700w, https:\/\/radiozapatista.org\/wp-content\/uploads\/2021\/09\/IMG_4690.jpg 1200w\" sizes=\"auto, (max-width: 1024px) 100vw, 1024px\" \/><\/a><\/p>\n<p style=\"text-align: center;\"><a href=\"https:\/\/radiozapatista.org\/wp-content\/uploads\/2021\/09\/IMG_4706.jpg\"><img loading=\"lazy\" decoding=\"async\" class=\"aligncenter size-large wp-image-39344\" src=\"https:\/\/radiozapatista.org\/wp-content\/uploads\/2021\/09\/IMG_4706-1024x683.jpg\" alt=\"\" width=\"1024\" height=\"683\" srcset=\"https:\/\/radiozapatista.org\/wp-content\/uploads\/2021\/09\/IMG_4706-1024x683.jpg 1024w, https:\/\/radiozapatista.org\/wp-content\/uploads\/2021\/09\/IMG_4706-350x233.jpg 350w, https:\/\/radiozapatista.org\/wp-content\/uploads\/2021\/09\/IMG_4706-768x512.jpg 768w, https:\/\/radiozapatista.org\/wp-content\/uploads\/2021\/09\/IMG_4706-700x466.jpg 700w, https:\/\/radiozapatista.org\/wp-content\/uploads\/2021\/09\/IMG_4706.jpg 1200w\" sizes=\"auto, (max-width: 1024px) 100vw, 1024px\" \/><\/a><\/p>\n<p>Buen viaje, compa\u00f1eras, compa\u00f1eros&#8230;<\/p>\n<p>&nbsp;[:]<\/p>\n","protected":false},"excerpt":{"rendered":"<p>[:es]San Crist\u00f3bal de Las Casas, 10 de septiembre de 2021. Hoy a las 6 a.m. sali\u00f3 la Delegaci\u00f3n A\u00e9rea Zapatista &#8220;La Extempor\u00e1nea&#8221; del Caracol Jacinto Canek, en San Crist\u00f3bal de Las Casas, a bordo de cuatro autobuses, rumbo a la Ciudad de M\u00e9xico, para de all\u00ed volar a Viena, donde comenzar\u00e1 la segunda fase de [&hellip;]<\/p>\n","protected":false},"author":1,"featured_media":39345,"comment_status":"open","ping_status":"closed","sticky":false,"template":"","format":"standard","meta":{"footnotes":""},"categories":[957,1318,6,955,949,954,953,190],"tags":[1334,926,1317],"class_list":["post-39332","post","type-post","status-publish","format-standard","has-post-thumbnail","hentry","category-autonomia","category-caravana-zapatista-a-europa","category-chiapas","category-ezln-temas","category-fotorreportaje","category-mexico","category-mundo","category-radiozapatista","tag-travesiaporlavida","tag-ezln","tag-travesia-por-la-vida"],"_links":{"self":[{"href":"https:\/\/radiozapatista.org\/index.php?rest_route=\/wp\/v2\/posts\/39332","targetHints":{"allow":["GET"]}}],"collection":[{"href":"https:\/\/radiozapatista.org\/index.php?rest_route=\/wp\/v2\/posts"}],"about":[{"href":"https:\/\/radiozapatista.org\/index.php?rest_route=\/wp\/v2\/types\/post"}],"author":[{"embeddable":true,"href":"https:\/\/radiozapatista.org\/index.php?rest_route=\/wp\/v2\/users\/1"}],"replies":[{"embeddable":true,"href":"https:\/\/radiozapatista.org\/index.php?rest_route=%2Fwp%2Fv2%2Fcomments&post=39332"}],"version-history":[{"count":3,"href":"https:\/\/radiozapatista.org\/index.php?rest_route=\/wp\/v2\/posts\/39332\/revisions"}],"predecessor-version":[{"id":39351,"href":"https:\/\/radiozapatista.org\/index.php?rest_route=\/wp\/v2\/posts\/39332\/revisions\/39351"}],"wp:featuredmedia":[{"embeddable":true,"href":"https:\/\/radiozapatista.org\/index.php?rest_route=\/wp\/v2\/media\/39345"}],"wp:attachment":[{"href":"https:\/\/radiozapatista.org\/index.php?rest_route=%2Fwp%2Fv2%2Fmedia&parent=39332"}],"wp:term":[{"taxonomy":"category","embeddable":true,"href":"https:\/\/radiozapatista.org\/index.php?rest_route=%2Fwp%2Fv2%2Fcategories&post=39332"},{"taxonomy":"post_tag","embeddable":true,"href":"https:\/\/radiozapatista.org\/index.php?rest_route=%2Fwp%2Fv2%2Ftags&post=39332"}],"curies":[{"name":"wp","href":"https:\/\/api.w.org\/{rel}","templated":true}]}}