{"id":39307,"date":"2021-09-08T10:47:49","date_gmt":"2021-09-08T15:47:49","guid":{"rendered":"https:\/\/radiozapatista.org\/?p=39307"},"modified":"2021-09-08T10:47:49","modified_gmt":"2021-09-08T15:47:49","slug":"organizaciones-europeas-exigen-fin-de-la-represion-contra-caravanas-migrantes-en-mexico","status":"publish","type":"post","link":"https:\/\/radiozapatista.org\/?p=39307","title":{"rendered":"Organizaciones europeas exigen fin de la represi\u00f3n contra caravanas migrantes en M\u00e9xico"},"content":{"rendered":"<p><\/p>\n<p class=\"has-text-align-left\">Slumil K\u2019ajxemk\u2019op, 5 de septiembre de 2021<\/p>\n<p>Desde hace meses, la situaci\u00f3n de las personas migrantes que llegan desde la ruta centroamericana hasta Tapachula (Chiapas) se ha hecho insostenible. Hay muchas personas migrantes, en su mayor\u00eda de origen haitiano, quienes se encuentran atrapadas esperando los tr\u00e1mites oportunos ante el Instituto Nacional Migratorio (INM) en Tapachula, M\u00e9xico.<\/p>\n<p>Desde el 19 de marzo de 2021, las negociaciones entre EEUU y M\u00e9xico provocaron el despliegue de operativos de contenci\u00f3n migratoria en la frontera sur, operadas por el INM en coordinaci\u00f3n con la Guardia Nacional y el ej\u00e9rcito que llevaron a la detenci\u00f3n de personas migrantes (muchas de ellas mujeres con menores) en condiciones de hacinamiento, falta de protocolos y medidas de bioseguridad ante el COVID-19, espacios insalubres, falta de alimentaci\u00f3n adecuada, nula atenci\u00f3n m\u00e9dica y de espacios diferenciados por g\u00e9nero en la Estaci\u00f3n Migratoria Siglo XXI (Tapachula). Tampoco se cumplen los convenios sobre protecci\u00f3n internacional de personas v\u00edctimas de desplazamiento forzado y devoluciones \u201cen caliente\u201d (sin atenci\u00f3n de las diversas formas de regularizaci\u00f3n migratorias).<\/p>\n<p>Esta situaci\u00f3n no es nueva sino que responde a la militarizaci\u00f3n de las fronteras y la externalizaci\u00f3n de los sistemas de asilo provocada por el acuerdo de EEUU firmado en junio de 2019, tras amenazar al gobierno mexicano con incrementar un 5% los aranceles si no consegu\u00edan disminuir el paso de personas migrantes en situaci\u00f3n administrativa irregular desde M\u00e9xico a EEUU.<\/p>\n<p>El pasado 28 de agosto,\u00a0una caravana con aproximadamente mil personas, principalmente provenientes de Hait\u00ed, pero tambi\u00e9n de Venezuela, Centroam\u00e9rica, y Guinea Ecuatorial, decidieron emprender una caravana como un intento de seguir su camino migrante hacia el Norte y superar la situaci\u00f3n de violaci\u00f3n de derechos humanos y la falta de atenci\u00f3n por parte de las autoridades migratorias en la frontera sur, debido a la incapacidad de atender la expedici\u00f3n de tarjetas de residencia y obligando a las personas migrantes a permanecer en Chiapas durante meses. En los siguientes d\u00edas, nuevas caravanas se han organizado con los mismos objetivos de atravesar el territorio mexicano y ejercer su derecho fundamental a migrar.<\/p>\n<p>Estas caravanas migrantes est\u00e1n sufriendo la violencia desproporcionada por parte de las fuerzas de seguridad del estado mexicano, tal y como ha documentado Colectivo de Observaci\u00f3n y Monitoreo de Derechos Humanos en el Sureste Mexicano:<\/p>\n<ul>\n<li>El d\u00eda 31 de agosto la primera caravana fue sorprendida en Mapastepec (Chiapas) mientras descansaba por un equipo de antimotines de la Guardia Nacional y funcionarios del INM. Las mujeres con ni\u00f1xs fueron encapsuladas y los hombres detenidos con gran violencia, sin que existiera asistencia m\u00e9dica a las personas heridas. Del mismo modo, la segunda caravana fue interceptada y detenida, produci\u00e9ndose persecuciones incluso dentro de casas y locales de la iglesia donde algunas pudieron refugiarse.<\/li>\n<li>El d\u00eda 2 de septiembre, otra caravana sufri\u00f3 una nueva represi\u00f3n violenta a su paso por Escuintla (Chiapas), donde tambi\u00e9n fueron heridas las periodistas que documentan y acompa\u00f1an la caravana.<\/li>\n<\/ul>\n<p><!--more-->Como en territorio europeo, vemos c\u00f3mo las fronteras se profundizan y las violaciones de derechos humanos se multiplican. Por todo ello, nos unimos al llamado zapatista Contra la xenofobia y el racismo, la lucha por la vida visibilizando la complicidad del gobierno mexicano ante la pol\u00edtica migratoria estadounidense, convirti\u00e9ndose en su perro guardi\u00e1n, y EXIGIMOS:<\/p>\n<ul>\n<li>El fin de la represi\u00f3n contra las caravanas migrantes y la creaci\u00f3n de corredores seguros migratorios, dando cumplimiento a convenciones internacionales de derechos humanos. Es preocupante que la Guardia Nacional se encargue de labores de control migratorio. Son migrantes, no criminales.<\/li>\n<li>Respetar y atender los procesos de regularizaci\u00f3n migratoria y atenci\u00f3n a todas las personas con necesidades de protecci\u00f3n internacional que les permita poder acceder a los derechos fundamentales a alimentaci\u00f3n, salud, vivienda y trabajo.<\/li>\n<\/ul>\n<p>Hacemos un llamado a todas las organizaciones, colectivos que luchan por la Vida contra este sistema capitalista de muerte para que, desde sus tiempos, modos y geograf\u00edas, puedan realizar acciones de protesta, visibilizaci\u00f3n, solidaridad y hermanamiento entre las luchas migrantes. Como dice el EZLN: \u201cun d\u00eda llegar\u00e1 que tod@s seamos migrantes y extempor\u00e1neos en este planeta.\u00a0 Y todo quien no tenga el color del dinero, ser\u00e1 perseguido, cazado, confinado, desaparecido, eliminado. Por eso, contra la xenofobia y el racismo, la lucha por la vida.\u201d<\/p>\n<p>Adhesiva, espai de trobada i acci\u00f3 Barcelona, Catalunya<br \/>\nAsamblea Libertaria Autoorganizada Paliacate Zapatista Grecia<br \/>\nAsociaci\u00f3n Entreiguales Val\u00e8ncia Pa\u00eds Valenci\u00e0<br \/>\nAssemblea de Solidaritat amb M\u00e8xic del Pa\u00eds Valenci\u00e0<br \/>\nAss. Solidaria Caf\u00e8 Rebeld\u00eda-Infoespai Catalunya<br \/>\nAssocia\u00e7\u00e3o Cultural Circulosc\u00f3pio Portugal Portugal<br \/>\nAssociazione Jambo, commercio equo Fidenza ( Italia)<br \/>\nBigite Elkartea \u2013 Asociaci\u00f3n Vizca\u00edna de Integradoras\/es Sociales y Animadores\/as Socioculturales Bizkaia, Pa\u00eds Vasco, Espa\u00f1a.<br \/>\nBizilur Euskal Herria<br \/>\nBruixes Salines de S\u00faria Catalunya<br \/>\nCaf\u00e9 Libertad Kollektiv Hamburgo, Alemania<br \/>\nCasa de la dona de Val\u00e8ncia Val\u00e8ncia<br \/>\nCasa Nicaragua Li\u00e8ge, Belgique<br \/>\nCedsala Pa\u00eds Valenci\u00e0<br \/>\nCentro de Documentaci\u00f3n sobre Zapatismo -CEDOZ- Madrid, Estado Espa\u00f1ol<br \/>\nCETRI \u2013 Centro tricontinental B\u00e9lgica<br \/>\nCGT MENORCA Menorca<br \/>\nCIAC ( centro immigrazione, asilo, cooperazione internazionale) Parma( Italia)<br \/>\nCitizens Summons Bonn, Alemania<br \/>\nColectivo Acci\u00f3n Solidaria Viena, Austria<br \/>\nColectivo Armadillo Finlandia Finlandia<br \/>\nColectivo Calendario Zapatista Grecia<br \/>\ncolectivo gata-gata Alemania<br \/>\nColectivo Paris-Ayotzinapa Francia<br \/>\nColectivo Zapatista de Lugano Suiza<br \/>\nCollective Paris-Ayotzinapa Francia<br \/>\nCollettivo Antirazzista R-Esisitiamo Suiza<br \/>\nComit\u00e8 Acollida Zapatistes \u2013 Illes Balears i Piti\u00fcses Illes Balears i Piti\u00fcses, Estado espa\u00f1ol<br \/>\nCoordenadora Nacional Gira Zapatista \u2013 Portugal Portugal<br \/>\nCSOA La Enredadera (barrio de Tetu\u00e1n, Madrid)<br \/>\nCVFE, Li\u00e8ge Belgic\u00e1<br \/>\nDebats a S\u00faria Catalunya<br \/>\nDiem25 Portugal Portugal, Europa<br \/>\nEditorial de extranjer@s Tesal\u00f3nica, Grecia<br \/>\nELA sindikatua Euskal Herria<br \/>\nErmuko komite internazionalistak Pa\u00eds Vasco<br \/>\nEspiral de solidaridad semilla de resistencia Grecia<br \/>\nF\u00f3rum Ind\u00edgena Lisboa Portugal<br \/>\nGernikatik Mundura ONGD Euskal Herria-Pa\u00eds Vasco<br \/>\nGlobale Film Festival Berlin Berlin, Alemania<br \/>\nGroupe CafeZ, Li\u00e8ge Li\u00e8ge, B\u00e9lgica<br \/>\nGroupe Zapatiste Gersois France Gers<br \/>\ninterventionistische Linke Alemania<br \/>\nJornal MAPA Portugal<br \/>\nLa Villana de Vallekas Madrid<br \/>\nLAPAZ Italia (asamblea italiana de coordinaci\u00f3n del Viaje por la Vida) Italia<br \/>\nLas Ediciones de Colegas Grecia<br \/>\nLatir x Mexico Francia<br \/>\nLe\u00f3n Resiste Guanajuato<br \/>\nLesbianBanda Valencia\/Estado Espa\u00f1ol<br \/>\nLumaltik Herriak Pa\u00eds Vasco<br \/>\nMundubat Euskal Herria<br \/>\nMuseum for the Displaced Lisboa, global<br \/>\nN\u00facleo de Lisboa da Rede 8 de Mar\u00e7o \u2013 Greve Feminista Internacional 8M Portugal<br \/>\nOngi etorri errefuxiauak Pa\u00eds Vasco<br \/>\nPallasos En Rebeldia GALICIA<br \/>\nPallasos en Rebeldia CATALUNYA<br \/>\nPallasos En Rebeldia MADRID<br \/>\nPensar\u00e9 Cartoneras valencia\/chiapas<br \/>\nPerif\u00e8ries del Mon Pa\u00eds Valenci\u00e0<br \/>\nPodemos Ahal dugu \u2013 Podemos Euskadi<br \/>\nRAZB red de acogida de l@s Zapatistas en B\u00e9lgica B\u00e9lgica<br \/>\nScotland Zapatista Escocia<br \/>\nSOA il Molino Suiza<br \/>\nTaller Ahuehuete, Estado Espa\u00f1ol<br \/>\nTaula per M\u00e8xic, Barcelona, Catalunya<br \/>\nTierra y Libertad para Arauco \u2013 Wallmapu FRANCIA<br \/>\nTrabajador@s cooperativ@s de miner\u00eda industrial (Cooperative workers of industrial mining, SE VIOME) Sal\u00f3nica, Griego (Thessaloniki, Greece)<br \/>\nTxiapasEKIN Euskal Herria (Pais Vasco)<br \/>\nUnion syndicale Solidaires Francia<br \/>\nYa Basta Rhein Main Alemania<br \/>\nZapateria Toulouse Francia<br \/>\nZapatista Solidarity Network Reino Unido<br \/>\nZapatisten Lagunak y GABILTZA Euskal Herria<\/p>","protected":false},"excerpt":{"rendered":"<p>Slumil K\u2019ajxemk\u2019op, 5 de septiembre de 2021 Desde hace meses, la situaci\u00f3n de las personas migrantes que llegan desde la ruta centroamericana hasta Tapachula (Chiapas) se ha hecho insostenible. Hay muchas personas migrantes, en su mayor\u00eda de origen haitiano, quienes se encuentran atrapadas esperando los tr\u00e1mites oportunos ante el Instituto Nacional Migratorio (INM) en Tapachula, [&hellip;]<\/p>\n","protected":false},"author":1,"featured_media":39308,"comment_status":"open","ping_status":"closed","sticky":false,"template":"","format":"standard","meta":{"footnotes":""},"categories":[826,954,959,953],"tags":[920,1234,1244,30,87,27],"class_list":["post-39307","post","type-post","status-publish","format-standard","has-post-thumbnail","hentry","category-medios-libres-2","category-mexico","category-migracion","category-mundo","tag-europa","tag-exodo-migrante","tag-guardia-nacional","tag-migracion","tag-represion","tag-solidaridad"],"_links":{"self":[{"href":"https:\/\/radiozapatista.org\/index.php?rest_route=\/wp\/v2\/posts\/39307","targetHints":{"allow":["GET"]}}],"collection":[{"href":"https:\/\/radiozapatista.org\/index.php?rest_route=\/wp\/v2\/posts"}],"about":[{"href":"https:\/\/radiozapatista.org\/index.php?rest_route=\/wp\/v2\/types\/post"}],"author":[{"embeddable":true,"href":"https:\/\/radiozapatista.org\/index.php?rest_route=\/wp\/v2\/users\/1"}],"replies":[{"embeddable":true,"href":"https:\/\/radiozapatista.org\/index.php?rest_route=%2Fwp%2Fv2%2Fcomments&post=39307"}],"version-history":[{"count":1,"href":"https:\/\/radiozapatista.org\/index.php?rest_route=\/wp\/v2\/posts\/39307\/revisions"}],"predecessor-version":[{"id":39309,"href":"https:\/\/radiozapatista.org\/index.php?rest_route=\/wp\/v2\/posts\/39307\/revisions\/39309"}],"wp:featuredmedia":[{"embeddable":true,"href":"https:\/\/radiozapatista.org\/index.php?rest_route=\/wp\/v2\/media\/39308"}],"wp:attachment":[{"href":"https:\/\/radiozapatista.org\/index.php?rest_route=%2Fwp%2Fv2%2Fmedia&parent=39307"}],"wp:term":[{"taxonomy":"category","embeddable":true,"href":"https:\/\/radiozapatista.org\/index.php?rest_route=%2Fwp%2Fv2%2Fcategories&post=39307"},{"taxonomy":"post_tag","embeddable":true,"href":"https:\/\/radiozapatista.org\/index.php?rest_route=%2Fwp%2Fv2%2Ftags&post=39307"}],"curies":[{"name":"wp","href":"https:\/\/api.w.org\/{rel}","templated":true}]}}