{"id":3917,"date":"2011-08-23T00:40:42","date_gmt":"2011-08-23T05:40:42","guid":{"rendered":"https:\/\/radiozapatista.org\/?p=3917"},"modified":"2012-08-07T10:43:14","modified_gmt":"2012-08-07T15:43:14","slug":"comunicado-del-ejido-tila-sobre-la-defensa-de-su-tierra-y-territorio","status":"publish","type":"post","link":"https:\/\/radiozapatista.org\/?p=3917","title":{"rendered":"Comunicado del ejido Tila sobre la defensa de su tierra y territorio"},"content":{"rendered":"<p><!--:es--><\/p>\n<p style=\"text-align: right;\">COMUNICADO<br \/>\nEN EJIDO TILA, CHIAPAS<br \/>\nA 20 DE AGOSTO DE 2011<\/p>\n<p>EJIDATARIOS Y EJIDATARIAS,<br \/>\nHERMANOS Y HERMANAS,<br \/>\nPEREGRINOS Y VISITANTES DE NUESTRO SANTUARIO,<br \/>\nPOBLADORES DE TILA,<br \/>\nADHERENTES DE LA OTRA CAMPA\u00d1A<br \/>\nDERECHOS HUMANOS INDEPENDIENTES NACIONAL E INTERNACIONAL<br \/>\nOPINI\u00d3N P\u00daBLICA,<\/p>\n<p>LES QUEREMOS INFORMAR QUE EL EJIDO TILA TIENE M\u00c1S DE 30 A\u00d1OS LUCHANDO EN LA DEFENSA Y CUIDADO DE LA MADRE TIERRA, LUCHANDO CONTRA LA DISCRIMINACI\u00d3N Y RACISMO DEL MAL GOBIERNO MUNICIPAL, ESTATAL Y FEDERAL QUE HAN TENIDO A NUESTRAS TRADICIONES Y SABIDUR\u00cdAS CH\u00b4OL QUE NOS HEREDARON NUESTROS ABUELOS Y ABUELAS.<\/p>\n<p>NUESTROS ABUELOS Y ABUELAS FUNDADORES DE ESTE EJIDO CAMINARON POR EL MONTE PARA LLEGAR A TUXTLA GUTI\u00c9RREZ Y M\u00c9XICO, PASANDO FR\u00cdO, HAMBRE PARA PODER CONSEGUIR CON MUCHO SUFRIMIENTO LA RESOLUCI\u00d3N PRESIDENCIAL Y EL PLANO DEFINITIVO. ESTOS DOCUMENTOS REPRESENTAN LA LIBERTAD DE NUESTRO PUEBLO IND\u00cdGENA CH\u00b4OL QUE DURANTE MUCHOS A\u00d1OS VIVI\u00d3 ESCLAVO EN LA \u00c9POCA DE LA COLONIA CON LA INVASI\u00d3N DE LOS ESPA\u00d1OLES Y DESPU\u00c9S TRABAJANDO COMO ESCLAVOS EN LAS FINCAS DE EXTRANJEROS. PERO QUE GRACIAS A LA REVOLUCI\u00d3N DE EMILIANO ZAPATA SE LOGR\u00d3 RECONOCER QUE LA TIERRA ES PARA EL IND\u00cdGENA, PORQUE ES MERO ORIGINARIO DE LAS TIERRAS QUE OCUPA Y PORQUE LA TIERRA ES DE QUIEN LA TRABAJA. LA TIERRA ES COMO NUESTRA MADRE QUE NOS DA DE COMER, NOS CRECE Y NOS RECIBE EN SUS BRAZOS CUANDO VAMOS A MORIR. LA TIERRA NO SE VENDE, NI TAMPOCO SE INDEMNIZA COMO SI FUERA UNA MERCANC\u00cdA. NUESTRA TIERRA NO TIENE PRECIO, NUESTRA MADRE TIERRA NO ES MERCANC\u00cdA PARA PROYECTOS \u201cECOTUR\u00cdSTICOS\u201d O DE SUPUESTO \u201cDESARROLLO\u201d, SOLO LA M\u00c1XIMA AUTORIDAD DEL PUEBLO CH\u00b4OL DE TILA QUE ES LA ASAMBLEA GENERAL PUEDE DETERMINAR EL USO Y DESTINO DE NUESTRAS 5, 405 HECTAREAS DE TIERRA.<\/p>\n<p>NINGUNA PERSONA O GOBIERNO AJENOS A NUESTRO EJIDO CH\u00b4OL PUEDE DECIDIR QU\u00c9 ES LO QUE SE VA HACER CON NUESTRA MADRE TIERRA. DENUNCIAMOS QUE EL GOBIERNO FEDERAL, ESTATAL Y MUNICIPAL EST\u00c1N UTILIZANDO AL P\u00c1RROCO HERIBERTO CRUZ VERA PARA ENGA\u00d1AR Y MANIPULAR A LA POBLACI\u00d3N, PARA PODER DESPOJARNOS DE NUESTRA TIERRA Y TAMBI\u00c9N ESTE P\u00c1RROCO EST\u00c1 RECAVANDO FIRMAS CON ENGA\u00d1OS Y PRESIONES A LA GENTE PARA QUE NO SE LOGRE SU CAMBIO Y AS\u00cd PUEDA SEGUIR APOYANDO AL GOBIERNO EN EL DESPOJO A NUESTRA TIERRA Y DISCRMINANDO Y ABUSANDO DE NUESTRO PUEBLO COMO UN CACIQUE EXPLOTADOR DE LA EPOCA DE LAS FINCAS. NOS DA TRISTEZA QUE UN PASTOR DE JESUCRISTO NO SIENTA EL DOLOR DE SU PUEBLO Y SOLO QUIERA LLENAR SUS BOLSAS DE DINERO Y VENDERSE CON EL GOBIERNO PARA HACER EL TRABAJO SUCIO DE PROVOCAR AL EJIDO Y HACER FABRICACIONES DE DELITOS CONTRA LOS QUE DEFENDEMOS NUESTRA MADRE TIERRA. EL P\u00c1RROCO HERIBERTO CRUZ VERA YA PERDI\u00d3 EL SENTIDO DE LA VOCACI\u00d3N SACERDOTAL PORQUE HUMILLA A NOSOTROS LOS IND\u00cdGENAS Y NOS HA PROHIBIDO PRENDER VELA EN EL ATRIO DE LA IGLESIA Y CELEBRAR NUESTRAS TRADICIONES COMO NOS ENSE\u00d1ARON LAS ABUELAS Y ABUELOS.<\/p>\n<p>POR ESO LA ASAMBLEA GENERAL DEL EJIDO HA PEDIDO EN TRES OCASIONES RESPETUOSAMENTE AL OBISPO FELIPE ARIZMENDI QUE HAGA SU CAMBIO Y NOMBRE A UN NUEVO SACERDOTE QUE VENGA A CAMINAR CON NOSOTROS, CON ESTE PUEBLO POBRE, IND\u00cdGENA CH\u00b4OL PERO MUY DIGNO Y QUE SABE RECIBIR, CUIDAR Y APOYAR A SU PASTOR DE JESUCRISTO, HUMILDE, VERDADERAMENTE COMPROMETIDO CON EL EVANGELIO. ASI COMO DIJO JESUSCRISTO: AL CESAR LO QUE ES DEL CESAR Y A DIOS LO QUE ES DE DIOS, NO SE DEJEN ENGA\u00d1AR POR EL SACERDOTE HERIBERTO CRUZ VERA, PORQUE EL EJIDO DE TILA NO EST\u00c1 EN CONTRA DE LA IGLESIA, PORQUE LA IGLESIA SOMOS NOSOTROS, SOMOS TODOS, LA IGLESIA NO ES SOLO UN SACERDOTE, Y COMO NOSOTROS QUEREMOS CUIDAR NUESTRA IGLESIA, NUESTRO SANTUARIO, POR ESO DENUNCIAMOS LA CORRUPCI\u00d3N QUE HACE EL SACERDOTE HERIBERTO CRUZ EN PERJUICIO DE NUESTRO PUEBLO, PORQUE EL SE HA ENRIQUECIDO HA COSTA DE NUESTRO TRABAJO, DE NUESTRA FE Y NUESTRO SUFRIMIENTO. A PESAR DE QUE HEMOS SOLICITADO VARIAS VECES AL SE\u00d1OR OBISPO EL CAMBIO DE SACERDOTE, NO HEMOS SIDO ESCUCHADOS, PORQUE PARECE QUE EL OBISPO QUIERE PROTEGERLO Y TAMBI\u00c9N HACER PARTE DEL GOBIERNO PARA DESPOJARNOS DE NUESTRAS TIERRAS. NO ES COMO NUESTRO TATIK SAMUEL QUE SE ENCUENTRA EN LA GLORIA DE DIOS, QUE EL SI SUPO CAMINAR Y SENTIR EL DOLOR DE NOSOTROS COMO PUEBLO IND\u00cdGENA POBRE, EL SACRIFICABA SU COMODIDAD DE OBISPO Y SUS BUENAS COMIDAD, PARA COMPARTIR EL POZOL, LA TORTILLA, LA YUCA NUESTRAS MUY HUMILDES COMIDAD PARA CAMINAR CON NOSOTROS, CONOCER NUESTRA FORMA DIFERENTE DE VER LA VIDA, DE CONOCER EL VERDADERO SUFRIMIENTO. PERO TATIK NOS ENSE\u00d1\u00d3 EL CAMINO, EL FUE UNA LUZ EN MEDIO DEL CUARTO OSCURO EN EL QUE VIV\u00cdAMOS Y AHORA CONOCEMOS NUESTRO DERECHO Y SABEMOS DEFENDER.<\/p>\n<p>VAMOS A RECUPERAR NUESTRAS TRADICIONES Y TODAS LAS COMUNIDADES DE LA PARROQUIA DE TILA Y DE OTROS PUEBLOS VAN A PODER VENIR DE MANERA LIBRE Y CON MUCHA FE A HACER ORACI\u00d3N A NUESTRO MILAGROSO SE\u00d1OR DE TILA, JUNTO CON NUESTRO PUEBLO PARA DAR GRACIAS A DIOS DE LA VIDA QUE NOS PRESTA Y QUE NOS PERMITE TRABAJAR LA TIERRA, VIVIR CON NUESTRAS FAMILIAS CON PAZ. NUESTRO SANTUARIO NO ES UN CENTRO TUR\u00cdSTICO DE COMERCIO, ES UN LUGAR SAGRADO, DE FE, ABIERTO PARA TODAS LAS PERSONAS DE BUENA VOLUNTAD QUE TIENEN CONFIANZA EN QUE NUESTRO SE\u00d1OR DE TILA LOS VA A ESCUCHAR EN SU PROBLEMA Y NECESIDADES. YA NO QUEREMOS QUE EL SACERDOTE HERIBERTO MALTRATE A NUESTRO PUEBLO Y AQUIENES VISITAN AL SE\u00d1OR DE TILA. ESTE ES EL \u00daNICO CAMINO QUE VEMOS QUE NOS QUEDA SINO NO NOS ESCUCHA EL SE\u00d1OR OBISPO PARA TOMAR EN CUENTA NUESTRA PETICI\u00d3N.<\/p>\n<p>ESTAMOS EN UN MOMENTO IMPORTANTE DE NUESTRA LARGA LUCHA DE LA DEFENSA DE LA TIERRA, POR LO QUE EXIGIMOS AL PLENO DE LA SUPREMA CORTE DE JUSTICIA QUE GARANTICE EL RESPETO A NUESTRA AUTONOM\u00cdA Y LIBRE DETERMINACI\u00d3N COMO PUEBLO IND\u00cdGENA CH\u00b4OL. EN EJIDO TILA NO EXISTE FUNDO LEGAL. HACE MUCHO TIEMPO POR CAUSA DE LA EPIDEMIA SE DIO PERMISO AL AYUNTAMIENTO DE PETALCINGO PARA QUE VINIERA AQU\u00cd EN LO QUE SE CALMABA LA ENFERMEDAD, PERO CUANDO YA SE CALM\u00d3 EL AYUNTAMIENTO NO QUISO REGRESAR Y ADEM\u00c1S EMPEZ\u00d3 A COMPRAR Y VENDER TIERRAS EJIDALES Y REGISTRARLAS EN REGISTRO P\u00daBLICO DE LA PROPIEDAD DE YAJAL\u00d3N, EMPEZANDO DESDE ES TIEMPO LA ESTRATEGIA DE DESPOJO Y ENGA\u00d1O A NUESTRO PUEBLO.<\/p>\n<p>PEDIMOS RESPETUOSAMENTE A NUESTROS HERMANOS Y HERMANAS, COMPA\u00d1EROS Y COMPA\u00d1ERAS DE TILA QUE NO SE DEJEN ENGA\u00d1AR POR LAS AUTORIDADES DE GOBIERNO Y POR SU OPERADOR POL\u00cdTICO P\u00c1RROCO HERIBERTO CURZ VERA, PARA QUE NO VAYAN A FIRMAR DOCUMENTOS Y PAPELES FALSOS PARA QUE NO SE HAGA SU CAMBIO O QUE AFECTEN AL EJIDO. LA ASAMBLEA GENERAL DE TILA QUIERE LA PAZ Y ARMON\u00cdA EN EL PUEBLO, NO TIENE LA IDEA DE CAUSAR PROBLEMA O CONFLICTO SOCIAL, NUESTRA LUCHA ES LA DEFENSA DE LA TIERRA QUE NOS HA DESPOJADO EL GOBIERNO. NUESTRO SANTUARIO DEL SE\u00d1OR DE TILA ES LO QUE NOS DA FUERZA PARA CAMINAR, ES NUESTRO LUGAR SAGRADO, NO ES DE UNA PERSONA, ES DE NUESTRO PUEBLO Y DE OTROS PUEBLOS QUE VIENEN A VISITARLO. LA ASAMBLEA GENERAL DEL EJIDO HA DETERMINADO QUE LOS POBLADORES QUE FUERAN ENGA\u00d1ADOS POR EL AYUNTAMIENTO PARA COMPRAR TIERRAS EJIDALES COMO SI FUERAN PROPIEDAD PRIVADA, SER\u00c1N RESPETADOS EN SU DERECHO Y EN SU TRANQUILIDAD, LA SITUACI\u00d3N DE SUS SOLARES ESTAR\u00c1 SUJETA A LAS LEYES DEL REGLAMENTO INTERNO DEL EJIDO, A LA LEY AGRARIA Y A LOS TRATADOS INTERNACIONALES DE LOS PUEBLOS IND\u00cdGENAS. PEDIMOS QUE COMPRENDAN NUESTRA LUCHA Y RESPETEN EL PROCESO QUE ESTAMOS LLEVANDO DE LA DEFENSA DE NUESTRAS TIERRAS Y TERRITORIO.<\/p>\n<p>SALUDAMOS A NUESTROS COMPA\u00d1EROS Y COMPA\u00d1ERAS DEL EJIDO SAN SEBASTI\u00c1N BACHAJ\u00d3N ADHERENTES DE LA OTRA CAMPA\u00d1A POR SUS ESFUERZOS EN LA DEFENSA DE LA MADRE TIERRA Y LA LIBERACI\u00d3N DE LOS PRESOS POL\u00cdTICOS. SALUDAMOS A NUESTROS COMPA\u00d1EROS Y COMPA\u00d1ERAS DEL FRENTE DE PUEBLO DE ATENCO, MITZIT\u00d3N, SAN JUAN COPALA, POLIC\u00cdA COMUNITARIA DE GUERRERO, ACTEAL Y TODOS LOS PUEBLOS DIGNOS QUE RESISTEN LA DISCRIMINACI\u00d3N, DESPOJO Y DESPRECIO DEL SISTEMA NEOLIBERAL CAPITALISTA.<\/p>\n<p>TIERRA Y LIBERTAD<!--:--><\/p>\n","protected":false},"excerpt":{"rendered":"<p>COMUNICADO EN EJIDO TILA, CHIAPAS A 20 DE AGOSTO DE 2011 EJIDATARIOS Y EJIDATARIAS, HERMANOS Y HERMANAS, PEREGRINOS Y VISITANTES DE NUESTRO SANTUARIO, POBLADORES DE TILA, ADHERENTES DE LA OTRA CAMPA\u00d1A DERECHOS HUMANOS INDEPENDIENTES NACIONAL E INTERNACIONAL OPINI\u00d3N P\u00daBLICA, LES QUEREMOS INFORMAR QUE EL EJIDO TILA TIENE M\u00c1S DE 30 A\u00d1OS LUCHANDO EN LA DEFENSA [&hellip;]<\/p>\n","protected":false},"author":1,"featured_media":0,"comment_status":"open","ping_status":"open","sticky":false,"template":"","format":"standard","meta":{"footnotes":""},"categories":[183],"tags":[97,96,95],"class_list":["post-3917","post","type-post","status-publish","format-standard","hentry","category-blog","tag-territorio","tag-tierra","tag-tila"],"_links":{"self":[{"href":"https:\/\/radiozapatista.org\/index.php?rest_route=\/wp\/v2\/posts\/3917","targetHints":{"allow":["GET"]}}],"collection":[{"href":"https:\/\/radiozapatista.org\/index.php?rest_route=\/wp\/v2\/posts"}],"about":[{"href":"https:\/\/radiozapatista.org\/index.php?rest_route=\/wp\/v2\/types\/post"}],"author":[{"embeddable":true,"href":"https:\/\/radiozapatista.org\/index.php?rest_route=\/wp\/v2\/users\/1"}],"replies":[{"embeddable":true,"href":"https:\/\/radiozapatista.org\/index.php?rest_route=%2Fwp%2Fv2%2Fcomments&post=3917"}],"version-history":[{"count":0,"href":"https:\/\/radiozapatista.org\/index.php?rest_route=\/wp\/v2\/posts\/3917\/revisions"}],"wp:attachment":[{"href":"https:\/\/radiozapatista.org\/index.php?rest_route=%2Fwp%2Fv2%2Fmedia&parent=3917"}],"wp:term":[{"taxonomy":"category","embeddable":true,"href":"https:\/\/radiozapatista.org\/index.php?rest_route=%2Fwp%2Fv2%2Fcategories&post=3917"},{"taxonomy":"post_tag","embeddable":true,"href":"https:\/\/radiozapatista.org\/index.php?rest_route=%2Fwp%2Fv2%2Ftags&post=3917"}],"curies":[{"name":"wp","href":"https:\/\/api.w.org\/{rel}","templated":true}]}}