{"id":39057,"date":"2021-08-27T11:00:44","date_gmt":"2021-08-27T16:00:44","guid":{"rendered":"https:\/\/radiozapatista.org\/?p=39057"},"modified":"2021-08-30T00:53:12","modified_gmt":"2021-08-30T05:53:12","slug":"no-claudicaremos-jornadas-insumisas-en-madrid","status":"publish","type":"post","link":"https:\/\/radiozapatista.org\/?p=39057","title":{"rendered":"&#8217;No claudicaremos&#8217;, jornadas insumisas en Madrid [Entrevistas]"},"content":{"rendered":"<p><\/p>\n<p style=\"text-align: right;\"><em><strong>\u201cVinimos a escuchar, vinimos a aprender\u201d, dijeron lxs zapatistas este 13 de agosto en la Plaza de Col\u00f3n de Madrid. Escuchar y aprender de quienes luchan, resisten y crean alternativas para nuestro mundo en Slumil K\u2019ajxemk\u2019op, la Europa insumisa.<\/strong><\/em><\/p>\n<p><a href=\"https:\/\/radiozapatista.org\/wp-content\/uploads\/2021\/08\/GIRA-Madrid-TOTAL-1-13-1.jpg\"><img loading=\"lazy\" decoding=\"async\" class=\"aligncenter wp-image-39181 size-large\" src=\"https:\/\/radiozapatista.org\/wp-content\/uploads\/2021\/08\/GIRA-Madrid-TOTAL-1-13-1-1024x576.jpg\" alt=\"\" width=\"1024\" height=\"576\" srcset=\"https:\/\/radiozapatista.org\/wp-content\/uploads\/2021\/08\/GIRA-Madrid-TOTAL-1-13-1-1024x576.jpg 1024w, https:\/\/radiozapatista.org\/wp-content\/uploads\/2021\/08\/GIRA-Madrid-TOTAL-1-13-1-350x197.jpg 350w, https:\/\/radiozapatista.org\/wp-content\/uploads\/2021\/08\/GIRA-Madrid-TOTAL-1-13-1-768x432.jpg 768w, https:\/\/radiozapatista.org\/wp-content\/uploads\/2021\/08\/GIRA-Madrid-TOTAL-1-13-1.jpg 1200w\" sizes=\"auto, (max-width: 1024px) 100vw, 1024px\" \/><\/a><\/p>\n<p>Entre el 11 y el 13 de agosto, previo al <a href=\"https:\/\/radiozapatista.org\/?p=38947\">encuentro con el \u201cEscuadr\u00f3n 421\u201d zapatista<\/a>, colectivxs, organizaciones, movimientos, familias y personas de la Europa insumisa organizaron una jornada de tres d\u00edas intitulada <a href=\"https:\/\/viajezapatista.eu\/es\/no-nos-conquistaron-no-claudicaremos-500-anos-del-inicio-de-la-resistencia-indigena-zapatistas-en-madrid-11-13-de-agosto-2021-madrid-slumil-kajxemkop-tierra-insumi\/\">No claudicaremos<\/a>. Lavapi\u00e9s y otros lugares de resistencia se convirtieron nuevamente en puntos neur\u00e1lgicos para el hospedaje y la convivencia, como centro de medios libres y para la\u00a0 expresi\u00f3n art\u00edstica y los (re)encuentros.<\/p>\n<p>Centros Sociales Autogestionados como <a href=\"https:\/\/3peces3.wordpress.com\/\">&#8216;3 peces 3&#8217;<\/a> , <a href=\"https:\/\/latabacalera.net\/\">La Tabacalera<\/a> , <a href=\"https:\/\/ingobernable.net\/\">la Oficina de Derechos Sociales la Ingobernable<\/a><em>, <\/em><a href=\"https:\/\/www.lavillana.org\/\">el Centro Social La Villana de Vallekas<\/a>, el pueblo okupado Navalquejigo y los jardines comunitarios como el de <a href=\"https:\/\/estaesunaplaza.blogspot.com\/\">&#8216;Esto es una Plaza&#8217;<\/a> fueron los espacios solidarios para ello. Cercano tambi\u00e9n el Auditorio Pilar Bardem en el pueblo de Rivas-VaciaMadrid en donde tuvo lugar el concierto de Bienvenida de la Gira Zapatista organizado por la Confederaci\u00f3n General del Trabajo (CGT) con la participaci\u00f3n de las bandas Boikot y Amparanoia.<\/p>\n<p><!--more--><\/p>\n\n\t\t<style type=\"text\/css\">\n\t\t\t#gallery-1 {\n\t\t\t\tmargin: auto;\n\t\t\t}\n\t\t\t#gallery-1 .gallery-item {\n\t\t\t\tfloat: left;\n\t\t\t\tmargin-top: 10px;\n\t\t\t\ttext-align: center;\n\t\t\t\twidth: 50%;\n\t\t\t}\n\t\t\t#gallery-1 img {\n\t\t\t\tborder: 2px solid #cfcfcf;\n\t\t\t}\n\t\t\t#gallery-1 .gallery-caption {\n\t\t\t\tmargin-left: 0;\n\t\t\t}\n\t\t\t\/* see gallery_shortcode() in wp-includes\/media.php *\/\n\t\t<\/style>\n\t\t<div id='gallery-1' class='gallery galleryid-39057 gallery-columns-2 gallery-size-medium'><dl class='gallery-item'>\n\t\t\t<dt class='gallery-icon landscape'>\n\t\t\t\t<a href='https:\/\/radiozapatista.org\/wp-content\/uploads\/2021\/08\/GIRA-Madrid-TOTAL-1-4.jpg'><img loading=\"lazy\" decoding=\"async\" width=\"350\" height=\"197\" src=\"https:\/\/radiozapatista.org\/wp-content\/uploads\/2021\/08\/GIRA-Madrid-TOTAL-1-4-350x197.jpg\" class=\"attachment-medium size-medium\" alt=\"\" srcset=\"https:\/\/radiozapatista.org\/wp-content\/uploads\/2021\/08\/GIRA-Madrid-TOTAL-1-4-350x197.jpg 350w, https:\/\/radiozapatista.org\/wp-content\/uploads\/2021\/08\/GIRA-Madrid-TOTAL-1-4-768x433.jpg 768w, https:\/\/radiozapatista.org\/wp-content\/uploads\/2021\/08\/GIRA-Madrid-TOTAL-1-4-1024x577.jpg 1024w, https:\/\/radiozapatista.org\/wp-content\/uploads\/2021\/08\/GIRA-Madrid-TOTAL-1-4.jpg 1200w\" sizes=\"auto, (max-width: 350px) 100vw, 350px\" \/><\/a>\n\t\t\t<\/dt><\/dl><dl class='gallery-item'>\n\t\t\t<dt class='gallery-icon landscape'>\n\t\t\t\t<a href='https:\/\/radiozapatista.org\/wp-content\/uploads\/2021\/08\/GIRA-Madrid-TOTAL-1-26.jpg'><img loading=\"lazy\" decoding=\"async\" width=\"350\" height=\"197\" src=\"https:\/\/radiozapatista.org\/wp-content\/uploads\/2021\/08\/GIRA-Madrid-TOTAL-1-26-350x197.jpg\" class=\"attachment-medium size-medium\" alt=\"\" srcset=\"https:\/\/radiozapatista.org\/wp-content\/uploads\/2021\/08\/GIRA-Madrid-TOTAL-1-26-350x197.jpg 350w, https:\/\/radiozapatista.org\/wp-content\/uploads\/2021\/08\/GIRA-Madrid-TOTAL-1-26-768x432.jpg 768w, https:\/\/radiozapatista.org\/wp-content\/uploads\/2021\/08\/GIRA-Madrid-TOTAL-1-26-1024x576.jpg 1024w, https:\/\/radiozapatista.org\/wp-content\/uploads\/2021\/08\/GIRA-Madrid-TOTAL-1-26.jpg 1200w\" sizes=\"auto, (max-width: 350px) 100vw, 350px\" \/><\/a>\n\t\t\t<\/dt><\/dl><br style=\"clear: both\" \/>\n\t\t<\/div>\n\n\n\t\t<style type=\"text\/css\">\n\t\t\t#gallery-2 {\n\t\t\t\tmargin: auto;\n\t\t\t}\n\t\t\t#gallery-2 .gallery-item {\n\t\t\t\tfloat: left;\n\t\t\t\tmargin-top: 10px;\n\t\t\t\ttext-align: center;\n\t\t\t\twidth: 50%;\n\t\t\t}\n\t\t\t#gallery-2 img {\n\t\t\t\tborder: 2px solid #cfcfcf;\n\t\t\t}\n\t\t\t#gallery-2 .gallery-caption {\n\t\t\t\tmargin-left: 0;\n\t\t\t}\n\t\t\t\/* see gallery_shortcode() in wp-includes\/media.php *\/\n\t\t<\/style>\n\t\t<div id='gallery-2' class='gallery galleryid-39057 gallery-columns-2 gallery-size-large'><dl class='gallery-item'>\n\t\t\t<dt class='gallery-icon portrait'>\n\t\t\t\t<a href='https:\/\/radiozapatista.org\/wp-content\/uploads\/2021\/08\/GIRA-Madrid-TOTAL-1-3.jpg'><img loading=\"lazy\" decoding=\"async\" width=\"683\" height=\"1024\" src=\"https:\/\/radiozapatista.org\/wp-content\/uploads\/2021\/08\/GIRA-Madrid-TOTAL-1-3-683x1024.jpg\" class=\"attachment-large size-large\" alt=\"\" srcset=\"https:\/\/radiozapatista.org\/wp-content\/uploads\/2021\/08\/GIRA-Madrid-TOTAL-1-3-683x1024.jpg 683w, https:\/\/radiozapatista.org\/wp-content\/uploads\/2021\/08\/GIRA-Madrid-TOTAL-1-3-200x300.jpg 200w, https:\/\/radiozapatista.org\/wp-content\/uploads\/2021\/08\/GIRA-Madrid-TOTAL-1-3-768x1151.jpg 768w, https:\/\/radiozapatista.org\/wp-content\/uploads\/2021\/08\/GIRA-Madrid-TOTAL-1-3.jpg 1200w\" sizes=\"auto, (max-width: 683px) 100vw, 683px\" \/><\/a>\n\t\t\t<\/dt><\/dl><dl class='gallery-item'>\n\t\t\t<dt class='gallery-icon portrait'>\n\t\t\t\t<a href='https:\/\/radiozapatista.org\/wp-content\/uploads\/2021\/08\/GIRA-Madrid-TOTAL-1-8.jpg'><img loading=\"lazy\" decoding=\"async\" width=\"683\" height=\"1024\" src=\"https:\/\/radiozapatista.org\/wp-content\/uploads\/2021\/08\/GIRA-Madrid-TOTAL-1-8-683x1024.jpg\" class=\"attachment-large size-large\" alt=\"\" srcset=\"https:\/\/radiozapatista.org\/wp-content\/uploads\/2021\/08\/GIRA-Madrid-TOTAL-1-8-683x1024.jpg 683w, https:\/\/radiozapatista.org\/wp-content\/uploads\/2021\/08\/GIRA-Madrid-TOTAL-1-8-200x300.jpg 200w, https:\/\/radiozapatista.org\/wp-content\/uploads\/2021\/08\/GIRA-Madrid-TOTAL-1-8-768x1151.jpg 768w, https:\/\/radiozapatista.org\/wp-content\/uploads\/2021\/08\/GIRA-Madrid-TOTAL-1-8.jpg 1200w\" sizes=\"auto, (max-width: 683px) 100vw, 683px\" \/><\/a>\n\t\t\t<\/dt><\/dl><br style=\"clear: both\" \/>\n\t\t<\/div>\n\n\n\t\t<style type=\"text\/css\">\n\t\t\t#gallery-3 {\n\t\t\t\tmargin: auto;\n\t\t\t}\n\t\t\t#gallery-3 .gallery-item {\n\t\t\t\tfloat: left;\n\t\t\t\tmargin-top: 10px;\n\t\t\t\ttext-align: center;\n\t\t\t\twidth: 50%;\n\t\t\t}\n\t\t\t#gallery-3 img {\n\t\t\t\tborder: 2px solid #cfcfcf;\n\t\t\t}\n\t\t\t#gallery-3 .gallery-caption {\n\t\t\t\tmargin-left: 0;\n\t\t\t}\n\t\t\t\/* see gallery_shortcode() in wp-includes\/media.php *\/\n\t\t<\/style>\n\t\t<div id='gallery-3' class='gallery galleryid-39057 gallery-columns-2 gallery-size-medium'><dl class='gallery-item'>\n\t\t\t<dt class='gallery-icon landscape'>\n\t\t\t\t<a href='https:\/\/radiozapatista.org\/wp-content\/uploads\/2021\/08\/GIRA-Madrid-TOTAL-1-9-2.jpg'><img loading=\"lazy\" decoding=\"async\" width=\"350\" height=\"197\" src=\"https:\/\/radiozapatista.org\/wp-content\/uploads\/2021\/08\/GIRA-Madrid-TOTAL-1-9-2-350x197.jpg\" class=\"attachment-medium size-medium\" alt=\"\" srcset=\"https:\/\/radiozapatista.org\/wp-content\/uploads\/2021\/08\/GIRA-Madrid-TOTAL-1-9-2-350x197.jpg 350w, https:\/\/radiozapatista.org\/wp-content\/uploads\/2021\/08\/GIRA-Madrid-TOTAL-1-9-2-768x432.jpg 768w, https:\/\/radiozapatista.org\/wp-content\/uploads\/2021\/08\/GIRA-Madrid-TOTAL-1-9-2-1024x576.jpg 1024w, https:\/\/radiozapatista.org\/wp-content\/uploads\/2021\/08\/GIRA-Madrid-TOTAL-1-9-2.jpg 1200w\" sizes=\"auto, (max-width: 350px) 100vw, 350px\" \/><\/a>\n\t\t\t<\/dt><\/dl><dl class='gallery-item'>\n\t\t\t<dt class='gallery-icon landscape'>\n\t\t\t\t<a href='https:\/\/radiozapatista.org\/wp-content\/uploads\/2021\/08\/GIRA-Madrid-TOTAL-1-10-2.jpg'><img loading=\"lazy\" decoding=\"async\" width=\"350\" height=\"197\" src=\"https:\/\/radiozapatista.org\/wp-content\/uploads\/2021\/08\/GIRA-Madrid-TOTAL-1-10-2-350x197.jpg\" class=\"attachment-medium size-medium\" alt=\"\" srcset=\"https:\/\/radiozapatista.org\/wp-content\/uploads\/2021\/08\/GIRA-Madrid-TOTAL-1-10-2-350x197.jpg 350w, https:\/\/radiozapatista.org\/wp-content\/uploads\/2021\/08\/GIRA-Madrid-TOTAL-1-10-2-768x432.jpg 768w, https:\/\/radiozapatista.org\/wp-content\/uploads\/2021\/08\/GIRA-Madrid-TOTAL-1-10-2-1024x576.jpg 1024w, https:\/\/radiozapatista.org\/wp-content\/uploads\/2021\/08\/GIRA-Madrid-TOTAL-1-10-2.jpg 1200w\" sizes=\"auto, (max-width: 350px) 100vw, 350px\" \/><\/a>\n\t\t\t<\/dt><\/dl><br style=\"clear: both\" \/>\n\t\t<\/div>\n\n\n\t\t<style type=\"text\/css\">\n\t\t\t#gallery-4 {\n\t\t\t\tmargin: auto;\n\t\t\t}\n\t\t\t#gallery-4 .gallery-item {\n\t\t\t\tfloat: left;\n\t\t\t\tmargin-top: 10px;\n\t\t\t\ttext-align: center;\n\t\t\t\twidth: 50%;\n\t\t\t}\n\t\t\t#gallery-4 img {\n\t\t\t\tborder: 2px solid #cfcfcf;\n\t\t\t}\n\t\t\t#gallery-4 .gallery-caption {\n\t\t\t\tmargin-left: 0;\n\t\t\t}\n\t\t\t\/* see gallery_shortcode() in wp-includes\/media.php *\/\n\t\t<\/style>\n\t\t<div id='gallery-4' class='gallery galleryid-39057 gallery-columns-2 gallery-size-medium'><dl class='gallery-item'>\n\t\t\t<dt class='gallery-icon landscape'>\n\t\t\t\t<a href='https:\/\/radiozapatista.org\/wp-content\/uploads\/2021\/08\/GIRA-Madrid-TOTAL-1-21.jpg'><img loading=\"lazy\" decoding=\"async\" width=\"350\" height=\"197\" src=\"https:\/\/radiozapatista.org\/wp-content\/uploads\/2021\/08\/GIRA-Madrid-TOTAL-1-21-350x197.jpg\" class=\"attachment-medium size-medium\" alt=\"\" srcset=\"https:\/\/radiozapatista.org\/wp-content\/uploads\/2021\/08\/GIRA-Madrid-TOTAL-1-21-350x197.jpg 350w, https:\/\/radiozapatista.org\/wp-content\/uploads\/2021\/08\/GIRA-Madrid-TOTAL-1-21-768x432.jpg 768w, https:\/\/radiozapatista.org\/wp-content\/uploads\/2021\/08\/GIRA-Madrid-TOTAL-1-21-1024x576.jpg 1024w, https:\/\/radiozapatista.org\/wp-content\/uploads\/2021\/08\/GIRA-Madrid-TOTAL-1-21.jpg 1200w\" sizes=\"auto, (max-width: 350px) 100vw, 350px\" \/><\/a>\n\t\t\t<\/dt><\/dl><dl class='gallery-item'>\n\t\t\t<dt class='gallery-icon landscape'>\n\t\t\t\t<a href='https:\/\/radiozapatista.org\/wp-content\/uploads\/2021\/08\/RZ_GIRA-Madrid_14.jpg'><img loading=\"lazy\" decoding=\"async\" width=\"350\" height=\"197\" src=\"https:\/\/radiozapatista.org\/wp-content\/uploads\/2021\/08\/RZ_GIRA-Madrid_14-350x197.jpg\" class=\"attachment-medium size-medium\" alt=\"\" srcset=\"https:\/\/radiozapatista.org\/wp-content\/uploads\/2021\/08\/RZ_GIRA-Madrid_14-350x197.jpg 350w, https:\/\/radiozapatista.org\/wp-content\/uploads\/2021\/08\/RZ_GIRA-Madrid_14-768x432.jpg 768w, https:\/\/radiozapatista.org\/wp-content\/uploads\/2021\/08\/RZ_GIRA-Madrid_14-1024x576.jpg 1024w, https:\/\/radiozapatista.org\/wp-content\/uploads\/2021\/08\/RZ_GIRA-Madrid_14.jpg 1200w\" sizes=\"auto, (max-width: 350px) 100vw, 350px\" \/><\/a>\n\t\t\t<\/dt><\/dl><br style=\"clear: both\" \/>\n\t\t<\/div>\n\n<p>Aqu\u00ed llegaron gentes de otras geograf\u00edas, que se juntan y dialogan. Una gran diversidad de procedencias y or\u00edgenes, de edades, de luchas y dificultades cotidianas que se encontraron en talleres, charlas, performances, comidas populares y conciertos. En los di\u00e1logos, la crisis civilizatoria estuvo presente, tanto como las problem\u00e1ticas locales. Hay un gran sentido de gratitud por el esfuerzo de lxs zapatistas para realizar esta Traves\u00eda por la Vida y propiciar los encuentros en donde el di\u00e1logo, el respeto, el compartir y el cuidado se tornan ant\u00eddotos para la violencia y la desesperanza de nuestros tiempos.<strong><br \/>\n<\/strong><\/p>\n<p>En el esp\u00edritu de la escucha y el aprendizaje con el que vino la delegaci\u00f3n mar\u00edtima zapatista, nos dedicamos tambi\u00e9n a escuchar y a aprender. Entre el 11 y el 13, realizamos un n\u00famero de entrevistas con organizadorxs y participantes provenientes de varias geograf\u00edas. Ellas, ellos y elloas nos hablaron de sus\u00a0 luchas, de sus formas de resistencia y organizaci\u00f3n y del sentido particular de esta Traves\u00eda por la Vida en sus vidas personales y colectivas y lo que hasta ahora significa para sus territorios.<\/p>\n<h4>Enseguida, los audios y el fotoreportaje de las entrevistas.<\/h4>\n<p style=\"text-align: center;\"><a href=\"https:\/\/radiozapatista.org\/wp-content\/uploads\/2021\/08\/RZ_GIRA-Madrid_24-1.jpg\"><img loading=\"lazy\" decoding=\"async\" class=\"aligncenter size-large wp-image-39200\" src=\"https:\/\/radiozapatista.org\/wp-content\/uploads\/2021\/08\/RZ_GIRA-Madrid_24-1-1024x683.jpg\" alt=\"\" width=\"1024\" height=\"683\" srcset=\"https:\/\/radiozapatista.org\/wp-content\/uploads\/2021\/08\/RZ_GIRA-Madrid_24-1-1024x683.jpg 1024w, https:\/\/radiozapatista.org\/wp-content\/uploads\/2021\/08\/RZ_GIRA-Madrid_24-1-350x233.jpg 350w, https:\/\/radiozapatista.org\/wp-content\/uploads\/2021\/08\/RZ_GIRA-Madrid_24-1-768x512.jpg 768w, https:\/\/radiozapatista.org\/wp-content\/uploads\/2021\/08\/RZ_GIRA-Madrid_24-1-700x466.jpg 700w, https:\/\/radiozapatista.org\/wp-content\/uploads\/2021\/08\/RZ_GIRA-Madrid_24-1.jpg 1200w\" sizes=\"auto, (max-width: 1024px) 100vw, 1024px\" \/><\/a><\/p>\n<p>\u00abLa manifestaci\u00f3n es un evento muy visible, creo lo\u00a0 importante es m\u00e1s bien conocerse y encontrarse entre nosotros. Encontrarse otra vez con todos los dem\u00e1s, los que vinieron a Par\u00eds antes, cuando lleg\u00f3 el Escuadr\u00f3n, porque fue con nosotros varias semanas all\u00e1\u00bb, \u00c9lise de Par\u00eds<\/p>\n<p>[podcast]https:\/\/radiozapatista.org\/wp-content\/uploads\/2021\/08\/RZ_Entr_EliseParis.mp3[\/podcast]<\/p>\n<p>&nbsp;<\/p>\n\n\t\t<style type=\"text\/css\">\n\t\t\t#gallery-5 {\n\t\t\t\tmargin: auto;\n\t\t\t}\n\t\t\t#gallery-5 .gallery-item {\n\t\t\t\tfloat: left;\n\t\t\t\tmargin-top: 10px;\n\t\t\t\ttext-align: center;\n\t\t\t\twidth: 50%;\n\t\t\t}\n\t\t\t#gallery-5 img {\n\t\t\t\tborder: 2px solid #cfcfcf;\n\t\t\t}\n\t\t\t#gallery-5 .gallery-caption {\n\t\t\t\tmargin-left: 0;\n\t\t\t}\n\t\t\t\/* see gallery_shortcode() in wp-includes\/media.php *\/\n\t\t<\/style>\n\t\t<div id='gallery-5' class='gallery galleryid-39057 gallery-columns-2 gallery-size-medium'><dl class='gallery-item'>\n\t\t\t<dt class='gallery-icon landscape'>\n\t\t\t\t<a href='https:\/\/radiozapatista.org\/wp-content\/uploads\/2021\/08\/RZ_GIRA-Madrid-23.jpg'><img loading=\"lazy\" decoding=\"async\" width=\"350\" height=\"197\" src=\"https:\/\/radiozapatista.org\/wp-content\/uploads\/2021\/08\/RZ_GIRA-Madrid-23-350x197.jpg\" class=\"attachment-medium size-medium\" alt=\"\" srcset=\"https:\/\/radiozapatista.org\/wp-content\/uploads\/2021\/08\/RZ_GIRA-Madrid-23-350x197.jpg 350w, https:\/\/radiozapatista.org\/wp-content\/uploads\/2021\/08\/RZ_GIRA-Madrid-23-768x432.jpg 768w, https:\/\/radiozapatista.org\/wp-content\/uploads\/2021\/08\/RZ_GIRA-Madrid-23-1024x576.jpg 1024w, https:\/\/radiozapatista.org\/wp-content\/uploads\/2021\/08\/RZ_GIRA-Madrid-23.jpg 1200w\" sizes=\"auto, (max-width: 350px) 100vw, 350px\" \/><\/a>\n\t\t\t<\/dt><\/dl><dl class='gallery-item'>\n\t\t\t<dt class='gallery-icon landscape'>\n\t\t\t\t<a href='https:\/\/radiozapatista.org\/wp-content\/uploads\/2021\/08\/RZ_GIRA-Madrid-16.jpg'><img loading=\"lazy\" decoding=\"async\" width=\"350\" height=\"197\" src=\"https:\/\/radiozapatista.org\/wp-content\/uploads\/2021\/08\/RZ_GIRA-Madrid-16-350x197.jpg\" class=\"attachment-medium size-medium\" alt=\"\" srcset=\"https:\/\/radiozapatista.org\/wp-content\/uploads\/2021\/08\/RZ_GIRA-Madrid-16-350x197.jpg 350w, https:\/\/radiozapatista.org\/wp-content\/uploads\/2021\/08\/RZ_GIRA-Madrid-16-768x432.jpg 768w, https:\/\/radiozapatista.org\/wp-content\/uploads\/2021\/08\/RZ_GIRA-Madrid-16-1024x576.jpg 1024w, https:\/\/radiozapatista.org\/wp-content\/uploads\/2021\/08\/RZ_GIRA-Madrid-16.jpg 1200w\" sizes=\"auto, (max-width: 350px) 100vw, 350px\" \/><\/a>\n\t\t\t<\/dt><\/dl><br style=\"clear: both\" \/><dl class='gallery-item'>\n\t\t\t<dt class='gallery-icon landscape'>\n\t\t\t\t<a href='https:\/\/radiozapatista.org\/wp-content\/uploads\/2021\/08\/GIRA-Madrid-TOTAL-1-20.jpg'><img loading=\"lazy\" decoding=\"async\" width=\"350\" height=\"197\" src=\"https:\/\/radiozapatista.org\/wp-content\/uploads\/2021\/08\/GIRA-Madrid-TOTAL-1-20-350x197.jpg\" class=\"attachment-medium size-medium\" alt=\"\" srcset=\"https:\/\/radiozapatista.org\/wp-content\/uploads\/2021\/08\/GIRA-Madrid-TOTAL-1-20-350x197.jpg 350w, https:\/\/radiozapatista.org\/wp-content\/uploads\/2021\/08\/GIRA-Madrid-TOTAL-1-20-768x432.jpg 768w, https:\/\/radiozapatista.org\/wp-content\/uploads\/2021\/08\/GIRA-Madrid-TOTAL-1-20-1024x576.jpg 1024w, https:\/\/radiozapatista.org\/wp-content\/uploads\/2021\/08\/GIRA-Madrid-TOTAL-1-20.jpg 1200w\" sizes=\"auto, (max-width: 350px) 100vw, 350px\" \/><\/a>\n\t\t\t<\/dt><\/dl><dl class='gallery-item'>\n\t\t\t<dt class='gallery-icon landscape'>\n\t\t\t\t<a href='https:\/\/radiozapatista.org\/wp-content\/uploads\/2021\/08\/GIRA-Madrid-TOTAL-1-17.jpg'><img loading=\"lazy\" decoding=\"async\" width=\"350\" height=\"197\" src=\"https:\/\/radiozapatista.org\/wp-content\/uploads\/2021\/08\/GIRA-Madrid-TOTAL-1-17-350x197.jpg\" class=\"attachment-medium size-medium\" alt=\"\" srcset=\"https:\/\/radiozapatista.org\/wp-content\/uploads\/2021\/08\/GIRA-Madrid-TOTAL-1-17-350x197.jpg 350w, https:\/\/radiozapatista.org\/wp-content\/uploads\/2021\/08\/GIRA-Madrid-TOTAL-1-17-768x432.jpg 768w, https:\/\/radiozapatista.org\/wp-content\/uploads\/2021\/08\/GIRA-Madrid-TOTAL-1-17-1024x576.jpg 1024w, https:\/\/radiozapatista.org\/wp-content\/uploads\/2021\/08\/GIRA-Madrid-TOTAL-1-17.jpg 1200w\" sizes=\"auto, (max-width: 350px) 100vw, 350px\" \/><\/a>\n\t\t\t<\/dt><\/dl><br style=\"clear: both\" \/>\n\t\t<\/div>\n\n<p>\u00abHemos venido por las jornadas zapatistas y a echar un cable en lo que se pueda hacer. Estoy encantado de venir y de hacer estas luchas porque me parece algo necesario. Ahora estamos aqu\u00ed preparando pancartas para la mani de esta tarde, esta ma\u00f1ana hicimos papiroflexia con una compa\u00f1era que nos ense\u00f1\u00f3 a hacer unos aviones s\u00faper chulos\u00bb Luis de Alicante<\/p>\n<p>[podcast]https:\/\/radiozapatista.org\/wp-content\/uploads\/2021\/08\/RZ_Entr_LuisAlicante.mp3[\/podcast]<\/p>\n<p>&nbsp;<\/p>\n\n\t\t<style type=\"text\/css\">\n\t\t\t#gallery-6 {\n\t\t\t\tmargin: auto;\n\t\t\t}\n\t\t\t#gallery-6 .gallery-item {\n\t\t\t\tfloat: left;\n\t\t\t\tmargin-top: 10px;\n\t\t\t\ttext-align: center;\n\t\t\t\twidth: 33%;\n\t\t\t}\n\t\t\t#gallery-6 img {\n\t\t\t\tborder: 2px solid #cfcfcf;\n\t\t\t}\n\t\t\t#gallery-6 .gallery-caption {\n\t\t\t\tmargin-left: 0;\n\t\t\t}\n\t\t\t\/* see gallery_shortcode() in wp-includes\/media.php *\/\n\t\t<\/style>\n\t\t<div id='gallery-6' class='gallery galleryid-39057 gallery-columns-3 gallery-size-medium'><dl class='gallery-item'>\n\t\t\t<dt class='gallery-icon landscape'>\n\t\t\t\t<a href='https:\/\/radiozapatista.org\/wp-content\/uploads\/2021\/08\/RZ_GIRA-Madrid-15.jpg'><img loading=\"lazy\" decoding=\"async\" width=\"350\" height=\"197\" src=\"https:\/\/radiozapatista.org\/wp-content\/uploads\/2021\/08\/RZ_GIRA-Madrid-15-350x197.jpg\" class=\"attachment-medium size-medium\" alt=\"\" srcset=\"https:\/\/radiozapatista.org\/wp-content\/uploads\/2021\/08\/RZ_GIRA-Madrid-15-350x197.jpg 350w, https:\/\/radiozapatista.org\/wp-content\/uploads\/2021\/08\/RZ_GIRA-Madrid-15-768x432.jpg 768w, https:\/\/radiozapatista.org\/wp-content\/uploads\/2021\/08\/RZ_GIRA-Madrid-15-1024x576.jpg 1024w, https:\/\/radiozapatista.org\/wp-content\/uploads\/2021\/08\/RZ_GIRA-Madrid-15.jpg 1200w\" sizes=\"auto, (max-width: 350px) 100vw, 350px\" \/><\/a>\n\t\t\t<\/dt><\/dl><dl class='gallery-item'>\n\t\t\t<dt class='gallery-icon landscape'>\n\t\t\t\t<a href='https:\/\/radiozapatista.org\/wp-content\/uploads\/2021\/08\/RZ_GIRA-Madrid-25.jpg'><img loading=\"lazy\" decoding=\"async\" width=\"350\" height=\"197\" src=\"https:\/\/radiozapatista.org\/wp-content\/uploads\/2021\/08\/RZ_GIRA-Madrid-25-350x197.jpg\" class=\"attachment-medium size-medium\" alt=\"\" srcset=\"https:\/\/radiozapatista.org\/wp-content\/uploads\/2021\/08\/RZ_GIRA-Madrid-25-350x197.jpg 350w, https:\/\/radiozapatista.org\/wp-content\/uploads\/2021\/08\/RZ_GIRA-Madrid-25-768x432.jpg 768w, https:\/\/radiozapatista.org\/wp-content\/uploads\/2021\/08\/RZ_GIRA-Madrid-25-1024x576.jpg 1024w, https:\/\/radiozapatista.org\/wp-content\/uploads\/2021\/08\/RZ_GIRA-Madrid-25.jpg 1200w\" sizes=\"auto, (max-width: 350px) 100vw, 350px\" \/><\/a>\n\t\t\t<\/dt><\/dl><dl class='gallery-item'>\n\t\t\t<dt class='gallery-icon landscape'>\n\t\t\t\t<a href='https:\/\/radiozapatista.org\/wp-content\/uploads\/2021\/08\/RZ_GIRA-Madrid-22.jpg'><img loading=\"lazy\" decoding=\"async\" width=\"350\" height=\"197\" src=\"https:\/\/radiozapatista.org\/wp-content\/uploads\/2021\/08\/RZ_GIRA-Madrid-22-350x197.jpg\" class=\"attachment-medium size-medium\" alt=\"\" srcset=\"https:\/\/radiozapatista.org\/wp-content\/uploads\/2021\/08\/RZ_GIRA-Madrid-22-350x197.jpg 350w, https:\/\/radiozapatista.org\/wp-content\/uploads\/2021\/08\/RZ_GIRA-Madrid-22-768x432.jpg 768w, https:\/\/radiozapatista.org\/wp-content\/uploads\/2021\/08\/RZ_GIRA-Madrid-22-1024x576.jpg 1024w, https:\/\/radiozapatista.org\/wp-content\/uploads\/2021\/08\/RZ_GIRA-Madrid-22.jpg 1200w\" sizes=\"auto, (max-width: 350px) 100vw, 350px\" \/><\/a>\n\t\t\t<\/dt><\/dl><br style=\"clear: both\" \/>\n\t\t<\/div>\n\n<p>\u00abAprendimos a sentir y a sentir colectivamente, a acogernos y a cuidarnos (\u2026) Hoy hemos estado hablando de las t\u00e9cnicas art\u00edsticas cada uno de los colectivos que nos hemos encontrado, que es una cosa riqu\u00edsima por s\u00ed misma y que probablemente vaya a marcar alguna tendencia en un sentido mucho m\u00e1s profundo, humano\u00bb\u00a0 Sergio del Colectivo <a href=\"http:\/\/www.la-poesia.es\/\">Escaparate de Poes\u00eda<\/a> y del CSA La Tabacalera<\/p>\n<p>[podcast]https:\/\/radiozapatista.org\/wp-content\/uploads\/2021\/08\/RZ_Entr-SergioTabacalera.mp3[\/podcast]<\/p>\n<p>&nbsp;<\/p>\n<p><a href=\"https:\/\/radiozapatista.org\/wp-content\/uploads\/2021\/08\/GIRA-Madrid-TOTAL-1-34.jpg\"><img loading=\"lazy\" decoding=\"async\" class=\"aligncenter size-large wp-image-39209\" src=\"https:\/\/radiozapatista.org\/wp-content\/uploads\/2021\/08\/GIRA-Madrid-TOTAL-1-34-1024x683.jpg\" alt=\"\" width=\"1024\" height=\"683\" srcset=\"https:\/\/radiozapatista.org\/wp-content\/uploads\/2021\/08\/GIRA-Madrid-TOTAL-1-34-1024x683.jpg 1024w, https:\/\/radiozapatista.org\/wp-content\/uploads\/2021\/08\/GIRA-Madrid-TOTAL-1-34-350x233.jpg 350w, https:\/\/radiozapatista.org\/wp-content\/uploads\/2021\/08\/GIRA-Madrid-TOTAL-1-34-768x512.jpg 768w, https:\/\/radiozapatista.org\/wp-content\/uploads\/2021\/08\/GIRA-Madrid-TOTAL-1-34-700x466.jpg 700w, https:\/\/radiozapatista.org\/wp-content\/uploads\/2021\/08\/GIRA-Madrid-TOTAL-1-34.jpg 1200w\" sizes=\"auto, (max-width: 1024px) 100vw, 1024px\" \/><\/a><\/p>\n<p>\u00abEstamos aqu\u00ed acompa\u00f1ando esta gira zapatista, esta navegaci\u00f3n de la esperanza, con historia de mujeres. Como somos nosotras, para transformar la historia y hacerla nuestra. Y luego estamos ac\u00e1 porque creemos que hay que sanar el norte. Rescatar la vida con los rostros de mujeres, ni\u00f1as, ind\u00edgenas, un rostro de resistencia, de liberaci\u00f3n, de vida\u00bb Hildy y Gladys Quintanilla Ocampo de <a href=\"https:\/\/masharateatro.wixsite.com\/masharateatro\">Mashara Teatra<\/a><\/p>\n<p>[podcast]https:\/\/radiozapatista.org\/wp-content\/uploads\/2021\/08\/RZ_Entr_Hildy-y-Gladys-Quintanilla_MasharaTeatra.mp3[\/podcast]<\/p>\n<p>&nbsp;<\/p>\n<p><a href=\"https:\/\/radiozapatista.org\/wp-content\/uploads\/2021\/08\/GIRA-Madrid-TOTAL-1-39-1.jpg\"><img loading=\"lazy\" decoding=\"async\" class=\"aligncenter size-large wp-image-39210\" src=\"https:\/\/radiozapatista.org\/wp-content\/uploads\/2021\/08\/GIRA-Madrid-TOTAL-1-39-1-1024x683.jpg\" alt=\"\" width=\"1024\" height=\"683\" srcset=\"https:\/\/radiozapatista.org\/wp-content\/uploads\/2021\/08\/GIRA-Madrid-TOTAL-1-39-1-1024x683.jpg 1024w, https:\/\/radiozapatista.org\/wp-content\/uploads\/2021\/08\/GIRA-Madrid-TOTAL-1-39-1-350x233.jpg 350w, https:\/\/radiozapatista.org\/wp-content\/uploads\/2021\/08\/GIRA-Madrid-TOTAL-1-39-1-768x512.jpg 768w, https:\/\/radiozapatista.org\/wp-content\/uploads\/2021\/08\/GIRA-Madrid-TOTAL-1-39-1-700x466.jpg 700w, https:\/\/radiozapatista.org\/wp-content\/uploads\/2021\/08\/GIRA-Madrid-TOTAL-1-39-1.jpg 1200w\" sizes=\"auto, (max-width: 1024px) 100vw, 1024px\" \/><\/a><\/p>\n<p>\u00abCon el conocimiento de la gira zapatista hemos decidido hacer una campa\u00f1a importante de ayuda y sensibilizaci\u00f3n sobre lo que significa la Declaraci\u00f3n por la Vida. El fuego est\u00e1 todav\u00eda ac\u00e1 despertando. Somos cada d\u00eda m\u00e1s y estamos muy agradecides. Lo sembrado va a germinar, va a dar muchas flores, ya lo ha hecho\u00bb Les compa\u00f1eres Edu e Iv\u00e1n del <a href=\"https:\/\/caracolgredos.tumblr.com\/\">Caracol Gredos<\/a><\/p>\n<p>[podcast]https:\/\/radiozapatista.org\/wp-content\/uploads\/2021\/08\/RZ_Entr_CaracolGredos_Edu_Ivan.mp3[\/podcast]<\/p>\n<p>&nbsp;<\/p>\n\n\t\t<style type=\"text\/css\">\n\t\t\t#gallery-7 {\n\t\t\t\tmargin: auto;\n\t\t\t}\n\t\t\t#gallery-7 .gallery-item {\n\t\t\t\tfloat: left;\n\t\t\t\tmargin-top: 10px;\n\t\t\t\ttext-align: center;\n\t\t\t\twidth: 50%;\n\t\t\t}\n\t\t\t#gallery-7 img {\n\t\t\t\tborder: 2px solid #cfcfcf;\n\t\t\t}\n\t\t\t#gallery-7 .gallery-caption {\n\t\t\t\tmargin-left: 0;\n\t\t\t}\n\t\t\t\/* see gallery_shortcode() in wp-includes\/media.php *\/\n\t\t<\/style>\n\t\t<div id='gallery-7' class='gallery galleryid-39057 gallery-columns-2 gallery-size-medium'><dl class='gallery-item'>\n\t\t\t<dt class='gallery-icon landscape'>\n\t\t\t\t<a href='https:\/\/radiozapatista.org\/wp-content\/uploads\/2021\/08\/GIRA-Madrid-TOTAL-1-45.jpg'><img loading=\"lazy\" decoding=\"async\" width=\"350\" height=\"197\" src=\"https:\/\/radiozapatista.org\/wp-content\/uploads\/2021\/08\/GIRA-Madrid-TOTAL-1-45-350x197.jpg\" class=\"attachment-medium size-medium\" alt=\"\" srcset=\"https:\/\/radiozapatista.org\/wp-content\/uploads\/2021\/08\/GIRA-Madrid-TOTAL-1-45-350x197.jpg 350w, https:\/\/radiozapatista.org\/wp-content\/uploads\/2021\/08\/GIRA-Madrid-TOTAL-1-45-768x432.jpg 768w, https:\/\/radiozapatista.org\/wp-content\/uploads\/2021\/08\/GIRA-Madrid-TOTAL-1-45-1024x576.jpg 1024w, https:\/\/radiozapatista.org\/wp-content\/uploads\/2021\/08\/GIRA-Madrid-TOTAL-1-45.jpg 1200w\" sizes=\"auto, (max-width: 350px) 100vw, 350px\" \/><\/a>\n\t\t\t<\/dt><\/dl><dl class='gallery-item'>\n\t\t\t<dt class='gallery-icon landscape'>\n\t\t\t\t<a href='https:\/\/radiozapatista.org\/wp-content\/uploads\/2021\/08\/GIRA-Madrid-TOTAL-1-4-1.jpg'><img loading=\"lazy\" decoding=\"async\" width=\"350\" height=\"197\" src=\"https:\/\/radiozapatista.org\/wp-content\/uploads\/2021\/08\/GIRA-Madrid-TOTAL-1-4-1-350x197.jpg\" class=\"attachment-medium size-medium\" alt=\"\" srcset=\"https:\/\/radiozapatista.org\/wp-content\/uploads\/2021\/08\/GIRA-Madrid-TOTAL-1-4-1-350x197.jpg 350w, https:\/\/radiozapatista.org\/wp-content\/uploads\/2021\/08\/GIRA-Madrid-TOTAL-1-4-1-768x432.jpg 768w, https:\/\/radiozapatista.org\/wp-content\/uploads\/2021\/08\/GIRA-Madrid-TOTAL-1-4-1-1024x576.jpg 1024w, https:\/\/radiozapatista.org\/wp-content\/uploads\/2021\/08\/GIRA-Madrid-TOTAL-1-4-1.jpg 1200w\" sizes=\"auto, (max-width: 350px) 100vw, 350px\" \/><\/a>\n\t\t\t<\/dt><\/dl><br style=\"clear: both\" \/>\n\t\t<\/div>\n\n<p><a href=\"https:\/\/radiozapatista.org\/wp-content\/uploads\/2021\/08\/GIRA-Madrid-TOTAL-1-61.jpg\"><img loading=\"lazy\" decoding=\"async\" class=\"aligncenter wp-image-39213 size-large\" src=\"https:\/\/radiozapatista.org\/wp-content\/uploads\/2021\/08\/GIRA-Madrid-TOTAL-1-61-683x1024.jpg\" alt=\"\" width=\"683\" height=\"1024\" srcset=\"https:\/\/radiozapatista.org\/wp-content\/uploads\/2021\/08\/GIRA-Madrid-TOTAL-1-61-683x1024.jpg 683w, https:\/\/radiozapatista.org\/wp-content\/uploads\/2021\/08\/GIRA-Madrid-TOTAL-1-61-200x300.jpg 200w, https:\/\/radiozapatista.org\/wp-content\/uploads\/2021\/08\/GIRA-Madrid-TOTAL-1-61-768x1151.jpg 768w, https:\/\/radiozapatista.org\/wp-content\/uploads\/2021\/08\/GIRA-Madrid-TOTAL-1-61.jpg 800w\" sizes=\"auto, (max-width: 683px) 100vw, 683px\" \/><\/a><\/p>\n<p>\u00abNos organizamos como Sindicato de Manteros para organizar nuestro trabajo como colectivo y apoyarnos como hermanos y hermanas. Seguimos en lucha contra la Ley de Extranjer\u00eda y la explotaci\u00f3n que Europa est\u00e1 haciendo en nuestros pa\u00edses, explotando la tierra y los mares y obligando a la gente a migrar. (Para el encuentro con las delegaciones zapatistas) hicimos una comisi\u00f3n y estamos hablando para desarrollar y evaluar algunas decisiones y propuestas que est\u00e1n en la mesa. La lucha es la misma, tenemos la misma causa\u00bb Los compa\u00f1eros de Senegal Serigne Mbay\u00e9 y Djibril Thiaw, actual portavoz del <a href=\"https:\/\/www.sindicatomanteros.org\/\">Sindicato de Manteros de Madrid<\/a><\/p>\n<div class=\"wp-playlist wp-audio-playlist wp-playlist-light\">\n\t\t\t<div class=\"wp-playlist-current-item\"><\/div>\n\t\t<audio controls=\"controls\" preload=\"none\" width=\"640\"\n\t\t\t><\/audio>\n\t<div class=\"wp-playlist-next\"><\/div>\n\t<div class=\"wp-playlist-prev\"><\/div>\n\t<noscript>\n\t<ol>\n\t\t<li><a href='https:\/\/radiozapatista.org\/wp-content\/uploads\/2021\/08\/RZ_Entr_Serigne-Mbay\u00e9.mp3'>Serigne Mbay\u00e9<\/a><\/li><li><a href='https:\/\/radiozapatista.org\/wp-content\/uploads\/2021\/08\/RZ_Entr_PortavozSindicatoManterosMadrid.mp3'>Portavoz del Sindicato de Manteros de Madrid<\/a><\/li>\t<\/ol>\n\t<\/noscript>\n\t<script type=\"application\/json\" class=\"wp-playlist-script\">{\"type\":\"audio\",\"tracklist\":true,\"tracknumbers\":true,\"images\":true,\"artists\":false,\"tracks\":[{\"src\":\"https:\/\/radiozapatista.org\/wp-content\/uploads\/2021\/08\/RZ_Entr_Serigne-Mbay\\u00e9.mp3\",\"type\":\"audio\/mpeg\",\"title\":\"Serigne Mbay\\u00e9\",\"caption\":\"\",\"description\":\"\\\"RZ_Entr_Serigne Mbay\\u00e9\\\".\",\"meta\":{\"length_formatted\":\"5:28\"},\"image\":{\"src\":\"https:\/\/radiozapatista.org\/wp-includes\/images\/media\/audio.svg\",\"width\":48,\"height\":64},\"thumb\":{\"src\":\"https:\/\/radiozapatista.org\/wp-includes\/images\/media\/audio.svg\",\"width\":48,\"height\":64}},{\"src\":\"https:\/\/radiozapatista.org\/wp-content\/uploads\/2021\/08\/RZ_Entr_PortavozSindicatoManterosMadrid.mp3\",\"type\":\"audio\/mpeg\",\"title\":\"Portavoz del Sindicato de Manteros de Madrid\",\"caption\":\"\",\"description\":\"\\\"RZ_Entr_PortavozSindicatoManterosMadrid\\\".\",\"meta\":{\"length_formatted\":\"1:43\"},\"image\":{\"src\":\"https:\/\/radiozapatista.org\/wp-includes\/images\/media\/audio.svg\",\"width\":48,\"height\":64},\"thumb\":{\"src\":\"https:\/\/radiozapatista.org\/wp-includes\/images\/media\/audio.svg\",\"width\":48,\"height\":64}}]}<\/script>\n<\/div>\n\t\n<p>&nbsp;<\/p>\n<p><a href=\"https:\/\/radiozapatista.org\/wp-content\/uploads\/2021\/08\/GIRA-Madrid-TOTAL-1-63.jpg\"><img loading=\"lazy\" decoding=\"async\" class=\"aligncenter wp-image-39215 size-large\" src=\"https:\/\/radiozapatista.org\/wp-content\/uploads\/2021\/08\/GIRA-Madrid-TOTAL-1-63-1024x683.jpg\" alt=\"\" width=\"1024\" height=\"683\" srcset=\"https:\/\/radiozapatista.org\/wp-content\/uploads\/2021\/08\/GIRA-Madrid-TOTAL-1-63-1024x683.jpg 1024w, https:\/\/radiozapatista.org\/wp-content\/uploads\/2021\/08\/GIRA-Madrid-TOTAL-1-63-350x233.jpg 350w, https:\/\/radiozapatista.org\/wp-content\/uploads\/2021\/08\/GIRA-Madrid-TOTAL-1-63-768x512.jpg 768w, https:\/\/radiozapatista.org\/wp-content\/uploads\/2021\/08\/GIRA-Madrid-TOTAL-1-63-700x466.jpg 700w, https:\/\/radiozapatista.org\/wp-content\/uploads\/2021\/08\/GIRA-Madrid-TOTAL-1-63.jpg 1200w\" sizes=\"auto, (max-width: 1024px) 100vw, 1024px\" \/><\/a><\/p>\n<p>\u00abPersonalmente no conoc\u00eda tan bien el movimiento zapatista como el kurdo pero estoy aprendiendo ahora con las compa\u00f1eras, de las compa\u00f1eras mexicanas. Me encanta ver tanta gente luchando por lo mismo. Las palabras que m\u00e1s me impactaron ahora de las compa\u00f1eras zapatistas es que a\u00fan con nuestras diferencias y problemas, seguimos adelante.Tambi\u00e9n que nos escuchemos aqu\u00ed, los propios colectivos de nuestras ciudades, de nuestro pa\u00eds, de nuestros c\u00edrculos\u00bb Raquel de Lisboa, parte del movimiento estudiantil portugu\u00e9s.<\/p>\n<p>[podcast]https:\/\/radiozapatista.org\/wp-content\/uploads\/2021\/08\/RZ_Entr_Raquel_Lisboa_ResistenciaEstudiantil.mp3[\/podcast]<\/p>\n<p>&nbsp;<\/p>\n<p><a href=\"https:\/\/radiozapatista.org\/wp-content\/uploads\/2021\/08\/GIRA-Madrid-TOTAL-1-62.jpg\"><img loading=\"lazy\" decoding=\"async\" class=\"aligncenter wp-image-39216 size-large\" src=\"https:\/\/radiozapatista.org\/wp-content\/uploads\/2021\/08\/GIRA-Madrid-TOTAL-1-62-1024x683.jpg\" alt=\"\" width=\"1024\" height=\"683\" srcset=\"https:\/\/radiozapatista.org\/wp-content\/uploads\/2021\/08\/GIRA-Madrid-TOTAL-1-62-1024x683.jpg 1024w, https:\/\/radiozapatista.org\/wp-content\/uploads\/2021\/08\/GIRA-Madrid-TOTAL-1-62-350x233.jpg 350w, https:\/\/radiozapatista.org\/wp-content\/uploads\/2021\/08\/GIRA-Madrid-TOTAL-1-62-768x512.jpg 768w, https:\/\/radiozapatista.org\/wp-content\/uploads\/2021\/08\/GIRA-Madrid-TOTAL-1-62-700x466.jpg 700w, https:\/\/radiozapatista.org\/wp-content\/uploads\/2021\/08\/GIRA-Madrid-TOTAL-1-62.jpg 1200w\" sizes=\"auto, (max-width: 1024px) 100vw, 1024px\" \/><\/a><\/p>\n<p>\u00abHe visto mucha emoci\u00f3n por parte de todas nosotras, y que hay muchas ganas de trabajar con ellas (las compa\u00f1eras zapatistas). Con lo que m\u00e1s me quedo es con lo que ha dicho MariaJos\u00e9, de que tiene la esperanza de escucharnos a nosotras, aunque somos nosotras las que queremos escucharlas a ellas. Ese momento de sentarnos y generar algo compartido. Porque todo esto ahora que hemos visto es la llegada y recibirlas, darles calor y las ganas. Personalmente me apetece escucharlas de m\u00e1s cerca y establecer esos lazos pluriculturales por todos lados\u00bb Millanes del Movimiento Marika de Madrid. En redes twitter @marikasMMM\u00a0 y facebook @movimientomarikamadrid<\/p>\n<p>[podcast]https:\/\/radiozapatista.org\/wp-content\/uploads\/2021\/08\/RZ_Entr_Millanes_MovimientoMarikaMadrid.mp3[\/podcast]<\/p>\n<p>&nbsp;<\/p>\n\n\t\t<style type=\"text\/css\">\n\t\t\t#gallery-8 {\n\t\t\t\tmargin: auto;\n\t\t\t}\n\t\t\t#gallery-8 .gallery-item {\n\t\t\t\tfloat: left;\n\t\t\t\tmargin-top: 10px;\n\t\t\t\ttext-align: center;\n\t\t\t\twidth: 50%;\n\t\t\t}\n\t\t\t#gallery-8 img {\n\t\t\t\tborder: 2px solid #cfcfcf;\n\t\t\t}\n\t\t\t#gallery-8 .gallery-caption {\n\t\t\t\tmargin-left: 0;\n\t\t\t}\n\t\t\t\/* see gallery_shortcode() in wp-includes\/media.php *\/\n\t\t<\/style>\n\t\t<div id='gallery-8' class='gallery galleryid-39057 gallery-columns-2 gallery-size-large'><dl class='gallery-item'>\n\t\t\t<dt class='gallery-icon landscape'>\n\t\t\t\t<a href='https:\/\/radiozapatista.org\/wp-content\/uploads\/2021\/08\/GIRA-Madrid-TOTAL-1-64.jpg'><img loading=\"lazy\" decoding=\"async\" width=\"1024\" height=\"1024\" src=\"https:\/\/radiozapatista.org\/wp-content\/uploads\/2021\/08\/GIRA-Madrid-TOTAL-1-64-1024x1024.jpg\" class=\"attachment-large size-large\" alt=\"\" srcset=\"https:\/\/radiozapatista.org\/wp-content\/uploads\/2021\/08\/GIRA-Madrid-TOTAL-1-64-1024x1024.jpg 1024w, https:\/\/radiozapatista.org\/wp-content\/uploads\/2021\/08\/GIRA-Madrid-TOTAL-1-64-150x150.jpg 150w, https:\/\/radiozapatista.org\/wp-content\/uploads\/2021\/08\/GIRA-Madrid-TOTAL-1-64-300x300.jpg 300w, https:\/\/radiozapatista.org\/wp-content\/uploads\/2021\/08\/GIRA-Madrid-TOTAL-1-64-768x768.jpg 768w, https:\/\/radiozapatista.org\/wp-content\/uploads\/2021\/08\/GIRA-Madrid-TOTAL-1-64.jpg 1200w\" sizes=\"auto, (max-width: 1024px) 100vw, 1024px\" \/><\/a>\n\t\t\t<\/dt><\/dl><dl class='gallery-item'>\n\t\t\t<dt class='gallery-icon landscape'>\n\t\t\t\t<a href='https:\/\/radiozapatista.org\/wp-content\/uploads\/2021\/08\/GIRA-Madrid-TOTAL-1-65.jpg'><img loading=\"lazy\" decoding=\"async\" width=\"1024\" height=\"1024\" src=\"https:\/\/radiozapatista.org\/wp-content\/uploads\/2021\/08\/GIRA-Madrid-TOTAL-1-65-1024x1024.jpg\" class=\"attachment-large size-large\" alt=\"\" srcset=\"https:\/\/radiozapatista.org\/wp-content\/uploads\/2021\/08\/GIRA-Madrid-TOTAL-1-65-1024x1024.jpg 1024w, https:\/\/radiozapatista.org\/wp-content\/uploads\/2021\/08\/GIRA-Madrid-TOTAL-1-65-150x150.jpg 150w, https:\/\/radiozapatista.org\/wp-content\/uploads\/2021\/08\/GIRA-Madrid-TOTAL-1-65-300x300.jpg 300w, https:\/\/radiozapatista.org\/wp-content\/uploads\/2021\/08\/GIRA-Madrid-TOTAL-1-65-768x768.jpg 768w, https:\/\/radiozapatista.org\/wp-content\/uploads\/2021\/08\/GIRA-Madrid-TOTAL-1-65.jpg 1200w\" sizes=\"auto, (max-width: 1024px) 100vw, 1024px\" \/><\/a>\n\t\t\t<\/dt><\/dl><br style=\"clear: both\" \/>\n\t\t<\/div>\n\n<p>\u00abMe ha gustado ver a Fer, mi hermana, me ha gustado ver a los zapatistas y me ha gustado que los zapatistas hayan venido aqu\u00ed y adem\u00e1s es la primera vez que veo a los zapatistas en persona. Los zapatistas est\u00e1n chidos, molan. Me gustan sus trajes. Tengo una chapa de ellos, primero es todo verde, los \u00e1rboles, el sol a la mitad y los zapatistas. Y la chapa tiene una madre con un hijo\u00bb Micaela de 6 a\u00f1os, de Majadahonda y un poco mexicana. Quiere regresar a Madrid cuando vengan los ni\u00f1os zapatistas a jugar con ellos.<\/p>\n<p>[podcast]https:\/\/radiozapatista.org\/wp-content\/uploads\/2021\/08\/RZ_Entr_Micaela_Majadahonda_LosZapatistasMolan.mp3[\/podcast]<\/p>\n<p>&nbsp;<\/p>\n<p>Im\u00e1genes de Cucho Ram\u00edrez \u2013 <a href=\"https:\/\/inquietadoc.com\/\" target=\"_blank\" rel=\"noopener\">https:\/\/inquietadoc.com\/<\/a><\/p>","protected":false},"excerpt":{"rendered":"<p>\u201cVinimos a escuchar, vinimos a aprender\u201d, dijeron lxs zapatistas este 13 de agosto en la Plaza de Col\u00f3n de Madrid. Escuchar y aprender de quienes luchan, resisten y crean alternativas para nuestro mundo en Slumil K\u2019ajxemk\u2019op, la Europa insumisa. Entre el 11 y el 13 de agosto, previo al encuentro con el \u201cEscuadr\u00f3n 421\u201d zapatista, [&hellip;]<\/p>\n","protected":false},"author":20,"featured_media":39222,"comment_status":"open","ping_status":"closed","sticky":false,"template":"","format":"standard","meta":{"footnotes":""},"categories":[1,957,1318,955,949,953,190],"tags":[79,239,26,1348,148,27,1317],"class_list":["post-39057","post","type-post","status-publish","format-standard","has-post-thumbnail","hentry","category-audio","category-autonomia","category-caravana-zapatista-a-europa","category-ezln-temas","category-fotorreportaje","category-mundo","category-radiozapatista","tag-autonomia","tag-espana","tag-europa-zapatista","tag-madrid","tag-resistencia","tag-solidaridad","tag-travesia-por-la-vida"],"_links":{"self":[{"href":"https:\/\/radiozapatista.org\/index.php?rest_route=\/wp\/v2\/posts\/39057","targetHints":{"allow":["GET"]}}],"collection":[{"href":"https:\/\/radiozapatista.org\/index.php?rest_route=\/wp\/v2\/posts"}],"about":[{"href":"https:\/\/radiozapatista.org\/index.php?rest_route=\/wp\/v2\/types\/post"}],"author":[{"embeddable":true,"href":"https:\/\/radiozapatista.org\/index.php?rest_route=\/wp\/v2\/users\/20"}],"replies":[{"embeddable":true,"href":"https:\/\/radiozapatista.org\/index.php?rest_route=%2Fwp%2Fv2%2Fcomments&post=39057"}],"version-history":[{"count":85,"href":"https:\/\/radiozapatista.org\/index.php?rest_route=\/wp\/v2\/posts\/39057\/revisions"}],"predecessor-version":[{"id":39226,"href":"https:\/\/radiozapatista.org\/index.php?rest_route=\/wp\/v2\/posts\/39057\/revisions\/39226"}],"wp:featuredmedia":[{"embeddable":true,"href":"https:\/\/radiozapatista.org\/index.php?rest_route=\/wp\/v2\/media\/39222"}],"wp:attachment":[{"href":"https:\/\/radiozapatista.org\/index.php?rest_route=%2Fwp%2Fv2%2Fmedia&parent=39057"}],"wp:term":[{"taxonomy":"category","embeddable":true,"href":"https:\/\/radiozapatista.org\/index.php?rest_route=%2Fwp%2Fv2%2Fcategories&post=39057"},{"taxonomy":"post_tag","embeddable":true,"href":"https:\/\/radiozapatista.org\/index.php?rest_route=%2Fwp%2Fv2%2Ftags&post=39057"}],"curies":[{"name":"wp","href":"https:\/\/api.w.org\/{rel}","templated":true}]}}