{"id":38947,"date":"2021-08-22T15:08:47","date_gmt":"2021-08-22T20:08:47","guid":{"rendered":"https:\/\/radiozapatista.org\/?p=38947"},"modified":"2021-08-22T16:40:38","modified_gmt":"2021-08-22T21:40:38","slug":"cartas-nauticas-iv-vinimos-a-aprender-vinimos-a-escucharlos","status":"publish","type":"post","link":"https:\/\/radiozapatista.org\/?p=38947","title":{"rendered":"Cartas Na\u00faticas IV. &#8216;Vinimos a aprender, vinimos a escucharlos'"},"content":{"rendered":"<p>Madrid, Agosto, 2021. En la Puerta del Sol, la hist\u00f3rica plaza en el hoy centro de Madrid, danzantes\u00a0 reproducen rituales mexicas y danzan al ritmo de los tambores.<\/p>\n\n\t\t<style type=\"text\/css\">\n\t\t\t#gallery-1 {\n\t\t\t\tmargin: auto;\n\t\t\t}\n\t\t\t#gallery-1 .gallery-item {\n\t\t\t\tfloat: left;\n\t\t\t\tmargin-top: 10px;\n\t\t\t\ttext-align: center;\n\t\t\t\twidth: 50%;\n\t\t\t}\n\t\t\t#gallery-1 img {\n\t\t\t\tborder: 2px solid #cfcfcf;\n\t\t\t}\n\t\t\t#gallery-1 .gallery-caption {\n\t\t\t\tmargin-left: 0;\n\t\t\t}\n\t\t\t\/* see gallery_shortcode() in wp-includes\/media.php *\/\n\t\t<\/style>\n\t\t<div id='gallery-1' class='gallery galleryid-38947 gallery-columns-2 gallery-size-medium'><dl class='gallery-item'>\n\t\t\t<dt class='gallery-icon landscape'>\n\t\t\t\t<a href='https:\/\/radiozapatista.org\/wp-content\/uploads\/2021\/08\/GIRA-Madrid-TOTAL-1-32.jpg'><img loading=\"lazy\" decoding=\"async\" width=\"350\" height=\"233\" src=\"https:\/\/radiozapatista.org\/wp-content\/uploads\/2021\/08\/GIRA-Madrid-TOTAL-1-32-350x233.jpg\" class=\"attachment-medium size-medium\" alt=\"\" srcset=\"https:\/\/radiozapatista.org\/wp-content\/uploads\/2021\/08\/GIRA-Madrid-TOTAL-1-32-350x233.jpg 350w, https:\/\/radiozapatista.org\/wp-content\/uploads\/2021\/08\/GIRA-Madrid-TOTAL-1-32-768x512.jpg 768w, https:\/\/radiozapatista.org\/wp-content\/uploads\/2021\/08\/GIRA-Madrid-TOTAL-1-32-1024x683.jpg 1024w, https:\/\/radiozapatista.org\/wp-content\/uploads\/2021\/08\/GIRA-Madrid-TOTAL-1-32-700x466.jpg 700w, https:\/\/radiozapatista.org\/wp-content\/uploads\/2021\/08\/GIRA-Madrid-TOTAL-1-32.jpg 1200w\" sizes=\"auto, (max-width: 350px) 100vw, 350px\" \/><\/a>\n\t\t\t<\/dt><\/dl><dl class='gallery-item'>\n\t\t\t<dt class='gallery-icon landscape'>\n\t\t\t\t<a href='https:\/\/radiozapatista.org\/wp-content\/uploads\/2021\/08\/GIRA-Madrid-TOTAL-1-27.jpg'><img loading=\"lazy\" decoding=\"async\" width=\"350\" height=\"244\" src=\"https:\/\/radiozapatista.org\/wp-content\/uploads\/2021\/08\/GIRA-Madrid-TOTAL-1-27-350x244.jpg\" class=\"attachment-medium size-medium\" alt=\"\" srcset=\"https:\/\/radiozapatista.org\/wp-content\/uploads\/2021\/08\/GIRA-Madrid-TOTAL-1-27-350x244.jpg 350w, https:\/\/radiozapatista.org\/wp-content\/uploads\/2021\/08\/GIRA-Madrid-TOTAL-1-27-768x536.jpg 768w, https:\/\/radiozapatista.org\/wp-content\/uploads\/2021\/08\/GIRA-Madrid-TOTAL-1-27-1024x715.jpg 1024w, https:\/\/radiozapatista.org\/wp-content\/uploads\/2021\/08\/GIRA-Madrid-TOTAL-1-27.jpg 1200w\" sizes=\"auto, (max-width: 350px) 100vw, 350px\" \/><\/a>\n\t\t\t<\/dt><\/dl><br style=\"clear: both\" \/>\n\t\t<\/div>\n\n<p>&nbsp;<\/p>\n\n\t\t<style type=\"text\/css\">\n\t\t\t#gallery-2 {\n\t\t\t\tmargin: auto;\n\t\t\t}\n\t\t\t#gallery-2 .gallery-item {\n\t\t\t\tfloat: left;\n\t\t\t\tmargin-top: 10px;\n\t\t\t\ttext-align: center;\n\t\t\t\twidth: 33%;\n\t\t\t}\n\t\t\t#gallery-2 img {\n\t\t\t\tborder: 2px solid #cfcfcf;\n\t\t\t}\n\t\t\t#gallery-2 .gallery-caption {\n\t\t\t\tmargin-left: 0;\n\t\t\t}\n\t\t\t\/* see gallery_shortcode() in wp-includes\/media.php *\/\n\t\t<\/style>\n\t\t<div id='gallery-2' class='gallery galleryid-38947 gallery-columns-3 gallery-size-medium'><dl class='gallery-item'>\n\t\t\t<dt class='gallery-icon portrait'>\n\t\t\t\t<a href='https:\/\/radiozapatista.org\/wp-content\/uploads\/2021\/08\/GIRA-Madrid-TOTAL-1-30.jpg'><img loading=\"lazy\" decoding=\"async\" width=\"200\" height=\"300\" src=\"https:\/\/radiozapatista.org\/wp-content\/uploads\/2021\/08\/GIRA-Madrid-TOTAL-1-30-200x300.jpg\" class=\"attachment-medium size-medium\" alt=\"\" srcset=\"https:\/\/radiozapatista.org\/wp-content\/uploads\/2021\/08\/GIRA-Madrid-TOTAL-1-30-200x300.jpg 200w, https:\/\/radiozapatista.org\/wp-content\/uploads\/2021\/08\/GIRA-Madrid-TOTAL-1-30-768x1151.jpg 768w, https:\/\/radiozapatista.org\/wp-content\/uploads\/2021\/08\/GIRA-Madrid-TOTAL-1-30-683x1024.jpg 683w, https:\/\/radiozapatista.org\/wp-content\/uploads\/2021\/08\/GIRA-Madrid-TOTAL-1-30.jpg 1200w\" sizes=\"auto, (max-width: 200px) 100vw, 200px\" \/><\/a>\n\t\t\t<\/dt><\/dl><dl class='gallery-item'>\n\t\t\t<dt class='gallery-icon portrait'>\n\t\t\t\t<a href='https:\/\/radiozapatista.org\/wp-content\/uploads\/2021\/08\/GIRA-Madrid-TOTAL-1-38.jpg'><img loading=\"lazy\" decoding=\"async\" width=\"200\" height=\"300\" src=\"https:\/\/radiozapatista.org\/wp-content\/uploads\/2021\/08\/GIRA-Madrid-TOTAL-1-38-200x300.jpg\" class=\"attachment-medium size-medium\" alt=\"\" srcset=\"https:\/\/radiozapatista.org\/wp-content\/uploads\/2021\/08\/GIRA-Madrid-TOTAL-1-38-200x300.jpg 200w, https:\/\/radiozapatista.org\/wp-content\/uploads\/2021\/08\/GIRA-Madrid-TOTAL-1-38-768x1151.jpg 768w, https:\/\/radiozapatista.org\/wp-content\/uploads\/2021\/08\/GIRA-Madrid-TOTAL-1-38-683x1024.jpg 683w, https:\/\/radiozapatista.org\/wp-content\/uploads\/2021\/08\/GIRA-Madrid-TOTAL-1-38.jpg 1200w\" sizes=\"auto, (max-width: 200px) 100vw, 200px\" \/><\/a>\n\t\t\t<\/dt><\/dl><dl class='gallery-item'>\n\t\t\t<dt class='gallery-icon portrait'>\n\t\t\t\t<a href='https:\/\/radiozapatista.org\/wp-content\/uploads\/2021\/08\/GIRA-Madrid-TOTAL-1-31.jpg'><img loading=\"lazy\" decoding=\"async\" width=\"200\" height=\"300\" src=\"https:\/\/radiozapatista.org\/wp-content\/uploads\/2021\/08\/GIRA-Madrid-TOTAL-1-31-200x300.jpg\" class=\"attachment-medium size-medium\" alt=\"\" srcset=\"https:\/\/radiozapatista.org\/wp-content\/uploads\/2021\/08\/GIRA-Madrid-TOTAL-1-31-200x300.jpg 200w, https:\/\/radiozapatista.org\/wp-content\/uploads\/2021\/08\/GIRA-Madrid-TOTAL-1-31-768x1151.jpg 768w, https:\/\/radiozapatista.org\/wp-content\/uploads\/2021\/08\/GIRA-Madrid-TOTAL-1-31-683x1024.jpg 683w, https:\/\/radiozapatista.org\/wp-content\/uploads\/2021\/08\/GIRA-Madrid-TOTAL-1-31.jpg 1200w\" sizes=\"auto, (max-width: 200px) 100vw, 200px\" \/><\/a>\n\t\t\t<\/dt><\/dl><br style=\"clear: both\" \/>\n\t\t<\/div>\n\n<p>[podcast]https:\/\/radiozapatista.org\/wp-content\/uploads\/2021\/08\/RZ_Sonidos_Danza.mp3[\/podcast]<\/p>\n<p>En la misma plaza, una carroza-nav\u00edo inicia su recorrido rumbo a la Plaza de Col\u00f3n. A bordo, siete ind\u00edgenas mayas provenientes del sureste mexicano, miembrxs del denominado Escuadr\u00f3n 421, la avanzada mar\u00edtima de la Traves\u00eda por la Vida zapatista. Con ellas y ellos, algo m\u00e1s de un millar de personas en alegre procesi\u00f3n.<\/p>\n\n\t\t<style type=\"text\/css\">\n\t\t\t#gallery-3 {\n\t\t\t\tmargin: auto;\n\t\t\t}\n\t\t\t#gallery-3 .gallery-item {\n\t\t\t\tfloat: left;\n\t\t\t\tmargin-top: 10px;\n\t\t\t\ttext-align: center;\n\t\t\t\twidth: 50%;\n\t\t\t}\n\t\t\t#gallery-3 img {\n\t\t\t\tborder: 2px solid #cfcfcf;\n\t\t\t}\n\t\t\t#gallery-3 .gallery-caption {\n\t\t\t\tmargin-left: 0;\n\t\t\t}\n\t\t\t\/* see gallery_shortcode() in wp-includes\/media.php *\/\n\t\t<\/style>\n\t\t<div id='gallery-3' class='gallery galleryid-38947 gallery-columns-2 gallery-size-medium'><dl class='gallery-item'>\n\t\t\t<dt class='gallery-icon landscape'>\n\t\t\t\t<a href='https:\/\/radiozapatista.org\/wp-content\/uploads\/2021\/08\/GIRA-Madrid-TOTAL-1-41.jpg'><img loading=\"lazy\" decoding=\"async\" width=\"350\" height=\"197\" src=\"https:\/\/radiozapatista.org\/wp-content\/uploads\/2021\/08\/GIRA-Madrid-TOTAL-1-41-350x197.jpg\" class=\"attachment-medium size-medium\" alt=\"\" srcset=\"https:\/\/radiozapatista.org\/wp-content\/uploads\/2021\/08\/GIRA-Madrid-TOTAL-1-41-350x197.jpg 350w, https:\/\/radiozapatista.org\/wp-content\/uploads\/2021\/08\/GIRA-Madrid-TOTAL-1-41-768x432.jpg 768w, https:\/\/radiozapatista.org\/wp-content\/uploads\/2021\/08\/GIRA-Madrid-TOTAL-1-41-1024x576.jpg 1024w, https:\/\/radiozapatista.org\/wp-content\/uploads\/2021\/08\/GIRA-Madrid-TOTAL-1-41.jpg 1200w\" sizes=\"auto, (max-width: 350px) 100vw, 350px\" \/><\/a>\n\t\t\t<\/dt><\/dl><dl class='gallery-item'>\n\t\t\t<dt class='gallery-icon landscape'>\n\t\t\t\t<a href='https:\/\/radiozapatista.org\/wp-content\/uploads\/2021\/08\/GIRA-Madrid-TOTAL-1-46.jpg'><img loading=\"lazy\" decoding=\"async\" width=\"350\" height=\"233\" src=\"https:\/\/radiozapatista.org\/wp-content\/uploads\/2021\/08\/GIRA-Madrid-TOTAL-1-46-350x233.jpg\" class=\"attachment-medium size-medium\" alt=\"\" srcset=\"https:\/\/radiozapatista.org\/wp-content\/uploads\/2021\/08\/GIRA-Madrid-TOTAL-1-46-350x233.jpg 350w, https:\/\/radiozapatista.org\/wp-content\/uploads\/2021\/08\/GIRA-Madrid-TOTAL-1-46-768x512.jpg 768w, https:\/\/radiozapatista.org\/wp-content\/uploads\/2021\/08\/GIRA-Madrid-TOTAL-1-46-1024x683.jpg 1024w, https:\/\/radiozapatista.org\/wp-content\/uploads\/2021\/08\/GIRA-Madrid-TOTAL-1-46-700x466.jpg 700w, https:\/\/radiozapatista.org\/wp-content\/uploads\/2021\/08\/GIRA-Madrid-TOTAL-1-46.jpg 1200w\" sizes=\"auto, (max-width: 350px) 100vw, 350px\" \/><\/a>\n\t\t\t<\/dt><\/dl><br style=\"clear: both\" \/>\n\t\t<\/div>\n\n<p>[podcast]https:\/\/radiozapatista.org\/wp-content\/uploads\/2021\/08\/RZ_Arranque.mp3[\/podcast]<\/p>\n<p>Es el 13 de agosto de 2021, y este d\u00eda se cumplen 500 a\u00f1os de la ca\u00edda de Tenochtitl\u00e1n, la capital del imperio azteca, a manos de los conquistadores espa\u00f1oles liderados por Hern\u00e1n Cort\u00e9s. Las fechas, m\u00e1s all\u00e1 de los hechos que en ellas sucedieron, son s\u00edmbolos. Y los s\u00edmbolos, tanto como los espacios f\u00edsicos, son territorios disputados por las luchas de poder.<\/p>\n\n\t\t<style type=\"text\/css\">\n\t\t\t#gallery-4 {\n\t\t\t\tmargin: auto;\n\t\t\t}\n\t\t\t#gallery-4 .gallery-item {\n\t\t\t\tfloat: left;\n\t\t\t\tmargin-top: 10px;\n\t\t\t\ttext-align: center;\n\t\t\t\twidth: 33%;\n\t\t\t}\n\t\t\t#gallery-4 img {\n\t\t\t\tborder: 2px solid #cfcfcf;\n\t\t\t}\n\t\t\t#gallery-4 .gallery-caption {\n\t\t\t\tmargin-left: 0;\n\t\t\t}\n\t\t\t\/* see gallery_shortcode() in wp-includes\/media.php *\/\n\t\t<\/style>\n\t\t<div id='gallery-4' class='gallery galleryid-38947 gallery-columns-3 gallery-size-medium'><dl class='gallery-item'>\n\t\t\t<dt class='gallery-icon portrait'>\n\t\t\t\t<a href='https:\/\/radiozapatista.org\/wp-content\/uploads\/2021\/08\/GIRA-Madrid-TOTAL-1-50.jpg'><img loading=\"lazy\" decoding=\"async\" width=\"200\" height=\"300\" src=\"https:\/\/radiozapatista.org\/wp-content\/uploads\/2021\/08\/GIRA-Madrid-TOTAL-1-50-200x300.jpg\" class=\"attachment-medium size-medium\" alt=\"\" srcset=\"https:\/\/radiozapatista.org\/wp-content\/uploads\/2021\/08\/GIRA-Madrid-TOTAL-1-50-200x300.jpg 200w, https:\/\/radiozapatista.org\/wp-content\/uploads\/2021\/08\/GIRA-Madrid-TOTAL-1-50-768x1151.jpg 768w, https:\/\/radiozapatista.org\/wp-content\/uploads\/2021\/08\/GIRA-Madrid-TOTAL-1-50-683x1024.jpg 683w, https:\/\/radiozapatista.org\/wp-content\/uploads\/2021\/08\/GIRA-Madrid-TOTAL-1-50.jpg 1200w\" sizes=\"auto, (max-width: 200px) 100vw, 200px\" \/><\/a>\n\t\t\t<\/dt><\/dl><dl class='gallery-item'>\n\t\t\t<dt class='gallery-icon portrait'>\n\t\t\t\t<a href='https:\/\/radiozapatista.org\/wp-content\/uploads\/2021\/08\/GIRA-Madrid-TOTAL-1-55.jpg'><img loading=\"lazy\" decoding=\"async\" width=\"200\" height=\"300\" src=\"https:\/\/radiozapatista.org\/wp-content\/uploads\/2021\/08\/GIRA-Madrid-TOTAL-1-55-200x300.jpg\" class=\"attachment-medium size-medium\" alt=\"\" srcset=\"https:\/\/radiozapatista.org\/wp-content\/uploads\/2021\/08\/GIRA-Madrid-TOTAL-1-55-200x300.jpg 200w, https:\/\/radiozapatista.org\/wp-content\/uploads\/2021\/08\/GIRA-Madrid-TOTAL-1-55-768x1151.jpg 768w, https:\/\/radiozapatista.org\/wp-content\/uploads\/2021\/08\/GIRA-Madrid-TOTAL-1-55-683x1024.jpg 683w, https:\/\/radiozapatista.org\/wp-content\/uploads\/2021\/08\/GIRA-Madrid-TOTAL-1-55.jpg 1200w\" sizes=\"auto, (max-width: 200px) 100vw, 200px\" \/><\/a>\n\t\t\t<\/dt><\/dl><dl class='gallery-item'>\n\t\t\t<dt class='gallery-icon portrait'>\n\t\t\t\t<a href='https:\/\/radiozapatista.org\/wp-content\/uploads\/2021\/08\/GIRA-Madrid-TOTAL-1-51-1.jpg'><img loading=\"lazy\" decoding=\"async\" width=\"200\" height=\"300\" src=\"https:\/\/radiozapatista.org\/wp-content\/uploads\/2021\/08\/GIRA-Madrid-TOTAL-1-51-1-200x300.jpg\" class=\"attachment-medium size-medium\" alt=\"\" srcset=\"https:\/\/radiozapatista.org\/wp-content\/uploads\/2021\/08\/GIRA-Madrid-TOTAL-1-51-1-200x300.jpg 200w, https:\/\/radiozapatista.org\/wp-content\/uploads\/2021\/08\/GIRA-Madrid-TOTAL-1-51-1-768x1151.jpg 768w, https:\/\/radiozapatista.org\/wp-content\/uploads\/2021\/08\/GIRA-Madrid-TOTAL-1-51-1-683x1024.jpg 683w, https:\/\/radiozapatista.org\/wp-content\/uploads\/2021\/08\/GIRA-Madrid-TOTAL-1-51-1.jpg 1200w\" sizes=\"auto, (max-width: 200px) 100vw, 200px\" \/><\/a>\n\t\t\t<\/dt><\/dl><br style=\"clear: both\" \/>\n\t\t<\/div>\n\n<p>[podcast]https:\/\/radiozapatista.org\/wp-content\/uploads\/2021\/08\/RZ_LaTierraRobadaSer\u00e1Recuperada.mp3[\/podcast]<\/p>\n<p>En marzo de 2019 el presidente de M\u00e9xico le envi\u00f3 una carta al rey Felipe VI y al Papa Francisco exigi\u00e9ndoles que pidieran perd\u00f3n por la conquista, presumiblemente con el objeto de que el a\u00f1o del 500 aniversario de la ca\u00edda de Tenochtitl\u00e1n fuera el a\u00f1o de la \u201creconciliaci\u00f3n hist\u00f3rica\u201d a pesar de que M\u00e9xico no exist\u00eda en ese entonces y a pesar de que el M\u00e9xico de hoy, que s\u00ed existe, contin\u00faa pisoteando, despojando y despreciando a los pueblos originarios.<\/p>\n<p>Mientras tanto, para la <a href=\"https:\/\/www.elfinanciero.com.mx\/mundo\/2021\/08\/13\/espana-libero-a-millones-del-terror-de-los-aztecas-vox-partido-espanol-de-ultraderecha\/\">derecha en Espa\u00f1a<\/a> la ca\u00edda de Tenochtitl\u00e1n significa la heroica y generosa liberaci\u00f3n de \u201cmillones de personas del r\u00e9gimen sanguinario y de terror de los aztecas\u201d. Ambos polos simplifican y tergiversan una historia mucho m\u00e1s compleja y la utilizan para sus propios fines pol\u00edticos, evocando un nacionalismo rampl\u00f3n que divide al mundo en \u201cbuenos\u201d (nosotros) y \u201cmalos\u201d (ellos), aunque ni el nosotros ni el ellos hayan existido en la \u00e9poca ni quede muy claro a qu\u00e9 se refieren dichos t\u00e9rminos en el presente.<\/p>\n<p style=\"text-align: center;\"><a href=\"https:\/\/radiozapatista.org\/wp-content\/uploads\/2021\/08\/GIRA-Madrid-TOTAL-1-59.jpg\"><img loading=\"lazy\" decoding=\"async\" class=\"aligncenter size-large wp-image-39017\" src=\"https:\/\/radiozapatista.org\/wp-content\/uploads\/2021\/08\/GIRA-Madrid-TOTAL-1-59-1024x683.jpg\" alt=\"\" width=\"1024\" height=\"683\" srcset=\"https:\/\/radiozapatista.org\/wp-content\/uploads\/2021\/08\/GIRA-Madrid-TOTAL-1-59-1024x683.jpg 1024w, https:\/\/radiozapatista.org\/wp-content\/uploads\/2021\/08\/GIRA-Madrid-TOTAL-1-59-350x233.jpg 350w, https:\/\/radiozapatista.org\/wp-content\/uploads\/2021\/08\/GIRA-Madrid-TOTAL-1-59-768x512.jpg 768w, https:\/\/radiozapatista.org\/wp-content\/uploads\/2021\/08\/GIRA-Madrid-TOTAL-1-59-700x466.jpg 700w, https:\/\/radiozapatista.org\/wp-content\/uploads\/2021\/08\/GIRA-Madrid-TOTAL-1-59.jpg 1200w\" sizes=\"auto, (max-width: 1024px) 100vw, 1024px\" \/><\/a><\/p>\n<p>En ese escenario irrumpe un peque\u00f1o grupo de rebeldes ind\u00edgenas mayas, que hicieron el recorrido mar\u00edtimo de la conquista en sentido inverso, que llegaron a las costas de Galicia el pasado 22 de junio, que tuvieron la osad\u00eda simb\u00f3lica de renombrar el antiguo continente, que anuncian una \u201cinvasi\u00f3n\u201d para escuchar y aprender, y que ahora \u201cnavegan\u201d en una manifestaci\u00f3n cuyo lema es: \u201cNo nos conquistaron\u201d.<\/p>\n<p>\u00bfNo nos conquistaron? \u00bfQu\u00e9 significa eso? \u00bfOtro acto de demagogia? \u00bfQui\u00e9n es el \u201cnosotros\u201d que el \u201cnos\u201d implica? El nosotros que el \u201cnos\u201d implica es amplio. Los pueblos ind\u00edgenas de Am\u00e9rica, para empezar, que resistieron y resisten y seguir\u00e1n resistiendo. Pero no s\u00f3lo ellos. El \u201cno nos conquistaron\u201d significa, tambi\u00e9n, el desaf\u00edo a la historia \u00fanica, al sistema \u00fanico, a la homogeneidad colonial y postcolonial, a los valores hegem\u00f3nicos que constituyen los pilares del capitalismo, a la visi\u00f3n \u00fanica que pretende regir el mundo \u00fanico: el <u>Uni<\/u>verso.<\/p>\n<p>El \u201cnosotros\u201d no conquistado se encuentra en las grietas, en los intersticios, en los abajos, en los m\u00e1rgenes, en la pluralidad jovial de la multiplicidad y la divergencia, en la vitalidad de la vida que se niega a ser enterrada bajo el asfalto del \u201cprogreso\u201d, en la pulsi\u00f3n del encuentro ante la dictadura del individualismo, en la efervescencia de la memoria ante la dictadura del olvido, en el respeto, el cuidado y el amor ante el desprecio, el odio y la indiferencia, en la consagraci\u00f3n de la vida ante el imperio irracional de una raz\u00f3n totalizadora, en la mirada y la escucha ante la ceguera y la sordera de la verdad absoluta.<\/p>\n\n\t\t<style type=\"text\/css\">\n\t\t\t#gallery-5 {\n\t\t\t\tmargin: auto;\n\t\t\t}\n\t\t\t#gallery-5 .gallery-item {\n\t\t\t\tfloat: left;\n\t\t\t\tmargin-top: 10px;\n\t\t\t\ttext-align: center;\n\t\t\t\twidth: 33%;\n\t\t\t}\n\t\t\t#gallery-5 img {\n\t\t\t\tborder: 2px solid #cfcfcf;\n\t\t\t}\n\t\t\t#gallery-5 .gallery-caption {\n\t\t\t\tmargin-left: 0;\n\t\t\t}\n\t\t\t\/* see gallery_shortcode() in wp-includes\/media.php *\/\n\t\t<\/style>\n\t\t<div id='gallery-5' class='gallery galleryid-38947 gallery-columns-3 gallery-size-medium'><dl class='gallery-item'>\n\t\t\t<dt class='gallery-icon landscape'>\n\t\t\t\t<a href='https:\/\/radiozapatista.org\/wp-content\/uploads\/2021\/08\/GIRA-Madrid-TOTAL-1-45-1.jpg'><img loading=\"lazy\" decoding=\"async\" width=\"350\" height=\"197\" src=\"https:\/\/radiozapatista.org\/wp-content\/uploads\/2021\/08\/GIRA-Madrid-TOTAL-1-45-1-350x197.jpg\" class=\"attachment-medium size-medium\" alt=\"\" srcset=\"https:\/\/radiozapatista.org\/wp-content\/uploads\/2021\/08\/GIRA-Madrid-TOTAL-1-45-1-350x197.jpg 350w, https:\/\/radiozapatista.org\/wp-content\/uploads\/2021\/08\/GIRA-Madrid-TOTAL-1-45-1-768x432.jpg 768w, https:\/\/radiozapatista.org\/wp-content\/uploads\/2021\/08\/GIRA-Madrid-TOTAL-1-45-1-1024x576.jpg 1024w, https:\/\/radiozapatista.org\/wp-content\/uploads\/2021\/08\/GIRA-Madrid-TOTAL-1-45-1.jpg 1200w\" sizes=\"auto, (max-width: 350px) 100vw, 350px\" \/><\/a>\n\t\t\t<\/dt><\/dl><dl class='gallery-item'>\n\t\t\t<dt class='gallery-icon landscape'>\n\t\t\t\t<a href='https:\/\/radiozapatista.org\/wp-content\/uploads\/2021\/08\/GIRA-Madrid-TOTAL-1-53.jpg'><img loading=\"lazy\" decoding=\"async\" width=\"350\" height=\"233\" src=\"https:\/\/radiozapatista.org\/wp-content\/uploads\/2021\/08\/GIRA-Madrid-TOTAL-1-53-350x233.jpg\" class=\"attachment-medium size-medium\" alt=\"\" srcset=\"https:\/\/radiozapatista.org\/wp-content\/uploads\/2021\/08\/GIRA-Madrid-TOTAL-1-53-350x233.jpg 350w, https:\/\/radiozapatista.org\/wp-content\/uploads\/2021\/08\/GIRA-Madrid-TOTAL-1-53-768x512.jpg 768w, https:\/\/radiozapatista.org\/wp-content\/uploads\/2021\/08\/GIRA-Madrid-TOTAL-1-53-1024x683.jpg 1024w, https:\/\/radiozapatista.org\/wp-content\/uploads\/2021\/08\/GIRA-Madrid-TOTAL-1-53-700x466.jpg 700w, https:\/\/radiozapatista.org\/wp-content\/uploads\/2021\/08\/GIRA-Madrid-TOTAL-1-53.jpg 1200w\" sizes=\"auto, (max-width: 350px) 100vw, 350px\" \/><\/a>\n\t\t\t<\/dt><\/dl><dl class='gallery-item'>\n\t\t\t<dt class='gallery-icon landscape'>\n\t\t\t\t<a href='https:\/\/radiozapatista.org\/wp-content\/uploads\/2021\/08\/GIRA-Madrid-TOTAL-1-54.jpg'><img loading=\"lazy\" decoding=\"async\" width=\"350\" height=\"197\" src=\"https:\/\/radiozapatista.org\/wp-content\/uploads\/2021\/08\/GIRA-Madrid-TOTAL-1-54-350x197.jpg\" class=\"attachment-medium size-medium\" alt=\"\" srcset=\"https:\/\/radiozapatista.org\/wp-content\/uploads\/2021\/08\/GIRA-Madrid-TOTAL-1-54-350x197.jpg 350w, https:\/\/radiozapatista.org\/wp-content\/uploads\/2021\/08\/GIRA-Madrid-TOTAL-1-54-768x432.jpg 768w, https:\/\/radiozapatista.org\/wp-content\/uploads\/2021\/08\/GIRA-Madrid-TOTAL-1-54-1024x576.jpg 1024w, https:\/\/radiozapatista.org\/wp-content\/uploads\/2021\/08\/GIRA-Madrid-TOTAL-1-54.jpg 1200w\" sizes=\"auto, (max-width: 350px) 100vw, 350px\" \/><\/a>\n\t\t\t<\/dt><\/dl><br style=\"clear: both\" \/>\n\t\t<\/div>\n\n<p>[podcast]https:\/\/radiozapatista.org\/wp-content\/uploads\/2021\/08\/RZ_LeyExtranjeria.mp3[\/podcast]<\/p>\n<p>Y es ese, precisamente, el sentido de esta gira: el encuentro de los nosotros no conquistados. Los muchos nosotros que nos insurgimos ante el desatino de un sistema mundo que, seg\u00fan nuestro an\u00e1lisis y nuestro dolor, ha perdido el rumbo. Pero en la soledad de nuestras peque\u00f1as o grandes luchas no atinamos a vislumbrar una salida para el desatino de nuestra humanidad, porque la Hidra es inmensa y luchamos apenas contra una o algunas de sus cabezas. Sabemos que es tan enorme aquello a lo que nos enfrentamos, que nuestros peque\u00f1os esfuerzos jam\u00e1s lo podr\u00e1n derrotar, y si seguimos caminando es s\u00f3lo por necios, por tercos, porque no tenemos otra opci\u00f3n, porque no nos rendimos, no nos vendemos y no claudicamos. Porque las generaciones venideras merecen una esperanza y para eso es necesario plantar semillas, aunque a veces nos parezca casi imposible que puedan germinar.<\/p>\n<p>\u00bfPero qu\u00e9 sucede cuando las soledades se encuentran? \u00bfQu\u00e9 sucede cuando las semillas se re\u00fanen, cuidan y reproducen en m\u00e1s y m\u00e1s semilleros?<\/p>\n\n\t\t<style type=\"text\/css\">\n\t\t\t#gallery-6 {\n\t\t\t\tmargin: auto;\n\t\t\t}\n\t\t\t#gallery-6 .gallery-item {\n\t\t\t\tfloat: left;\n\t\t\t\tmargin-top: 10px;\n\t\t\t\ttext-align: center;\n\t\t\t\twidth: 50%;\n\t\t\t}\n\t\t\t#gallery-6 img {\n\t\t\t\tborder: 2px solid #cfcfcf;\n\t\t\t}\n\t\t\t#gallery-6 .gallery-caption {\n\t\t\t\tmargin-left: 0;\n\t\t\t}\n\t\t\t\/* see gallery_shortcode() in wp-includes\/media.php *\/\n\t\t<\/style>\n\t\t<div id='gallery-6' class='gallery galleryid-38947 gallery-columns-2 gallery-size-medium'><dl class='gallery-item'>\n\t\t\t<dt class='gallery-icon landscape'>\n\t\t\t\t<a href='https:\/\/radiozapatista.org\/wp-content\/uploads\/2021\/08\/GIRA-Madrid-TOTAL-1-43.jpg'><img loading=\"lazy\" decoding=\"async\" width=\"350\" height=\"197\" src=\"https:\/\/radiozapatista.org\/wp-content\/uploads\/2021\/08\/GIRA-Madrid-TOTAL-1-43-350x197.jpg\" class=\"attachment-medium size-medium\" alt=\"\" srcset=\"https:\/\/radiozapatista.org\/wp-content\/uploads\/2021\/08\/GIRA-Madrid-TOTAL-1-43-350x197.jpg 350w, https:\/\/radiozapatista.org\/wp-content\/uploads\/2021\/08\/GIRA-Madrid-TOTAL-1-43-768x432.jpg 768w, https:\/\/radiozapatista.org\/wp-content\/uploads\/2021\/08\/GIRA-Madrid-TOTAL-1-43-1024x576.jpg 1024w, https:\/\/radiozapatista.org\/wp-content\/uploads\/2021\/08\/GIRA-Madrid-TOTAL-1-43.jpg 1200w\" sizes=\"auto, (max-width: 350px) 100vw, 350px\" \/><\/a>\n\t\t\t<\/dt><\/dl><dl class='gallery-item'>\n\t\t\t<dt class='gallery-icon landscape'>\n\t\t\t\t<a href='https:\/\/radiozapatista.org\/wp-content\/uploads\/2021\/08\/GIRA-Madrid-TOTAL-1-44.jpg'><img loading=\"lazy\" decoding=\"async\" width=\"350\" height=\"197\" src=\"https:\/\/radiozapatista.org\/wp-content\/uploads\/2021\/08\/GIRA-Madrid-TOTAL-1-44-350x197.jpg\" class=\"attachment-medium size-medium\" alt=\"\" srcset=\"https:\/\/radiozapatista.org\/wp-content\/uploads\/2021\/08\/GIRA-Madrid-TOTAL-1-44-350x197.jpg 350w, https:\/\/radiozapatista.org\/wp-content\/uploads\/2021\/08\/GIRA-Madrid-TOTAL-1-44-768x432.jpg 768w, https:\/\/radiozapatista.org\/wp-content\/uploads\/2021\/08\/GIRA-Madrid-TOTAL-1-44-1024x576.jpg 1024w, https:\/\/radiozapatista.org\/wp-content\/uploads\/2021\/08\/GIRA-Madrid-TOTAL-1-44.jpg 1200w\" sizes=\"auto, (max-width: 350px) 100vw, 350px\" \/><\/a>\n\t\t\t<\/dt><\/dl><br style=\"clear: both\" \/>\n\t\t<\/div>\n\n<div class=\"wp-playlist wp-audio-playlist wp-playlist-light\">\n\t\t\t<div class=\"wp-playlist-current-item\"><\/div>\n\t\t<audio controls=\"controls\" preload=\"none\" width=\"640\"\n\t\t\t><\/audio>\n\t<div class=\"wp-playlist-next\"><\/div>\n\t<div class=\"wp-playlist-prev\"><\/div>\n\t<noscript>\n\t<ol>\n\t\t<li><a href='https:\/\/radiozapatista.org\/wp-content\/uploads\/2021\/08\/RZ_SiTocanAUnaRespondemosTodas.mp3'>Si tocan a una, respondemos todas<\/a><\/li><li><a href='https:\/\/radiozapatista.org\/wp-content\/uploads\/2021\/08\/RZ_ZapataViveRamonaVive.mp3'>Zapata Vive, Ramona Vive<\/a><\/li><li><a href='https:\/\/radiozapatista.org\/wp-content\/uploads\/2021\/08\/RZ_AlertaAntiracista.mp3'>Alerta Antirracista<\/a><\/li>\t<\/ol>\n\t<\/noscript>\n\t<script type=\"application\/json\" class=\"wp-playlist-script\">{\"type\":\"audio\",\"tracklist\":true,\"tracknumbers\":true,\"images\":false,\"artists\":false,\"tracks\":[{\"src\":\"https:\/\/radiozapatista.org\/wp-content\/uploads\/2021\/08\/RZ_SiTocanAUnaRespondemosTodas.mp3\",\"type\":\"audio\/mpeg\",\"title\":\"Si tocan a una, respondemos todas\",\"caption\":\"Si tocan a una, respondemos todas\",\"description\":\"\\\"RZ_SiTocanAUnaRespondemosTodas\\\".\",\"meta\":{\"length_formatted\":\"0:52\"},\"image\":{\"src\":\"https:\/\/radiozapatista.org\/wp-includes\/images\/media\/audio.svg\",\"width\":48,\"height\":64},\"thumb\":{\"src\":\"https:\/\/radiozapatista.org\/wp-includes\/images\/media\/audio.svg\",\"width\":48,\"height\":64}},{\"src\":\"https:\/\/radiozapatista.org\/wp-content\/uploads\/2021\/08\/RZ_ZapataViveRamonaVive.mp3\",\"type\":\"audio\/mpeg\",\"title\":\"Zapata Vive, Ramona Vive\",\"caption\":\"Zapata Vive, Ramona Vive\",\"description\":\"\\\"RZ_ZapataViveRamonaVive\\\".\",\"meta\":{\"length_formatted\":\"0:42\"},\"image\":{\"src\":\"https:\/\/radiozapatista.org\/wp-includes\/images\/media\/audio.svg\",\"width\":48,\"height\":64},\"thumb\":{\"src\":\"https:\/\/radiozapatista.org\/wp-includes\/images\/media\/audio.svg\",\"width\":48,\"height\":64}},{\"src\":\"https:\/\/radiozapatista.org\/wp-content\/uploads\/2021\/08\/RZ_AlertaAntiracista.mp3\",\"type\":\"audio\/mpeg\",\"title\":\"Alerta Antirracista\",\"caption\":\"Alerta Antirracista\",\"description\":\"\",\"meta\":{\"length_formatted\":\"1:05\"},\"image\":{\"src\":\"https:\/\/radiozapatista.org\/wp-includes\/images\/media\/audio.svg\",\"width\":48,\"height\":64},\"thumb\":{\"src\":\"https:\/\/radiozapatista.org\/wp-includes\/images\/media\/audio.svg\",\"width\":48,\"height\":64}}]}<\/script>\n<\/div>\n\t\n<p>Desde hace casi un a\u00f1o, muchos nosotros se han encontrado para hacer posible esta gira, y en esos encuentros algo se gesta. Se generan oleadas de alcances imprevisibles. Por toda Europa, colectivos, organizaciones e individuos organizados en torno a una gran multiplicidad de luchas se articulan motivados por la provocaci\u00f3n de esta Traves\u00eda por la Vida. Que los zapatistas sean el catalizador de esas oleadas se entiende: con el gobierno aut\u00f3nomo, la justicia aut\u00f3noma, la salud aut\u00f3noma, le educaci\u00f3n aut\u00f3noma, la producci\u00f3n y econom\u00eda aut\u00f3nomas, con el pensamiento cr\u00edtico, con sus encuentros de mujeres, de artes, de ciencias, con su construcci\u00f3n laboriosa de otro mundo posible, son ejemplo y prueba de que es posible crear alternativas al mundo \u00fanico que se nos impone.<\/p>\n\n\t\t<style type=\"text\/css\">\n\t\t\t#gallery-7 {\n\t\t\t\tmargin: auto;\n\t\t\t}\n\t\t\t#gallery-7 .gallery-item {\n\t\t\t\tfloat: left;\n\t\t\t\tmargin-top: 10px;\n\t\t\t\ttext-align: center;\n\t\t\t\twidth: 50%;\n\t\t\t}\n\t\t\t#gallery-7 img {\n\t\t\t\tborder: 2px solid #cfcfcf;\n\t\t\t}\n\t\t\t#gallery-7 .gallery-caption {\n\t\t\t\tmargin-left: 0;\n\t\t\t}\n\t\t\t\/* see gallery_shortcode() in wp-includes\/media.php *\/\n\t\t<\/style>\n\t\t<div id='gallery-7' class='gallery galleryid-38947 gallery-columns-2 gallery-size-medium'><dl class='gallery-item'>\n\t\t\t<dt class='gallery-icon landscape'>\n\t\t\t\t<a href='https:\/\/radiozapatista.org\/wp-content\/uploads\/2021\/08\/GIRA-Madrid-TOTAL-1-60.jpg'><img loading=\"lazy\" decoding=\"async\" width=\"350\" height=\"233\" src=\"https:\/\/radiozapatista.org\/wp-content\/uploads\/2021\/08\/GIRA-Madrid-TOTAL-1-60-350x233.jpg\" class=\"attachment-medium size-medium\" alt=\"\" srcset=\"https:\/\/radiozapatista.org\/wp-content\/uploads\/2021\/08\/GIRA-Madrid-TOTAL-1-60-350x233.jpg 350w, https:\/\/radiozapatista.org\/wp-content\/uploads\/2021\/08\/GIRA-Madrid-TOTAL-1-60-768x512.jpg 768w, https:\/\/radiozapatista.org\/wp-content\/uploads\/2021\/08\/GIRA-Madrid-TOTAL-1-60-1024x683.jpg 1024w, https:\/\/radiozapatista.org\/wp-content\/uploads\/2021\/08\/GIRA-Madrid-TOTAL-1-60-700x466.jpg 700w, https:\/\/radiozapatista.org\/wp-content\/uploads\/2021\/08\/GIRA-Madrid-TOTAL-1-60.jpg 1200w\" sizes=\"auto, (max-width: 350px) 100vw, 350px\" \/><\/a>\n\t\t\t<\/dt><\/dl><dl class='gallery-item'>\n\t\t\t<dt class='gallery-icon landscape'>\n\t\t\t\t<a href='https:\/\/radiozapatista.org\/wp-content\/uploads\/2021\/08\/GIRA-Madrid-TOTAL-1-57.jpg'><img loading=\"lazy\" decoding=\"async\" width=\"350\" height=\"197\" src=\"https:\/\/radiozapatista.org\/wp-content\/uploads\/2021\/08\/GIRA-Madrid-TOTAL-1-57-350x197.jpg\" class=\"attachment-medium size-medium\" alt=\"\" srcset=\"https:\/\/radiozapatista.org\/wp-content\/uploads\/2021\/08\/GIRA-Madrid-TOTAL-1-57-350x197.jpg 350w, https:\/\/radiozapatista.org\/wp-content\/uploads\/2021\/08\/GIRA-Madrid-TOTAL-1-57-768x432.jpg 768w, https:\/\/radiozapatista.org\/wp-content\/uploads\/2021\/08\/GIRA-Madrid-TOTAL-1-57-1024x576.jpg 1024w, https:\/\/radiozapatista.org\/wp-content\/uploads\/2021\/08\/GIRA-Madrid-TOTAL-1-57.jpg 1200w\" sizes=\"auto, (max-width: 350px) 100vw, 350px\" \/><\/a>\n\t\t\t<\/dt><\/dl><br style=\"clear: both\" \/>\n\t\t<\/div>\n\n<p>En la Plaza de Col\u00f3n, frente al Monumento al Descubrimiento de Am\u00e9rica, lxs miembros del Escuadr\u00f3n 421 <a href=\"https:\/\/radiozapatista.org\/?p=38909\">dieron su palabra<\/a>. Reiteraron que ellxs son s\u00f3lo \u201cel antecedente de un grupo m\u00e1s grande\u201d, y anunciaron que \u201cpor partes\u201d llegar\u00e1n a Europa 501 delegadxs no s\u00f3lo zapatistas, sino tambi\u00e9n miembros del Congreso Nacional Ind\u00edgena y del Frente de Pueblos en Defensa de la Tierra y el Agua. Y dieron a entender que ese ser\u00eda el \u00faltimo de los grandes actos, y que en adelante los encuentros ser\u00edan m\u00e1s \u00edntimos. \u201cEl ma\u00f1ana no se gesta en la luz.\u00a0Se cultiva, se cuida y se nace en las sombras inadvertidas de la madrugada, cuando la noche empieza apenas a ceder terreno. Los terremotos que sacuden la historia de la humanidad empiezan con un \u2018ya basta\u2019 aislado, casi imperceptible.\u00a0Una nota discordante a mitad del ruido.\u00a0Una grieta en el muro.\u201d<\/p>\n<p><strong>Escucha la palabra del Escuadr\u00f3n 421<\/strong>:<br \/>\n[podcast]https:\/\/radiozapatista.org\/wp-content\/uploads\/2021\/08\/RZ_PalabraEscuadron421_Madrid_Agosto_2021.mp3[\/podcast]<\/p>\n<p>Y tambi\u00e9n dejaron claro a qu\u00e9 vienen y a qu\u00e9 no vienen: \u201c\u2026no venimos a traer recetas, a imponer visiones y estrategias, a prometer futuros luminosos e instant\u00e1neos, plazas llenas, soluciones inmediatas.\u00a0Ni venimos a convocarles a uniones maravillosas. Venimos a escucharles.\u201d<\/p>\n<p>Sabemos que la multiplicidad de los nosotros es riqueza pero tambi\u00e9n fuente de divisiones y desencuentros, y as\u00ed lo reflexionaron lxs zapatistas. \u201cS\u00f3lo una amenaza m\u00e1s grande, un dolor m\u00e1s terrible, una rabia mayor, es la que puede hacer que nos pongamos de acuerdo en dirigir esa rabia y ese dolor m\u00e1s arriba\u2026 de lo que hablamos las comunidades zapatistas es de una causa, de un motivo, de una meta: la vida.\u201d<\/p>\n<p>Cada peque\u00f1a lucha es una lucha por la vida. Y s\u00f3lo en el encuentro de los muchos nosotros se podr\u00e1 reinventar la vida. S\u00f3lo en el encuentro ser\u00e1 posible destruir a la Hidra. S\u00f3lo en el encuentro habremos de reinventarnos y transformarnos en semillas que, alg\u00fan d\u00eda, de alguna forma, en alg\u00fan lugar, habr\u00e1n de florecer.<\/p>\n<p>\u201cPorque vivir no es s\u00f3lo no morir, no es sobrevivir. Vivir como seres humanos es vivir con libertad.\u00a0Vivir es arte, es ciencia, es alegr\u00eda, es baile, es lucha.\u201d<\/p>\n<p>&nbsp;<\/p>\n<p>Im\u00e1genes Cucho Ram\u00edrez &#8211; <a href=\"https:\/\/inquietadoc.com\/\" target=\"_blank\" rel=\"noopener\">https:\/\/inquietadoc.com\/<\/a><\/p>\n<p>M\u00fasica de fondo en el audio de la palabra zapatista: <a href=\"https:\/\/elnaan.com\/\" target=\"_blank\" rel=\"noopener\">El Na\u00e1n<\/a> &#8211; Los invisibles de Kolda- \u00c1lbum La Danza de las Semillas<\/p>","protected":false},"excerpt":{"rendered":"<p>Madrid, Agosto, 2021. En la Puerta del Sol, la hist\u00f3rica plaza en el hoy centro de Madrid, danzantes\u00a0 reproducen rituales mexicas y danzan al ritmo de los tambores. &nbsp; [podcast]https:\/\/radiozapatista.org\/wp-content\/uploads\/2021\/08\/RZ_Sonidos_Danza.mp3[\/podcast] En la misma plaza, una carroza-nav\u00edo inicia su recorrido rumbo a la Plaza de Col\u00f3n. A bordo, siete ind\u00edgenas mayas provenientes del sureste mexicano, miembrxs [&hellip;]<\/p>\n","protected":false},"author":20,"featured_media":39023,"comment_status":"open","ping_status":"closed","sticky":false,"template":"","format":"standard","meta":{"footnotes":""},"categories":[1,957,1318,955,949,934,953,190],"tags":[239,920,926,545,1317],"class_list":["post-38947","post","type-post","status-publish","format-standard","has-post-thumbnail","hentry","category-audio","category-autonomia","category-caravana-zapatista-a-europa","category-ezln-temas","category-fotorreportaje","category-multimedia","category-mundo","category-radiozapatista","tag-espana","tag-europa","tag-ezln","tag-pueblos-indigenas","tag-travesia-por-la-vida"],"_links":{"self":[{"href":"https:\/\/radiozapatista.org\/index.php?rest_route=\/wp\/v2\/posts\/38947","targetHints":{"allow":["GET"]}}],"collection":[{"href":"https:\/\/radiozapatista.org\/index.php?rest_route=\/wp\/v2\/posts"}],"about":[{"href":"https:\/\/radiozapatista.org\/index.php?rest_route=\/wp\/v2\/types\/post"}],"author":[{"embeddable":true,"href":"https:\/\/radiozapatista.org\/index.php?rest_route=\/wp\/v2\/users\/20"}],"replies":[{"embeddable":true,"href":"https:\/\/radiozapatista.org\/index.php?rest_route=%2Fwp%2Fv2%2Fcomments&post=38947"}],"version-history":[{"count":42,"href":"https:\/\/radiozapatista.org\/index.php?rest_route=\/wp\/v2\/posts\/38947\/revisions"}],"predecessor-version":[{"id":39053,"href":"https:\/\/radiozapatista.org\/index.php?rest_route=\/wp\/v2\/posts\/38947\/revisions\/39053"}],"wp:featuredmedia":[{"embeddable":true,"href":"https:\/\/radiozapatista.org\/index.php?rest_route=\/wp\/v2\/media\/39023"}],"wp:attachment":[{"href":"https:\/\/radiozapatista.org\/index.php?rest_route=%2Fwp%2Fv2%2Fmedia&parent=38947"}],"wp:term":[{"taxonomy":"category","embeddable":true,"href":"https:\/\/radiozapatista.org\/index.php?rest_route=%2Fwp%2Fv2%2Fcategories&post=38947"},{"taxonomy":"post_tag","embeddable":true,"href":"https:\/\/radiozapatista.org\/index.php?rest_route=%2Fwp%2Fv2%2Ftags&post=38947"}],"curies":[{"name":"wp","href":"https:\/\/api.w.org\/{rel}","templated":true}]}}