{"id":389,"date":"2009-12-15T22:45:49","date_gmt":"2009-12-16T04:45:49","guid":{"rendered":"https:\/\/radiozapatista.org\/wp\/?p=389"},"modified":"2015-11-26T13:09:20","modified_gmt":"2015-11-26T19:09:20","slug":"movimiento-estudiantil-en-california","status":"publish","type":"post","link":"https:\/\/radiozapatista.org\/?p=389","title":{"rendered":"Movimiento estudiantil en California"},"content":{"rendered":"<p>En los \u00faltimos meses estudiantes, profesores y funcionarios de  universidades en California se han levantado en protestas \ty acciones en repudio a los recortes en la educaci\u00f3n en el estado y a  las pol\u00edticas neoliberales de privatizaci\u00f3n.  \tEn este reportaje, dos estudiantes de la Universidad de California  Berkekely reflexionan sobre sus experiencias en las manifestaciones \trecientes en el sistema de la Universidad de California, conect\u00e1ndolas  con la lucha m\u00e1s amplia contra el neoliberalismo y  \tla defensa de la educaci\u00f3n p\u00fablica.<\/p>","protected":false},"excerpt":{"rendered":"<p>En los \u00faltimos meses estudiantes, profesores y funcionarios de universidades en California se han levantado en protestas y acciones en repudio a los recortes en la educaci\u00f3n en el estado y a las pol\u00edticas neoliberales de privatizaci\u00f3n. En este reportaje, dos estudiantes de la Universidad de California Berkekely reflexionan sobre sus experiencias en las manifestaciones [&hellip;]<\/p>\n","protected":false},"author":1,"featured_media":0,"comment_status":"open","ping_status":"open","sticky":false,"template":"","format":"standard","meta":{"footnotes":""},"categories":[1,51,953,45],"tags":[57,921],"class_list":["post-389","post","type-post","status-publish","format-standard","hentry","category-audio","category-autor","category-mundo","category-relatos-zapatistas","tag-educacion","tag-relatos-zapatistas"],"_links":{"self":[{"href":"https:\/\/radiozapatista.org\/index.php?rest_route=\/wp\/v2\/posts\/389","targetHints":{"allow":["GET"]}}],"collection":[{"href":"https:\/\/radiozapatista.org\/index.php?rest_route=\/wp\/v2\/posts"}],"about":[{"href":"https:\/\/radiozapatista.org\/index.php?rest_route=\/wp\/v2\/types\/post"}],"author":[{"embeddable":true,"href":"https:\/\/radiozapatista.org\/index.php?rest_route=\/wp\/v2\/users\/1"}],"replies":[{"embeddable":true,"href":"https:\/\/radiozapatista.org\/index.php?rest_route=%2Fwp%2Fv2%2Fcomments&post=389"}],"version-history":[{"count":0,"href":"https:\/\/radiozapatista.org\/index.php?rest_route=\/wp\/v2\/posts\/389\/revisions"}],"wp:attachment":[{"href":"https:\/\/radiozapatista.org\/index.php?rest_route=%2Fwp%2Fv2%2Fmedia&parent=389"}],"wp:term":[{"taxonomy":"category","embeddable":true,"href":"https:\/\/radiozapatista.org\/index.php?rest_route=%2Fwp%2Fv2%2Fcategories&post=389"},{"taxonomy":"post_tag","embeddable":true,"href":"https:\/\/radiozapatista.org\/index.php?rest_route=%2Fwp%2Fv2%2Ftags&post=389"}],"curies":[{"name":"wp","href":"https:\/\/api.w.org\/{rel}","templated":true}]}}