{"id":38877,"date":"2021-08-09T14:05:55","date_gmt":"2021-08-09T19:05:55","guid":{"rendered":"https:\/\/radiozapatista.org\/?p=38877"},"modified":"2021-08-09T14:05:55","modified_gmt":"2021-08-09T19:05:55","slug":"comunidades-toman-planta-bonafont-para-convertirla-en-casa-de-los-pueblos","status":"publish","type":"post","link":"https:\/\/radiozapatista.org\/?p=38877","title":{"rendered":"Comunidades toman planta Bonafont para convertirla en casa de los pueblos"},"content":{"rendered":"<p>Por Jana X<\/p>\n<div class=\"tdb-block-inner td-fix-index\">\n<p>Despu\u00e9s de cuatro meses de campamento de toma de la planta Bonafont, en el d\u00eda del natalicio de Emiliano Zapata, los Pueblos Unidos del municipio de Juan C. Bonilla y otros 17 pueblos de la regi\u00f3n Izta Popo, en Puebla, junto con el pueblo Otom\u00ed migrante en resistencia y el movimiento Mexicali Resiste, decidieron juzgar al gobierno y a las empresas que con enga\u00f1os les han despojado de la tierra, sobreexplotado el agua y los mantos fre\u00e1ticos de la regi\u00f3n.<\/p>\n<p>La consecuencia de ello ha sido el secamiento de sus pozos, y manantiales, al punto de generar hace poco m\u00e1s de un mes un gran socav\u00f3n, el cual a la fecha las autoridades no pueden explicar su origen. Mientras, los pueblos lo dicen claramente: \u201ces la sobreexplotaci\u00f3n por las empresas como Bonafont, Volkswagen, Carol, Audi entre otras\u201d.<\/p>\n<p>Por cuatro meses se mantuvo el campamento de toma de la planta Bonafont ubicada en el municipio de Juan C. Bonilla, que se encuentra a las faldas de los cerros Iztacc\u00edhuatl y Popocat\u00e9petl.<\/p>\n<p>Esta es una regi\u00f3n abundante en agua, la cual proviene justo de los cerros que la rodean y que han sido resguardados por los pueblos nahuas originarios de esta regi\u00f3n.<\/p>\n<p>No obstante, despu\u00e9s de 29 a\u00f1os del robo de su agua a trav\u00e9s de la extracci\u00f3n diaria de\u00a0\u00a01,600,000 litros de agua en la planta ocupada, hab\u00eda provocado que los pozos artesianos de la regi\u00f3n se secaran, adem\u00e1s de una sequ\u00eda generalizada y la imposibilidad de que los pueblos campesinos e ind\u00edgenas que all\u00ed habitan para poder continuar con su modo de vida, que es a partir de la agricultura campesina de peque\u00f1a escala y autoconsumo.<\/p>\n<p>En estos cuatro meses de cierre de operaciones de la planta, dicen los habitantes de estos pueblos, \u201clos pozos han vuelto a tener agua\u201d.<\/p>\n<p>Previo a la toma del 22 de marzo de este a\u00f1o y durante los cuatro meses que dur\u00f3 el campamento de resistencia, se dio un proceso de asambleas y consulta entre los pueblos que habitan esta regi\u00f3n, en donde adem\u00e1s se inform\u00f3 sobre el despojo y las intenciones de abrir nuevos pozos para continuar con el robo de agua, por lo que 14 pueblos, hartos del despojo y la sequ\u00eda, se articularon en \u201cPueblos Unidos\u201d para defender el agua e impedir que contin\u00fae el saqueo.<\/p>\n<p>Entre los pueblos imper\u00f3 la misma voz: \u201cya era demasiado el robo, estamos hartos, y si no actuamos ya, nos seguir\u00e1n despojando. Queremos justicia.\u201d<\/p>\n<figure class=\"wp-block-image size-large\"><img loading=\"lazy\" decoding=\"async\" class=\"wp-image-45303\" src=\"https:\/\/avispa.org\/wp-content\/uploads\/2021\/08\/Clausura-de-Bonafont-Avispa-Midia-1024x461.jpeg\" sizes=\"auto, (max-width: 1024px) 100vw, 1024px\" srcset=\"https:\/\/avispa.org\/wp-content\/uploads\/2021\/08\/Clausura-de-Bonafont-Avispa-Midia-1024x461.jpeg 1024w, https:\/\/avispa.org\/wp-content\/uploads\/2021\/08\/Clausura-de-Bonafont-Avispa-Midia-300x135.jpeg 300w, https:\/\/avispa.org\/wp-content\/uploads\/2021\/08\/Clausura-de-Bonafont-Avispa-Midia-768x346.jpeg 768w, https:\/\/avispa.org\/wp-content\/uploads\/2021\/08\/Clausura-de-Bonafont-Avispa-Midia-1536x691.jpeg 1536w, https:\/\/avispa.org\/wp-content\/uploads\/2021\/08\/Clausura-de-Bonafont-Avispa-Midia-696x313.jpeg 696w, https:\/\/avispa.org\/wp-content\/uploads\/2021\/08\/Clausura-de-Bonafont-Avispa-Midia-1068x481.jpeg 1068w, https:\/\/avispa.org\/wp-content\/uploads\/2021\/08\/Clausura-de-Bonafont-Avispa-Midia-933x420.jpeg 933w, https:\/\/avispa.org\/wp-content\/uploads\/2021\/08\/Clausura-de-Bonafont-Avispa-Midia.jpeg 1600w\" alt=\"\" width=\"1024\" height=\"461\" \/><\/figure>\n<p><strong>Juicio de los pueblos<\/strong><\/p>\n<p>Dicen que siempre estuvieron abiertos al di\u00e1logo, pero ni las autoridades del gobierno, ni la empresa se acercaron para dialogar. Los pueblos evidenciaron que a las autoridades se les llam\u00f3 a trav\u00e9s de los cauces formales y se les invit\u00f3 a tomar la palabra en el evento de festejo del aniversario de Emiliano Zapata, pero ellos no llegaron.<\/p>\n<p>Se les estuvo esperando, y simplemente no llegaron.\u00a0Ante la ausencia del gobierno, los pueblos decidieron hacer del evento un espacio de denuncia. Ah\u00ed, los 20 pueblos presentes denunciaron los diferentes atropellos que han vivido en la defensa del agua frente a la sobreexplotaci\u00f3n y contaminaci\u00f3n de los r\u00edos.<\/p>\n<p>Un ejemplo es el caso del r\u00edo Metlapanapa, el cual ha sido explotado por a\u00f1os por empresas como Volkswagen, Audi, Bonafont, Junghans, Coca-Cola, granjas Carol, Hylsa, y otras, adem\u00e1s de los parques industriales y el creciente desarrollo inmobiliario, e incluso ante un nuevo complejo industrial llamado \u201cCiudad t\u00e9xtil\u201d que se pretende instalar en la regi\u00f3n.<\/p>\n<figure class=\"wp-block-image size-large\"><img loading=\"lazy\" decoding=\"async\" class=\"wp-image-45304\" src=\"https:\/\/avispa.org\/wp-content\/uploads\/2021\/08\/Juicio-a-Bonafont-Avispa-Midia-1024x461.jpeg\" sizes=\"auto, (max-width: 1024px) 100vw, 1024px\" srcset=\"https:\/\/avispa.org\/wp-content\/uploads\/2021\/08\/Juicio-a-Bonafont-Avispa-Midia-1024x461.jpeg 1024w, https:\/\/avispa.org\/wp-content\/uploads\/2021\/08\/Juicio-a-Bonafont-Avispa-Midia-300x135.jpeg 300w, https:\/\/avispa.org\/wp-content\/uploads\/2021\/08\/Juicio-a-Bonafont-Avispa-Midia-768x346.jpeg 768w, https:\/\/avispa.org\/wp-content\/uploads\/2021\/08\/Juicio-a-Bonafont-Avispa-Midia-1536x691.jpeg 1536w, https:\/\/avispa.org\/wp-content\/uploads\/2021\/08\/Juicio-a-Bonafont-Avispa-Midia-696x313.jpeg 696w, https:\/\/avispa.org\/wp-content\/uploads\/2021\/08\/Juicio-a-Bonafont-Avispa-Midia-1068x481.jpeg 1068w, https:\/\/avispa.org\/wp-content\/uploads\/2021\/08\/Juicio-a-Bonafont-Avispa-Midia-933x420.jpeg 933w, https:\/\/avispa.org\/wp-content\/uploads\/2021\/08\/Juicio-a-Bonafont-Avispa-Midia.jpeg 1600w\" alt=\"\" width=\"1024\" height=\"461\" \/><\/figure>\n<p>Todas estas empresas usan grandes cantidades de agua. Por ejemplo, se\u00f1alaron que la empresa automovilistica Volkswagen, contra la cual tambi\u00e9n hubo resistencia que en su momento fue reprimida, producen 20 carros por minuto y para la fabricaci\u00f3n de cada carro se usan hasta 4,000 litros de agua.<\/p>\n<p>Las empresas adem\u00e1s contaminan los r\u00edos, arroyos y mantos fre\u00e1ticos al verter los desechos t\u00f3xicos de sus procesos industriales. Denunciaron que en el r\u00edo Metlapanapa corren las aguas negras y fecales de las empresas, pues en \u00e9l se descargan sustancias t\u00f3xicas como plomo, cadmio, aluminio y arsenio provenientes de las f\u00e1bricas que operan en la regi\u00f3n.<\/p>\n<p>El espacio de denuncia sirvi\u00f3 para que tambi\u00e9n se se\u00f1alaran otros megaproyectos que atentan contra la vida de los pueblos, como el gasoducto que corre en toda esta regi\u00f3n entre Puebla y Morelos y que forma parte del PIM (Proyecto Integral Morelos) el cual incluye adem\u00e1s super autopistas y termoel\u00e9ctricas de ciclo combinado y que ante la resistencia al proyecto, ya ha habido diferentes actos de represi\u00f3n que han ido desde la detenci\u00f3n arbitraria y por razones pol\u00edticas, hasta el asesinato de quienes se han resistido, como el caso de Samir Flores, el cual ya fue denunciado.<\/p>\n<p>Ante la explotaci\u00f3n y robo permanente de las empresas legitimado por el gobierno, los \u201cPueblos Unidos\u201d de esta regi\u00f3n del estado de Puebla exigieron justicia, una justicia que ellos mismos se han encargado de procurar, pues como dijeron algunos de los j\u00f3venes que participaron de la toma: \u201cDel gobierno no esperamos nada bueno, nuestra lucha es por la autonom\u00eda y la libre determinaci\u00f3n\u201d. Es por ello que decretaron la reapropiaci\u00f3n de lo que fue arrebatado bajo enga\u00f1os y corrupci\u00f3n y convertirlo en una Casa de los Pueblos.<\/p>\n<figure class=\"wp-block-image size-large\"><img loading=\"lazy\" decoding=\"async\" class=\"wp-image-45306\" src=\"https:\/\/avispa.org\/wp-content\/uploads\/2021\/08\/Toma-de-Bonafont-Pueblos-Avispa-Midia-1024x461.jpeg\" sizes=\"auto, (max-width: 1024px) 100vw, 1024px\" srcset=\"https:\/\/avispa.org\/wp-content\/uploads\/2021\/08\/Toma-de-Bonafont-Pueblos-Avispa-Midia-1024x461.jpeg 1024w, https:\/\/avispa.org\/wp-content\/uploads\/2021\/08\/Toma-de-Bonafont-Pueblos-Avispa-Midia-300x135.jpeg 300w, https:\/\/avispa.org\/wp-content\/uploads\/2021\/08\/Toma-de-Bonafont-Pueblos-Avispa-Midia-768x346.jpeg 768w, https:\/\/avispa.org\/wp-content\/uploads\/2021\/08\/Toma-de-Bonafont-Pueblos-Avispa-Midia-1536x691.jpeg 1536w, https:\/\/avispa.org\/wp-content\/uploads\/2021\/08\/Toma-de-Bonafont-Pueblos-Avispa-Midia-696x313.jpeg 696w, https:\/\/avispa.org\/wp-content\/uploads\/2021\/08\/Toma-de-Bonafont-Pueblos-Avispa-Midia-1068x481.jpeg 1068w, https:\/\/avispa.org\/wp-content\/uploads\/2021\/08\/Toma-de-Bonafont-Pueblos-Avispa-Midia-933x420.jpeg 933w, https:\/\/avispa.org\/wp-content\/uploads\/2021\/08\/Toma-de-Bonafont-Pueblos-Avispa-Midia.jpeg 1600w\" alt=\"\" width=\"1024\" height=\"461\" \/><\/figure>\n<p><strong>De ser una sede para el robo, hoy ser\u00e1 una Casa de los Pueblos<\/strong><\/p>\n<p>Los entrevistados (de los cuales resguardamos su identidad por seguridad) se\u00f1alaron que durante las diferentes asambleas que se realizaron en los cuatro meses de toma, se decidi\u00f3 primero cerrar la planta y los pozos para acabar con el despojo y parte de los abusos. Despu\u00e9s surgieron diferentes propuestas de c\u00f3mo usar el espacio, entre las que se\u00f1alaron estan: para casa de salud, como espacio deportivo y educativo, para la comunicaci\u00f3n desde los pueblos y para la formaci\u00f3n de los pueblos para la agricultura org\u00e1nica.<\/p>\n<p>A\u00fan faltar\u00e1 que este lunes (9) tras una rueda de prensa se contin\u00fae con el proceso asambleario para que los pueblos decidan por s\u00ed mismos qu\u00e9 uso dar\u00e1n a las instalaciones. Por ahora, los pozos han sido clausurados de forma permanente, y se espera que esta batalla sea el inicio de muchas batallas por la defensa del agua y de la vida, para que los pueblos puedan continuar viviendo como pueblos campesinos que manejan desde s\u00ed mismos el uso respetuoso del agua, como de por s\u00ed ya lo hac\u00edan.<\/p>\n<figure class=\"wp-block-gallery columns-1 is-cropped\">\n<ul class=\"blocks-gallery-grid\">\n<li class=\"blocks-gallery-item\">\n<figure><img loading=\"lazy\" decoding=\"async\" class=\"wp-image-45308\" src=\"https:\/\/avispa.org\/wp-content\/uploads\/2021\/08\/Toma-de-bonafont-Activistas-Avispa-Midia-1024x461.jpeg\" sizes=\"auto, (max-width: 1024px) 100vw, 1024px\" srcset=\"https:\/\/avispa.org\/wp-content\/uploads\/2021\/08\/Toma-de-bonafont-Activistas-Avispa-Midia-1024x461.jpeg 1024w, https:\/\/avispa.org\/wp-content\/uploads\/2021\/08\/Toma-de-bonafont-Activistas-Avispa-Midia-300x135.jpeg 300w, https:\/\/avispa.org\/wp-content\/uploads\/2021\/08\/Toma-de-bonafont-Activistas-Avispa-Midia-768x346.jpeg 768w, https:\/\/avispa.org\/wp-content\/uploads\/2021\/08\/Toma-de-bonafont-Activistas-Avispa-Midia-1536x691.jpeg 1536w, https:\/\/avispa.org\/wp-content\/uploads\/2021\/08\/Toma-de-bonafont-Activistas-Avispa-Midia-696x313.jpeg 696w, https:\/\/avispa.org\/wp-content\/uploads\/2021\/08\/Toma-de-bonafont-Activistas-Avispa-Midia-1068x481.jpeg 1068w, https:\/\/avispa.org\/wp-content\/uploads\/2021\/08\/Toma-de-bonafont-Activistas-Avispa-Midia-933x420.jpeg 933w, https:\/\/avispa.org\/wp-content\/uploads\/2021\/08\/Toma-de-bonafont-Activistas-Avispa-Midia.jpeg 1600w\" alt=\"\" width=\"1024\" height=\"461\" data-id=\"45308\" data-full-url=\"https:\/\/avispa.org\/wp-content\/uploads\/2021\/08\/Toma-de-bonafont-Activistas-Avispa-Midia.jpeg\" data-link=\"https:\/\/avispa.org\/?attachment_id=45308\" \/><\/figure>\n<\/li>\n<\/ul><figcaption class=\"blocks-gallery-caption\">Fotos por Jana X<\/figcaption><\/figure>\n<\/div>\n<p><\/p>","protected":false},"excerpt":{"rendered":"<p>Por Jana X Despu\u00e9s de cuatro meses de campamento de toma de la planta Bonafont, en el d\u00eda del natalicio de Emiliano Zapata, los Pueblos Unidos del municipio de Juan C. Bonilla y otros 17 pueblos de la regi\u00f3n Izta Popo, en Puebla, junto con el pueblo Otom\u00ed migrante en resistencia y el movimiento Mexicali [&hellip;]<\/p>\n","protected":false},"author":21,"featured_media":38878,"comment_status":"open","ping_status":"closed","sticky":false,"template":"","format":"standard","meta":{"footnotes":""},"categories":[957,51,1284,826,958,954,935],"tags":[58,53,567,545,87,148,27,483],"class_list":["post-38877","post","type-post","status-publish","format-standard","has-post-thumbnail","hentry","category-autonomia","category-autor","category-latinoamerica","category-medios-libres-2","category-megaproyectos","category-mexico","category-temas","tag-derechos-humanos","tag-justicia","tag-megaproyectos","tag-pueblos-indigenas","tag-represion","tag-resistencia","tag-solidaridad","tag-tierra-y-territorio"],"_links":{"self":[{"href":"https:\/\/radiozapatista.org\/index.php?rest_route=\/wp\/v2\/posts\/38877","targetHints":{"allow":["GET"]}}],"collection":[{"href":"https:\/\/radiozapatista.org\/index.php?rest_route=\/wp\/v2\/posts"}],"about":[{"href":"https:\/\/radiozapatista.org\/index.php?rest_route=\/wp\/v2\/types\/post"}],"author":[{"embeddable":true,"href":"https:\/\/radiozapatista.org\/index.php?rest_route=\/wp\/v2\/users\/21"}],"replies":[{"embeddable":true,"href":"https:\/\/radiozapatista.org\/index.php?rest_route=%2Fwp%2Fv2%2Fcomments&post=38877"}],"version-history":[{"count":1,"href":"https:\/\/radiozapatista.org\/index.php?rest_route=\/wp\/v2\/posts\/38877\/revisions"}],"predecessor-version":[{"id":38879,"href":"https:\/\/radiozapatista.org\/index.php?rest_route=\/wp\/v2\/posts\/38877\/revisions\/38879"}],"wp:featuredmedia":[{"embeddable":true,"href":"https:\/\/radiozapatista.org\/index.php?rest_route=\/wp\/v2\/media\/38878"}],"wp:attachment":[{"href":"https:\/\/radiozapatista.org\/index.php?rest_route=%2Fwp%2Fv2%2Fmedia&parent=38877"}],"wp:term":[{"taxonomy":"category","embeddable":true,"href":"https:\/\/radiozapatista.org\/index.php?rest_route=%2Fwp%2Fv2%2Fcategories&post=38877"},{"taxonomy":"post_tag","embeddable":true,"href":"https:\/\/radiozapatista.org\/index.php?rest_route=%2Fwp%2Fv2%2Ftags&post=38877"}],"curies":[{"name":"wp","href":"https:\/\/api.w.org\/{rel}","templated":true}]}}