{"id":38867,"date":"2021-08-01T11:58:52","date_gmt":"2021-08-01T16:58:52","guid":{"rendered":"https:\/\/radiozapatista.org\/?p=38867"},"modified":"2021-08-15T10:29:11","modified_gmt":"2021-08-15T15:29:11","slug":"paso-libre-a-zapatistas-exigen-desde-nantes-francia","status":"publish","type":"post","link":"https:\/\/radiozapatista.org\/?p=38867","title":{"rendered":"\u00a1Paso libre a Zapatistas!, exigen desde Nantes, Francia"},"content":{"rendered":"<p><iframe loading=\"lazy\" src=\"https:\/\/player.vimeo.com\/video\/582024221\" width=\"640\" height=\"360\" frameborder=\"0\" allowfullscreen=\"allowfullscreen\"><\/iframe><\/p>\n<p><a href=\"https:\/\/vimeo.com\/582024221\">Protesta internacional #PasoLibreZapatistas en Nantes, Francia, 30 de julio 2021, en espa\u00f1ol, franc\u00e9s, ingl\u00e9s y griego. #EZLN<\/a> from <a href=\"https:\/\/vimeo.com\/user116709648\">\u00a1Compas Arriba!<\/a> on <a href=\"https:\/\/vimeo.com\">Vimeo<\/a>.<\/p>\n<p>Durante la jornadas del \u00abEncuentro de mujeres, personas trans, inter y no binarias de la otra Europa\u00bb (29 y 29 de julio) y el \u00abEncuentro Intergal\u00e1ctico\u201d (31 de julio y primero de agosto) en la ZAD, Zona a defender de Notre Dame de Landes; varias delegaciones provenientes de Francia y de todas las regiones de Slumil K\u2019ajxemk\u2019op (antes Europa) M\u00e9xico, Sudam\u00e9rica y Estados Unidos, que asistieron a dichos eventos, se reunieron al pie del monumento en memoria de los cincuenta rehenes antifascistas asesinados durante la ocupaci\u00f3n nazi en Francia, quienes atentaron contra la vida de un general alem\u00e1n (Karl Hotz) en 1941, para denunciar la inacci\u00f3n de las autoridades gubernamentales para autorizar la llegada de la Fuerza A\u00e9rea Zapatista, que desde hace meses anunciaron oficialmente su llegada.<\/p>\n<p><a href=\"https:\/\/pozol.org\/?attachment_id=19393\" rel=\"attachment wp-att-19393\"><img loading=\"lazy\" decoding=\"async\" class=\"aligncenter size-full wp-image-19393\" src=\"https:\/\/pozol.org\/wp-content\/uploads\/2021\/08\/inbound-271052894.jpg\" sizes=\"auto, (max-width: 1280px) 100vw, 1280px\" srcset=\"https:\/\/pozol.org\/wp-content\/uploads\/2021\/08\/inbound-271052894.jpg 1280w, https:\/\/pozol.org\/wp-content\/uploads\/2021\/08\/inbound-271052894-300x200.jpg 300w, https:\/\/pozol.org\/wp-content\/uploads\/2021\/08\/inbound-271052894-1024x682.jpg 1024w, https:\/\/pozol.org\/wp-content\/uploads\/2021\/08\/inbound-271052894-768x512.jpg 768w, https:\/\/pozol.org\/wp-content\/uploads\/2021\/08\/inbound-271052894-500x333.jpg 500w\" alt=\"\" width=\"1280\" height=\"853\" \/><\/a><\/p>\n<p>El monumento a los Cincuenta rehenes antifascistas est\u00e1 representado por dos mujeres que miran al horizonte con la frente en alto. Una de ellas, tiene a sus pies una cadena, pero porta en sus manos una espada a la espera de ser utilizada si es necesario, su prenda superior parece haber sido removida dejando al descubierto su senos izquierdo, como si acabara de librar una batalla. Mientras que la otra mujer lleva una espiga de trigo en sus manos, una muestra de tiempos de paz y abundancia.<\/p>\n<p><a href=\"https:\/\/pozol.org\/?attachment_id=19394\" rel=\"attachment wp-att-19394\"><img loading=\"lazy\" decoding=\"async\" class=\"aligncenter size-full wp-image-19394\" src=\"https:\/\/pozol.org\/wp-content\/uploads\/2021\/08\/inbound702212698.jpg\" sizes=\"auto, (max-width: 853px) 100vw, 853px\" srcset=\"https:\/\/pozol.org\/wp-content\/uploads\/2021\/08\/inbound702212698.jpg 853w, https:\/\/pozol.org\/wp-content\/uploads\/2021\/08\/inbound702212698-200x300.jpg 200w, https:\/\/pozol.org\/wp-content\/uploads\/2021\/08\/inbound702212698-682x1024.jpg 682w, https:\/\/pozol.org\/wp-content\/uploads\/2021\/08\/inbound702212698-768x1152.jpg 768w, https:\/\/pozol.org\/wp-content\/uploads\/2021\/08\/inbound702212698-333x500.jpg 333w\" alt=\"\" width=\"853\" height=\"1280\" \/><\/a><\/p>\n<p>Esta vez ambas mujeres que miran hacia el horizonte, dignas, conviven con otras mujeres de generaciones contempor\u00e1neas-extemporas, Mujeres de Tierra y Fuego de Tierras Insumisas, quienes las rodean y arropan con mantas que demuestran que la resistencia no sigue viva.<\/p>\n<p><a href=\"https:\/\/pozol.org\/?attachment_id=19395\" rel=\"attachment wp-att-19395\"><img loading=\"lazy\" decoding=\"async\" class=\"aligncenter size-full wp-image-19395\" src=\"https:\/\/pozol.org\/wp-content\/uploads\/2021\/08\/inbound-664814742.jpg\" sizes=\"auto, (max-width: 1280px) 100vw, 1280px\" srcset=\"https:\/\/pozol.org\/wp-content\/uploads\/2021\/08\/inbound-664814742.jpg 1280w, https:\/\/pozol.org\/wp-content\/uploads\/2021\/08\/inbound-664814742-300x200.jpg 300w, https:\/\/pozol.org\/wp-content\/uploads\/2021\/08\/inbound-664814742-1024x682.jpg 1024w, https:\/\/pozol.org\/wp-content\/uploads\/2021\/08\/inbound-664814742-768x512.jpg 768w, https:\/\/pozol.org\/wp-content\/uploads\/2021\/08\/inbound-664814742-500x333.jpg 500w\" alt=\"\" width=\"1280\" height=\"853\" \/><\/a><\/p>\n<p>Esta vez ambas mujeres que miran hacia el horizonte, dignas, portan banderas de un movimiento pol\u00edtico y social muy lejano en geograf\u00eda, pero muy cercano a la lucha por la vida, el EZLN.<\/p>\n<p><a href=\"https:\/\/pozol.org\/?attachment_id=19396\" rel=\"attachment wp-att-19396\"><img loading=\"lazy\" decoding=\"async\" class=\"aligncenter size-full wp-image-19396\" src=\"https:\/\/pozol.org\/wp-content\/uploads\/2021\/08\/inbound-597656484.jpg\" sizes=\"auto, (max-width: 1280px) 100vw, 1280px\" srcset=\"https:\/\/pozol.org\/wp-content\/uploads\/2021\/08\/inbound-597656484.jpg 1280w, https:\/\/pozol.org\/wp-content\/uploads\/2021\/08\/inbound-597656484-300x200.jpg 300w, https:\/\/pozol.org\/wp-content\/uploads\/2021\/08\/inbound-597656484-1024x682.jpg 1024w, https:\/\/pozol.org\/wp-content\/uploads\/2021\/08\/inbound-597656484-768x512.jpg 768w, https:\/\/pozol.org\/wp-content\/uploads\/2021\/08\/inbound-597656484-500x333.jpg 500w\" alt=\"\" width=\"1280\" height=\"853\" \/><\/a><\/p>\n<p>Dentro de un marco de consignas a favor de la libre circulaci\u00f3n de las personas en todo el mundo, que se oponen a las fronteras impuestas con pol\u00edticas discriminatorias que responden a las estrategias neocoloniales, se repudiaron los obst\u00e1culos ahora \u201csanitarios\u00bb y pol\u00edticos que favorecen la justificaci\u00f3n para oponerse al paso libre de la Delegaci\u00f3n Zapatista, del Congreso Nacional Ind\u00edgena y del Frente de los Pueblos en Defensa de la Tierra y Agua de Morelos, Tlaxcala y Puebla, que se proponen a los trabajos de escucha y palabra con las luchas de abajo y la izquierda de una Europa Insumisa que les invita a compartir experiencias anticapitalistas, feministas, antirracistas y anticoloniales, pero sobre todo que lucha por la Vida.<\/p>\n<p><a href=\"https:\/\/pozol.org\/?attachment_id=19397\" rel=\"attachment wp-att-19397\"><img loading=\"lazy\" decoding=\"async\" class=\"aligncenter size-full wp-image-19397\" src=\"https:\/\/pozol.org\/wp-content\/uploads\/2021\/08\/inbound100428082.jpg\" sizes=\"auto, (max-width: 853px) 100vw, 853px\" srcset=\"https:\/\/pozol.org\/wp-content\/uploads\/2021\/08\/inbound100428082.jpg 853w, https:\/\/pozol.org\/wp-content\/uploads\/2021\/08\/inbound100428082-200x300.jpg 200w, https:\/\/pozol.org\/wp-content\/uploads\/2021\/08\/inbound100428082-682x1024.jpg 682w, https:\/\/pozol.org\/wp-content\/uploads\/2021\/08\/inbound100428082-768x1152.jpg 768w, https:\/\/pozol.org\/wp-content\/uploads\/2021\/08\/inbound100428082-333x500.jpg 333w\" alt=\"\" width=\"853\" height=\"1280\" \/><\/a><\/p>\n<p>Entre cantos y consigas, batucada, sones jarochos y bailes libres, se escucharon mensajes de rebeld\u00eda y resistencia de la Slumil K\u2019ajxemk\u2019op en un ambiente de celebraci\u00f3n por la libertad que se compart\u00eda y respiraba.<\/p>\n<p><a href=\"https:\/\/pozol.org\/?attachment_id=19398\" rel=\"attachment wp-att-19398\"><img loading=\"lazy\" decoding=\"async\" class=\"aligncenter size-full wp-image-19398\" src=\"https:\/\/pozol.org\/wp-content\/uploads\/2021\/08\/inbound718506713.jpg\" sizes=\"auto, (max-width: 1280px) 100vw, 1280px\" srcset=\"https:\/\/pozol.org\/wp-content\/uploads\/2021\/08\/inbound718506713.jpg 1280w, https:\/\/pozol.org\/wp-content\/uploads\/2021\/08\/inbound718506713-300x200.jpg 300w, https:\/\/pozol.org\/wp-content\/uploads\/2021\/08\/inbound718506713-1024x682.jpg 1024w, https:\/\/pozol.org\/wp-content\/uploads\/2021\/08\/inbound718506713-768x512.jpg 768w, https:\/\/pozol.org\/wp-content\/uploads\/2021\/08\/inbound718506713-500x333.jpg 500w\" alt=\"\" width=\"1280\" height=\"853\" \/><\/a><\/p>\n<p>Por las calles de esta Francia (Nates) que a\u00fan no se sabe insumisa, circulan autom\u00f3viles a baja velocidad, se conserva un lindo r\u00edo con personas que disfrutan de \u00e9l a sus orillas\u2026 pareciera que que todo est\u00e1 en calma y se percibe una apacible pasividad entre sus habitante. \u00bfPor cu\u00e1nto tiempo?<\/p>\n<p>Y retiembla.<\/p>\n<p><a href=\"https:\/\/pozol.org\/?attachment_id=19399\" rel=\"attachment wp-att-19399\"><img loading=\"lazy\" decoding=\"async\" class=\"aligncenter size-full wp-image-19399\" src=\"https:\/\/pozol.org\/wp-content\/uploads\/2021\/08\/inbound-1275791405.jpg\" sizes=\"auto, (max-width: 1280px) 100vw, 1280px\" srcset=\"https:\/\/pozol.org\/wp-content\/uploads\/2021\/08\/inbound-1275791405.jpg 1280w, https:\/\/pozol.org\/wp-content\/uploads\/2021\/08\/inbound-1275791405-300x200.jpg 300w, https:\/\/pozol.org\/wp-content\/uploads\/2021\/08\/inbound-1275791405-1024x682.jpg 1024w, https:\/\/pozol.org\/wp-content\/uploads\/2021\/08\/inbound-1275791405-768x512.jpg 768w, https:\/\/pozol.org\/wp-content\/uploads\/2021\/08\/inbound-1275791405-500x333.jpg 500w\" alt=\"\" width=\"1280\" height=\"853\" \/><\/a><\/p>\n<p>Texto y Fotos por Juana Machetes.<\/p>","protected":false},"excerpt":{"rendered":"<p>Protesta internacional #PasoLibreZapatistas en Nantes, Francia, 30 de julio 2021, en espa\u00f1ol, franc\u00e9s, ingl\u00e9s y griego. #EZLN from \u00a1Compas Arriba! on Vimeo. Durante la jornadas del \u00abEncuentro de mujeres, personas trans, inter y no binarias de la otra Europa\u00bb (29 y 29 de julio) y el \u00abEncuentro Intergal\u00e1ctico\u201d (31 de julio y primero de agosto) [&hellip;]<\/p>\n","protected":false},"author":13,"featured_media":38868,"comment_status":"open","ping_status":"closed","sticky":false,"template":"","format":"standard","meta":{"footnotes":""},"categories":[957,51,1024,955,826,953,935],"tags":[],"class_list":["post-38867","post","type-post","status-publish","format-standard","has-post-thumbnail","hentry","category-autonomia","category-autor","category-cni-temas","category-ezln-temas","category-medios-libres-2","category-mundo","category-temas"],"_links":{"self":[{"href":"https:\/\/radiozapatista.org\/index.php?rest_route=\/wp\/v2\/posts\/38867","targetHints":{"allow":["GET"]}}],"collection":[{"href":"https:\/\/radiozapatista.org\/index.php?rest_route=\/wp\/v2\/posts"}],"about":[{"href":"https:\/\/radiozapatista.org\/index.php?rest_route=\/wp\/v2\/types\/post"}],"author":[{"embeddable":true,"href":"https:\/\/radiozapatista.org\/index.php?rest_route=\/wp\/v2\/users\/13"}],"replies":[{"embeddable":true,"href":"https:\/\/radiozapatista.org\/index.php?rest_route=%2Fwp%2Fv2%2Fcomments&post=38867"}],"version-history":[{"count":2,"href":"https:\/\/radiozapatista.org\/index.php?rest_route=\/wp\/v2\/posts\/38867\/revisions"}],"predecessor-version":[{"id":38925,"href":"https:\/\/radiozapatista.org\/index.php?rest_route=\/wp\/v2\/posts\/38867\/revisions\/38925"}],"wp:featuredmedia":[{"embeddable":true,"href":"https:\/\/radiozapatista.org\/index.php?rest_route=\/wp\/v2\/media\/38868"}],"wp:attachment":[{"href":"https:\/\/radiozapatista.org\/index.php?rest_route=%2Fwp%2Fv2%2Fmedia&parent=38867"}],"wp:term":[{"taxonomy":"category","embeddable":true,"href":"https:\/\/radiozapatista.org\/index.php?rest_route=%2Fwp%2Fv2%2Fcategories&post=38867"},{"taxonomy":"post_tag","embeddable":true,"href":"https:\/\/radiozapatista.org\/index.php?rest_route=%2Fwp%2Fv2%2Ftags&post=38867"}],"curies":[{"name":"wp","href":"https:\/\/api.w.org\/{rel}","templated":true}]}}