{"id":38850,"date":"2021-08-02T13:25:24","date_gmt":"2021-08-02T18:25:24","guid":{"rendered":"https:\/\/radiozapatista.org\/?p=38850"},"modified":"2021-08-02T13:25:24","modified_gmt":"2021-08-02T18:25:24","slug":"reunion-de-coordinacion-rumbo-a-los-500-anos-de-resistencia-de-nuestros-pueblos-y-comunidades-indigenas","status":"publish","type":"post","link":"https:\/\/radiozapatista.org\/?p=38850","title":{"rendered":"Reuni\u00f3n de coordinaci\u00f3n rumbo a los 500 a\u00f1os de Resistencia de nuestros pueblos y comunidades ind\u00edgenas"},"content":{"rendered":"<p><\/p>\n<div class=\"post-content entry-content cf\">\n<p><strong>A los pueblos y comunidades ind\u00edgenas que integramos y somos parte del CNI-CIG originarios y residentes en la CDMX y Zona Metropolitana<\/strong><\/p>\n<p><strong>A las organizaciones fraternas y solidarias<\/strong><\/p>\n<p><strong>A las Redes de Resistencia y Rebeld\u00eda en apoyo al CNI-CIG<\/strong><\/p>\n<p><strong>A la Sexta Nacional e Internacional<\/strong><\/p>\n<p><strong>A las mujeres, hombres y otroas de buen coraz\u00f3n <\/strong><\/p>\n<p><strong>Al Pueblo de M\u00e9xico<\/strong><\/p>\n<p><strong>Herman@s tod@s<\/strong><\/p>\n<p>Desde la #TomaDelINPI espacio en Resistencia y Rebeld\u00eda contra el mal Gobierno, contra el Sistema Capitalista y contra el Patriarcado, miramos con respeto y responsabilidad, el llamado que hacen nuestr@s herma@s del Congreso Nacional Ind\u00edgena, CNI-CIG, para llevar a cabo una \u00a0<strong>ACCI\u00d3N DISLOCADA, \u201cA 500 A\u00d1OS DEL INICIO DE LA RESISTENCIA\u201d EL D\u00cdA 13 DE AGOSTO DE 2021.<\/strong><\/p>\n<p>Nuestra invitaci\u00f3n, siempre humilde para que seg\u00fan sus tiempos, calendarios y geograf\u00edas puedas participar de la construcci\u00f3n de una iniciativa que le diga a M\u00e9xico y al mundo, al sistema capitalista, que aqu\u00ed estamos, que no nos conquistaron, que con Resistencia y Rebeld\u00eda nos organizamos.<\/p>\n<p><strong>La invitaci\u00f3n es para este martes 3 de Agosto, a las 11:00 Hrs. En las instalaciones de la #TomaDelINPI, ubicada en la Av. M\u00e9xico-Coyoac\u00e1n 343,Col. Xoco. Benito Ju\u00e1rez.<\/strong> (Se tomar\u00e1n todas las medidas necesaria de seguridad, sana distancia, gel y sanitizaci\u00f3n \u00a0para seguir cuidando nuestra vidas.)<\/p>\n<p style=\"text-align: center;\"><strong>\u00a0<\/strong><strong>ATENTAMENTE<\/strong><\/p>\n<p style=\"text-align: center;\"><strong>NUNCA M\u00c1S UN M\u00c9XICO Y UNA CIUDAD SIN NOSOTR@S<\/strong><\/p>\n<p style=\"text-align: center;\"><strong>POR LA RECONSTITUCI\u00d3N INTEGRAL DE NUESTROS PUEBLOS<\/strong><\/p>\n<p style=\"text-align: center;\"><strong>DESDE LA #TomaDelINPI<\/strong><\/p>\n<p style=\"text-align: center;\"><strong>COMUNIDAD IND\u00cdGENA OTOM\u00cd RESIDENTE EN LA CDMX, INTEGRANTE DEL CONGRESO NACIONAL IND\u00cdGENA Y DEL CONCEJO IND\u00cdGENA DE GOBIERNO Y DE LA CMAA-CNI-CIG<\/strong><\/p>\n<\/div>\n<p><\/p>","protected":false},"excerpt":{"rendered":"<p>A los pueblos y comunidades ind\u00edgenas que integramos y somos parte del CNI-CIG originarios y residentes en la CDMX y Zona Metropolitana A las organizaciones fraternas y solidarias A las Redes de Resistencia y Rebeld\u00eda en apoyo al CNI-CIG A la Sexta Nacional e Internacional A las mujeres, hombres y otroas de buen coraz\u00f3n Al [&hellip;]<\/p>\n","protected":false},"author":13,"featured_media":38851,"comment_status":"open","ping_status":"closed","sticky":false,"template":"","format":"standard","meta":{"footnotes":""},"categories":[957,51,943,1024,954,935],"tags":[],"class_list":["post-38850","post","type-post","status-publish","format-standard","has-post-thumbnail","hentry","category-autonomia","category-autor","category-cni","category-cni-temas","category-mexico","category-temas"],"_links":{"self":[{"href":"https:\/\/radiozapatista.org\/index.php?rest_route=\/wp\/v2\/posts\/38850","targetHints":{"allow":["GET"]}}],"collection":[{"href":"https:\/\/radiozapatista.org\/index.php?rest_route=\/wp\/v2\/posts"}],"about":[{"href":"https:\/\/radiozapatista.org\/index.php?rest_route=\/wp\/v2\/types\/post"}],"author":[{"embeddable":true,"href":"https:\/\/radiozapatista.org\/index.php?rest_route=\/wp\/v2\/users\/13"}],"replies":[{"embeddable":true,"href":"https:\/\/radiozapatista.org\/index.php?rest_route=%2Fwp%2Fv2%2Fcomments&post=38850"}],"version-history":[{"count":1,"href":"https:\/\/radiozapatista.org\/index.php?rest_route=\/wp\/v2\/posts\/38850\/revisions"}],"predecessor-version":[{"id":38852,"href":"https:\/\/radiozapatista.org\/index.php?rest_route=\/wp\/v2\/posts\/38850\/revisions\/38852"}],"wp:featuredmedia":[{"embeddable":true,"href":"https:\/\/radiozapatista.org\/index.php?rest_route=\/wp\/v2\/media\/38851"}],"wp:attachment":[{"href":"https:\/\/radiozapatista.org\/index.php?rest_route=%2Fwp%2Fv2%2Fmedia&parent=38850"}],"wp:term":[{"taxonomy":"category","embeddable":true,"href":"https:\/\/radiozapatista.org\/index.php?rest_route=%2Fwp%2Fv2%2Fcategories&post=38850"},{"taxonomy":"post_tag","embeddable":true,"href":"https:\/\/radiozapatista.org\/index.php?rest_route=%2Fwp%2Fv2%2Ftags&post=38850"}],"curies":[{"name":"wp","href":"https:\/\/api.w.org\/{rel}","templated":true}]}}