{"id":38814,"date":"2021-07-29T09:18:25","date_gmt":"2021-07-29T14:18:25","guid":{"rendered":"https:\/\/radiozapatista.org\/?p=38814"},"modified":"2021-08-15T10:32:21","modified_gmt":"2021-08-15T15:32:21","slug":"flotilla-de-mujeres-y-disidencias-se-encuentran-con-zapatistas","status":"publish","type":"post","link":"https:\/\/radiozapatista.org\/?p=38814","title":{"rendered":"Flotilla de mujeres y disidencias se encuentran con zapatistas."},"content":{"rendered":"<p>Catorce mujeres y disidencias con tres veleros tomaron el mar para visibilizar sus luchas. Navegaron para tomar su lugar en un mundo mar\u00edtimo marcado por la dominaci\u00f3n patriarcal y colonial. Las reciben cuatro mujeres y unoa otroa del #Escuadr\u00f3n421 del #EZLN en la ciudad de Cou\u00ebron cerca de Nantes, Francia, Slumil K&#8217;ajxemk&#8217;op.<br \/>\n#LaGiraZapatistaVa<\/p>\n<p><iframe loading=\"lazy\" src=\"https:\/\/player.vimeo.com\/video\/580478544\" width=\"640\" height=\"360\" frameborder=\"0\" allowfullscreen=\"allowfullscreen\"><\/iframe><\/p>\n<p><a href=\"https:\/\/vimeo.com\/580478544\">Flotilla de mujeres y disidencias se encuentran con zapatistas.<\/a> from <a href=\"https:\/\/vimeo.com\/user116709648\">Compas Arriba<\/a> on <a href=\"https:\/\/vimeo.com\">Vimeo<\/a>.<\/p>","protected":false},"excerpt":{"rendered":"<p>Catorce mujeres y disidencias con tres veleros tomaron el mar para visibilizar sus luchas. Navegaron para tomar su lugar en un mundo mar\u00edtimo marcado por la dominaci\u00f3n patriarcal y colonial. Las reciben cuatro mujeres y unoa otroa del #Escuadr\u00f3n421 del #EZLN en la ciudad de Cou\u00ebron cerca de Nantes, Francia, Slumil K&#8217;ajxemk&#8217;op. #LaGiraZapatistaVa Flotilla de [&hellip;]<\/p>\n","protected":false},"author":1,"featured_media":38816,"comment_status":"open","ping_status":"closed","sticky":false,"template":"","format":"standard","meta":{"footnotes":""},"categories":[957,1318,955,826,961,953,222],"tags":[920,926,1317],"class_list":["post-38814","post","type-post","status-publish","format-standard","has-post-thumbnail","hentry","category-autonomia","category-caravana-zapatista-a-europa","category-ezln-temas","category-medios-libres-2","category-mujeres","category-mundo","category-video","tag-europa","tag-ezln","tag-travesia-por-la-vida"],"_links":{"self":[{"href":"https:\/\/radiozapatista.org\/index.php?rest_route=\/wp\/v2\/posts\/38814","targetHints":{"allow":["GET"]}}],"collection":[{"href":"https:\/\/radiozapatista.org\/index.php?rest_route=\/wp\/v2\/posts"}],"about":[{"href":"https:\/\/radiozapatista.org\/index.php?rest_route=\/wp\/v2\/types\/post"}],"author":[{"embeddable":true,"href":"https:\/\/radiozapatista.org\/index.php?rest_route=\/wp\/v2\/users\/1"}],"replies":[{"embeddable":true,"href":"https:\/\/radiozapatista.org\/index.php?rest_route=%2Fwp%2Fv2%2Fcomments&post=38814"}],"version-history":[{"count":3,"href":"https:\/\/radiozapatista.org\/index.php?rest_route=\/wp\/v2\/posts\/38814\/revisions"}],"predecessor-version":[{"id":38927,"href":"https:\/\/radiozapatista.org\/index.php?rest_route=\/wp\/v2\/posts\/38814\/revisions\/38927"}],"wp:featuredmedia":[{"embeddable":true,"href":"https:\/\/radiozapatista.org\/index.php?rest_route=\/wp\/v2\/media\/38816"}],"wp:attachment":[{"href":"https:\/\/radiozapatista.org\/index.php?rest_route=%2Fwp%2Fv2%2Fmedia&parent=38814"}],"wp:term":[{"taxonomy":"category","embeddable":true,"href":"https:\/\/radiozapatista.org\/index.php?rest_route=%2Fwp%2Fv2%2Fcategories&post=38814"},{"taxonomy":"post_tag","embeddable":true,"href":"https:\/\/radiozapatista.org\/index.php?rest_route=%2Fwp%2Fv2%2Ftags&post=38814"}],"curies":[{"name":"wp","href":"https:\/\/api.w.org\/{rel}","templated":true}]}}