{"id":38803,"date":"2021-07-27T17:38:53","date_gmt":"2021-07-27T22:38:53","guid":{"rendered":"https:\/\/radiozapatista.org\/?p=38803"},"modified":"2021-07-29T08:56:48","modified_gmt":"2021-07-29T13:56:48","slug":"llamado-del-cni-cig-a-participar-en-la-iniciativa-nacional-por-la-vida-promovida-por-el-ezln-y-a-la-accion-dislocada-a-500-anos-del-inicio-de-la-resistencia","status":"publish","type":"post","link":"https:\/\/radiozapatista.org\/?p=38803","title":{"rendered":"LLAMADO DEL CNI-CIG A PARTICIPAR EN LA \u201cINICIATIVA NACIONAL POR LA VIDA\u201d PROMOVIDA POR EL EZLN Y A LA ACCI\u00d3N DISLOCADA \u201cA 500 A\u00d1OS DEL INICIO DE LA RESISTENCIA\u201d"},"content":{"rendered":"<p>Al Ej\u00e9rcito Zapatista de Liberaci\u00f3n Nacional<br \/>\nA los pueblos del M\u00e9xico<br \/>\nA los pueblos del mundo<br \/>\nA la Sexta Nacional e Internacional<br \/>\nA las Redes de Resistencia y Rebeld\u00eda<\/p>\n<p>La Comisi\u00f3n de Coordinaci\u00f3n y Seguimiento del Congreso Nacional Ind\u00edgena- Concejo Ind\u00edgena de Gobierno, informamos que invitados por el Ej\u00e9rcito Zapatista de Liberaci\u00f3n Nacional, hemos nombrado y comisionado a 13 compa\u00f1eros y compa\u00f1eras del Congreso Nacional Ind\u00edgena y del Frente de Pueblos en Defensa de la Tierra y el Agua, representantes de la lucha que somos en las geograf\u00edas donde florecemos los pueblos, naciones, tribus, comunidades y barrios ind\u00edgenas de este pa\u00eds M\u00e9xico, de donde somos originarios, para participar en la GIRA POR LA VIDA en su primera etapa por el continente europeo.<\/p>\n<p>Nos decimos listos y listas para pisar las tierras europeas, tenemos los pasaportes que nos acreditan como mexicanos y que logramos obtener gracias al apoyo del Colectivo \u00abLleg\u00f3 La Hora de los Pueblos\u00bb, esto luego de que casi todos los delegados hubieran recibido negativas, requerimientos, nuevas negativas y nuevos requerimientos por ser \u201cextempor\u00e1neos\u201d. No todos lo lograron y en el caso de algunas comunidades, ni siquiera podr\u00e1n acompa\u00f1arnos por tal motivo.<\/p>\n<p>O sea que vamos 13 delegadas y delegados, que, por ser extempor\u00e1neos, nos cost\u00f3 trabajo acreditar ser mexicanos, mas a\u00fan si tenemos una palabra que decir, un o\u00eddo para escuchar y un coraz\u00f3n colectivo que siente la rebeld\u00eda por la vida de los pueblos del mundo.<\/p>\n<p><!--more--><\/p>\n<ol>\n<li>Le decimos al mal gobierno que existimos como pueblos antes de que siquiera fuera gobierno, y que exigimos a la Secretar\u00eda de Relaciones Exteriores, se abstenga de obstaculizar de cualquier manera el mandato de los 177 compa\u00f1er@s miembros del Ej\u00e9rcito Zapatista de Liberaci\u00f3n Nacional, que integran la Unidad de Escucha y Palabra \u201cLa Extempor\u00e1nea\u201d, particularmente exigimos que expida los 62 pasaportes a\u00fan pendientes.<\/li>\n<\/ol>\n<ol start=\"2\">\n<li>Hoy en la v\u00edspera de recordar el d\u00eda en que hace 500 a\u00f1os el invasor\u00a0 lleg\u00f3 a M\u00e9xico Tenochtitl\u00e1n, dijo que era el patr\u00f3n y que tra\u00eda la verdad, impuesta con la guerra y la muerte de miles de compa\u00f1eros y compa\u00f1eras, seguimos exigiendo justicia ante ese crimen. Queremos que paguen los culpables que no tienen ni tendr\u00e1n nuestro perd\u00f3n ni olvido.<\/li>\n<\/ol>\n<p>No perdonamos ni olvidamos los cr\u00edmenes de los gobiernos de entonces y de ahora, los muertos y desaparecidos de las comunidades y pueblos del CNI- CIG, los asesinatos del compa\u00f1ero zapatista Galeano, de Bety Cari\u00f1o o de Samir Flores Soberanes; los muertos y desaparecidos de Santa Mar\u00eda Ostula, los muertos del Concejo Ind\u00edgena y Popular de Guerrero, las masacres de Acteal y Aguas Blancas, la desaparici\u00f3n del compa\u00f1ero Sergio Rivera Hern\u00e1ndez y de los 43 de Ayotzinapa, el encarcelamiento injusto de \u00a0nuestro hermano yaqui Fidencio Aldama o de Fredy Garc\u00eda Ram\u00edrez, dirigente de CODEDI y \u00a0la constante agresi\u00f3n de grupos paramilitares al servicio de quienes nos arrebatan la tierra para entregarla a las empresas extractivas que operan mediante los mega proyectos de muerte.<\/p>\n<p>Y sabemos que el luto est\u00e1 por todo el pa\u00eds, en colectivos que luchan por verdad y justicia ante estos cr\u00edmenes que han sido parte de la guerra en contra de la vida y que no se han detenido buscando nuestro exterminio. Por eso seguimos exigiendo justicia, aunque pasen 5 siglos, aunque persista por d\u00e9cadas la impunidad ante masacres y cr\u00edmenes de lesa humanidad. Ellos, los gobiernos de arriba quisieran que dej\u00e1ramos ya de buscar a los desaparecidos, que nos olvidemos de la impunidad para los culpables, que dej\u00e1ramos nuestras tierras. Para ellos, ya no deber\u00edamos siquiera existir.<\/p>\n<p><strong>EN DICHO SENTIDO, ES QUE HEMOS DECIDIDO RESPALDAR LA INICIATIVA NACIONAL POR LA VIDA PROMOVIDA POR EL EZLN QUE INICIARA CON NUESTRA PARTICIPACI\u00d3N EN LA LLAMADA CONSULTA POPULAR DEL PRIMERO DE AGOSTO PR\u00d3XIMO, \u00abSEG\u00daN NUESTROS MODOS Y TIEMPOS EXTEMPOR\u00c1NEOS\u00bb CON EL FIN DE ARRANCAR UNA MOVILIZACI\u00d3N POR UNA COMISI\u00d3N POR LA VERDAD Y LA JUSTICIA PARA LAS V\u00cdCTIMAS O COMO QUIERA QUE SE LLAME.<\/strong><\/p>\n<p>3. Los invasores y los gobiernos a su servicio durante cinco siglos, pensaron que nos aniquilaron, pero los pueblos est\u00e1bamos y estamos en el campo resguardando la esperanza, manteniendo encendidas las velas de la vida, como misi\u00f3n fundamental que en colectivo tenemos. Por lo que hoy, mirando hacia abajo, decimos que no nos cre\u00edmos la mentira que lleg\u00f3 con la invasi\u00f3n, de que nuestra tierra sagrada, el agua, los bosques y las monta\u00f1as se miden en dinero.<\/p>\n<p>No nos cre\u00edmos que la historia se cuenta desde la visi\u00f3n del invasor, de su nacimiento, su crecimiento y su expansi\u00f3n por el mundo, pretendiendo que la contemos como si fuera propia. Y solo as\u00ed pudi\u00e9ramos aceptar un nuevo presente y futuro en la que la explotaci\u00f3n, el despojo, el desprecio y la represi\u00f3n fueran tan cotidianas que nos acostumbr\u00e1ramos a ellos, en este pa\u00eds M\u00e9xico y en todo nuestro mundo<\/p>\n<p>Y que no fueron, ni son los pueblos europeos quienes vinieron a invadir, ni a sembrar la enfermedad en el cuerpo y en la naturaleza, sino que la mentira capitalista tambi\u00e9n invadi\u00f3 el territorio occidental, donde al igual, hicieron creer que la historia se deb\u00eda contar desde la ambici\u00f3n y la destrucci\u00f3n, haciendo invisibles a los que tampoco dejaron nunca de luchar.<\/p>\n<p>No nos acabaron. Quedamos todos los que somos en la resistencia y la rebeld\u00eda, los que veneramos a la madre tierra y que cinco siglos despu\u00e9s, no solo tenemos el territorio, sino que lo resguardamos con la vida. Seguimos hablando nuestras lenguas y so\u00f1ando en colectivo, reconoci\u00e9ndonos en una identidad ind\u00edgena y escuchando el sentir de los ancestros, pero sobre todo, somos los que no les tenemos miedo.<\/p>\n<p>Por lo tanto y considerando:<\/p>\n<p>Que la disputa de nuestros territorios se agudiza con la nueva cara del invasor capitalista, que sigue siendo el mismo, pero con sus diferentes m\u00e1scaras de poder, hechas empresas extractivas, mega proyectos de muerte, grupos armados militares, policiales, para militares o narco paramilitares.<\/p>\n<p>Que somos, pueblos originarios, que levantamos la voz y nos organizamos porque necesitamos contar la historia verdadera, la que hemos escrito en 500 a\u00f1os y que no parar\u00e1 hasta librar a nuestro mundo y nuestra madre tierra de la mentira capitalista, que amenaza ya la vida en su conjunto.<\/p>\n<p>Que mientras los gobiernos al servicio del invasor, celebran el intento de exterminio, exigiendo disculpas a los malos gobiernos europeos al servicio del mismo invasor, nos recuerdan que el exterminio no se termin\u00f3, que est\u00e1 pendiente porque hoy como nunca antes, la mentira capitalista necesita la vida para hacerla mercanc\u00eda y<\/p>\n<p>Que estamos quiz\u00e1 ante la \u00faltima esperanza que, como humanidad, tenemos para hablar en nombre de la vida de este nuestro mundo; que las y los compa\u00f1er@s delegados y delegadas del Ej\u00e9rcito Zapatista de Liberaci\u00f3n Nacional, del Congreso Nacional Ind\u00edgena- Concejo Ind\u00edgena de Gobierno y del Frente de Pueblos en Defensa de la Tierra y el Agua llevar\u00e1n a las tierras europeas el escucha y la palabra, porque es el momento de contar la historia verdadera, desde el pensamiento digno de los que abajo seguimos existiendo en colectivo, esa que hemos hecho luchando y organiz\u00e1ndonos.<\/p>\n<p><strong>CONVOCAMOS<\/strong><\/p>\n<p>A los pueblos, naciones y tribus originarias de M\u00e9xico y del mundo, a las organizaciones, colectivos y colectivas que buscan justicia ante los graves cr\u00edmenes que los gobiernos de antes y de ahora han cometido contra el pueblo, a quienes en busca de justicia para sus asesinad@s y desaparecid@s caminan la oscuridad del mal gobierno, a quienes en nombre de la naturaleza se organizan y luchan desde el campo y las ciudades, a participar en la<\/p>\n<p style=\"text-align: center;\"><strong>ACCI\u00d3N DISLOCADA<\/strong><br \/>\n<strong>\u201c A 500 A\u00d1OS DEL INICIO DE LA RESISTENCIA\u201d<\/strong><br \/>\n<strong>EL D\u00cdA 13 DE AGOSTO DE 2021<\/strong><\/p>\n<p>O sea, que invitamos a cada quien, en sus propias formas y geograf\u00edas, en acciones chiquitas o grandes, a movilizarnos para conmemorar la resistencia y rebeld\u00eda de nuestros pueblos que lucharon desde hace 500 a\u00f1os por nuestras misma dignas y justas causas, para rechazar a los gobiernos que sirven al invasor en contra de los pueblos y la naturaleza, con la mirada puesta en la esperanza y la semilla de un mundo vivo, donde quepan todos los mundos.<\/p>\n<p style=\"text-align: center;\"><strong>Atentamente<\/strong><br \/>\n<strong>Julio de 2021<\/strong><br \/>\n<strong>Por la Reconstituci\u00f3n Integral de Nuestros Pueblos<\/strong><br \/>\n<strong>Nunca Mas Un M\u00e9xico Sin Nosotros<\/strong><br \/>\n<strong>Comisi\u00f3n de Coordinaci\u00f3n y Seguimiento del\u00a0<\/strong><br \/>\n<strong>Congreso Nacional Ind\u00edgena- Concejo Ind\u00edgena de Gobierno<\/strong><\/p>\n<p><\/p>","protected":false},"excerpt":{"rendered":"<p>Al Ej\u00e9rcito Zapatista de Liberaci\u00f3n Nacional A los pueblos del M\u00e9xico A los pueblos del mundo A la Sexta Nacional e Internacional A las Redes de Resistencia y Rebeld\u00eda La Comisi\u00f3n de Coordinaci\u00f3n y Seguimiento del Congreso Nacional Ind\u00edgena- Concejo Ind\u00edgena de Gobierno, informamos que invitados por el Ej\u00e9rcito Zapatista de Liberaci\u00f3n Nacional, hemos nombrado [&hellip;]<\/p>\n","protected":false},"author":21,"featured_media":38676,"comment_status":"open","ping_status":"closed","sticky":false,"template":"","format":"standard","meta":{"footnotes":""},"categories":[957,51,943,1024,1095,935],"tags":[1151,63,58,56,53,567,147,23,545,87,148,27,483],"class_list":["post-38803","post","type-post","status-publish","format-standard","has-post-thumbnail","hentry","category-autonomia","category-autor","category-cni","category-cni-temas","category-concejo-indigena-de-gobierno","category-temas","tag-cig","tag-cni","tag-derechos-humanos","tag-encuentros","tag-justicia","tag-megaproyectos","tag-militarizacion","tag-paramilitares","tag-pueblos-indigenas","tag-represion","tag-resistencia","tag-solidaridad","tag-tierra-y-territorio"],"_links":{"self":[{"href":"https:\/\/radiozapatista.org\/index.php?rest_route=\/wp\/v2\/posts\/38803","targetHints":{"allow":["GET"]}}],"collection":[{"href":"https:\/\/radiozapatista.org\/index.php?rest_route=\/wp\/v2\/posts"}],"about":[{"href":"https:\/\/radiozapatista.org\/index.php?rest_route=\/wp\/v2\/types\/post"}],"author":[{"embeddable":true,"href":"https:\/\/radiozapatista.org\/index.php?rest_route=\/wp\/v2\/users\/21"}],"replies":[{"embeddable":true,"href":"https:\/\/radiozapatista.org\/index.php?rest_route=%2Fwp%2Fv2%2Fcomments&post=38803"}],"version-history":[{"count":2,"href":"https:\/\/radiozapatista.org\/index.php?rest_route=\/wp\/v2\/posts\/38803\/revisions"}],"predecessor-version":[{"id":38806,"href":"https:\/\/radiozapatista.org\/index.php?rest_route=\/wp\/v2\/posts\/38803\/revisions\/38806"}],"wp:featuredmedia":[{"embeddable":true,"href":"https:\/\/radiozapatista.org\/index.php?rest_route=\/wp\/v2\/media\/38676"}],"wp:attachment":[{"href":"https:\/\/radiozapatista.org\/index.php?rest_route=%2Fwp%2Fv2%2Fmedia&parent=38803"}],"wp:term":[{"taxonomy":"category","embeddable":true,"href":"https:\/\/radiozapatista.org\/index.php?rest_route=%2Fwp%2Fv2%2Fcategories&post=38803"},{"taxonomy":"post_tag","embeddable":true,"href":"https:\/\/radiozapatista.org\/index.php?rest_route=%2Fwp%2Fv2%2Ftags&post=38803"}],"curies":[{"name":"wp","href":"https:\/\/api.w.org\/{rel}","templated":true}]}}