{"id":38799,"date":"2021-07-27T12:27:56","date_gmt":"2021-07-27T17:27:56","guid":{"rendered":"https:\/\/radiozapatista.org\/?p=38799"},"modified":"2021-07-29T08:58:26","modified_gmt":"2021-07-29T13:58:26","slug":"se-reportan-diez-indigenas-yaqui-desaparecidos-en-la-ultima-semana","status":"publish","type":"post","link":"https:\/\/radiozapatista.org\/?p=38799","title":{"rendered":"Se reportan diez ind\u00edgenas Yaqui desaparecidos en la ultima semana"},"content":{"rendered":"<p><\/p>\n<p class=\"has-text-align-right\"><sup>Foto de portada por Santiago Navarro F<\/sup><\/p>\n<p>Por Vanessa Garc\u00eda Navarro y David Mil\u00e1n<\/p>\n<p>En Sonora, el pueblo Yaqui de Loma de B\u00e1cum, uno de los ocho pueblos que forman la Tribu Yaqui, denunci\u00f3 el pasado mi\u00e9rcoles 14 de julio, la desaparici\u00f3n de varios miembros de su comunidad. Desde entonces la incertidumbre contin\u00faa latente, pues, los familiares ignoran en qu\u00e9 condiciones se encuentran las v\u00edctimas de este acontecimiento.<\/p>\n<p>En la denuncia p\u00fablica, hecha por la comunidad, figuran los nombres de siete personas: Mart\u00edn Hurtado Flores, Braulio P\u00e9rez Sol, Eladio Molina Zavala, Juan Justino Galaviz Cruz, Fabian Sombra Miranda, Leocadio Galaviz Cruz, y Fabian Valencia Romero (cuyas edades oscilan entre los 27 y 66 a\u00f1os); sin embargo, en esa misma fecha, tambi\u00e9n se report\u00f3 la desaparici\u00f3n de Artemio Arballo Canizalez, Benjam\u00edn Portela Peralta y Gustavo Acosta Hurtado. Son diez ind\u00edgenas que hasta el momento se encuentran en calidad de desaparecidos.<\/p>\n<p>Se informa que siete de ellos fueron vistos por \u00faltima ocasi\u00f3n mientras se dispon\u00edan a llevar vacas para efectuar una celebraci\u00f3n en una poblaci\u00f3n aleda\u00f1a. La comunidad se enter\u00f3 de las desapariciones el mismo d\u00eda que ocurrieron, por tanto, la guardia tradicional de esta comunidad decidi\u00f3 proceder con cautela antes de tomar acciones. Al d\u00eda siguiente, al ver que sus hermanos no volvieron, la vigilancia tradicional y algunos voluntarios partieron rumbo a la sierra a bordo de cuatro camionetas para buscarlos. Lamentablemente los escasos hallazgos fueron \u201cs\u00f3lo el equipaje esparcido de tres de ellos, una piola y una vaca quemada,\u201d como indicaron los familiares en la denuncia p\u00fablica.<\/p>\n<p>Otro miembro del pueblo, que por razones de seguridad prefiri\u00f3 solo presentarse como Felipe, explic\u00f3 las circunstancias de la desaparici\u00f3n y, la situaci\u00f3n peligrosa en la que se encuentran, ya que desconf\u00edan del Estado y de la presencia del narco en la regi\u00f3n, los cuales muchas veces no se sabe distinguir. \u201cEllos cuidaban vacas. Eran parte de un rancho que se llama Agua Caliente. Iban por unas reses para las fiestas tradicionales del siguiente pueblo, que se llama Bataconsica, que est\u00e1 a cinco kil\u00f3metros de nuestro pueblo que se llama Loma de B\u00e1cum\u201d, dijo Felipe.<\/p>\n<p><!--more--><\/p>\n<figure class=\"wp-block-image size-large\"><img loading=\"lazy\" decoding=\"async\" class=\"wp-image-45094\" src=\"https:\/\/avispa.org\/wp-content\/uploads\/2021\/07\/2021-07-26-21.06.31-1024x766.jpg\" sizes=\"auto, (max-width: 1024px) 100vw, 1024px\" srcset=\"https:\/\/avispa.org\/wp-content\/uploads\/2021\/07\/2021-07-26-21.06.31-1024x766.jpg 1024w, https:\/\/avispa.org\/wp-content\/uploads\/2021\/07\/2021-07-26-21.06.31-300x225.jpg 300w, https:\/\/avispa.org\/wp-content\/uploads\/2021\/07\/2021-07-26-21.06.31-768x575.jpg 768w, https:\/\/avispa.org\/wp-content\/uploads\/2021\/07\/2021-07-26-21.06.31-696x521.jpg 696w, https:\/\/avispa.org\/wp-content\/uploads\/2021\/07\/2021-07-26-21.06.31-1068x799.jpg 1068w, https:\/\/avispa.org\/wp-content\/uploads\/2021\/07\/2021-07-26-21.06.31-561x420.jpg 561w, https:\/\/avispa.org\/wp-content\/uploads\/2021\/07\/2021-07-26-21.06.31-80x60.jpg 80w, https:\/\/avispa.org\/wp-content\/uploads\/2021\/07\/2021-07-26-21.06.31-265x198.jpg 265w, https:\/\/avispa.org\/wp-content\/uploads\/2021\/07\/2021-07-26-21.06.31.jpg 1280w\" alt=\"\" width=\"1024\" height=\"766\" \/><figcaption><em>Familiares de desaparecidos realizan denuncia ante las instancias de seguridad p\u00fablica<\/em><\/figcaption><\/figure>\n<p>Entonces cuando ellos ven\u00edan ya con las reses es cuando los interceptaron. \u201cComo ya hab\u00edamos vivido la experiencia de que se hab\u00edan llevado a un compa y a su esposo, por eso es que nosotros pensamos que eran los de la PEI (Polic\u00eda Estatal Investigadora), los del gobierno. Entonces resulta que hace poco supimos que eran los del crimen organizado. Pero igual todos sabemos que cuando estamos en la lucha, tanto el crimen organizado como el gobierno, o como los polic\u00edas estatales, est\u00e1n coludidos. Y pues igual quieren el mismo objetivo de fregar a los que est\u00e1n en la lucha para poder llegar a lo que ellos quieren\u201d, agrega el ind\u00edgena refiri\u00e9ndose a la resistencia que sostienen contra un gasoducto que pretende cruzar su territorio, de la transnacional estadounidense Sempra Energy.<\/p>\n<p class=\"has-vivid-red-color has-black-background-color has-text-color has-background\"><a href=\"https:\/\/avispa.org\/SempraEnergy\/\" target=\"_blank\" rel=\"noreferrer noopener\">Ver la investigaci\u00f3n: Los \u201cVentajosos\u201d beneficios de Sempra Energy en M\u00e9xico<\/a><\/p>\n<p>Esta transnacional, a trav\u00e9s de su filial mexicana Ienova, ha tenido problemas por la oposici\u00f3n de este pueblo, al no permitir que el gasoducto atraviese a escasos 300 metros de sus viviendas. Sobre todo, temen por sus vidas, por el riesgo que implica. De los ocho pueblos Yaquis en la zona, Loma de B\u00e1cum fue el \u00fanico que no acept\u00f3 este proyecto y, por ello, m\u00e1s de una vez han sido atacados por grupos de choque. Mientras que Sempra tiene el respaldo del gobierno de M\u00e9xico.<\/p>\n<p>Ahora, lejos de encontrar tregua en el proceso de defender sus vidas y tierra, el pueblo Yaqui encara una nueva amenaza. Recientemente, el vocero de Loma de Bacum, Guadalupe Flores Maldonado, recalc\u00f3 que el gobierno estatal ha dado cabida a m\u00e1s empresas trasnacionales para invadir territorio originario, ya que les ha otorgado alrededor de 12 concesiones mineras. La intencionalidad de estas empresas extranjeras es la extracci\u00f3n de oro, sin importar los m\u00faltiples da\u00f1os colaterales que arrasar\u00e1n con el equilibrio ecol\u00f3gico de la zona y los habitantes del lugar.<\/p>\n<p>Ha pasado al menos una semana desde estas desapariciones y Felipe sostiene que, hasta el momento, \u201cno han aparecido, ni han marcado para saber si quieren una recompensa o algo as\u00ed. Entonces estamos en ceros, de que no sabemos nada de ellos\u201d<\/p>\n<p>La violencia armada contra Loma de B\u00e1cum tiene precedentes. En octubre de 2016, un grupo compuesto de polic\u00edas y miembros de otras comunidades vecinas que, hab\u00edan aceptado el gasoducto, los atac\u00f3 con armas de fuego con el objetivo de imponer una nueva autoridad municipal para que aprobara el proyecto. El saldo fue de un muerto, Cruz Buitimea Pi\u00f1a, del lado de los atacantes. D\u00edas m\u00e1s tarde, la polic\u00eda detuvo a Fidencio Aldama, miembro de la Guardia Tradicional de Loma de B\u00e1cum, y sin ninguna prueba, lo acusaron de homicidio. Fue condenado a 15 a\u00f1os y medio de prisi\u00f3n, un caso lleno de irregularidades.<\/p>\n<p>Igualmente, la comunidad Yaqui, relataba que miembros de la otra facci\u00f3n armada asaltaron a su guardia tradicional, utilizando a ni\u00f1os como escudo humano para evitar que respondieran a las agresiones.<\/p>\n<p>La comunidad Yaqui vaticina que las mineras, aliadas con actores interesados, utilizar\u00e1n la violencia para amedrentarlos. En las \u00faltimas dos semanas han desaparecido quince miembros del pueblo Yaqui; mientras cinco de ellos han vuelto a casa (tres mujeres y dos ni\u00f1os) diez siguen sin aparecer. Las \u201cdesapariciones\u201d tienen como rasgo com\u00fan, no parecer secuestros comunes, es decir, no se exige recompensa a cambio de los desaparecidos ni tampoco se entabla comunicaci\u00f3n para negociar su retorno. El n\u00famero de v\u00edctimas crece, y, como Guadalupe Flores sospecha, \u201cquiz\u00e1s la intensi\u00f3n es asustar y ahuyentar a los pobladores para que dejen el camino libre a las multinacionales\u201d.Por el momento los pobladores se declaran dispuestos a defender su territorio hasta las \u00faltimas consecuencias. En tanto, los familiares de los desaparecidos seguir\u00e1n demandando justicia, ya han interpuesto una denuncia ante el Ministerio P\u00fablico (con\u00a0n\u00famero de caso \u00fanico 33988), conservando la esperanza de encontrarlos con vida, aunque conscientes de que es menos probable con cada d\u00eda que pasa.<\/p>\n<p><\/p>","protected":false},"excerpt":{"rendered":"<p>Foto de portada por Santiago Navarro F Por Vanessa Garc\u00eda Navarro y David Mil\u00e1n En Sonora, el pueblo Yaqui de Loma de B\u00e1cum, uno de los ocho pueblos que forman la Tribu Yaqui, denunci\u00f3 el pasado mi\u00e9rcoles 14 de julio, la desaparici\u00f3n de varios miembros de su comunidad. Desde entonces la incertidumbre contin\u00faa latente, pues, [&hellip;]<\/p>\n","protected":false},"author":21,"featured_media":38800,"comment_status":"open","ping_status":"closed","sticky":false,"template":"","format":"standard","meta":{"footnotes":""},"categories":[957,51,1284,826,958,954,935],"tags":[58,682,53,567,147,23,37,545,87,148,27,1176,483],"class_list":["post-38799","post","type-post","status-publish","format-standard","has-post-thumbnail","hentry","category-autonomia","category-autor","category-latinoamerica","category-medios-libres-2","category-megaproyectos","category-mexico","category-temas","tag-derechos-humanos","tag-desaparicion-forzada","tag-justicia","tag-megaproyectos","tag-militarizacion","tag-paramilitares","tag-presos-politicos","tag-pueblos-indigenas","tag-represion","tag-resistencia","tag-solidaridad","tag-sonora","tag-tierra-y-territorio"],"_links":{"self":[{"href":"https:\/\/radiozapatista.org\/index.php?rest_route=\/wp\/v2\/posts\/38799","targetHints":{"allow":["GET"]}}],"collection":[{"href":"https:\/\/radiozapatista.org\/index.php?rest_route=\/wp\/v2\/posts"}],"about":[{"href":"https:\/\/radiozapatista.org\/index.php?rest_route=\/wp\/v2\/types\/post"}],"author":[{"embeddable":true,"href":"https:\/\/radiozapatista.org\/index.php?rest_route=\/wp\/v2\/users\/21"}],"replies":[{"embeddable":true,"href":"https:\/\/radiozapatista.org\/index.php?rest_route=%2Fwp%2Fv2%2Fcomments&post=38799"}],"version-history":[{"count":2,"href":"https:\/\/radiozapatista.org\/index.php?rest_route=\/wp\/v2\/posts\/38799\/revisions"}],"predecessor-version":[{"id":38807,"href":"https:\/\/radiozapatista.org\/index.php?rest_route=\/wp\/v2\/posts\/38799\/revisions\/38807"}],"wp:featuredmedia":[{"embeddable":true,"href":"https:\/\/radiozapatista.org\/index.php?rest_route=\/wp\/v2\/media\/38800"}],"wp:attachment":[{"href":"https:\/\/radiozapatista.org\/index.php?rest_route=%2Fwp%2Fv2%2Fmedia&parent=38799"}],"wp:term":[{"taxonomy":"category","embeddable":true,"href":"https:\/\/radiozapatista.org\/index.php?rest_route=%2Fwp%2Fv2%2Fcategories&post=38799"},{"taxonomy":"post_tag","embeddable":true,"href":"https:\/\/radiozapatista.org\/index.php?rest_route=%2Fwp%2Fv2%2Ftags&post=38799"}],"curies":[{"name":"wp","href":"https:\/\/api.w.org\/{rel}","templated":true}]}}