{"id":38792,"date":"2021-07-26T11:57:09","date_gmt":"2021-07-26T16:57:09","guid":{"rendered":"https:\/\/radiozapatista.org\/?p=38792"},"modified":"2021-08-15T10:33:50","modified_gmt":"2021-08-15T15:33:50","slug":"zapatistas-toman-la-calle-y-caminan-preguntando-con-trabajadores-sin-papeles-y-zadistas","status":"publish","type":"post","link":"https:\/\/radiozapatista.org\/?p=38792","title":{"rendered":"Zapatistas toman la calle y caminan preguntando con trabajadores sin papeles y Zadistas"},"content":{"rendered":"<p><iframe loading=\"lazy\" src=\"https:\/\/player.vimeo.com\/video\/583302739\" width=\"640\" height=\"360\" frameborder=\"0\" allowfullscreen=\"allowfullscreen\"><\/iframe><\/p>\n<p><a href=\"https:\/\/vimeo.com\/583302739\">Sin Papeles y Zapatistas: movimientos que se hermanan en la Gira por la Vida<\/a> from <a href=\"https:\/\/vimeo.com\/user116709648\">\u00a1Compas Arriba!<\/a> on <a href=\"https:\/\/vimeo.com\">Vimeo<\/a>.<\/p>\n<p>Par\u00eds. 26 de julio 2021. Antes de participar en los pr\u00f3ximos d\u00edas en un Encuentro de mujeres, personas trans, inter y no binarias de la Otra Europa, el Escuadr\u00f3n 421 del Ej\u00e9rcito Zapatista de Liberaci\u00f3n Nacional se uni\u00f3 a una marcha de protesta organizada por diferentes colectivos de personas indocumentadas este s\u00e1bado en la tarde en Montreuil, en la periferia de la capital francesa. Los trabajadores migrantes \u201cSin Papeles\u201d reivindican la regularizaci\u00f3n de su residencia en Francia, la libertad de circulaci\u00f3n, una vivienda digna y el cierre de los centros de retenci\u00f3n administrativa, es decir las prisiones donde est\u00e1n encarcelados entre su arresto por la polic\u00eda y una medida de expulsi\u00f3n fuera del territorio de la Europa fortaleza.<\/p>\n<p>Diferentes consignas y tomas de palabra fueron dirigidas en franc\u00e9s, espa\u00f1ol y lenguas africanas durante un recorrido lleno de rabia de m\u00e1s de cuatro horas en la ciudad perif\u00e9rica de Montreuil en el noreste de Par\u00eds. Hicieron hincapi\u00e9 en reconocer el ejemplo y la inspiraci\u00f3n que representa el movimiento zapatista para las luchas de Sin Papeles. Reconocieron el compromiso anticapitalista y antirracista de las y los campesinos mayas de Chiapas, \u201clos verdaderos habitantes de Am\u00e9rica\u201d, y su lucha por la dignidad y la autonom\u00eda, en los patios de hogares (<em>foyers<\/em>) o albergues de trabajadores migrantes (alba\u00f1iles y agentes de limpieza sobre todo), amenazados de expulsi\u00f3n por la demolici\u00f3n y remodelaci\u00f3n de los edificios y un control m\u00e1s estricto por parte de las autoridades.<\/p>\n<p><img loading=\"lazy\" decoding=\"async\" class=\" wp-image-19337 alignleft\" src=\"https:\/\/pozol.org\/wp-content\/uploads\/2021\/07\/IMG_9868-1024x768.jpeg\" sizes=\"auto, (max-width: 293px) 100vw, 293px\" srcset=\"https:\/\/pozol.org\/wp-content\/uploads\/2021\/07\/IMG_9868-1024x768.jpeg 1024w, https:\/\/pozol.org\/wp-content\/uploads\/2021\/07\/IMG_9868-300x225.jpeg 300w, https:\/\/pozol.org\/wp-content\/uploads\/2021\/07\/IMG_9868-768x576.jpeg 768w, https:\/\/pozol.org\/wp-content\/uploads\/2021\/07\/IMG_9868-1536x1152.jpeg 1536w, https:\/\/pozol.org\/wp-content\/uploads\/2021\/07\/IMG_9868-2048x1536.jpeg 2048w, https:\/\/pozol.org\/wp-content\/uploads\/2021\/07\/IMG_9868-500x375.jpeg 500w\" alt=\"\" width=\"293\" height=\"220\" \/><br \/>\nFrente a la alcald\u00eda de Montreuil, los organizadores del colectivo local de Sin Papeles agradecieron a los otros colectivos presentes, a los chalecos amarillos y, en especial, a la delegaci\u00f3n zapatista por manifestar a su lado. En Slumil K\u2019ajxemk\u2019op, los zapatistas participaron en su primera marcha la tarde del 24 de junio, junto a las luchas de sus compa\u00f1eros anfitriones quienes pertenecen a redes de colectivos que re\u00fanen trabajadores migrantes considerados como clandestinos por las leyes de los malos gobiernos europeos. En sus intervenciones por meg\u00e1fonos y micr\u00f3fonos, diferentes trabajadores africanos en la regi\u00f3n parisina fueron escuchados con atenci\u00f3n por las integrantes del EZLN. Por haber sido bombardeadas en la calle por c\u00e1maras de tel\u00e9fonos celulares (a veces con selfies), no cabe duda que las im\u00e1genes de las mujeres zapatistas vestidas con sus trajes tradicionales circularon enseguida en redes sociales de muchos albergues parisinos y localidades del norte y el oeste del continente africano.<\/p>\n<p><!--more--><br \/>\n<img loading=\"lazy\" decoding=\"async\" class=\"size-medium wp-image-19335 aligncenter\" src=\"https:\/\/pozol.org\/wp-content\/uploads\/2021\/07\/34d4de48-d11f-4426-a7cc-1bf68b16e4ad-300x138.jpeg\" sizes=\"auto, (max-width: 300px) 100vw, 300px\" srcset=\"https:\/\/pozol.org\/wp-content\/uploads\/2021\/07\/34d4de48-d11f-4426-a7cc-1bf68b16e4ad-300x138.jpeg 300w, https:\/\/pozol.org\/wp-content\/uploads\/2021\/07\/34d4de48-d11f-4426-a7cc-1bf68b16e4ad-1024x472.jpeg 1024w, https:\/\/pozol.org\/wp-content\/uploads\/2021\/07\/34d4de48-d11f-4426-a7cc-1bf68b16e4ad-768x354.jpeg 768w, https:\/\/pozol.org\/wp-content\/uploads\/2021\/07\/34d4de48-d11f-4426-a7cc-1bf68b16e4ad-1536x708.jpeg 1536w, https:\/\/pozol.org\/wp-content\/uploads\/2021\/07\/34d4de48-d11f-4426-a7cc-1bf68b16e4ad-272x125.jpeg 272w, https:\/\/pozol.org\/wp-content\/uploads\/2021\/07\/34d4de48-d11f-4426-a7cc-1bf68b16e4ad-500x231.jpeg 500w, https:\/\/pozol.org\/wp-content\/uploads\/2021\/07\/34d4de48-d11f-4426-a7cc-1bf68b16e4ad.jpeg 1600w\" alt=\"\" width=\"300\" height=\"138\" \/><\/p>\n<p>En esta marcha pac\u00edfica, despu\u00e9s de gritar consignas como \u201c\u00a1No somos peligrosos! \u00a1Queremos papeles!\u201d, los Sin Papeles reconocieron y agradecieron \u201ca quienes est\u00e1n con nosotros, les zapatistas, que hicieron un largo trayecto\u201d. \u201cSon las verdaderas poblaciones originarias, son ellas que habitan en Am\u00e9rica. \u00a1Vivan les zapatistas! Cuando Crist\u00f3bal Col\u00f3n desembarc\u00f3 en 1492 no descubri\u00f3 nada. [\u2026] Y cuando les lleg\u00f3 el capitalismo moderno esclavista, todas las estructuras sociales, pol\u00edticas y econ\u00f3micas fueron destruidas. [\u2026] Y las Am\u00e9ricas no son de Kennedy o de Obama porque son migrantes, son de los verdaderos habitantes como los de Chiapas. Hoy sabemos que el capitalismo ya no es un modelo \u00fanico que debamos seguir, y decimos como Sin Papeles que podemos compartir las luchas con ellas y ellos, porque para nuestro combate una alternativa al capitalismo es posible, muchas gracias. Les invitamos a acompa\u00f1arnos en nuestra marcha del 21 de agosto de la plaza R\u00e9publique a la iglesia Saint-Bernard, para conmemorar la expulsi\u00f3n de 1996 y enfrentar tambi\u00e9n a las ideas del partido de Marine Le Pen [de extrema derecha]\u201d.<\/p>\n<p><img loading=\"lazy\" decoding=\"async\" class=\" wp-image-19338 alignleft\" src=\"https:\/\/pozol.org\/wp-content\/uploads\/2021\/07\/IMG_9877-1024x768.jpeg\" sizes=\"auto, (max-width: 374px) 100vw, 374px\" srcset=\"https:\/\/pozol.org\/wp-content\/uploads\/2021\/07\/IMG_9877-1024x768.jpeg 1024w, https:\/\/pozol.org\/wp-content\/uploads\/2021\/07\/IMG_9877-300x225.jpeg 300w, https:\/\/pozol.org\/wp-content\/uploads\/2021\/07\/IMG_9877-768x576.jpeg 768w, https:\/\/pozol.org\/wp-content\/uploads\/2021\/07\/IMG_9877-1536x1152.jpeg 1536w, https:\/\/pozol.org\/wp-content\/uploads\/2021\/07\/IMG_9877-2048x1536.jpeg 2048w, https:\/\/pozol.org\/wp-content\/uploads\/2021\/07\/IMG_9877-500x375.jpeg 500w\" alt=\"\" width=\"374\" height=\"281\" \/>Acompa\u00f1ados por tamborazos y una flauta africana, los Sin Papeles dijeron que le deben un \u201cm\u00e1ximo respeto\u201d a les zapatistas. El compa\u00f1ero Youssef de La Marche des Solidarit\u00e9s expres\u00f3 en espa\u00f1ol: \u201cComo Colectivo de Sin Papeles 75 de Par\u00eds, queremos mandar un mensaje a nuestros amigos y amigas compa\u00f1eras y compa\u00f1eros zapatistas. \u00a1Os queremos mucho! Insistimos para la autorizaci\u00f3n de la entrada de nuestros compa\u00f1eros zapatistas porque son muy muy importantes, son un ejemplo para nosotros a seguir. Les zapatistas han logrando milagros, tienen una historia impresionante que nos toca directamente; les zapatistas han logrado poner un sistema de democracia pol\u00edtica en m\u00e1s de 1400 pueblos. En los pueblos de zapatistas han instaurado una frase que dice: el pueblo decide y el gobierno obedece [lo traduce al franc\u00e9s y recibe aplausos]. En nombre de todos les Sin Papeles de Francia y de Europa, debemos el m\u00e1ximo respeto para les zapatistas y les invitamos a estar con nosotros en todos los eventos pr\u00f3ximamente, muchas gracias y la lucha sigue. \u00a1El pueblo unido jam\u00e1s ser\u00e1 vencido!\u201d.<\/p>\n<p><img loading=\"lazy\" decoding=\"async\" class=\"size-medium wp-image-19332 aligncenter\" src=\"https:\/\/pozol.org\/wp-content\/uploads\/2021\/07\/IMG_9920-300x169.jpeg\" sizes=\"auto, (max-width: 300px) 100vw, 300px\" srcset=\"https:\/\/pozol.org\/wp-content\/uploads\/2021\/07\/IMG_9920-300x169.jpeg 300w, https:\/\/pozol.org\/wp-content\/uploads\/2021\/07\/IMG_9920-1024x577.jpeg 1024w, https:\/\/pozol.org\/wp-content\/uploads\/2021\/07\/IMG_9920-768x433.jpeg 768w, https:\/\/pozol.org\/wp-content\/uploads\/2021\/07\/IMG_9920-1536x865.jpeg 1536w, https:\/\/pozol.org\/wp-content\/uploads\/2021\/07\/IMG_9920-2048x1154.jpeg 2048w, https:\/\/pozol.org\/wp-content\/uploads\/2021\/07\/IMG_9920-500x282.jpeg 500w\" alt=\"\" width=\"300\" height=\"169\" \/>\u201cNos sentimos contentas por estar aqu\u00ed, nuestro coraz\u00f3n est\u00e1 bien y contento\u201d comentaron durante la marcha las compa\u00f1eras del Escuadr\u00f3n 421 detr\u00e1s de sus carretas y sus cubrebocas que ocultaban el volumen de sus voces (se not\u00f3 que Marijos\u00e9 tra\u00eda dos m\u00e1scaras de protecci\u00f3n). Los Medios Libres pudieron intercambiar mensajes de saludos con la delegaci\u00f3n mar\u00edtima que inaugur\u00f3 el Viaje por la Vida atravesando el Atl\u00e1ntico y los Pirineos, asegur\u00e1ndose que la tripulaci\u00f3n rebelde no extra\u00f1ase demasiado la tostada y el pozol. \u201cNos adaptamos\u201d respondi\u00f3 Felipe en relaci\u00f3n al tema de alimentaci\u00f3n. Las mujeres zapatistas nos dijeron en la calle que sus milpas no est\u00e1n abandonadas durante esta invasi\u00f3n porque \u201ctenemos gente que las cuidan, somos muchos\u201d. Aplaudieron, observaron, registraron y levantaron el pu\u00f1o gritando \u201c\u00a1El pueblo unido jam\u00e1s ser\u00e1 vencido!\u201d y \u201c\u00a1Zapata vive, la lucha sigue!\u201d. Las organizadoras parisinas y las delegaciones de Slumil K\u2019ajxemk\u2019op presentes observaron que la delegaci\u00f3n mar\u00edtima se aprendi\u00f3 una consigna nueva, inventada para esta primera manifestaci\u00f3n y repetida innumerables veces a lo largo de esta: \u201c<em>Les Zapatistes avec les Sans Papiers ! Les Sans Papiers avec les zapatistes !<\/em>\u201d [\u201c\u00a1Los Sin papeles con los Zapatistas! \u00a1Los Zapatistas con los Sin Papeles!\u201d]. <a href=\"https:\/\/www.facebook.com\/pozol.colectivo\/videos\/\" target=\"_blank\" rel=\"noopener\">Cobertura en vivo (streaming): FB <em>Pozol Noticias Chiapas<\/em><\/a>.<\/p>\n<p><img loading=\"lazy\" decoding=\"async\" class=\"size-medium wp-image-19336 aligncenter\" src=\"https:\/\/pozol.org\/wp-content\/uploads\/2021\/07\/IMG_9836-300x225.jpeg\" sizes=\"auto, (max-width: 300px) 100vw, 300px\" srcset=\"https:\/\/pozol.org\/wp-content\/uploads\/2021\/07\/IMG_9836-300x225.jpeg 300w, https:\/\/pozol.org\/wp-content\/uploads\/2021\/07\/IMG_9836-1024x768.jpeg 1024w, https:\/\/pozol.org\/wp-content\/uploads\/2021\/07\/IMG_9836-768x576.jpeg 768w, https:\/\/pozol.org\/wp-content\/uploads\/2021\/07\/IMG_9836-1536x1152.jpeg 1536w, https:\/\/pozol.org\/wp-content\/uploads\/2021\/07\/IMG_9836-2048x1536.jpeg 2048w, https:\/\/pozol.org\/wp-content\/uploads\/2021\/07\/IMG_9836-500x375.jpeg 500w\" alt=\"\" width=\"300\" height=\"225\" \/><\/p>\n<p>Cabe destacar que un video en redes revel\u00f3 una acci\u00f3n de protesta con la manta delantera del contingente zapatista \u201cTodos somos extempor\u00e1neos. Solidaridad con les Zapatistas\u201d, que apareci\u00f3 durante un minuto este s\u00e1bado dentro del museo del Quai Branly-\u201cJacques Chirac\u201d, al pie de la Torre Eiffel, junto con una magn\u00edfica escultura de estilo totonaco y huasteco de una mujer con el torso desnudo (fechada entre 900 y 1521 antes de Cristo), dentro de una exposici\u00f3n temporal de piezas arqueol\u00f3gicas prestadas por museos del INAH, de la Universidad Veracruzana y de Estados Unidos, con el patrocinio de la Secretar\u00eda de Relaciones Exteriores, la Secretar\u00eda de Cultura y de los ministerios franceses correspondientes. En espa\u00f1ol, franc\u00e9s e ingl\u00e9s, mujeres de la Europa de abajo declararon de manera solemne que \u201cel gobierno franc\u00e9s permiti\u00f3 la entrada de estas obras y ahora exigimos que garantice la entrada a Europa de la delegaci\u00f3n zapatista. Despu\u00e9s de quinientos a\u00f1os de saqueo, abramos otro paso para otra historia, un paso por la vida y no por la muerte. \u00a1Paso libre Zapatistas!\u201d (v\u00e9ase el comunicado de prensa <a href=\"https:\/\/cspcl.ouvaton.org\/spip.php?article1566\" target=\"_blank\" rel=\"noopener\">aqu\u00ed<\/a>).<\/p>\n<p><img loading=\"lazy\" decoding=\"async\" class=\"size-medium wp-image-19333 aligncenter\" src=\"https:\/\/pozol.org\/wp-content\/uploads\/2021\/07\/photo_2021-07-26-10.40.03-300x225.jpeg\" sizes=\"auto, (max-width: 300px) 100vw, 300px\" srcset=\"https:\/\/pozol.org\/wp-content\/uploads\/2021\/07\/photo_2021-07-26-10.40.03-300x225.jpeg 300w, https:\/\/pozol.org\/wp-content\/uploads\/2021\/07\/photo_2021-07-26-10.40.03-1024x768.jpeg 1024w, https:\/\/pozol.org\/wp-content\/uploads\/2021\/07\/photo_2021-07-26-10.40.03-768x576.jpeg 768w, https:\/\/pozol.org\/wp-content\/uploads\/2021\/07\/photo_2021-07-26-10.40.03-500x375.jpeg 500w, https:\/\/pozol.org\/wp-content\/uploads\/2021\/07\/photo_2021-07-26-10.40.03.jpeg 1280w\" alt=\"\" width=\"300\" height=\"225\" \/><\/p>\n<p>Hoy en la noche, las mujeres del Escuadr\u00f3n 421 pernoctar\u00e1n en la Zona A Defender (ZAD) de Notre-Dame-des-Landes, cerca de Nantes, respondiendo a la invitaci\u00f3n de las <em>Zadistas<\/em> a\u00a0invadir la regi\u00f3n, participando en el Encuentro de Mujeres los d\u00edas 28 y 29, as\u00ed como a las actividades previas al Encuentro Intergal\u00e1ctico previsto el pr\u00f3ximo fin de semana. El programa incluye debates, talleres, conciertos y teatro, proyecci\u00f3n de pel\u00edculas, torneo de f\u00fatbol, recorridos y pl\u00e1ticas acerca de las luchas campesinas locales pero tambi\u00e9n del pueblo kurdo de Rojava y del pueblo kanak de Nueva Caledonia, as\u00ed como una exposici\u00f3n acerca de la Comuna de Par\u00eds (programa disponible en <a href=\"http:\/\/zad.nadir.org\/?fbclid=IwAR15oRoBkPw9HHvYhUQLGX-EQRSfCaMW98t8HAOXxk1GUJTbuyft34GGSFw\">zad.nadir.org<\/a> y <a href=\"http:\/\/zadenvies.org\/?fbclid=IwAR3YePy8CAsPl1ptq7c97qLvZRoYN6VMu7R7_uRKJ1AKXjpEFyQ3_JLdpo4\">zadenvies.org<\/a>).<\/p>","protected":false},"excerpt":{"rendered":"<p>Sin Papeles y Zapatistas: movimientos que se hermanan en la Gira por la Vida from \u00a1Compas Arriba! on Vimeo. Par\u00eds. 26 de julio 2021. Antes de participar en los pr\u00f3ximos d\u00edas en un Encuentro de mujeres, personas trans, inter y no binarias de la Otra Europa, el Escuadr\u00f3n 421 del Ej\u00e9rcito Zapatista de Liberaci\u00f3n Nacional [&hellip;]<\/p>\n","protected":false},"author":13,"featured_media":38793,"comment_status":"open","ping_status":"closed","sticky":false,"template":"","format":"standard","meta":{"footnotes":""},"categories":[957,51,1318,955,826,953,935],"tags":[1344],"class_list":["post-38792","post","type-post","status-publish","format-standard","has-post-thumbnail","hentry","category-autonomia","category-autor","category-caravana-zapatista-a-europa","category-ezln-temas","category-medios-libres-2","category-mundo","category-temas","tag-pasolibrezapatistas"],"_links":{"self":[{"href":"https:\/\/radiozapatista.org\/index.php?rest_route=\/wp\/v2\/posts\/38792","targetHints":{"allow":["GET"]}}],"collection":[{"href":"https:\/\/radiozapatista.org\/index.php?rest_route=\/wp\/v2\/posts"}],"about":[{"href":"https:\/\/radiozapatista.org\/index.php?rest_route=\/wp\/v2\/types\/post"}],"author":[{"embeddable":true,"href":"https:\/\/radiozapatista.org\/index.php?rest_route=\/wp\/v2\/users\/13"}],"replies":[{"embeddable":true,"href":"https:\/\/radiozapatista.org\/index.php?rest_route=%2Fwp%2Fv2%2Fcomments&post=38792"}],"version-history":[{"count":8,"href":"https:\/\/radiozapatista.org\/index.php?rest_route=\/wp\/v2\/posts\/38792\/revisions"}],"predecessor-version":[{"id":38928,"href":"https:\/\/radiozapatista.org\/index.php?rest_route=\/wp\/v2\/posts\/38792\/revisions\/38928"}],"wp:featuredmedia":[{"embeddable":true,"href":"https:\/\/radiozapatista.org\/index.php?rest_route=\/wp\/v2\/media\/38793"}],"wp:attachment":[{"href":"https:\/\/radiozapatista.org\/index.php?rest_route=%2Fwp%2Fv2%2Fmedia&parent=38792"}],"wp:term":[{"taxonomy":"category","embeddable":true,"href":"https:\/\/radiozapatista.org\/index.php?rest_route=%2Fwp%2Fv2%2Fcategories&post=38792"},{"taxonomy":"post_tag","embeddable":true,"href":"https:\/\/radiozapatista.org\/index.php?rest_route=%2Fwp%2Fv2%2Ftags&post=38792"}],"curies":[{"name":"wp","href":"https:\/\/api.w.org\/{rel}","templated":true}]}}