{"id":38774,"date":"2021-07-23T10:22:41","date_gmt":"2021-07-23T15:22:41","guid":{"rendered":"https:\/\/radiozapatista.org\/?p=38774"},"modified":"2021-07-29T09:09:38","modified_gmt":"2021-07-29T14:09:38","slug":"anfitriones-de-fuerza-aerea-del-ezln-protestan-en-toda-slumil-kaxjemkop","status":"publish","type":"post","link":"https:\/\/radiozapatista.org\/?p=38774","title":{"rendered":"Anfitriones de Fuerza A\u00e9rea del EZLN protestan en toda Slumil K\u00b4axjemk\u00b4op"},"content":{"rendered":"<p><em><strong>Par\u00eds, Francia. 22 de julio de 2022<\/strong><\/em>.<strong>&#8211;<\/strong> Hoy, en muchas ciudades europeas, decenas de grupos de anfitriones del Viaje por la Vida incrementaron por todos los medios posibles nuevas acciones de presi\u00f3n pol\u00edtica hacia el gobierno de Francia para que autorice la llegada y la libre circulaci\u00f3n de las zapatistas en Slumil K\u2019axjemk\u2019op (tierras insumisas). Desde el martes pasado, diferentes redes europeas de militantes que pertenecen a una gran cantidad de colectivos y organizaciones pol\u00edticas, sindicales y culturales, con artistas, estudiantes y profesores que no tomaron vacaciones ni descanso, junto a j\u00f3venes, ni\u00f1as y ni\u00f1os para activarse en pintar mantas y pancartas y concentrarse frente a los consulados franceses en las principales ciudades de su pa\u00eds, as\u00ed como protestar frente a las embajadas de la diplomacia de E. Macron en la mayor parte de las capitales del llamado viejo continente.<\/p>\n<p align=\"center\"><img loading=\"lazy\" decoding=\"async\" class=\"wp-image-19291 aligncenter\" src=\"https:\/\/pozol.org\/wp-content\/uploads\/2021\/07\/IMG_9761-300x225.jpeg\" sizes=\"auto, (max-width: 178px) 100vw, 178px\" srcset=\"https:\/\/pozol.org\/wp-content\/uploads\/2021\/07\/IMG_9761-300x225.jpeg 300w, https:\/\/pozol.org\/wp-content\/uploads\/2021\/07\/IMG_9761-1024x768.jpeg 1024w, https:\/\/pozol.org\/wp-content\/uploads\/2021\/07\/IMG_9761-768x576.jpeg 768w, https:\/\/pozol.org\/wp-content\/uploads\/2021\/07\/IMG_9761-1536x1152.jpeg 1536w, https:\/\/pozol.org\/wp-content\/uploads\/2021\/07\/IMG_9761-2048x1536.jpeg 2048w, https:\/\/pozol.org\/wp-content\/uploads\/2021\/07\/IMG_9761-500x375.jpeg 500w\" alt=\"\" width=\"178\" height=\"133\" \/><\/p>\n<p>Mientras en M\u00e9xico a\u00fan falta la entrega de m\u00e1s de 60 pasaportes a delegadas y delegados que saldr\u00e1n pronto a escuchar la palabra de quienes les mandaron cartas de invitaci\u00f3n, en Europa centenas de colectivos y organizaciones est\u00e1n a la espera de recibir a la flota a\u00e9rea rebelde. Por ejemplo, hoy las embajadas galas en Berl\u00edn, Alemania, en Estocolmo, Suecia, y en Copenhague, Dinamarca, han sido el teatro de protestas vigorosas para obtener a la brevedad la autorizaci\u00f3n de la Fuerza A\u00e9rea Zapatista (FAZ) para entrar y circular libremente en una cuarentena de pa\u00edses europeos. Ma\u00f1ana viernes, estas protestas se extender\u00e1n en \u00c1msterdam y La Haya, Pa\u00edses Bajos, y en Barcelona, Catalu\u00f1a, en aras de presionar a\u00fan m\u00e1s al gobierno de Francia.<\/p>\n<p><!--more--><\/p>\n<p align=\"center\"><img loading=\"lazy\" decoding=\"async\" class=\"wp-image-19295 aligncenter\" src=\"https:\/\/pozol.org\/wp-content\/uploads\/2021\/07\/IMG_9785-300x225.jpeg\" sizes=\"auto, (max-width: 287px) 100vw, 287px\" srcset=\"https:\/\/pozol.org\/wp-content\/uploads\/2021\/07\/IMG_9785-300x225.jpeg 300w, https:\/\/pozol.org\/wp-content\/uploads\/2021\/07\/IMG_9785-1024x768.jpeg 1024w, https:\/\/pozol.org\/wp-content\/uploads\/2021\/07\/IMG_9785-768x576.jpeg 768w, https:\/\/pozol.org\/wp-content\/uploads\/2021\/07\/IMG_9785-1536x1152.jpeg 1536w, https:\/\/pozol.org\/wp-content\/uploads\/2021\/07\/IMG_9785-2048x1536.jpeg 2048w, https:\/\/pozol.org\/wp-content\/uploads\/2021\/07\/IMG_9785-500x375.jpeg 500w\" alt=\"\" width=\"308\" height=\"231\" \/><\/p>\n<p>Ayer, adem\u00e1s de G\u00e9nova, Italia y de seis ciudades alemanes, en el estado espa\u00f1ol se inaugur\u00f3 de manera amarga una ola de movilizaciones en la pen\u00ednsula ib\u00e9rica (antes de Barcelona ma\u00f1ana y Bilbao e Islas Baleares este s\u00e1bado) para exigir que la diplomacia francesa otorgue pronto el paso libre a la Fuerza A\u00e9rea Zapatista. En efecto, la Xarxa Solid\u00e0ria Gira per la Vida del Pais Valenci\u00e0 expres\u00f3 su indignaci\u00f3n ante el trato recibido el d\u00eda de ayer en la agencia consular francesa en la ciudad de Valencia, a cargo de la c\u00f3nsul honoraria Sra. Karin Liv Joelle Nylund. Los compas valencianos se preguntan por qu\u00e9 se les dio una cita si no tienen tiempo de atenderles? La c\u00f3nsul afirm\u00f3 de manera arrogante que \u201cno hay ninguna ley que diga que tengo que ponerte un sello de recibido. Si me quieres dar la carta bien, la har\u00e9 llegar. Si no ya te puedes marchar que no tengo m\u00e1s tiempo para perder en esto\u201d. Acto seguido han cerrado la puerta de forma violenta ante la compa\u00f1era encargada de entregar la carta de solicitud de entrada a Francia de la delegaci\u00f3n zapatista. Ante el desprecio de las autoridades, ning\u00fan comportamiento autoritario puede faltar al respeto de quienes luchan por la vida y se alistan para recibir a las guardianas del territorio.<\/p>\n<p align=\"center\"><img loading=\"lazy\" decoding=\"async\" class=\"wp-image-19298 aligncenter\" src=\"https:\/\/pozol.org\/wp-content\/uploads\/2021\/07\/IMG_9798-300x225.jpeg\" sizes=\"auto, (max-width: 284px) 100vw, 284px\" srcset=\"https:\/\/pozol.org\/wp-content\/uploads\/2021\/07\/IMG_9798-300x225.jpeg 300w, https:\/\/pozol.org\/wp-content\/uploads\/2021\/07\/IMG_9798-1024x768.jpeg 1024w, https:\/\/pozol.org\/wp-content\/uploads\/2021\/07\/IMG_9798-768x576.jpeg 768w, https:\/\/pozol.org\/wp-content\/uploads\/2021\/07\/IMG_9798-1536x1152.jpeg 1536w, https:\/\/pozol.org\/wp-content\/uploads\/2021\/07\/IMG_9798-2048x1536.jpeg 2048w, https:\/\/pozol.org\/wp-content\/uploads\/2021\/07\/IMG_9798-500x375.jpeg 500w\" alt=\"\" width=\"284\" height=\"213\" \/><\/p>\n<p>Con la c\u00e1psula audiovisual titulado <a href=\"https:\/\/vimeo.com\/578102041\" target=\"_blank\" rel=\"noopener\">\u00a1Alto a las fronteras! \u00a1Viva el Viaje de las Zapatistas en Europa!<\/a>, Medios libres o como se llamen arrancaron hoy de manera expr\u00e9s una campa\u00f1a de comunicaci\u00f3n con un primer video de mensajes de activistas que esperan las zapatistas ensus distintas geograf\u00edas, usando la banda sonora de la rola La Frontera de Manik B ft. Keny Arkana, 2017, Marsella \/ San Crist\u00f3bal.<\/p>\n<p align=\"center\"><img loading=\"lazy\" decoding=\"async\" class=\"wp-image-19293 aligncenter\" src=\"https:\/\/pozol.org\/wp-content\/uploads\/2021\/07\/IMG_9774-300x225.jpeg\" sizes=\"auto, (max-width: 278px) 100vw, 278px\" srcset=\"https:\/\/pozol.org\/wp-content\/uploads\/2021\/07\/IMG_9774-300x225.jpeg 300w, https:\/\/pozol.org\/wp-content\/uploads\/2021\/07\/IMG_9774-1024x768.jpeg 1024w, https:\/\/pozol.org\/wp-content\/uploads\/2021\/07\/IMG_9774-768x576.jpeg 768w, https:\/\/pozol.org\/wp-content\/uploads\/2021\/07\/IMG_9774-1536x1152.jpeg 1536w, https:\/\/pozol.org\/wp-content\/uploads\/2021\/07\/IMG_9774-2048x1536.jpeg 2048w, https:\/\/pozol.org\/wp-content\/uploads\/2021\/07\/IMG_9774-500x375.jpeg 500w\" alt=\"\" width=\"278\" height=\"208\" \/><\/p>\n<p>La capital de Francia se volvi\u00f3 hoy el escenario de la movilizaci\u00f3n m\u00e1s extensa e intensa a la vez, la cual se acent\u00fao despu\u00e9s de la protesta realizada ayer ante la embajada francesa en Bruselas, considerada como capital pol\u00edtica de la europea de los de arriba. En Par\u00eds, la presi\u00f3n ejercida sobre el gobierno macronista por parte de la coordinaci\u00f3n franc\u00f3fona anfitriona recibi\u00f3 los refuerzos de militantes catalanes, valencianos, vascos, daneses, suizos, adem\u00e1s de compa\u00f1eros latinoamericanos y mexicanos residentes en la Europa de los de abajo, quienes est\u00e1n confluyendo hacia Par\u00eds desde la publicaci\u00f3n hace cinco d\u00edas del \u00faltimo comunicado firmado por el Subcomandante Insurgente Mois\u00e9s, jefe de la misi\u00f3n invasora del EZLN que escuchar\u00e1 experiencias de lucha y sembrar\u00e1 m\u00e1s semillas de resistencia.<\/p>\n<p align=\"center\"><img loading=\"lazy\" decoding=\"async\" class=\"wp-image-19294 aligncenter\" src=\"https:\/\/pozol.org\/wp-content\/uploads\/2021\/07\/IMG_9782-300x225.jpeg\" sizes=\"auto, (max-width: 342px) 100vw, 342px\" srcset=\"https:\/\/pozol.org\/wp-content\/uploads\/2021\/07\/IMG_9782-300x225.jpeg 300w, https:\/\/pozol.org\/wp-content\/uploads\/2021\/07\/IMG_9782-1024x768.jpeg 1024w, https:\/\/pozol.org\/wp-content\/uploads\/2021\/07\/IMG_9782-768x576.jpeg 768w, https:\/\/pozol.org\/wp-content\/uploads\/2021\/07\/IMG_9782-1536x1152.jpeg 1536w, https:\/\/pozol.org\/wp-content\/uploads\/2021\/07\/IMG_9782-2048x1536.jpeg 2048w, https:\/\/pozol.org\/wp-content\/uploads\/2021\/07\/IMG_9782-500x375.jpeg 500w\" alt=\"\" width=\"342\" height=\"256\" \/><\/p>\n<p>En la plaza Saint-Augustin, muy cerca de la secretar\u00eda francesa de gobernaci\u00f3n (<em>minist\u00e8re de l\u2019Int\u00e9rieur<\/em>), cerca de cien personas enmascaradas y con sana distancia, se concentraron con carpas preparadas con bocinas y un micr\u00f3fono, mantas, pancartas e instrumentos de m\u00fasica, adem\u00e1s de una flota a\u00e9rea impresionante de avioncitos de papel de muchos colores. Diferentes compa\u00f1ero\/as tomaron la palabra brevemente, como representantes de los sindicatos Conf\u00e9d\u00e9ration G\u00e9n\u00e9rale du Travail (CGT), Solidaires, Conf\u00e9d\u00e9ration Nationale du Travail (CNT), asociaciones y colectivos que firmaron la Declaraci\u00f3n para la Vida como las asociaciones de ATTAC y de Place des F\u00eates, seguidas por diferentes delegaciones nacionales y extranjeras que confluyeron hacia Par\u00eds en los \u00faltimos d\u00edas (<a href=\"https:\/\/www.facebook.com\/events\/270382618180996?post_id=271819894703935&amp;view=permalink\" target=\"_blank\" rel=\"noopener\">streaming y fotos en Radio Pozol<\/a>).<\/p>\n<p align=\"center\"><img loading=\"lazy\" decoding=\"async\" class=\"wp-image-19299 aligncenter\" src=\"https:\/\/pozol.org\/wp-content\/uploads\/2021\/07\/IMG_9802-300x225.jpeg\" sizes=\"auto, (max-width: 286px) 100vw, 286px\" srcset=\"https:\/\/pozol.org\/wp-content\/uploads\/2021\/07\/IMG_9802-300x225.jpeg 300w, https:\/\/pozol.org\/wp-content\/uploads\/2021\/07\/IMG_9802-1024x768.jpeg 1024w, https:\/\/pozol.org\/wp-content\/uploads\/2021\/07\/IMG_9802-768x576.jpeg 768w, https:\/\/pozol.org\/wp-content\/uploads\/2021\/07\/IMG_9802-1536x1152.jpeg 1536w, https:\/\/pozol.org\/wp-content\/uploads\/2021\/07\/IMG_9802-2048x1536.jpeg 2048w, https:\/\/pozol.org\/wp-content\/uploads\/2021\/07\/IMG_9802-500x375.jpeg 500w\" alt=\"\" width=\"286\" height=\"214\" \/><\/p>\n<p>Las intervenciones hicieron hincapi\u00e9 en la ejemplariedad de las y los zapatistas de Chiapas con el uso de las medidas de seguridad sanitaria contra contagios de Covid y en torno a la vacunaci\u00f3n. Tambi\u00e9n estigmatizaron la hipocres\u00eda del gobierno de Francia que facilit\u00f3 la llegada desde M\u00e9xico de m\u00e1s de 200 piezas que pesan un total de \u201cveinte toneladas\u201d de piezas arqueol\u00f3gicas olmecas (principalmente de Veracruz y Tabasco), de acuerdo con la campa\u00f1a de publicidad en folletos, muros de autobuses y pasillos del metro parisino. Est\u00e1n exhibidas este verano en el gran museo du Quai Branly Jacques Chirac, ubicado a un lado del ministerio de asuntos exteriores, con el patrocinio de la SRE y el INAH (costo entrada: 12 euros \/ $300).<\/p>\n<p align=\"center\"><img loading=\"lazy\" decoding=\"async\" class=\"wp-image-19296 aligncenter\" src=\"https:\/\/pozol.org\/wp-content\/uploads\/2021\/07\/IMG_9793-300x150.jpeg\" sizes=\"auto, (max-width: 292px) 100vw, 292px\" srcset=\"https:\/\/pozol.org\/wp-content\/uploads\/2021\/07\/IMG_9793-300x150.jpeg 300w, https:\/\/pozol.org\/wp-content\/uploads\/2021\/07\/IMG_9793-1024x511.jpeg 1024w, https:\/\/pozol.org\/wp-content\/uploads\/2021\/07\/IMG_9793-768x383.jpeg 768w, https:\/\/pozol.org\/wp-content\/uploads\/2021\/07\/IMG_9793-1536x767.jpeg 1536w, https:\/\/pozol.org\/wp-content\/uploads\/2021\/07\/IMG_9793-2048x1022.jpeg 2048w, https:\/\/pozol.org\/wp-content\/uploads\/2021\/07\/IMG_9793-660x330.jpeg 660w, https:\/\/pozol.org\/wp-content\/uploads\/2021\/07\/IMG_9793-995x498.jpeg 995w, https:\/\/pozol.org\/wp-content\/uploads\/2021\/07\/IMG_9793-500x250.jpeg 500w\" alt=\"\" width=\"292\" height=\"146\" \/><\/p>\n<p>Adem\u00e1s de una delegaci\u00f3n de Dinamarca y otra de Catalu\u00f1a que dieron su palabra, un habitante de Euskal Herria ley\u00f3 un mensaje en euskera que fue traducido en franc\u00e9s y castellano: \u201cCompa\u00f1er@s Zapatistas, os estamos esperando, os recibiremos con mucho entusiasmo e ilusi\u00f3n\u201d. Otra delegaci\u00f3n declar\u00f3 en idioma valenciano que \u201cpara nosotras el zapatismo nos ha regalado una br\u00fajula para radiografiar el sistema capitalista, colonial y patriarcal, pero tambi\u00e9n un ejemplo de c\u00f3mo construir alternativas desde lo local junto a otros colectivos [\u2026]. Estamos aqu\u00ed para exigir a las autoridades francesas y europeas el libre paso a la delegaci\u00f3n zapatista para poder hacer posible una traves\u00eda, para sembrar vida a pesar de la depredaci\u00f3n del capital que est\u00e1 sufriendo por las fronteras de la Europa fortaleza, que siembra muerte en el Mediterr\u00e1neo y en la frontera Sur. Somos puente y la delegaci\u00f3n zapatista caminar\u00e1 en la Europa insumisa\u201d.<\/p>\n<p align=\"center\"><img loading=\"lazy\" decoding=\"async\" class=\"size-medium wp-image-19292 aligncenter\" src=\"https:\/\/pozol.org\/wp-content\/uploads\/2021\/07\/IMG_9770-300x225.jpeg\" sizes=\"auto, (max-width: 300px) 100vw, 300px\" srcset=\"https:\/\/pozol.org\/wp-content\/uploads\/2021\/07\/IMG_9770-300x225.jpeg 300w, https:\/\/pozol.org\/wp-content\/uploads\/2021\/07\/IMG_9770-1024x768.jpeg 1024w, https:\/\/pozol.org\/wp-content\/uploads\/2021\/07\/IMG_9770-768x576.jpeg 768w, https:\/\/pozol.org\/wp-content\/uploads\/2021\/07\/IMG_9770-1536x1152.jpeg 1536w, https:\/\/pozol.org\/wp-content\/uploads\/2021\/07\/IMG_9770-2048x1536.jpeg 2048w, https:\/\/pozol.org\/wp-content\/uploads\/2021\/07\/IMG_9770-500x375.jpeg 500w\" alt=\"\" width=\"300\" height=\"225\" \/><\/p>\n<p>\u201cEstamos aqu\u00ed para exigir la apertura de las fronteras a las y los zapatistas\u201d declar\u00f3 con vigor en franc\u00e9s la maestra de ceremonia. Las activistas parisinas colgaron mantas coloridas con menciones como \u201cTodes somos extempor\u00e1neos, solidaridad con les compas!\u201d, \u201cContra la represi\u00f3n aqu\u00ed y abajo el viaje zapatista ya ha empezado\u201d o \u201cNadie es ilegal en el planeta\u201d.<\/p>\n<p>Adem\u00e1s de una canci\u00f3n revolucionaria interpretada por el Coro de Place des F\u00eates, el Bato Loko, un artista mexicano de cumbia con arm\u00f3nica blues, quien radica en Par\u00eds desde hace m\u00e1s de veinte a\u00f1os, enton\u00f3 el himno zapatista con cerca de cien personas presentes y luego interpret\u00f3 adaptaciones de canciones de Sergent Garcia, Qu\u00e9 palique y Acabar mal, y antes de retomar la canci\u00f3n cubana de Carlos Puebla, La mujer est\u00e1 con la revoluci\u00f3n. Declar\u00f3 que \u201cefectivamente las mujeres han estado muy presentes, m\u00e1s que eso han trabajado mucho m\u00e1s, con mejores ideas que los hombres, por eso quiero dar la voz a las mujeres que luchan hoy en d\u00eda y realmente gracias a ustedes. Esto sigue avanzando con ese equilibrio del amor\u201d.<\/p>\n<p align=\"center\"><img loading=\"lazy\" decoding=\"async\" class=\"wp-image-19297 aligncenter\" src=\"https:\/\/pozol.org\/wp-content\/uploads\/2021\/07\/IMG_9794-225x300.jpeg\" sizes=\"auto, (max-width: 215px) 100vw, 215px\" srcset=\"https:\/\/pozol.org\/wp-content\/uploads\/2021\/07\/IMG_9794-225x300.jpeg 225w, https:\/\/pozol.org\/wp-content\/uploads\/2021\/07\/IMG_9794-768x1024.jpeg 768w, https:\/\/pozol.org\/wp-content\/uploads\/2021\/07\/IMG_9794-1152x1536.jpeg 1152w, https:\/\/pozol.org\/wp-content\/uploads\/2021\/07\/IMG_9794-1536x2048.jpeg 1536w, https:\/\/pozol.org\/wp-content\/uploads\/2021\/07\/IMG_9794-375x500.jpeg 375w, https:\/\/pozol.org\/wp-content\/uploads\/2021\/07\/IMG_9794-scaled.jpeg 1920w\" alt=\"\" width=\"215\" height=\"287\" \/><\/p>\n<p>En el cierre del mitin pol\u00edtico-cultural, un grupo de activistas Sin Papeles de La Marche de Solidarit\u00e9s expres\u00f3 en franc\u00e9s y espa\u00f1ol que el zapatismo representa un movimiento cuya experiencia es ejemplar. \u201cHoy la Coordination Nationale de los Sin Papeles insistimos para la autorizaci\u00f3n de entrada de nuestras camaradas zapatistas [\u2026]. Antes de terminar, quiero mandar un mensaje para nuestros compa\u00f1eros y compa\u00f1eras zapatistas, que ya est\u00e1n aqu\u00ed en nuestro coraz\u00f3n, que son unos h\u00e9roes, unas hero\u00ednas para nuestro coraz\u00f3n, son un ejemplo que nos inspira para nuestra lucha, gracias. \u00a1El pueblo unidos jam\u00e1s ser\u00e1 vencido! \u00a1La lucha sigue!\u201d.<\/p>\n<p>Al final del evento de protesta, se anunci\u00f3 que esta misma noche se proyectar\u00e1 <em>l\u2019avant-premi\u00e8re<\/em> en Europa de la pel\u00edcula La Vocera en el <em>cine zapajadista<\/em> de los Jardines A Defender (JAD) de Aubervilliers, a menos de veinte kil\u00f3metros del aeropuerto que tal vez recibir\u00e1 pronto a quienes escuchar\u00e1n sus anfitriones con atenci\u00f3n.<\/p>\n<p align=\"center\"><img loading=\"lazy\" decoding=\"async\" class=\"wp-image-19303 \" src=\"https:\/\/pozol.org\/wp-content\/uploads\/2021\/07\/saint-austin-Paola-1024x783.jpeg\" sizes=\"auto, (max-width: 679px) 100vw, 679px\" srcset=\"https:\/\/pozol.org\/wp-content\/uploads\/2021\/07\/saint-austin-Paola-1024x783.jpeg 1024w, https:\/\/pozol.org\/wp-content\/uploads\/2021\/07\/saint-austin-Paola-300x230.jpeg 300w, https:\/\/pozol.org\/wp-content\/uploads\/2021\/07\/saint-austin-Paola-768x588.jpeg 768w, https:\/\/pozol.org\/wp-content\/uploads\/2021\/07\/saint-austin-Paola-1536x1175.jpeg 1536w, https:\/\/pozol.org\/wp-content\/uploads\/2021\/07\/saint-austin-Paola-500x383.jpeg 500w, https:\/\/pozol.org\/wp-content\/uploads\/2021\/07\/saint-austin-Paola.jpeg 1600w\" alt=\"\" width=\"679\" height=\"520\" aria-describedby=\"caption-attachment-19303\" \/><\/p>\n<p><\/p>","protected":false},"excerpt":{"rendered":"<p>Par\u00eds, Francia. 22 de julio de 2022.&#8211; Hoy, en muchas ciudades europeas, decenas de grupos de anfitriones del Viaje por la Vida incrementaron por todos los medios posibles nuevas acciones de presi\u00f3n pol\u00edtica hacia el gobierno de Francia para que autorice la llegada y la libre circulaci\u00f3n de las zapatistas en Slumil K\u2019axjemk\u2019op (tierras insumisas). [&hellip;]<\/p>\n","protected":false},"author":13,"featured_media":38775,"comment_status":"open","ping_status":"closed","sticky":false,"template":"","format":"standard","meta":{"footnotes":""},"categories":[957,51,1318,955,826,953,935],"tags":[1317],"class_list":["post-38774","post","type-post","status-publish","format-standard","has-post-thumbnail","hentry","category-autonomia","category-autor","category-caravana-zapatista-a-europa","category-ezln-temas","category-medios-libres-2","category-mundo","category-temas","tag-travesia-por-la-vida"],"_links":{"self":[{"href":"https:\/\/radiozapatista.org\/index.php?rest_route=\/wp\/v2\/posts\/38774","targetHints":{"allow":["GET"]}}],"collection":[{"href":"https:\/\/radiozapatista.org\/index.php?rest_route=\/wp\/v2\/posts"}],"about":[{"href":"https:\/\/radiozapatista.org\/index.php?rest_route=\/wp\/v2\/types\/post"}],"author":[{"embeddable":true,"href":"https:\/\/radiozapatista.org\/index.php?rest_route=\/wp\/v2\/users\/13"}],"replies":[{"embeddable":true,"href":"https:\/\/radiozapatista.org\/index.php?rest_route=%2Fwp%2Fv2%2Fcomments&post=38774"}],"version-history":[{"count":3,"href":"https:\/\/radiozapatista.org\/index.php?rest_route=\/wp\/v2\/posts\/38774\/revisions"}],"predecessor-version":[{"id":38812,"href":"https:\/\/radiozapatista.org\/index.php?rest_route=\/wp\/v2\/posts\/38774\/revisions\/38812"}],"wp:featuredmedia":[{"embeddable":true,"href":"https:\/\/radiozapatista.org\/index.php?rest_route=\/wp\/v2\/media\/38775"}],"wp:attachment":[{"href":"https:\/\/radiozapatista.org\/index.php?rest_route=%2Fwp%2Fv2%2Fmedia&parent=38774"}],"wp:term":[{"taxonomy":"category","embeddable":true,"href":"https:\/\/radiozapatista.org\/index.php?rest_route=%2Fwp%2Fv2%2Fcategories&post=38774"},{"taxonomy":"post_tag","embeddable":true,"href":"https:\/\/radiozapatista.org\/index.php?rest_route=%2Fwp%2Fv2%2Ftags&post=38774"}],"curies":[{"name":"wp","href":"https:\/\/api.w.org\/{rel}","templated":true}]}}