{"id":38671,"date":"2021-07-15T17:04:48","date_gmt":"2021-07-15T22:04:48","guid":{"rendered":"https:\/\/radiozapatista.org\/?p=38671"},"modified":"2021-07-15T17:04:49","modified_gmt":"2021-07-15T22:04:49","slug":"chiapas-continua-desplazamiento-forzado-en-los-altos-por-violencia-e-inseguridad","status":"publish","type":"post","link":"https:\/\/radiozapatista.org\/?p=38671","title":{"rendered":"[:es]Chiapas: Contin\u00faa desplazamiento forzado en los Altos por violencia e inseguridad[:]"},"content":{"rendered":"<p>[:es]Por Sare Frabes<\/p>\n<div class=\"tdb-block-inner td-fix-index\">\n<p class=\"has-small-font-size\"><em>En portada: Misi\u00f3n de observaci\u00f3n visit\u00f3 tres albergues y contabiliz\u00f3 mas de 3 mil desplazados por la violencia del crimen en Pantelh\u00f3 y Chenalh\u00f3. Foto del CDH Frayba<\/em><\/p>\n<p>M\u00e1s de tres mil personas, en su mayor\u00eda mujeres, ancian@s y ni\u00f1@s se encuentran en situaci\u00f3n de desplazamiento forzado tras la continuaci\u00f3n de sucesos violentos en el municipio de Pantelh\u00f3 y los l\u00edmites de Chenalh\u00f3, en la regi\u00f3n Altos de Chiapas.<\/p>\n<p>As\u00ed lo <a href=\"https:\/\/frayba.org.mx\/pronunciamiento-conjunto-sobre-la-situacion-de-violencia-generalizada-en-pantelho-y-la-crisis-de-desplazamiento-forzado-interno\/\" target=\"_blank\" rel=\"noreferrer noopener\">informaron organizaciones defensoras de derechos humanos<\/a>, quienes realizaron una misi\u00f3n de observaci\u00f3n el pasado s\u00e1bado (10). Seg\u00fan registraron, las familias desplazadas se encuentran entre los municipios vecinos de Chenalh\u00f3, San Crist\u00f3bal de Las Casas y San Juan Cancuc.<\/p>\n<p>De acuerdo a los testimonios recogidos por organismos de la sociedad civil, nacionales e internacionales, las v\u00edctimas del desplazamiento enfatizan tener miedo y preocupaci\u00f3n por sus vidas y las de sus familiares, pues \u201cel hecho de haberse visto forzadas a salir de sus casas no elimina el riesgo al que se encuentran expuestas, pues temen ser perseguidas y atacadas por sus agresores que siguen presentes y operando en la regi\u00f3n\u201d.<\/p>\n<p><a href=\"https:\/\/avispa.org\/chiapas-pobladores-enfrentan-grupos-criminales-miles-desplazados-por-violencia\/\" target=\"_blank\" rel=\"noreferrer noopener\"><span class=\"has-inline-color has-vivid-cyan-blue-color\">En contexto \u21d2 Chiapas: Pobladores enfrentan grupos criminales; miles desplazados por violencia<\/span><\/a><\/p>\n<p>Las organizaciones enfatizan tambi\u00e9n la falta de actuaci\u00f3n del Estado ante la contingencia, pues no ha instalado suficientes albergues ni tampoco ha implementado un mecanismo de atenci\u00f3n integral a desplazad@s, puesto que ha sido la sociedad civil, el pueblo creyente y las iglesias, quienes han reaccionado para atender la grave crisis humanitaria.<\/p>\n<p>\u201cCabe destacar que dentro de las v\u00edctimas de desplazamiento se encuentran personas defensoras de derechos humanos como la Organizaci\u00f3n de la Sociedad Civil Las Abejas de Acteal quienes han sufrido amenazas constantes por su labor a favor de la paz y la no violencia\u201d, enfatizan las organizaciones que visitaron la regi\u00f3n.<\/p>\n<p>Seg\u00fan la comunicaci\u00f3n, preocupa el alto riesgo de inseguridad alimentaria para las familias desplazadas. Tanto porque dependen totalmente de la ayuda externa para su alimentaci\u00f3n, como por el abandono de sus cultivos de milpa, frijolar, traspatios y cafetales, los cuales de no atenderse representar\u00edan la p\u00e9rdida de la producci\u00f3n de granos b\u00e1sicos para la alimentaci\u00f3n de al menos, un a\u00f1o.<\/p>\n<p>Esta situaci\u00f3n agrava a\u00fan m\u00e1s la crisis alimentaria imperante desde la pandemia del COVID-19.<\/p>\n<p>\u201cPreocupa el aislamiento en el que se encuentran estos campamentos ya que la falta de se\u00f1al telef\u00f3nica aumenta su situaci\u00f3n de riesgo frente a una probable agresi\u00f3n\u201d, denuncian las organizaciones defensoras.<\/p>\n<p>Por lo mismo, hacen un llamado urgente para garantizar las necesidades b\u00e1sicas de alimentos, sobre todo: ma\u00edz, frijol, arroz, chayotes, papas, sal; as\u00ed como de productos de higiene: jab\u00f3n, toallas femeninas, pa\u00f1ales, etc., para sostener a las familias, as\u00ed como el abastecimiento de le\u00f1a para la cocci\u00f3n de alimentos en los campamentos de desplazados.<\/p>\n<p>Durante su visita, las organizaciones atestiguaron que las principales enfermedades en los campamentos son casos de diarreas, deshidrataci\u00f3n aguda, enfermedades respiratorias y fiebres, lo cual pone en particular riesgo a menores de cinco a\u00f1os.<\/p>\n<p>Tambi\u00e9n identificaron afectaciones a la salud mental de la poblaci\u00f3n, tales como tristeza y ansiedad.<\/p>\n<p>\u201cLas condiciones actuales de hacinamiento y falta de privacidad representan un riesgo para la salud f\u00edsica y mental, para la violencia de g\u00e9nero y para la aparici\u00f3n de casos de COVID-19\u201d, sintetiza el documento difundido este jueves (15).<\/p>\n<h3 id=\"h-autoridades-locales-exigen-renuncia-de-alcaldesa-y-presidente-electo\"><span class=\"has-inline-color has-black-color\">Autoridades locales exigen renuncia de alcaldesa y presidente electo<\/span><\/h3>\n<p>El mismo s\u00e1bado (10), mediante reuni\u00f3n entre autoridades locales y representantes de 66 de las 85 comunidades que integran el municipio de Pantelh\u00f3, habitantes exigieron la renuncia de la presidenta Dayli Wendy Lorena L\u00f3pez Gochez, as\u00ed como tambi\u00e9n del presidente electo, su esposo, Raquel Trujillo Morales, por encabezar a los grupos delictivos que operan en la regi\u00f3n.<\/p>\n<p>En la reuni\u00f3n, agentes municipales, comisariados ejidales y representantes religiosos desmintieron la versi\u00f3n difundida por Trujillo Morales, quien en entrevista asegur\u00f3 mantener el respaldo de las 85 comunidades.<\/p>\n<p>\u201cEs totalmente falso que est\u00e1n formando grupos paramilitares y que est\u00e1n encabezados por el padre Marcelo P\u00e9rez P\u00e9rez, y por personas de la comunidad San Jos\u00e9 Terceros, ya que no existe tal grupo\u201d, enfatizaron tambi\u00e9n sobre la criminalizaci\u00f3n de parte del alcalde electo contra el p\u00e1rroco, quien es conocido entre la poblaci\u00f3n por denunciar las actividades criminales en los Altos de Chiapas.<\/p>\n<p>El comunicado, firmado por las autoridades rurales municipales reunidas en la comunidad San Jos\u00e9 Tercero, enfatiza su preocupaci\u00f3n por \u201cel crimen organizado que \u2018S\u00cd\u2019 est\u00e1 encabezado por Austreberto Herrera Abarca\u201d, a quien se\u00f1alan como responsable de la violencia, junto a la presidenta actual, el presidente electo y bajo la protecci\u00f3n del PRD, sus dirigentes y diputados.<\/p>\n<figure class=\"wp-block-image size-large\"><img loading=\"lazy\" decoding=\"async\" class=\"wp-image-44936\" src=\"https:\/\/avispa.org\/wp-content\/uploads\/2021\/07\/Actividades-del-crimen-organizado-orillaron-a-la-creacio\u0301n-de-autodefensas.-Foto-Cuartoscuro.jpg\" sizes=\"auto, (max-width: 955px) 100vw, 955px\" srcset=\"https:\/\/avispa.org\/wp-content\/uploads\/2021\/07\/Actividades-del-crimen-organizado-orillaron-a-la-creacio\u0301n-de-autodefensas.-Foto-Cuartoscuro.jpg 955w, https:\/\/avispa.org\/wp-content\/uploads\/2021\/07\/Actividades-del-crimen-organizado-orillaron-a-la-creacio\u0301n-de-autodefensas.-Foto-Cuartoscuro-300x170.jpg 300w, https:\/\/avispa.org\/wp-content\/uploads\/2021\/07\/Actividades-del-crimen-organizado-orillaron-a-la-creacio\u0301n-de-autodefensas.-Foto-Cuartoscuro-768x435.jpg 768w, https:\/\/avispa.org\/wp-content\/uploads\/2021\/07\/Actividades-del-crimen-organizado-orillaron-a-la-creacio\u0301n-de-autodefensas.-Foto-Cuartoscuro-696x394.jpg 696w, https:\/\/avispa.org\/wp-content\/uploads\/2021\/07\/Actividades-del-crimen-organizado-orillaron-a-la-creacio\u0301n-de-autodefensas.-Foto-Cuartoscuro-741x420.jpg 741w\" alt=\"\" width=\"955\" height=\"541\" \/><figcaption>Actividades del crimen organizado orillaron a la creacio\u0301n de autodefensas. Foto- Cuartoscuro<\/figcaption><\/figure>\n<p>Por \u00faltimo, aclararon que s\u00ed es verdad el surgimiento de \u201c<em>Autodefenzas del Pueblo de Pantelh\u00f3<\/em> ante la presencia del crimen organizado y por la ausencia total del gobierno federal y estatal\u201d.<\/p>\n<p>Por su parte, la misi\u00f3n de observaci\u00f3n que visit\u00f3 la regi\u00f3n enfatiza que la principal raz\u00f3n que ha impedido la paz dentro de las comunidades es la presencia de grupos criminales que buscan el control del territorio.<\/p>\n<p>\u201cAunado a ello se encuentra la violencia estructural que se vive en el Estado de Chiapas, que ha llevado a los pueblos a generar procesos organizativos que tienen el objetivo de hacer frente al contexto de injusticia hist\u00f3rica\u201d, se\u00f1ala el documento.<\/p>\n<p>Por lo menos de marzo de 2021 al 05 de julio se han registrado 12 personas asesinadas (entre ellas un ni\u00f1o y la ejecuci\u00f3n de Sim\u00f3n Pedro P\u00e9rez L\u00f3pez), una persona desaparecida y una mujer y un ni\u00f1o herido con arma de fuego. De acuerdo a las organizaciones defensoras de derechos humanos, \u201cestos hechos han sido perpetrados por un grupo criminal de Pantelh\u00f3 vinculado a funcionarios p\u00fablicos municipales\u201d.<\/p>\n<p>Cabe se\u00f1alar que despu\u00e9s de nueve d\u00edas del asesinato de Sim\u00f3n Pedro P\u00e9rez L\u00f3pez, la Fiscal\u00eda General del Estado de Chiapas dio a conocer la tarde de este mi\u00e9rcoles (14) la captura de Hugo Rolando \u201cN\u201d, presunto responsable por el asesinato, quien fue trasladado a la capital para determinar su situaci\u00f3n jur\u00eddica.<\/p>\n<p><a href=\"https:\/\/avispa.org\/en-chiapas-denuncian-asesinato-de-integrante-de-las-abejas-de-acteal\/\" target=\"_blank\" rel=\"noreferrer noopener\"><span class=\"has-inline-color has-vivid-cyan-blue-color\">Te puede interesar \u21d2 En Chiapas, denuncian asesinato de integrante de Las Abejas de Acteal<\/span><\/a><\/p>\n<p>Mientras, a\u00fan con la presencia de efectivos policiacos y militares, contin\u00faa el desplazamiento forzado de familias enteras, debido al temor de m\u00e1s enfrentamientos violentos.<\/p>\n<\/div>\n<p>[:]<\/p>\n","protected":false},"excerpt":{"rendered":"<p>[:es]Por Sare Frabes En portada: Misi\u00f3n de observaci\u00f3n visit\u00f3 tres albergues y contabiliz\u00f3 mas de 3 mil desplazados por la violencia del crimen en Pantelh\u00f3 y Chenalh\u00f3. Foto del CDH Frayba M\u00e1s de tres mil personas, en su mayor\u00eda mujeres, ancian@s y ni\u00f1@s se encuentran en situaci\u00f3n de desplazamiento forzado tras la continuaci\u00f3n de sucesos [&hellip;]<\/p>\n","protected":false},"author":21,"featured_media":38672,"comment_status":"open","ping_status":"closed","sticky":false,"template":"","format":"standard","meta":{"footnotes":""},"categories":[51,6,826,954,961,960,935],"tags":[917,58,782,53,106,147,23,545,87,148,27,483],"class_list":["post-38671","post","type-post","status-publish","format-standard","has-post-thumbnail","hentry","category-autor","category-chiapas","category-medios-libres-2","category-mexico","category-mujeres","category-ninxs","category-temas","tag-chiapas","tag-derechos-humanos","tag-desplazamiento-forzado","tag-justicia","tag-las-abejas-de-acteal","tag-militarizacion","tag-paramilitares","tag-pueblos-indigenas","tag-represion","tag-resistencia","tag-solidaridad","tag-tierra-y-territorio"],"_links":{"self":[{"href":"https:\/\/radiozapatista.org\/index.php?rest_route=\/wp\/v2\/posts\/38671","targetHints":{"allow":["GET"]}}],"collection":[{"href":"https:\/\/radiozapatista.org\/index.php?rest_route=\/wp\/v2\/posts"}],"about":[{"href":"https:\/\/radiozapatista.org\/index.php?rest_route=\/wp\/v2\/types\/post"}],"author":[{"embeddable":true,"href":"https:\/\/radiozapatista.org\/index.php?rest_route=\/wp\/v2\/users\/21"}],"replies":[{"embeddable":true,"href":"https:\/\/radiozapatista.org\/index.php?rest_route=%2Fwp%2Fv2%2Fcomments&post=38671"}],"version-history":[{"count":1,"href":"https:\/\/radiozapatista.org\/index.php?rest_route=\/wp\/v2\/posts\/38671\/revisions"}],"predecessor-version":[{"id":38673,"href":"https:\/\/radiozapatista.org\/index.php?rest_route=\/wp\/v2\/posts\/38671\/revisions\/38673"}],"wp:featuredmedia":[{"embeddable":true,"href":"https:\/\/radiozapatista.org\/index.php?rest_route=\/wp\/v2\/media\/38672"}],"wp:attachment":[{"href":"https:\/\/radiozapatista.org\/index.php?rest_route=%2Fwp%2Fv2%2Fmedia&parent=38671"}],"wp:term":[{"taxonomy":"category","embeddable":true,"href":"https:\/\/radiozapatista.org\/index.php?rest_route=%2Fwp%2Fv2%2Fcategories&post=38671"},{"taxonomy":"post_tag","embeddable":true,"href":"https:\/\/radiozapatista.org\/index.php?rest_route=%2Fwp%2Fv2%2Ftags&post=38671"}],"curies":[{"name":"wp","href":"https:\/\/api.w.org\/{rel}","templated":true}]}}