{"id":3861,"date":"2011-08-14T12:23:00","date_gmt":"2011-08-14T17:23:00","guid":{"rendered":"https:\/\/radiozapatista.org\/?p=3861"},"modified":"2015-08-31T09:07:22","modified_gmt":"2015-08-31T14:07:22","slug":"comunicado-las-abejas-12-de-agosto-a-dos-anos-de-la-liberacion-de-los-paramilitares","status":"publish","type":"post","link":"https:\/\/radiozapatista.org\/?p=3861","title":{"rendered":"<!--:es-->Comunicado Las Abejas 12 de agosto; a dos a\u00f1os de la liberaci\u00f3n de los paramilitares<!--:--><!--:en-->Communiqu\u00e9 by Las Abejas de Acteal &#8211; 2 years after paramilitaries are freed<!--:-->"},"content":{"rendered":"<p><!--:es--><\/p>\n<p style=\"text-align: right;\"><strong>Organizaci\u00f3n de la Sociedad Civil Las Abejas<\/strong> <strong> <em><br \/>\nTierra Sagrada de los M\u00e1rtires de Acteal<\/em><\/strong><br \/>\nActeal, Ch&#8217;enalvo&#8217;, Chiapas, M\u00e9xico.<br \/>\n12 de agosto del 2011<\/p>\n<p style=\"text-align: left;\">A todas las Organizaciones Sociales y Pol\u00edticas<br \/>\nA todos los Defensores de los Derechos Humanos<br \/>\nA la prensa Nacional e Internacional<br \/>\nA la Sociedad Civil<br \/>\nA la Otra Campa\u00f1a y<br \/>\nA la Opini\u00f3n P\u00fablica<br \/>\n<strong> <\/strong><\/p>\n<p style=\"text-align: left;\"><strong>Hermanos y hermanas:<\/strong><\/p>\n<p style=\"text-align: left;\">Hoy  12 de agosto del 2011 nos encontramos una vez m\u00e1s reunidos en la Tierra  Sagrada de Acteal para denunciar la impunidad que cubre a los asesinos  materiales e intelectuales de nuestros 45 hermanos y hermanas masacrados  el 22 de diciembre de 1997.<\/p>\n<p style=\"text-align: left;\">Hoy,  12 de agosto, mientras nosotros nos reunimos en este lugar sagrado, en  M\u00e9xico los diputados y senadores buscan la forma de aprobar una Ley de  Seguridad Nacional que legitime los abusos que comete el ej\u00e9rcito contra  los ciudadanos con el pretexto de la guerra contra el crimen  organizado. Mientras tanto sigue corriendo la sangre de esta guerra de  Felipe Calder\u00f3n y hoy, como todos los d\u00edas de este sexenio, siguen  apareciendo muertos de muerte violenta que ya han rebasado la cifra de  40 mil v\u00edctimas de la violencia.<\/p>\n<p style=\"text-align: left;\">Un  d\u00eda como hoy 12 de agosto, pero hace dos a\u00f1os, nos reunimos  sobrevivientes de la Masacre de Acteal y otros miembros de Las Abejas  enfrente de la que deber\u00eda ser la \u201cgran casa de la justicia de M\u00e9xico\u201d  pero que ese d\u00eda se convirti\u00f3 en la \u201cSuprema Corte de Injusticia de la  Naci\u00f3n\u201d por la decisi\u00f3n de sus ministros de liberar a los paramilitares  que estaban presos por ser autores materiales de la masacre de Acteal.<\/p>\n<p style=\"text-align: left;\">Hoy  12 de agosto, al leer las noticias de este d\u00eda nos damos cuenta de que  varios organismos del gobierno de Estados Unidos pr\u00e1cticamente han  tomado el control de las acciones de <em>guerra al narco<\/em> de Felipe Calder\u00f3n, como si ya no fu\u00e9ramos un pa\u00eds independiente.  Repudiamos las declaraciones de funcionarios civiles y militares de EU  que piden que la guerra de Calder\u00f3n se traslade a la \u201cfrontera sur\u201d para  traer aqu\u00ed tanta muerte y caos como ha dejado en el norte.<\/p>\n<p>Todas  estas cosas, lo hemos dicho en muchas ocasiones, no son casos aislados  ni est\u00e1n separadas entre s\u00ed. En nuestros comunicados de cada d\u00eda 22 de  cada mes hemos se\u00f1alado la relaci\u00f3n entre la guerra de contrainsurgencia  que llev\u00f3 a cabo el mal gobierno de Ernesto Zedillo en Chiapas y la  guerra dizque contra el narco que lleva a cabo el mal gobierno de Felipe  Calder\u00f3n en todo el pa\u00eds. Hemos se\u00f1alado y volvemos a se\u00f1alar hoy, la  relaci\u00f3n entre la impunidad que el gobierno y la Suprema Corte  aseguraron para los asesinos de Acteal y la violencia que hoy en d\u00eda ha  llenado de sangre y dolor las calles y campos de nuestro pa\u00eds y la vida  de miles de familias mexicanas.<\/p>\n<p style=\"text-align: left;\">Hoy vemos la confirmaci\u00f3n de lo que hemos dicho en las palabras de los profetas de Israel:<br \/>\n<em><\/em><\/p>\n<blockquote>\n<p style=\"text-align: left;\"><em>Cosas espantosas y horribles suceden en nuestra tierra<\/em> <em>y el pueblo lo tolera<\/em>(Jerem\u00edas 5, 30): <em>los  jefes de la naci\u00f3n y los magistrados encargados de la justicia hacen  odiosos los juicios y pervierten todo lo que es recto. Con sangre  edifican la naci\u00f3n y sobre la injusticia construyen la ciudad. Sus jefes  juzgan por sobornos y sus sacerdotes ense\u00f1an s\u00f3lo por la paga y sus  profetas predicen por dinero\u2026por esta causa el pa\u00eds ser\u00e1 convertido en  un mont\u00f3n de ruinas (Miqueas 3; 9- 12) y los cad\u00e1veres aparecer\u00e1n como  basura en medio de las calles <\/em>(Isa\u00edas 5, 25).<\/p>\n<\/blockquote>\n<p style=\"text-align: left;\">Por esto mismo el Se\u00f1or Dios se enfurece y permite que caiga sobre nosotros <em>la naci\u00f3n poderosa del norte\u2026empu\u00f1an sus armas; son crueles, no tienen misericordia <\/em>(Jer. 6, 22-23).<\/p>\n<p style=\"text-align: left;\">Pero si una parte del pueblo tolera por ignorancia esta situaci\u00f3n, nosotros escuchamos estas palabras: <em> &#8220;Te he puesto en la torre como un centinela en medio de mi pueblo. Conoce, pues, y observa el camino de ellos <\/em>(Jerem\u00edas  (6,27).\u00a0 Por eso, porque nuestro cargo es guardar la memoria, nacer la  vida, encender la esperanza en Acteal, porque nuestra misi\u00f3n es  construir la justicia, por eso hoy, 12 de agosto, a dos a\u00f1os de la  infamia que hicieron los ministros de la Corte, les ponemos delante de  sus caras estas palabras del profeta Jerem\u00edas:<br \/>\n<em><\/em><\/p>\n<blockquote>\n<p style=\"text-align: left;\"><em>Como  jaulas llenas de p\u00e1jaros, as\u00ed est\u00e1n sus casas llenas de fraude. As\u00ed han  llegado a ser importantes y ricos y se ven gordos y macizos. Incluso  han sobrepasado la medida del mal, puesto que han obrado injustamente,  no respetando el derecho de los hu\u00e9rfanos ni defendiendo la causa de los  pobres <\/em>(Jer. 5, 27-28).<\/p>\n<\/blockquote>\n<p style=\"text-align: left;\">\u00bfCu\u00e1l  ha sido el regalo de los ministros de la Corte para los hu\u00e9rfanos de  Acteal? Su regalo ha sido que los hu\u00e9rfanos vean pasearse tranquilamente  delante de ellos a quienes mataron a sus padres y a sus madres. Porque  las palabras de Sabines de que no iba a permitir que los paramilitares  regresar\u00e1n a Chenalh\u00f3 fueron solamente eso, palabras no hechos, porque  nosotros lo hemos visto c\u00f3mo andan libres en nuestras comunidades, los  mismos que fueron premiados por su acci\u00f3n asesina con tierras y casas en  otro municipio dizque para que no volvieran a Chenalh\u00f3. Es una burla  hacia la sangre de nuestros hermanos cuando vemos aqu\u00ed a lo responsables  de la masacre caminando tranquilamente sin recordar su crimen. Y  todav\u00eda con cinismo dicen que son inocentes, que en el d\u00eda de la masacre  estaban en otro lugar y nos dicen que somos mentirosos.<\/p>\n<p style=\"text-align: left;\">Dice  un escritor que el peor de todos los cr\u00edmenes es cuando el Estado  permite la impunidad, porque con ello le est\u00e1 dando un mensaje a todos  los criminales: pueden violar la ley y no les pasar\u00e1 nada. Eso lo vemos  muy claro con los paramilitares que asesinaron a nuestros hermanos y  hermanas en Acteal pero tambi\u00e9n es muy claro con la situaci\u00f3n actual de  violencia que ser\u00e1 incontenible mientras en M\u00e9xico no haya justicia.  Cuando los paramilitares estaban en la c\u00e1rcel y cuando hac\u00edamos careos  con ellos, nos amenazaban que cuando salieran libres iban a ver c\u00f3mo  vengarse de nosotros. Ahora es peor porque saben no s\u00f3lo que no ser\u00e1n  castigados sino que hasta reciben premios por su trabajo de asesinos.  Ahora hay una fuerte preocupaci\u00f3n, porque hemos escuchado rumores de  parte de los paramilitares liberados, que van a ver c\u00f3mo nos van a  matar, pero que ya no van a hacer una matanza m\u00faltiple, sino, a uno por  uno nos quieren matar, en emboscadas. Que porque vieron que con una  masacre como la de Acteal la sociedad civil se levanta y tiene costos  pol\u00edticos graves. Por eso dicen que mejor conviene matar a uno por uno.  Esto puede cumplirse si el mal gobierno sigue actuando como hasta ahora.  Porque las armas sabemos que ah\u00ed siguen escondidas. Pensamos que pueden  ser capaces los paramilitares de agredirnos, porque ya vieron que al  matar y servir al poder y al Estado, se obtiene la liberaci\u00f3n y dinero y  casas y tierras e impunidad total. Para desactivar esas amenazas, si el  gobierno va a seguir solapando la impunidad que por lo menos, cumpla lo  que dijo y que los paramilitares se vayan a sus tierras que les compr\u00f3  Sabines y dejen de pasearse impunemente en Chenalh\u00f3.<\/p>\n<p style=\"text-align: left;\">El  d\u00eda de hoy nos hemos reunidos porque es el segundo aniversario de la  liberaci\u00f3n de los autores materiales de la Masacre de Acteal, pero de  ninguna manera olvidamos que lo m\u00e1s importante son los autores  intelectuales de la masacre y las razones de fondo por las que el  gobierno realiz\u00f3 una acci\u00f3n criminal tan horrible. No se nos olvida  nunca que la masacre de Acteal se di\u00f3 en un contexto de Guerra de  Contrainsurgencia, en el marco de una Guerra de Baja Intensidad contra  los pueblos organizados que exig\u00edamos el cumplimiento de Los Acuerdos de  San Andr\u00e9s y la Defensa de nuestra tierras, territorios y recursos  naturales de las manos del neoliberalismo y capitalismo. El gobierno de  Ernesto Zedillo y el gobernador en Chiapas en ese entonces Julio C\u00e9sar  Ruiz Ferro formaron a grupos paramilitares quienes se encargar\u00edan de  desestabilizar la convivencia pac\u00edfica de las comunidades y meter terror  en las comunidades organizadas y cr\u00edticos ante un sistema opresor y  represor. Y esa es la verdadera causa de la masacre de Acteal.<\/p>\n<p style=\"text-align: left;\">El  mal gobierno tiene sus falsos profetas que predicen por dinero y sus  sacerdotes que le sirven por una paga, como denunciaron los verdaderos  profetas de Israel. Estos falsos profetas son los que han tratado de  reescribir la historia de Acteal gastando mucho dinero en su propaganda  escrita y audiovisual como han hecho los abogados del CIDE, H\u00e9ctor  Aguilar Cam\u00edn, Manuel Ansaldo Meneses (lider paramilitar del extinto  Partido Frente Cardenista), los Ministros de la SCJN y los medios de  comunicaci\u00f3n comprados por el Estado. Hasta una fundaci\u00f3n encontr\u00f3 en  Espa\u00f1a Ernesto Zedillo que le acaba de otorgar un premio dizque por su  \u201cTrayectoria Humana\u201d. As\u00ed de pisoteada est\u00e1 la verdad que a los  criminales se les premia mientras a las v\u00edctimas se les burlan sus  derechos. Pero a todos ellos les decimos que con nosotros no pasan sus  mentiras. Sobre su mentira triunfa la verdad que est\u00e1 de nuestro lado.  Es la verdad del pueblo que lucha, la de las v\u00edctimas y los oprimidos.  Es la verdad que no dejaremos que sea sepultada mientras podamos  mantener viva nuestra memoria.<\/p>\n<p style=\"text-align: left;\">Y  para refrescar la memoria, les ofrecemos la lista de los nombres de la  infamia, de quienes fueron los autores intelectuales de la Masacre de  Acteal:<\/p>\n<ol>\n<li><strong>Ernesto      Zedillo Ponce de Le\u00f3n expresidente de M\u00e9xico<\/strong><\/li>\n<li><strong>Emilio      Chuayffet Chemor, exsecretario de Gobernaci\u00f3n<\/strong><\/li>\n<li><strong>Gral.      Enr\u00edque Cervantes Aguirre, exsecretario de la Defensa Nacional<\/strong><\/li>\n<li><strong>Julio      C\u00e9sar Ruiz Ferro, exgobernador de Chiapas<\/strong><\/li>\n<li><strong>Homero      Tovilla Cristiani, exsecretario de gobierno de Chiapas<\/strong><\/li>\n<li><strong>Uriel      Jarquin Galvez, exsubsecretario de gobierno de Chiapas<\/strong><\/li>\n<li><strong>Jorge      Enr\u00edque Hern\u00e1ndez Aguilar, ex Secretario Ejecutivo del Consejo de      Seguridad<\/strong><\/li>\n<li><strong>David      G\u00f3mez Hern\u00e1ndez, exsubprocurador de Justicia Ind\u00edgena<\/strong><\/li>\n<li><strong>Antonio      P\u00e9rez Hern\u00e1ndez, exsecretario de SEAPI<\/strong><\/li>\n<li><strong>Gral.      Mario Ren\u00e1n Castillo, Comandante de la 7a Regi\u00f3n Militar<\/strong><\/li>\n<\/ol>\n<p>Estas  personas son responsables de crimen de lesa humanidad cometido en  Acteal. Son hombres que representan la verg\u00fcenza de M\u00e9xico. Por lo tanto  deben ser castigados y de ninguna manera deber\u00edan ocupar funciones  p\u00fablicas, ya que tiene una deuda con el pueblo chiapaneco y de M\u00e9xico.<\/p>\n<p>Las  Jornadas de acciones que realizamos por la justicia y la verdad, no son  campa\u00f1as con intereses pol\u00edticos y demag\u00f3gicas, sino, que son demandas  indispensables para acabar con la impunidad y demostrarle al estado que  no permitimos atropellos y cr\u00edmenes contra los pueblos organizados. Si  no hacemos nada hoy, la violencia, la injusticia, la impunidad lwreinar\u00e1  en nuestras comunidades, en nuestra naci\u00f3n.<\/p>\n<p>Compa\u00f1eros y compa\u00f1eras, pueblos y naciones, les pedimos que se unan a nuestras demandas:<\/p>\n<ul>\n<li><strong>Castigo a los autores intelectuales de la masacre de Acteal.<\/strong><\/li>\n<li><strong>Alto a la liberaci\u00f3n masiva de los paramilitares presos en el Amate Chiapas.<\/strong><\/li>\n<li><strong>Castigo a los autores materiales de la masacre de Acteal.<\/strong><\/li>\n<\/ul>\n<p>Y por nuestra parte tambi\u00e9n nos unimos a las demandas del Movimiento por la Paz con Justicia y Dignidad:<\/p>\n<ul>\n<li><strong>Fin a la impunidad<\/strong><\/li>\n<li><strong><\/strong><strong>Alto a la Guerra de Felipe Calder\u00f3n<\/strong><\/li>\n<li><strong>No a la Ley de Seguridad Nacional que institucionaliza la violaci\u00f3n de las garant\u00edas constitucionales por la fuerza p\u00fablica.<\/strong><\/li>\n<li><strong>Alto a la militarizaci\u00f3n.<\/strong><\/li>\n<\/ul>\n<p style=\"text-align: center;\">ATENTAMENTE<br \/>\n<strong>La voz de la Organizaci\u00f3n Sociedad Civil \u201cLas Abejas\u201d<\/strong><\/p>\n<p>Por la Mesa Directiva:<br \/>\nMariano P\u00e9rez V\u00e1zquez<br \/>\nJuan V\u00e1zquez Luna<br \/>\nJos\u00e9 Ram\u00f3n V\u00e1zquez Entz\u00edn<br \/>\nVictorio P\u00e9rez Paciencia<br \/>\nMariano P\u00e9rez S\u00e1ntiz<\/p>\n<p><!--:--><\/p>\n","protected":false},"excerpt":{"rendered":"<p>Organizaci\u00f3n de la Sociedad Civil Las Abejas Tierra Sagrada de los M\u00e1rtires de Acteal Acteal, Ch&#8217;enalvo&#8217;, Chiapas, M\u00e9xico. 12 de agosto del 2011 A todas las Organizaciones Sociales y Pol\u00edticas A todos los Defensores de los Derechos Humanos A la prensa Nacional e Internacional A la Sociedad Civil A la Otra Campa\u00f1a y A la [&hellip;]<\/p>\n","protected":false},"author":1,"featured_media":0,"comment_status":"open","ping_status":"open","sticky":false,"template":"","format":"standard","meta":{"footnotes":""},"categories":[183],"tags":[106,23],"class_list":["post-3861","post","type-post","status-publish","format-standard","hentry","category-blog","tag-las-abejas-de-acteal","tag-paramilitares"],"_links":{"self":[{"href":"https:\/\/radiozapatista.org\/index.php?rest_route=\/wp\/v2\/posts\/3861","targetHints":{"allow":["GET"]}}],"collection":[{"href":"https:\/\/radiozapatista.org\/index.php?rest_route=\/wp\/v2\/posts"}],"about":[{"href":"https:\/\/radiozapatista.org\/index.php?rest_route=\/wp\/v2\/types\/post"}],"author":[{"embeddable":true,"href":"https:\/\/radiozapatista.org\/index.php?rest_route=\/wp\/v2\/users\/1"}],"replies":[{"embeddable":true,"href":"https:\/\/radiozapatista.org\/index.php?rest_route=%2Fwp%2Fv2%2Fcomments&post=3861"}],"version-history":[{"count":0,"href":"https:\/\/radiozapatista.org\/index.php?rest_route=\/wp\/v2\/posts\/3861\/revisions"}],"wp:attachment":[{"href":"https:\/\/radiozapatista.org\/index.php?rest_route=%2Fwp%2Fv2%2Fmedia&parent=3861"}],"wp:term":[{"taxonomy":"category","embeddable":true,"href":"https:\/\/radiozapatista.org\/index.php?rest_route=%2Fwp%2Fv2%2Fcategories&post=3861"},{"taxonomy":"post_tag","embeddable":true,"href":"https:\/\/radiozapatista.org\/index.php?rest_route=%2Fwp%2Fv2%2Ftags&post=3861"}],"curies":[{"name":"wp","href":"https:\/\/api.w.org\/{rel}","templated":true}]}}