{"id":38549,"date":"2021-07-13T12:26:21","date_gmt":"2021-07-13T17:26:21","guid":{"rendered":"https:\/\/radiozapatista.org\/?p=38549"},"modified":"2021-07-14T16:49:50","modified_gmt":"2021-07-14T21:49:50","slug":"travesia-por-la-vida-del-ezln-bienvenidas-en-el-estado-espanol","status":"publish","type":"post","link":"https:\/\/radiozapatista.org\/?p=38549","title":{"rendered":"Traves\u00eda por la Vida del EZLN: bienvenidas en el Estado Espa\u00f1ol"},"content":{"rendered":"<p><\/p>\n<h3><\/h3>\n<div id=\"attachment_38614\" style=\"width: 970px\" class=\"wp-caption aligncenter\"><a href=\"https:\/\/radiozapatista.org\/?attachment_id=38614\" rel=\"attachment wp-att-38614\"><img loading=\"lazy\" decoding=\"async\" aria-describedby=\"caption-attachment-38614\" class=\"wp-image-38614 size-full\" src=\"https:\/\/radiozapatista.org\/wp-content\/uploads\/2021\/07\/Esc421Extremadura.jpeg\" alt=\"\" width=\"960\" height=\"712\" srcset=\"https:\/\/radiozapatista.org\/wp-content\/uploads\/2021\/07\/Esc421Extremadura.jpeg 960w, https:\/\/radiozapatista.org\/wp-content\/uploads\/2021\/07\/Esc421Extremadura-350x260.jpeg 350w, https:\/\/radiozapatista.org\/wp-content\/uploads\/2021\/07\/Esc421Extremadura-768x570.jpeg 768w\" sizes=\"auto, (max-width: 960px) 100vw, 960px\" \/><\/a><p id=\"caption-attachment-38614\" class=\"wp-caption-text\">El Escuadr\u00f3n 421 del EZLN a su llegada a tierras de Extremadura, en su recorrido de bienvenida por el Estado Espa\u00f1ol. Foto: Caracol Extremadura.<\/p><\/div>\n<p>En el pa\u00eds de la muerte so\u00f1aron un planeta vivo. Y para contagiar a mucha gente de ganas de habitarlo de nuevo, pues optaron por compartir ese sue\u00f1o, as\u00ed que desde el cementerio gigante en que se ha convertido M\u00e9xico, desde su esquina m\u00e1s olvidada por lo que sea que signifique la justicia, dise\u00f1aron una traves\u00eda por la vida. Se reunieron durante meses para sacar acuerdo en lenguas diversas, en asambleas de gente libre que se ha procurado un buen gobierno. Conscientes de la profundidad del dolor que nos inflama las venas, las comunidades rebeldes aut\u00f3nomas de Chiapas eligieron a quienes llevar\u00edan la voz, la escucha y la fuerza del zapatismo a diversas partes del mundo.<\/p>\n<p>Y lleg\u00f3 a buen puerto el sue\u00f1o. Un escuadr\u00f3n de siete personas fue el primero en cruzar el Oc\u00e9ano Atl\u00e1ntico para desembarcar en Vigo, Galiza, el 22 de junio pasado, y renombrar Europa como\u00a0Slumil K&#8217;ajxemk&#8217;op: &#8220;Tierra Insumisa&#8221;, o &#8220;Tierra que no se Resigna, que no Desmaya&#8221;. Carolina, Bernal, Ximena, Marijose, Yuli, Lupita y Felipe (Escuadr\u00f3n 421 del EZLN) navegaron siete semanas con el capit\u00e1n Ludwig y su tripulaci\u00f3n aventurera. Otras personas llegar\u00e1n por aire. Comenzar\u00e1 entonces esta traves\u00eda por la vida, dise\u00f1ada en medio de una pandemia que, aqu\u00ed en M\u00e9xico, ha dejado centenares de miles de muertes y de familias rotas por la negligencia criminal de un gobierno in\u00fatil que ha estimulado la violencia, ha militarizado el pa\u00eds como nunca, ha paralizado el sistema de salud p\u00fablica, ha desde\u00f1ado la dignidad de todas nuestras luchas y ha facilitado la consolidaci\u00f3n de la hegemon\u00eda econ\u00f3mica y pol\u00edtica del narcotr\u00e1fico.<\/p>\n<p>En espera de sus compas que llegar\u00e1n por aire y de camino hacia Par\u00eds, Francia, el Escuadr\u00f3n 421 comenz\u00f3 a fines de junio un recorrido por comunidades aut\u00f3nomas del Estado Espa\u00f1ol que les han dado la bienvenida en actividades p\u00fablicas diversas. Como si fueran olas que empapan y golpean la tierra firme, la colectividad zapatista y su obstinaci\u00f3n por la vida est\u00e1n alborotando a muchos grupos que llevan tiempo organiz\u00e1ndose, trabajando y so\u00f1ando tambi\u00e9n con el planeta vivo que merecemos habitar. La diversidad de luchas, cantos, poemas, danzas, pinturas, aplausos o gritos que han recibido al zapatismo tras su llegada a Galiza, han hecho vibrar calles, museos, teatros, ramblas, puertos y plazas con el mensaje articulado de rebeld\u00edas y resistencias organizadas que, desde muchas lenguas y distintas expresiones corporales, no dejar\u00e1n morir la flor de la palabra. He aqu\u00ed una peque\u00f1a ventana para asomarnos a esas entra\u00f1ables bienvenidas.<\/p>\n<h3><strong>M\u00e9rida<\/strong><\/h3>\n<p><em>S\u00edntesis en audio de la bienvenida en M\u00e9rida <\/em>(3:32 min): [podcast]https:\/\/radiozapatista.org\/wp-content\/uploads\/2021\/07\/revisada_mezclaextremadura.mp3[\/podcast]<\/p>\n<p>Hay cuatro M\u00e9ridas en el mundo. Esta M\u00e9rida de la provincia de Badajoz, Comunidad Aut\u00f3noma de Extremadura, Estado Espa\u00f1ol, lleva en su nombre la huella de la colonizaci\u00f3n romana. Las otras -en M\u00e9xico, en Filipinas, en Venezuela&#8211; se nombraron a partir de ella, de la Em\u00e9rita Augusta que naci\u00f3 como s\u00edmbolo de la presencia militar romana en el a\u00f1o 25 a.C., para luego repartirse por los continentes como s\u00edmbolo de la colonizaci\u00f3n espa\u00f1ola. Ese enclave ubicado a unos 500 km del puerto de Vigo, donde pisara tierra el Escuadr\u00f3n 421 del Ej\u00e9rcito Zapatista de Liberaci\u00f3n Nacional hace dos semanas, preserva un espectacular Teatro Romano que sigue vivo como espacio para representaciones. El 30 de junio llegaron hasta \u00e9l Yuli, Lupita, Ximena, Carolina, Marijose, Felipe y Bernal. Les acompa\u00f1\u00f3 el Caracol Extremadura (la articulaci\u00f3n que se conform\u00f3 para recibirles en Europa) con visita guiada del lugar y su historia, fotograf\u00edas sobre el escenario y buen \u00e1nimo, como el que us\u00f3 un compa del caracol para hablar de una \u201cinvasi\u00f3n a la inversa\u201d, y luego afirmar: \u201caqu\u00ed es donde vendremos a celebrar la ca\u00edda del imperio\u201d.<\/p>\n<div id=\"attachment_38613\" style=\"width: 1450px\" class=\"wp-caption aligncenter\"><a href=\"https:\/\/radiozapatista.org\/?attachment_id=38613\" rel=\"attachment wp-att-38613\"><img loading=\"lazy\" decoding=\"async\" aria-describedby=\"caption-attachment-38613\" class=\"wp-image-38613 size-full\" src=\"https:\/\/radiozapatista.org\/wp-content\/uploads\/2021\/07\/CaracolExtremadura30-jun.jpeg\" alt=\"\" width=\"1440\" height=\"1068\" srcset=\"https:\/\/radiozapatista.org\/wp-content\/uploads\/2021\/07\/CaracolExtremadura30-jun.jpeg 1440w, https:\/\/radiozapatista.org\/wp-content\/uploads\/2021\/07\/CaracolExtremadura30-jun-350x260.jpeg 350w, https:\/\/radiozapatista.org\/wp-content\/uploads\/2021\/07\/CaracolExtremadura30-jun-768x570.jpeg 768w, https:\/\/radiozapatista.org\/wp-content\/uploads\/2021\/07\/CaracolExtremadura30-jun-1024x759.jpeg 1024w\" sizes=\"auto, (max-width: 1440px) 100vw, 1440px\" \/><\/a><p id=\"caption-attachment-38613\" class=\"wp-caption-text\">El Escuadr\u00f3n 421 del EZLN visita el Teatro Romano de M\u00e9rida, Estado Espa\u00f1ol. Foto: Caracol Extremadura.<\/p><\/div>\n<p>Con los grupos visitantes y locales sentados en la \u2018cavea\u2019 (nombre en lat\u00edn para las gradas del teatro) hubo m\u00e1s explicaciones hist\u00f3ricas, aplausos y las infaltables consignas libertarias, seguidas por una visita al Museo Nacional de Arte Romano que alberga el famoso mosaico en cuyas teselas se ilustra el origen del nombre de este continente. All\u00ed pudo ver el Escuadr\u00f3n 421 la imagen del \u201cRapto de Europa\u201d, la hermosa princesa fenicia secuestrada por Zeus, ese dios que se ocult\u00f3 en la figura de un toro blanco para llevar a la joven Europa hasta la isla de Creta, donde pudo violentarla.<\/p>\n<p>Extremadura como comunidad aut\u00f3noma, con sus dos provincias de C\u00e1ceres y Badajoz, se encuentra al centro-sur del Estado Espa\u00f1ol y tiene su propio estilo para hablar el \u201ccastilla\u201d. Ese estilo propio recibi\u00f3 a la representaci\u00f3n zapatista el mi\u00e9rcoles 30 de junio en la estaci\u00f3n de trenes de M\u00e9rida con una \u2018marcha reivindicativa y pasacalles l\u00fadico\u2019 hasta la plaza de Santa Mar\u00eda. Portando mantas que resum\u00edan luchas: \u201cPor un mundo donde quepan muchos mundos. Caracol Extremadura\u201d, \u201cNo al tren maya. No al A.V.E. S\u00ed al tren que une a los pueblos\u201d. Durante la marcha retumbaron fuerte por las calles de M\u00e9rida varias consignas: \u00a1Anti-anti-anticapitalistas!, \u00a1NO a la mina, S\u00ed a la vida!, \u00a1Que vivan las luchas de las mujeres!, \u00a1Ninguna persona es ilegal!, \u00a1Zapata vive, la lucha sigue!, \u00a1De norte a sur, de este a oeste, la lucha sigue cueste lo que cueste!, \u00a1EZLN!\u201d<\/p>\n<p>A la llegada a la plaza hubo rap feminista, lectura de poemas y palabras del Caracol Extremadura y sus luchas desde varias plataformas colectivas, antifascistas, ecologistas y de mujeres, refugiadas de las dos provincias de C\u00e1ceres y Badajoz.<\/p>\n<p>(<a href=\"https:\/\/www.algranoextremadura.org\/caracolextremadura\">https:\/\/www.algranoextremadura.org\/caracolextremadura<\/a>)<\/p>\n<p>Para el Caracol Extremadura, \u201cesto es un regalo\u201d pues \u201cnos comenzamos a juntar las invisibilizadas, las ecologistas, las feministas, las anticapitalistas. Invitamos a todoas a que se junten. Somos varios colectivos, no todos han podido venir.\u201d<\/p>\n<p>El Caracol M\u00e9rida tom\u00f3 la palabra y se\u00f1al\u00f3 que \u201ctoda la gente que estamos en esta plaza somos de luchas desde abajo. Damos la bienvenida a vosotras, vosotros y a Marijose. Pero sobretodo que veng\u00e1is a traernos agua fresca de all\u00e1 de este M\u00e9xico lindo que no es tan lindo pero que su lucha es grande. Bienvenidas todas las luchas, porque si no estamos organizadas nos vencer\u00e1 el capital que tiene nombre y apellidos y lugar de residencia.\u201d<\/p>\n<p>La CNT de Extremadura celebr\u00f3 que haya tantas mujeres reunidas y agradeci\u00f3 al EZLN \u201csus a\u00f1os de resistencia\u201d, su \u201cestar aqu\u00ed\u201d y \u201chaber sido\u00a0 tanto tiempo una luz\u201d. Luego agregaron: \u201ccompartimos con ustedes el rojo y el negro. Es la primera vez que vemos una convocatoria con tantas mujeres.\u201d<\/p>\n<p>En el mismo tono de reconocimiento a la lucha de las comunidades zapatistas hablaron el CSOA de la Algarroba Negra, Mujeres Sembrando, el Frente Sur Andal\u00fa, el Ateneo Libertario M\u00e9rida, Ecologistas en Acci\u00f3n, el Colectivo de la Vera, la Red Solidaridad, el Campamento Dignidad as\u00ed como muchas compa\u00f1eras y compa\u00f1eros a t\u00edtulo personal.<\/p>\n<p>Sus participaciones han coincidido en celebrar la presencia zapatista como un impulso para la reciprocidad organizativa en la que se escuchan frases como \u201cqueremos aprender de ustedes\u201d y entregar todo \u201clo que podamos aportar\u201d, \u201csu llegada es una inspiraci\u00f3n muy grande para juntar esfuerzos\u201d, \u201cesperamos hacer un mundo mejor\u201d, \u201cles recibimos con ilusi\u00f3n&#8221;, \u201chab\u00e9is empezado una revoluci\u00f3n porque se est\u00e1n juntando los colectivos y aunando los esfuerzos, \u201cla defensa de la vida nos la jugamos tambi\u00e9n aqu\u00ed\u201d, \u201cel capitalismo no es compatible con la vida\u201d, \u201custedes nos inspiran\u201d, \u201cestamos en la lucha del pueblo\u201d, \u201cgracias por haber venido\u201d.<\/p>\n<p>Una modesta multitud muy combativa acompa\u00f1\u00f3 con palmas las intervenciones de cierre, cuando varias compa\u00f1eras leyeron poemas, danzaron y taconearon, cuando rapearon como mujeres que luchan.<\/p>\n<p><strong><em>Ve y escucha la transmisi\u00f3n del evento el 30 de junio de 2021 en M\u00e9rida a trav\u00e9s de <a href=\"https:\/\/fb.watch\/6smJdbnwTE\/\">https:\/\/fb.watch\/6smJdbnwTE\/<\/a> por Caracol Extremadura o tambi\u00e9n desde el enlace <a href=\"https:\/\/fb.watch\/v\/5uWEWU74y\/\">https:\/\/fb.watch\/v\/5uWEWU74y\/<\/a> por <a href=\"http:\/\/Guilhotina.info\">Guilhotina.info<\/a>.<\/em><\/strong><\/p>\n<p>&nbsp;<\/p>\n<p><img loading=\"lazy\" decoding=\"async\" class=\"aligncenter wp-image-38620 size-full\" src=\"https:\/\/radiozapatista.org\/wp-content\/uploads\/2021\/07\/193348683_116625563945917_794522795492366499_n.jpg\" alt=\"\" width=\"820\" height=\"239\" srcset=\"https:\/\/radiozapatista.org\/wp-content\/uploads\/2021\/07\/193348683_116625563945917_794522795492366499_n.jpg 820w, https:\/\/radiozapatista.org\/wp-content\/uploads\/2021\/07\/193348683_116625563945917_794522795492366499_n-350x102.jpg 350w, https:\/\/radiozapatista.org\/wp-content\/uploads\/2021\/07\/193348683_116625563945917_794522795492366499_n-768x224.jpg 768w\" sizes=\"auto, (max-width: 820px) 100vw, 820px\" \/><\/p>\n<h3><\/h3>\n<h3>Madrid<\/h3>\n<p><em>S\u00edntesis en audio de la bienvenida en Madrid<\/em> (2 min): [podcast]https:\/\/radiozapatista.org\/wp-content\/uploads\/2021\/07\/mezclamadrid.mp3[\/podcast]<\/p>\n<p>\u201cGracias por traer vuestro mundo a nuestro mundo\u201d, dijo uno de los ni\u00f1os que cargaban un gran barco de cart\u00f3n con una estrella roja, un caracol, la bandera zapatista y la palabra \u201cEuropa\u201d en grandes letras. Enseguida, otros ni\u00f1os entregaron, a lxs visiblemente emocionadxs miembrxs del Escuadr\u00f3n 421, dibujos de la traves\u00eda mar\u00edtima, seguidos por una ni\u00f1a con una bandera negra con las 12 estrellas de la rebautizada Uni\u00f3n Europea, con las palabras \u201cSlumil K\u2019ajxemk\u2019op\u201d escritas en el centro: Tierra Insumisa.<\/p>\n\n\t\t<style type=\"text\/css\">\n\t\t\t#gallery-1 {\n\t\t\t\tmargin: auto;\n\t\t\t}\n\t\t\t#gallery-1 .gallery-item {\n\t\t\t\tfloat: left;\n\t\t\t\tmargin-top: 10px;\n\t\t\t\ttext-align: center;\n\t\t\t\twidth: 50%;\n\t\t\t}\n\t\t\t#gallery-1 img {\n\t\t\t\tborder: 2px solid #cfcfcf;\n\t\t\t}\n\t\t\t#gallery-1 .gallery-caption {\n\t\t\t\tmargin-left: 0;\n\t\t\t}\n\t\t\t\/* see gallery_shortcode() in wp-includes\/media.php *\/\n\t\t<\/style>\n\t\t<div id='gallery-1' class='gallery galleryid-38549 gallery-columns-2 gallery-size-full'><dl class='gallery-item'>\n\t\t\t<dt class='gallery-icon landscape'>\n\t\t\t\t<a href='https:\/\/radiozapatista.org\/wp-content\/uploads\/2021\/07\/Bienvenida-en-Madrid-al-Escuadro\u0301n-421-del-EZLN-11.jpg'><img loading=\"lazy\" decoding=\"async\" width=\"1000\" height=\"667\" src=\"https:\/\/radiozapatista.org\/wp-content\/uploads\/2021\/07\/Bienvenida-en-Madrid-al-Escuadro\u0301n-421-del-EZLN-11.jpg\" class=\"attachment-full size-full\" alt=\"\" srcset=\"https:\/\/radiozapatista.org\/wp-content\/uploads\/2021\/07\/Bienvenida-en-Madrid-al-Escuadro\u0301n-421-del-EZLN-11.jpg 1000w, https:\/\/radiozapatista.org\/wp-content\/uploads\/2021\/07\/Bienvenida-en-Madrid-al-Escuadro\u0301n-421-del-EZLN-11-350x233.jpg 350w, https:\/\/radiozapatista.org\/wp-content\/uploads\/2021\/07\/Bienvenida-en-Madrid-al-Escuadro\u0301n-421-del-EZLN-11-768x512.jpg 768w, https:\/\/radiozapatista.org\/wp-content\/uploads\/2021\/07\/Bienvenida-en-Madrid-al-Escuadro\u0301n-421-del-EZLN-11-700x466.jpg 700w\" sizes=\"auto, (max-width: 1000px) 100vw, 1000px\" \/><\/a>\n\t\t\t<\/dt><\/dl><dl class='gallery-item'>\n\t\t\t<dt class='gallery-icon landscape'>\n\t\t\t\t<a href='https:\/\/radiozapatista.org\/wp-content\/uploads\/2021\/07\/Bienvenida-en-Madrid-al-Escuadro\u0301n-421-del-EZLN-02.jpg'><img loading=\"lazy\" decoding=\"async\" width=\"1000\" height=\"667\" src=\"https:\/\/radiozapatista.org\/wp-content\/uploads\/2021\/07\/Bienvenida-en-Madrid-al-Escuadro\u0301n-421-del-EZLN-02.jpg\" class=\"attachment-full size-full\" alt=\"\" srcset=\"https:\/\/radiozapatista.org\/wp-content\/uploads\/2021\/07\/Bienvenida-en-Madrid-al-Escuadro\u0301n-421-del-EZLN-02.jpg 1000w, https:\/\/radiozapatista.org\/wp-content\/uploads\/2021\/07\/Bienvenida-en-Madrid-al-Escuadro\u0301n-421-del-EZLN-02-350x233.jpg 350w, https:\/\/radiozapatista.org\/wp-content\/uploads\/2021\/07\/Bienvenida-en-Madrid-al-Escuadro\u0301n-421-del-EZLN-02-768x512.jpg 768w, https:\/\/radiozapatista.org\/wp-content\/uploads\/2021\/07\/Bienvenida-en-Madrid-al-Escuadro\u0301n-421-del-EZLN-02-700x466.jpg 700w\" sizes=\"auto, (max-width: 1000px) 100vw, 1000px\" \/><\/a>\n\t\t\t<\/dt><\/dl><br style=\"clear: both\" \/>\n\t\t<\/div>\n\n<p>Era el 3 de julio de 2021, y la delegaci\u00f3n mar\u00edtima zapatista se acababa de presentar, a su llegada a la capital del Estado Espa\u00f1ol despu\u00e9s de su paso por Extremadura. La bienvenida era en el Teatro del Barrio, en el barrio de Lavapi\u00e9s, en el centro de Madrid. No es casual que estuvieran all\u00ed, en ese teatro y en ese barrio. Lavapi\u00e9s ha sido y es barrio y\u00a0 barriada o, como dir\u00edan los tepite\u00f1os del otro lado del charco, barrio bravo, barrio <em>macabr\u00f3n<\/em>. Barrio obrero, de migrantes y contracultural, &#8216;perif\u00e9rico&#8217; en pleno centro, donde en otros tiempos proliferaron las \u201ccorralas\u201d, el equivalente de las vecindades mexicanas, paup\u00e9rrimas estructuras habitacionales pero llenas de vida y convivencia vecinal. Durante la Guerra Civil el franquismo mantuvo al barrio en completo abandono. Pero la decadencia y el abandono de muchos inmuebles dio lugar, en la d\u00e9cada de 1990, al surgimiento de okupas libertarias, asociaciones y movimientos vecinales, haciendo de ese barrio uno de los m\u00e1s combativos de Madrid. Hoy Lavapi\u00e9s enfrenta y resiste las pol\u00edticas gentrificadoras que intentan desplazar a sus habitantes para convertirlo en centro inofensivo para consumo tur\u00edstico. Lavapi\u00e9s, sin embargo, resiste.<\/p>\n<p>Uno de los focos de resistencia y reexistencia es justamente el <a href=\"\u201dhttps:\/\/teatrodelbarrio.com\/proyecto-barrio\/\u201d\" target=\"\u201d_blank\u201d\">Teatro del Barrio<\/a>. Fundado en 2013 como forma de combatir \u201cla ignorancia, el miedo y la apat\u00eda\u201d, el Teatro del Barrio se organiza como cooperativa y se autodefine como \u201casamblea permanente\u201d. Adem\u00e1s de la programaci\u00f3n de teatro, m\u00fasica, poes\u00eda y baile, el proyecto incluye talleres de formaci\u00f3n art\u00edstica, una Universidad del Barrio (espacio de encuentro, debate y difusi\u00f3n de cultura hist\u00f3rica, econ\u00f3mica, pol\u00edtica y art\u00edstica) y los Martes Ciudadanos (donde colectivos, organizaciones y grupos de personas realizan proyecciones, debates, mesas redondas, coloquios, presentaciones de libros y m\u00e1s).<\/p>\n<p>\u201cOs damos la bienvenida desde la reci\u00e9n bautizada por vosotras Tierra Insumisa. No m\u00e1s Europa, no m\u00e1s La Europa fortaleza. Nos hab\u00e9is dado un regalo, porque renombrar las cosas nos permite nuevos imaginarios, nuevos mundos, nuevos marcos para pensar\u201d, dijo la activista antirracista M\u00f3nica Gortayre, quien condujo el acto de bienvenida, y a\u00f1adi\u00f3: \u201cMadrid os recibe en lucha\u201d, antes de dar un breve resumen del contexto en el que en Madrid reciben a lxs zapatistas.<\/p>\n<p><em>&#8220;Madrid os recibe en lucha&#8221;<\/em> (4 min): [podcast]https:\/\/radiozapatista.org\/wp-content\/uploads\/2021\/07\/bienvenidateatro.mp3[\/podcast]<\/p>\n<p>\u201cEl Covid nos pill\u00f3 de sorpresa pero reaccionamos r\u00e1pido. Nos organizamos en redes vecinales de apoyo, en cajas de resistencia, comida, ropa y medicinas, pero sobre todo calor humano\u201d, dijo. Y es que Madrid es la ciudad en donde la pandemia se ha cobrado m\u00e1s vidas en el pa\u00eds mientras la derecha, que gobierna\u00a0 Madrid y la Comunidad Aut\u00f3noma del mismo nombre, la ha utilizado como instrumento pol\u00edtico,\u00a0 extenuando y precarizando su sistema de salud, manipulando su incidencia y relajando medidas de seguridad para fomentar la llegada del turismo supeditando la salud a la econom\u00eda. Las esperp\u00e9nticas manifestaciones en contra de las restricciones pand\u00e9micas en los barrios m\u00e1s acaudalados y privilegiados de la ciudad en sus autos de lujo con banderas espa\u00f1olas y franquistas clamando &#8216;libertad&#8217; constrastaron con la dignidad de los barrios populares y de clase trabajadora que se auto organizaron para construir redes de cuidados comunitarios:<\/p>\n<p>\u201cDefendemos cada centro de salud de cada calle en cada barrio\u201d, dijo M\u00f3nica. \u201cLuchamos para evitar los desalojos y los desahucios, contra la destrucci\u00f3n de barrios y del tejido asociativo, defendiendo la educaci\u00f3n, contra las fronteras, que causan muerte cada d\u00eda en el mar, contra el racismo y el machismo y todas sus violencias.\u201d<\/p>\n\n\t\t<style type=\"text\/css\">\n\t\t\t#gallery-2 {\n\t\t\t\tmargin: auto;\n\t\t\t}\n\t\t\t#gallery-2 .gallery-item {\n\t\t\t\tfloat: left;\n\t\t\t\tmargin-top: 10px;\n\t\t\t\ttext-align: center;\n\t\t\t\twidth: 33%;\n\t\t\t}\n\t\t\t#gallery-2 img {\n\t\t\t\tborder: 2px solid #cfcfcf;\n\t\t\t}\n\t\t\t#gallery-2 .gallery-caption {\n\t\t\t\tmargin-left: 0;\n\t\t\t}\n\t\t\t\/* see gallery_shortcode() in wp-includes\/media.php *\/\n\t\t<\/style>\n\t\t<div id='gallery-2' class='gallery galleryid-38549 gallery-columns-3 gallery-size-full'><dl class='gallery-item'>\n\t\t\t<dt class='gallery-icon landscape'>\n\t\t\t\t<a href='https:\/\/radiozapatista.org\/wp-content\/uploads\/2021\/07\/Bienvenida-en-Madrid-al-Escuadro\u0301n-421-del-EZLN-06.jpg'><img loading=\"lazy\" decoding=\"async\" width=\"1000\" height=\"683\" src=\"https:\/\/radiozapatista.org\/wp-content\/uploads\/2021\/07\/Bienvenida-en-Madrid-al-Escuadro\u0301n-421-del-EZLN-06.jpg\" class=\"attachment-full size-full\" alt=\"\" srcset=\"https:\/\/radiozapatista.org\/wp-content\/uploads\/2021\/07\/Bienvenida-en-Madrid-al-Escuadro\u0301n-421-del-EZLN-06.jpg 1000w, https:\/\/radiozapatista.org\/wp-content\/uploads\/2021\/07\/Bienvenida-en-Madrid-al-Escuadro\u0301n-421-del-EZLN-06-350x239.jpg 350w, https:\/\/radiozapatista.org\/wp-content\/uploads\/2021\/07\/Bienvenida-en-Madrid-al-Escuadro\u0301n-421-del-EZLN-06-768x525.jpg 768w\" sizes=\"auto, (max-width: 1000px) 100vw, 1000px\" \/><\/a>\n\t\t\t<\/dt><\/dl><dl class='gallery-item'>\n\t\t\t<dt class='gallery-icon landscape'>\n\t\t\t\t<a href='https:\/\/radiozapatista.org\/wp-content\/uploads\/2021\/07\/Bienvenida-en-Madrid-al-Escuadro\u0301n-421-del-EZLN-03.jpg'><img loading=\"lazy\" decoding=\"async\" width=\"1000\" height=\"667\" src=\"https:\/\/radiozapatista.org\/wp-content\/uploads\/2021\/07\/Bienvenida-en-Madrid-al-Escuadro\u0301n-421-del-EZLN-03.jpg\" class=\"attachment-full size-full\" alt=\"\" srcset=\"https:\/\/radiozapatista.org\/wp-content\/uploads\/2021\/07\/Bienvenida-en-Madrid-al-Escuadro\u0301n-421-del-EZLN-03.jpg 1000w, https:\/\/radiozapatista.org\/wp-content\/uploads\/2021\/07\/Bienvenida-en-Madrid-al-Escuadro\u0301n-421-del-EZLN-03-350x233.jpg 350w, https:\/\/radiozapatista.org\/wp-content\/uploads\/2021\/07\/Bienvenida-en-Madrid-al-Escuadro\u0301n-421-del-EZLN-03-768x512.jpg 768w, https:\/\/radiozapatista.org\/wp-content\/uploads\/2021\/07\/Bienvenida-en-Madrid-al-Escuadro\u0301n-421-del-EZLN-03-700x466.jpg 700w\" sizes=\"auto, (max-width: 1000px) 100vw, 1000px\" \/><\/a>\n\t\t\t<\/dt><\/dl><dl class='gallery-item'>\n\t\t\t<dt class='gallery-icon landscape'>\n\t\t\t\t<a href='https:\/\/radiozapatista.org\/wp-content\/uploads\/2021\/07\/Bienvenida-en-Madrid-al-Escuadro\u0301n-421-del-EZLN-12.jpg'><img loading=\"lazy\" decoding=\"async\" width=\"1000\" height=\"667\" src=\"https:\/\/radiozapatista.org\/wp-content\/uploads\/2021\/07\/Bienvenida-en-Madrid-al-Escuadro\u0301n-421-del-EZLN-12.jpg\" class=\"attachment-full size-full\" alt=\"\" srcset=\"https:\/\/radiozapatista.org\/wp-content\/uploads\/2021\/07\/Bienvenida-en-Madrid-al-Escuadro\u0301n-421-del-EZLN-12.jpg 1000w, https:\/\/radiozapatista.org\/wp-content\/uploads\/2021\/07\/Bienvenida-en-Madrid-al-Escuadro\u0301n-421-del-EZLN-12-350x233.jpg 350w, https:\/\/radiozapatista.org\/wp-content\/uploads\/2021\/07\/Bienvenida-en-Madrid-al-Escuadro\u0301n-421-del-EZLN-12-768x512.jpg 768w, https:\/\/radiozapatista.org\/wp-content\/uploads\/2021\/07\/Bienvenida-en-Madrid-al-Escuadro\u0301n-421-del-EZLN-12-700x466.jpg 700w\" sizes=\"auto, (max-width: 1000px) 100vw, 1000px\" \/><\/a>\n\t\t\t<\/dt><\/dl><br style=\"clear: both\" \/>\n\t\t<\/div>\n\n<p>La intenci\u00f3n de la traves\u00eda zapatista por la vida en Europa tiene como objetivo compartir experiencias y enlazar luchas, para enfrentar el sistema global de muerte. Los testimonios que escuchamos en Madrid dan cuenta de que esto ya est\u00e1 sucediendo, de hecho desde antes de la llegada del Escuadr\u00f3n 421. El proceso de organizaci\u00f3n para recibir a la delegaci\u00f3n zapatista dio lugar a debates, charlas, exposiciones, murales colectivos. \u201cVivimos un 1 de Mayo interseccional maravilloso, como no se hab\u00eda visto en Madrid hace mucho tiempo. Est\u00e1bamos unidas en la inmensa diversidad, al mandato que nos dijisteis cuando ven\u00edas: organ\u00edcense.\u201d<\/p>\n<p>De la comisi\u00f3n jur\u00eddica, Ar\u00e1nzazu repas\u00f3 la lucha zapatista y su resonancia en Slumil K\u2019ajxemk\u2019op. \u201cLa revoluci\u00f3n zapatista nos despert\u00f3 para recordar que lo pol\u00edtico no est\u00e1 arriba, sino con los de abajo. Vuestra lucha tambi\u00e9n es nuestra.\u201d<\/p>\n<p>Entrelazando luchas, Nuria \u00c1lvarez, del colectivo Acci\u00f3n Po\u00e9tica Revolucionaria, en una de las tres intervenciones po\u00e9ticas del d\u00eda, cre\u00f3 un puente entre Ayotzinapa y la lucha colombiana actual, con los poemas \u201cAyotzinapa a un a\u00f1o\u201d y \u201cLos desaparecidos de Colombia\u201d.<\/p>\n<p>Pablo Mayoral, miembro de la Comuna de presos y presas represaliados por el franquismo, reconoci\u00f3 que la traves\u00eda zapatista los motiv\u00f3 a volverse a encontrar y a continuar la lucha por la memoria hist\u00f3rica y contra la dictadura franquista, que \u201choy vuelve a estar presente en nuestras instituciones pol\u00edticas\u201d.<\/p>\n<p>Tati, de la Plataforma de Encuentros Bolleros, un \u201cespacio de mujeres y otroas que se identifican como lesbianas\u201d fundado hace tres a\u00f1os, dijo que \u201cla lucha zapatista ha sido rayo de luz que nos va guiando con su hacer, con los siete principios y, para nosotras, especialmente con la Ley revolucionaria de mujeres. Eso nos ha cambiado la vida.\u201d Y Mirayes, del Movimiento Marika, dijo: \u201cEl eco rebelde de vuestras palabras influye en lo que nosotras hoy somos. (\u2026) Sus palabras nos resuenan tanto que nos hacen pensar, reflexionar, mirarnos de frente para reconocer qui\u00e9nes somos y c\u00f3mo nos gustar\u00eda ser\u201d.<\/p>\n\n\t\t<style type=\"text\/css\">\n\t\t\t#gallery-3 {\n\t\t\t\tmargin: auto;\n\t\t\t}\n\t\t\t#gallery-3 .gallery-item {\n\t\t\t\tfloat: left;\n\t\t\t\tmargin-top: 10px;\n\t\t\t\ttext-align: center;\n\t\t\t\twidth: 50%;\n\t\t\t}\n\t\t\t#gallery-3 img {\n\t\t\t\tborder: 2px solid #cfcfcf;\n\t\t\t}\n\t\t\t#gallery-3 .gallery-caption {\n\t\t\t\tmargin-left: 0;\n\t\t\t}\n\t\t\t\/* see gallery_shortcode() in wp-includes\/media.php *\/\n\t\t<\/style>\n\t\t<div id='gallery-3' class='gallery galleryid-38549 gallery-columns-2 gallery-size-full'><dl class='gallery-item'>\n\t\t\t<dt class='gallery-icon landscape'>\n\t\t\t\t<a href='https:\/\/radiozapatista.org\/wp-content\/uploads\/2021\/07\/Bienvenida-en-Madrid-al-Escuadro\u0301n-421-del-EZLN-20.jpg'><img loading=\"lazy\" decoding=\"async\" width=\"1000\" height=\"702\" src=\"https:\/\/radiozapatista.org\/wp-content\/uploads\/2021\/07\/Bienvenida-en-Madrid-al-Escuadro\u0301n-421-del-EZLN-20.jpg\" class=\"attachment-full size-full\" alt=\"\" srcset=\"https:\/\/radiozapatista.org\/wp-content\/uploads\/2021\/07\/Bienvenida-en-Madrid-al-Escuadro\u0301n-421-del-EZLN-20.jpg 1000w, https:\/\/radiozapatista.org\/wp-content\/uploads\/2021\/07\/Bienvenida-en-Madrid-al-Escuadro\u0301n-421-del-EZLN-20-350x246.jpg 350w, https:\/\/radiozapatista.org\/wp-content\/uploads\/2021\/07\/Bienvenida-en-Madrid-al-Escuadro\u0301n-421-del-EZLN-20-768x539.jpg 768w\" sizes=\"auto, (max-width: 1000px) 100vw, 1000px\" \/><\/a>\n\t\t\t<\/dt><\/dl><dl class='gallery-item'>\n\t\t\t<dt class='gallery-icon landscape'>\n\t\t\t\t<a href='https:\/\/radiozapatista.org\/wp-content\/uploads\/2021\/07\/Bienvenida-en-Madrid-al-Escuadro\u0301n-421-del-EZLN-22.jpg'><img loading=\"lazy\" decoding=\"async\" width=\"1000\" height=\"667\" src=\"https:\/\/radiozapatista.org\/wp-content\/uploads\/2021\/07\/Bienvenida-en-Madrid-al-Escuadro\u0301n-421-del-EZLN-22.jpg\" class=\"attachment-full size-full\" alt=\"\" srcset=\"https:\/\/radiozapatista.org\/wp-content\/uploads\/2021\/07\/Bienvenida-en-Madrid-al-Escuadro\u0301n-421-del-EZLN-22.jpg 1000w, https:\/\/radiozapatista.org\/wp-content\/uploads\/2021\/07\/Bienvenida-en-Madrid-al-Escuadro\u0301n-421-del-EZLN-22-350x233.jpg 350w, https:\/\/radiozapatista.org\/wp-content\/uploads\/2021\/07\/Bienvenida-en-Madrid-al-Escuadro\u0301n-421-del-EZLN-22-768x512.jpg 768w, https:\/\/radiozapatista.org\/wp-content\/uploads\/2021\/07\/Bienvenida-en-Madrid-al-Escuadro\u0301n-421-del-EZLN-22-700x466.jpg 700w\" sizes=\"auto, (max-width: 1000px) 100vw, 1000px\" \/><\/a>\n\t\t\t<\/dt><\/dl><br style=\"clear: both\" \/>\n\t\t<\/div>\n\n<p>Rafaela Pimentel, de Territorio Dom\u00e9stico, una organizaci\u00f3n de trabajadoras del hogar fundada en 2006, insisti\u00f3 en que todas las luchas son para todos y todas. La osad\u00eda zapatista de atravesar el Atl\u00e1ntico y cruzar fronteras resuena con los miles de migrantes que cruzan las fronteras todos los d\u00edas, arriesgando (y muchas veces entregando) sus vidas, enfrentando racismo, explotaci\u00f3n y violencia, como buena parte de las trabajadoras del hogar.<\/p>\n<p>Desde luego, la fiesta y la alegr\u00eda no pod\u00edan faltar, con la m\u00fasica de los grupos Puerto Vaiv\u00e9n y Calle Siete.<\/p>\n<p>M\u00e1s tarde, el Escuadr\u00f3n 421, acompa\u00f1ado de lxs organizadores y dem\u00e1s presentes, se dirigieron a la Plaza Arturo Barea, mejor conocida como Plaza Agust\u00edn Lara, en el mismo barrio de Lavapi\u00e9s, para una breve pero emotiva despedida.<\/p>\n<p>All\u00ed, un mensaje de los colectivos de apoyo a Kurdist\u00e1n y a la revoluci\u00f3n de Rojava, justamente en ese 3 de julio, d\u00eda de acci\u00f3n global por la defensa de Kurdist\u00e1n:<\/p>\n<blockquote><p>\u201cDamos la bienvenida a La Monta\u00f1a. Deseamos que vuestro viaje por la Europa de abajo y a la izquierda traiga la brisa limpia de la Selva Lacandona a esta vieja Europa enferma de ego\u00edsmo y soberbia. Muy al oriente de aqu\u00ed, all\u00e1 donde Europa se junta con Asia, se encuentran las altas monta\u00f1as de Kurdist\u00e1n. En esas monta\u00f1as y en las planicies que la rodean se expandi\u00f3 la revoluci\u00f3n neol\u00edtica hace 10 mil a\u00f1os. Y desde hace 40 se gesta una nueva revoluci\u00f3n, hermana de la revoluci\u00f3n zapatista. La democracia de base, la liberaci\u00f3n de g\u00e9nero y la defensa de la tierra son los pilares de la revoluci\u00f3n de Rojava, que hoy se encuentra en peligro inminente a causa de la invasi\u00f3n de Turqu\u00eda y sus hordas yijadistas.\u201d<\/p><\/blockquote>\n<p>Finalizando la jornada, Marijose, a nombre del Escuadr\u00f3n 421, comparti\u00f3 unas palabras de despedida, recordando que, aunque el Escuadr\u00f3n part\u00eda, ellas u otra delegaci\u00f3n zapatista regresar\u00e1n en los pr\u00f3ximos meses.<\/p>\n\n\t\t<style type=\"text\/css\">\n\t\t\t#gallery-4 {\n\t\t\t\tmargin: auto;\n\t\t\t}\n\t\t\t#gallery-4 .gallery-item {\n\t\t\t\tfloat: left;\n\t\t\t\tmargin-top: 10px;\n\t\t\t\ttext-align: center;\n\t\t\t\twidth: 50%;\n\t\t\t}\n\t\t\t#gallery-4 img {\n\t\t\t\tborder: 2px solid #cfcfcf;\n\t\t\t}\n\t\t\t#gallery-4 .gallery-caption {\n\t\t\t\tmargin-left: 0;\n\t\t\t}\n\t\t\t\/* see gallery_shortcode() in wp-includes\/media.php *\/\n\t\t<\/style>\n\t\t<div id='gallery-4' class='gallery galleryid-38549 gallery-columns-2 gallery-size-full'><dl class='gallery-item'>\n\t\t\t<dt class='gallery-icon landscape'>\n\t\t\t\t<a href='https:\/\/radiozapatista.org\/wp-content\/uploads\/2021\/07\/Bienvenida-en-Madrid-al-Escuadro\u0301n-421-del-EZLN-26.jpg'><img loading=\"lazy\" decoding=\"async\" width=\"1000\" height=\"670\" src=\"https:\/\/radiozapatista.org\/wp-content\/uploads\/2021\/07\/Bienvenida-en-Madrid-al-Escuadro\u0301n-421-del-EZLN-26.jpg\" class=\"attachment-full size-full\" alt=\"\" srcset=\"https:\/\/radiozapatista.org\/wp-content\/uploads\/2021\/07\/Bienvenida-en-Madrid-al-Escuadro\u0301n-421-del-EZLN-26.jpg 1000w, https:\/\/radiozapatista.org\/wp-content\/uploads\/2021\/07\/Bienvenida-en-Madrid-al-Escuadro\u0301n-421-del-EZLN-26-350x235.jpg 350w, https:\/\/radiozapatista.org\/wp-content\/uploads\/2021\/07\/Bienvenida-en-Madrid-al-Escuadro\u0301n-421-del-EZLN-26-768x515.jpg 768w\" sizes=\"auto, (max-width: 1000px) 100vw, 1000px\" \/><\/a>\n\t\t\t<\/dt><\/dl><dl class='gallery-item'>\n\t\t\t<dt class='gallery-icon landscape'>\n\t\t\t\t<a href='https:\/\/radiozapatista.org\/wp-content\/uploads\/2021\/07\/Bienvenida-en-Madrid-al-Escuadro\u0301n-421-del-EZLN-24.jpg'><img loading=\"lazy\" decoding=\"async\" width=\"1000\" height=\"667\" src=\"https:\/\/radiozapatista.org\/wp-content\/uploads\/2021\/07\/Bienvenida-en-Madrid-al-Escuadro\u0301n-421-del-EZLN-24.jpg\" class=\"attachment-full size-full\" alt=\"\" srcset=\"https:\/\/radiozapatista.org\/wp-content\/uploads\/2021\/07\/Bienvenida-en-Madrid-al-Escuadro\u0301n-421-del-EZLN-24.jpg 1000w, https:\/\/radiozapatista.org\/wp-content\/uploads\/2021\/07\/Bienvenida-en-Madrid-al-Escuadro\u0301n-421-del-EZLN-24-350x233.jpg 350w, https:\/\/radiozapatista.org\/wp-content\/uploads\/2021\/07\/Bienvenida-en-Madrid-al-Escuadro\u0301n-421-del-EZLN-24-768x512.jpg 768w, https:\/\/radiozapatista.org\/wp-content\/uploads\/2021\/07\/Bienvenida-en-Madrid-al-Escuadro\u0301n-421-del-EZLN-24-700x466.jpg 700w\" sizes=\"auto, (max-width: 1000px) 100vw, 1000px\" \/><\/a>\n\t\t\t<\/dt><\/dl><br style=\"clear: both\" \/><dl class='gallery-item'>\n\t\t\t<dt class='gallery-icon landscape'>\n\t\t\t\t<a href='https:\/\/radiozapatista.org\/wp-content\/uploads\/2021\/07\/Bienvenida-en-Madrid-al-Escuadro\u0301n-421-del-EZLN-30.jpg'><img loading=\"lazy\" decoding=\"async\" width=\"1000\" height=\"679\" src=\"https:\/\/radiozapatista.org\/wp-content\/uploads\/2021\/07\/Bienvenida-en-Madrid-al-Escuadro\u0301n-421-del-EZLN-30.jpg\" class=\"attachment-full size-full\" alt=\"\" srcset=\"https:\/\/radiozapatista.org\/wp-content\/uploads\/2021\/07\/Bienvenida-en-Madrid-al-Escuadro\u0301n-421-del-EZLN-30.jpg 1000w, https:\/\/radiozapatista.org\/wp-content\/uploads\/2021\/07\/Bienvenida-en-Madrid-al-Escuadro\u0301n-421-del-EZLN-30-350x238.jpg 350w, https:\/\/radiozapatista.org\/wp-content\/uploads\/2021\/07\/Bienvenida-en-Madrid-al-Escuadro\u0301n-421-del-EZLN-30-768x521.jpg 768w\" sizes=\"auto, (max-width: 1000px) 100vw, 1000px\" \/><\/a>\n\t\t\t<\/dt><\/dl><dl class='gallery-item'>\n\t\t\t<dt class='gallery-icon landscape'>\n\t\t\t\t<a href='https:\/\/radiozapatista.org\/wp-content\/uploads\/2021\/07\/Bienvenida-en-Madrid-al-Escuadro\u0301n-421-del-EZLN-25.jpg'><img loading=\"lazy\" decoding=\"async\" width=\"1500\" height=\"1053\" src=\"https:\/\/radiozapatista.org\/wp-content\/uploads\/2021\/07\/Bienvenida-en-Madrid-al-Escuadro\u0301n-421-del-EZLN-25.jpg\" class=\"attachment-full size-full\" alt=\"\" srcset=\"https:\/\/radiozapatista.org\/wp-content\/uploads\/2021\/07\/Bienvenida-en-Madrid-al-Escuadro\u0301n-421-del-EZLN-25.jpg 1500w, https:\/\/radiozapatista.org\/wp-content\/uploads\/2021\/07\/Bienvenida-en-Madrid-al-Escuadro\u0301n-421-del-EZLN-25-350x246.jpg 350w, https:\/\/radiozapatista.org\/wp-content\/uploads\/2021\/07\/Bienvenida-en-Madrid-al-Escuadro\u0301n-421-del-EZLN-25-768x539.jpg 768w, https:\/\/radiozapatista.org\/wp-content\/uploads\/2021\/07\/Bienvenida-en-Madrid-al-Escuadro\u0301n-421-del-EZLN-25-1024x719.jpg 1024w\" sizes=\"auto, (max-width: 1500px) 100vw, 1500px\" \/><\/a>\n\t\t\t<\/dt><\/dl><br style=\"clear: both\" \/>\n\t\t<\/div>\n\n<p style=\"text-align: center;\"><small>Fotos de la bienvenida en Madrid: <a href=\"https:\/\/www.elsaltodiario.com\/\" target=\"_blank\" rel=\"noopener\">El Salto<\/a><\/small><\/p>\n<p><strong><em>Ve y escucha la transmisi\u00f3n del acto pol\u00edtico-cultural en el Teatro del Barrio en Madrid el 3 de julio de 2021 a trav\u00e9s de <a href=\"https:\/\/fb.watch\/v\/9CNr-_DaI\/\">https:\/\/fb.watch\/v\/9CNr-_DaI\/<\/a> por Rebel Streaming o <a href=\"https:\/\/www.youtube.com\/watch?v=S0QHuN3sp7A\">https:\/\/www.youtube.com\/watch?v=S0QHuN3sp7A<\/a> por el canal del Teatro del Barrio, y la despedida del Escuadr\u00f3n 421 en la Plaza Arturo Barea (Agust\u00edn Lara) en <a href=\"https:\/\/fb.watch\/6I9eQSt-sO\/\">https:\/\/fb.watch\/6I9eQSt-sO\/<\/a> por Y Retiemble.<\/em><\/strong><\/p>\n<h3>Pa\u00eds Valenci\u00e0<\/h3>\n<p><em>S\u00edntesis en audio de la bienvenida en Valencia <\/em>(2 min): [podcast]https:\/\/radiozapatista.org\/wp-content\/uploads\/2021\/07\/mezclavalencia.mp3[\/podcast]<\/p>\n<p>La gran Plaza de la Virgen (Pla\u00e7a de la Mare de D\u00e9u) reson\u00f3 con vivas y aplausos de cientos de personas cuando lleg\u00f3 el Escuadr\u00f3n 421, este 5 de julio, resguardado\u00a0 por el equipo de seguridad como medida sanitaria ante la pandemia.<\/p>\n<p style=\"text-align: left;\"><a href=\"https:\/\/radiozapatista.org\/wp-content\/uploads\/2021\/07\/valencia5.jpg\"><img loading=\"lazy\" decoding=\"async\" class=\"aligncenter size-large wp-image-38593\" src=\"https:\/\/radiozapatista.org\/wp-content\/uploads\/2021\/07\/valencia5-1024x386.jpg\" alt=\"\" width=\"1024\" height=\"386\" srcset=\"https:\/\/radiozapatista.org\/wp-content\/uploads\/2021\/07\/valencia5-1024x386.jpg 1024w, https:\/\/radiozapatista.org\/wp-content\/uploads\/2021\/07\/valencia5-350x132.jpg 350w, https:\/\/radiozapatista.org\/wp-content\/uploads\/2021\/07\/valencia5-768x290.jpg 768w, https:\/\/radiozapatista.org\/wp-content\/uploads\/2021\/07\/valencia5.jpg 1220w\" sizes=\"auto, (max-width: 1024px) 100vw, 1024px\" \/><\/a>Fotograf\u00eda de <span class=\"d2edcug0 hpfvmrgz qv66sw1b c1et5uql lr9zc1uh a8c37x1j keod5gw0 nxhoafnm aigsh9s9 d3f4x2em fe6kdd0r mau55g9w c8b282yb iv3no6db jq4qci2q a3bd9o3v knj5qynh oo9gr5id hzawbc8m\" dir=\"auto\">Ra\u00fal Ruiz<\/span><\/p>\n<p>La Plaza de la Virgen es punto neur\u00e1lgico de la vida social de la ciudad de Valencia, provincia que junto con la de Alicante y Castell\u00f3n configuran la Comunidad Valenciana. La Plaza es punto en donde confluye y se entrecruza la historia citadina desde la \u00e9poca romana en el siglo II A.C., con importantes emblemas como su Catedral y la Plaza de L&#8217;Almoina, herencia de 2 mil a\u00f1os de historia. Al igual que otros barrios como el de Benimaclet, Russafa o el mar\u00edtimo de El Cabanyal, el centro hist\u00f3rico al que pertenece la plaza ha sido afectado por la gentrificaci\u00f3n y la turistificaci\u00f3n.<\/p>\n<p>No fueron pocos los esfuerzos previos para hacer posible no s\u00f3lo esta bienvenida, sino tambi\u00e9n los encuentros posteriores cuando la Traves\u00eda por la Vida zapatista regrese, despu\u00e9s de la llegada de la delegaci\u00f3n a\u00e9rea del EZLN, Congreso Nacional Ind\u00edgena y el Frente de los Pueblos en Defensa de la Tierra.<\/p>\n<p>Desde hace muchos meses se conform\u00f3 en el Pa\u00eds Valenci\u00e0 la <em><a href=\"https:\/\/www.cgtpv.org\/xarxa-solidaria-gira-per-la-vida\/\">Xarxa Solid\u00e0ria Gira per la Vida<\/a> <\/em>(Red Solidaria Gira por la Vida), un espacio donde se encuentran m\u00e1s de 40 colectivos, asambleas, organizaciones y personas, aglutinando luchas en defensa del territorio y la vivienda, por la soberan\u00eda alimentaria, migrantes y antirracistas, feministas, ecologistas, de solidaridad internacionalista, de econom\u00eda social, centros sociales ocupados y autogestionados y m\u00e1s.<\/p>\n<p>Como en las dem\u00e1s geograf\u00edas por donde ha pasado hasta ahora la delegaci\u00f3n zapatista, el eje fundamental de la lucha por la vida es la convergencia en la divergencia, la politizaci\u00f3n de la diferencia. \u201cVertebrarnos desde la diversidad de las luchas, re-conocernos y fortalecernos desde las diferencias de todo aquello que nos hace iguales\u201d, as\u00ed lo expresaron cuando se present\u00f3 la Xarxa en la Plaza Poeta Miguel Hern\u00e1ndez en Valencia el pasado 2 de mayo, el mismo d\u00eda en que el nav\u00edo La Monta\u00f1a zarp\u00f3 rumbo a Europa llevando consigo al Escuadr\u00f3n 421.<\/p>\n<p>As\u00ed, la bienvenida en la Plaza de la Virgen fue punto de encuentro de una gran diversidad de luchas. La migraci\u00f3n y la lucha antirracista estuvieron de nuevo presentes con las participaciones de la <a href=\"https:\/\/abriendofronteras.net\/\">Caravana Abriendo Fronteras (Obrint Fronteres)<\/a> y <a href=\"https:\/\/regularizacionya.com\/\">Regularizaci\u00f3n Ya<\/a>. Emilia, de la Caravana Abriendo Fronteras, hizo hincapi\u00e9 en la criminal hipocres\u00eda de los Estados europeos, que, mientras explotan los recursos y riquezas de otros pa\u00edses, reprimen a los migrantes que huyen de esa misma devastaci\u00f3n, causando \u201cla muerte de miles de personas en el mar, en el desierto, en los bosques, de fr\u00edo, de hambre, ahogada\u201d.<\/p>\n<div class=\"wp-playlist wp-audio-playlist wp-playlist-light\">\n\t\t\t<div class=\"wp-playlist-current-item\"><\/div>\n\t\t<audio controls=\"controls\" preload=\"none\" width=\"640\"\n\t\t\t><\/audio>\n\t<div class=\"wp-playlist-next\"><\/div>\n\t<div class=\"wp-playlist-prev\"><\/div>\n\t<noscript>\n\t<ol>\n\t\t<li><a href='https:\/\/radiozapatista.org\/wp-content\/uploads\/2021\/07\/abriendofronteras.mp3'>Abriendo Fronteras<\/a><\/li><li><a href='https:\/\/radiozapatista.org\/wp-content\/uploads\/2021\/07\/regularizacionya.mp3'>Regularizaci\u00f3n Ya<\/a><\/li>\t<\/ol>\n\t<\/noscript>\n\t<script type=\"application\/json\" class=\"wp-playlist-script\">{\"type\":\"audio\",\"tracklist\":true,\"tracknumbers\":true,\"images\":true,\"artists\":false,\"tracks\":[{\"src\":\"https:\/\/radiozapatista.org\/wp-content\/uploads\/2021\/07\/abriendofronteras.mp3\",\"type\":\"audio\/mpeg\",\"title\":\"Abriendo Fronteras\",\"caption\":\"Caravana Abriendo Fronteras\",\"description\":\"Abriendo Fronteras\",\"meta\":{\"genre\":\"Blues\",\"length_formatted\":\"1:13\"},\"image\":{\"src\":\"https:\/\/radiozapatista.org\/wp-includes\/images\/media\/audio.svg\",\"width\":48,\"height\":64},\"thumb\":{\"src\":\"https:\/\/radiozapatista.org\/wp-includes\/images\/media\/audio.svg\",\"width\":48,\"height\":64}},{\"src\":\"https:\/\/radiozapatista.org\/wp-content\/uploads\/2021\/07\/regularizacionya.mp3\",\"type\":\"audio\/mpeg\",\"title\":\"Regularizaci\\u00f3n Ya\",\"caption\":\"Regularizaci\\u00f3n Ya\",\"description\":\"Regularizaci\\u00f3n Ya\",\"meta\":{\"genre\":\"Blues\",\"length_formatted\":\"2:38\"},\"image\":{\"src\":\"https:\/\/radiozapatista.org\/wp-includes\/images\/media\/audio.svg\",\"width\":48,\"height\":64},\"thumb\":{\"src\":\"https:\/\/radiozapatista.org\/wp-includes\/images\/media\/audio.svg\",\"width\":48,\"height\":64}}]}<\/script>\n<\/div>\n\t\n<p>\u201cHoy les recibimos con dolor y con rabia\u201d, saludaron las compa\u00f1eras de Regularizaci\u00f3n Ya, un movimiento de trabajadoras y trabajadores, jornaleros, del hogar y cuidados, sexuales, manteras y manteros y activistas antirracistas. Denunciaron que el pasado 31 de diciembre de 2020 Espa\u00f1a se abstuvo de la resoluci\u00f3n de la ONU por la lucha contra el racismo, posicion\u00e1ndose as\u00ed del lado de la opresi\u00f3n y el racismo institucional, \u201cen este pa\u00eds donde los migrantes mueren privados de asistencia m\u00e9dica de urgencia, donde la polic\u00eda mata por el color de piel, donde no se respetan los protocolos para el derecho al asilo y al refugio\u201d.<\/p>\n<p>La migraci\u00f3n tambi\u00e9n estuvo presente con dos miembros senegaleses de la comunidad Baay Faal en Valencia, que encontraron un paralelo entre su traves\u00eda de un mes en el mar para llegar al Estado Espa\u00f1ol y la traves\u00eda zapatista a bordo de La Monta\u00f1a. Entre cantos religiosos, explicaron el sentido del culto Baay Faal, una de las tres grandes hermandades isl\u00e1micas de Senegal, derivada del muridismo.<\/p>\n<div class=\"wp-playlist wp-audio-playlist wp-playlist-light\">\n\t\t\t<div class=\"wp-playlist-current-item\"><\/div>\n\t\t<audio controls=\"controls\" preload=\"none\" width=\"640\"\n\t\t\t><\/audio>\n\t<div class=\"wp-playlist-next\"><\/div>\n\t<div class=\"wp-playlist-prev\"><\/div>\n\t<noscript>\n\t<ol>\n\t\t<li><a href='https:\/\/radiozapatista.org\/wp-content\/uploads\/2021\/07\/cantossenegal.mp3'>Comunidad Baay Faal en Valencia<\/a><\/li>\t<\/ol>\n\t<\/noscript>\n\t<script type=\"application\/json\" class=\"wp-playlist-script\">{\"type\":\"audio\",\"tracklist\":true,\"tracknumbers\":true,\"images\":true,\"artists\":false,\"tracks\":[{\"src\":\"https:\/\/radiozapatista.org\/wp-content\/uploads\/2021\/07\/cantossenegal.mp3\",\"type\":\"audio\/mpeg\",\"title\":\"Comunidad Baay Faal en Valencia\",\"caption\":\"Comunidad Baay Faal en Valencia\",\"description\":\"\\\"cantossenegal\\\". G\\u00e9nero: Blues.\",\"meta\":{\"genre\":\"Blues\",\"length_formatted\":\"5:23\"},\"image\":{\"src\":\"https:\/\/radiozapatista.org\/wp-includes\/images\/media\/audio.svg\",\"width\":48,\"height\":64},\"thumb\":{\"src\":\"https:\/\/radiozapatista.org\/wp-includes\/images\/media\/audio.svg\",\"width\":48,\"height\":64}}]}<\/script>\n<\/div>\n\t\n<p>El v\u00ednculo entre la migraci\u00f3n y la lucha feminista encontr\u00f3 voz con la colectiva Mujeres, Voces y Resistencia, \u201cque acoge diversas expresiones feministas y antirracistas y que busca denunciar las violencias (\u2026) que atraviesan las vidas y procesos de las mujeres migrantes racializadas en el territorio espa\u00f1ol\u201d. En el acto, las compa\u00f1eras leyeron un extracto de la obra\u00a0 \u201cLa isla de los lobos\u201d de Constanza Carlesi. Tambi\u00e9n presente estuvo la <a href=\"https:\/\/www.facebook.com\/assembleafeministavalencia\/\">Assemblea Feminista Val\u00e8ncia<\/a>, que naci\u00f3 a partir de la organizaci\u00f3n de la Huelga Feminista de 2018 y mantiene una lucha anticapitalista, antirracista y decolonial desde un enfoque feminista.<\/p>\n<p>La lucha por la soberan\u00eda alimentaria estuvo representada por <a href=\"https:\/\/spgecollaures.org\/\">Ecollaures<\/a>, un colectivo de proyectos agroecol\u00f3gicos organizados en asamblea alrededor de Valencia.<\/p>\n<p>Tambi\u00e9n estuvo presente <a href=\"https:\/\/laverduleria.org\/\">La Verduler\u00eda<\/a>, un centro social autogestionado donde se re\u00fanen varios colectivos: un colectivo transfeminista, un grupo de consumo solidario, una biblioteca, un fondo de resistencia y, m\u00e1s recientemente, un grupo transfeminista de apoyo a la gira por la vida.<\/p>\n<p>La <a href=\"https:\/\/kolectivosparke.org\/\">Koordinadora de Kolectivos del Parke<\/a> es un proyecto comunitario establecido desde 1985 para enfrentar la pobreza y defender los derechos de los m\u00e1s vulnerables en el barrio perif\u00e9rico de Parque Alcosa, al sur de Valencia. \u201cUn barrio abandonado por las instituciones, pero con mucha organizaci\u00f3n vecinal ante problem\u00e1ticas sist\u00e9micas: desempleo, exclusi\u00f3n, empobrecimiento, vivienda, prisi\u00f3n y represi\u00f3n.\u201d<\/p>\n<p>El <a href=\"https:\/\/horta.noblogs.org\/\">Centro Social Ocupado Anarquista L&#8217;Horta<\/a> es una casa del pueblo que resiste la urbanizaci\u00f3n en el barrio de Benimaclet y que incluye biblioteca, patrimonio restaurado, zona agr\u00edcola, talleres comunitarios, reuniones y educaci\u00f3n.<\/p>\n<p>Luchando tambi\u00e9n por la vida digna en Valencia, <a href=\"https:\/\/entrebarris.org\/\">EntreBarris<\/a> es una red de colectivos y asociaciones vecinales de varios barrios que luchan contra la turistificaci\u00f3n de la ciudad.<\/p>\n<p>La Comissi\u00f3 Ciutat-Port, conformada por asociaciones ecologistas, vecinales y de defensa del territorio, lucha contra la ampliaci\u00f3n del puerto de Valencia, \u201ccomo icono de una actividad completamente destructora del territorio\u201d.<\/p>\n<p>Desde 2012, la Plataforma para la Defensa y Protecci\u00f3n de Les Moles de Paterna, ha luchado contra la construcci\u00f3n de un gran centro comercial en un territorio lleno de vida. Despu\u00e9s de casi 10 a\u00f1os de lucha, dos semanas antes de este encuentro, los esfuerzos se vieron coronados con la cancelaci\u00f3n del proyecto.<\/p>\n<p>Frenem la Contaminaci\u00f3 del Grau de Castell\u00f3, es una organizaci\u00f3n vecinal que lucha contra la contaminaci\u00f3n por parte de un gran complejo petroqu\u00edmico industrial.<\/p>\n<p>Tambi\u00e9n estuvo presente la reci\u00e9n creada Plataforma contra la ampliaci\u00f3n del by-pass (No a l&#8217;ampliaci\u00f3 del by-pass) de Valencia (un tramo de la autov\u00eda A-7 que rodea la ciudad), un proyecto de 144 millones de euros con graves efectos ecol\u00f3gicos.<\/p>\n<p>Los medios libres tambi\u00e9n dieron su palabra: <a href=\"https:\/\/radiomalva.org\/\">Radio Malva<\/a>, radio libre y feminista de Valencia; <a href=\"https:\/\/directa.cat\/el-viatge-zapatista-per-la-defensa-de-la-vida-i-lintercanvi-de-lluites\/\">La Directa<\/a>, medio libre de investigaci\u00f3n, independiente, asamble\u00edsta, autogestionado y feminista en catal\u00e1n; la <a href=\"https:\/\/sindicatcos.cat\/\">Coordinadora Obrera Sindical<\/a> de clase y feminista de los pa\u00edses catalanes y la <a href=\"https:\/\/www.cgtvalencia.org\/\">CGT<\/a> (Confederaci\u00f3n General del Trabajo).<\/p>\n<p>La lucha internacionalista estuvo presente con varias organizaciones de solidaridad con la lucha zapatista como la Asamblea de Solidaridad con M\u00e9xico PV y otras luchas en el mundo, incluyendo al <span class=\"d2edcug0 hpfvmrgz qv66sw1b c1et5uql lr9zc1uh a8c37x1j keod5gw0 nxhoafnm aigsh9s9 d3f4x2em fe6kdd0r mau55g9w c8b282yb iv3no6db jq4qci2q a3bd9o3v knj5qynh oo9gr5id hzawbc8m\" dir=\"auto\"><span class=\"d2edcug0 hpfvmrgz qv66sw1b c1et5uql lr9zc1uh jq4qci2q a3bd9o3v knj5qynh oo9gr5id hzawbc8m\">Grupo autogestionado de Boicot, Desinversions i Sancions (BDS) a Israel del Pa\u00eds Valenci\u00e0 o <\/span><\/span>la Xarxa Internacionalista Valenciana que trabaja \u201cdesde perspectivas anticolonialistas, feministas, anticapitalistas y de defensa del territorio\u201d. Las expresiones de apoyo resonaron fuerte: \u201c\u00a1Sahara Zapatista! \u00a1Kurdist\u00e1n Zapatista! \u00a1Palestina Zapatista! \u00a1Pa\u00eds Valenci\u00e0 Zapatista!\u201d Otras organizaciones internacionalistas incluyeron la Coordinadora AMANDLA, CEDSALA, EntrePobles PV, Pau i Solidaritat, la Intersindical de Dones y Perif\u00e8ries del M\u00f2n.<\/p>\n<div class=\"wp-playlist wp-audio-playlist wp-playlist-light\">\n\t\t\t<div class=\"wp-playlist-current-item\"><\/div>\n\t\t<audio controls=\"controls\" preload=\"none\" width=\"640\"\n\t\t\t><\/audio>\n\t<div class=\"wp-playlist-next\"><\/div>\n\t<div class=\"wp-playlist-prev\"><\/div>\n\t<noscript>\n\t<ol>\n\t\t<li><a href='https:\/\/radiozapatista.org\/wp-content\/uploads\/2021\/07\/xarxaintervalenciana.mp3'>Xarxa Internacionalista Valenciana<\/a><\/li>\t<\/ol>\n\t<\/noscript>\n\t<script type=\"application\/json\" class=\"wp-playlist-script\">{\"type\":\"audio\",\"tracklist\":true,\"tracknumbers\":true,\"images\":true,\"artists\":false,\"tracks\":[{\"src\":\"https:\/\/radiozapatista.org\/wp-content\/uploads\/2021\/07\/xarxaintervalenciana.mp3\",\"type\":\"audio\/mpeg\",\"title\":\"Xarxa Internacionalista Valenciana\",\"caption\":\"Xarxa Internacionalista Valenciana\",\"description\":\"Xarxa Internacionalista Valenciana\",\"meta\":{\"genre\":\"Blues\",\"length_formatted\":\"2:24\"},\"image\":{\"src\":\"https:\/\/radiozapatista.org\/wp-includes\/images\/media\/audio.svg\",\"width\":48,\"height\":64},\"thumb\":{\"src\":\"https:\/\/radiozapatista.org\/wp-includes\/images\/media\/audio.svg\",\"width\":48,\"height\":64}}]}<\/script>\n<\/div>\n\t\n<p>Como siempre, la m\u00fasica y la poes\u00eda no pod\u00edan estar ausentes, con las participaciones de La Postissa, la rapera Tesa, el m\u00fasico Xavi Sarri\u00e0, Los Chatarreros y\u00a0 el poeta Enrique Falc\u00f3n. Al final del evento, Marijose dio unas palabras de agradecimiento a nombre del Escuadr\u00f3n 421.<\/p>\n<p><strong><em>Ve tambi\u00e9n la bella cr\u00f3nica vivenciada que nos env\u00eda la compa\u00f1era valenciana periodista Josema de Miguel, &#8220;<a href=\"https:\/\/radiozapatista.org\/?p=38598\">Bienvenidas a Val\u00e8ncia, compa\u00f1eras zapatistas<\/a>&#8220;.<\/em><\/strong><\/p>\n<div class=\"wp-playlist wp-video-playlist wp-playlist-light\">\n\t\t<video controls=\"controls\" preload=\"none\" width=\"640\"\n\t\t height=\"360\"\t><\/video>\n\t<div class=\"wp-playlist-next\"><\/div>\n\t<div class=\"wp-playlist-prev\"><\/div>\n\t<noscript>\n\t<ol>\n\t\t<li><a href='https:\/\/radiozapatista.org\/wp-content\/uploads\/2021\/07\/Valencia_Escuadron421.mp4'>Escuadron 421 en Valencia<\/a><\/li>\t<\/ol>\n\t<\/noscript>\n\t<script type=\"application\/json\" class=\"wp-playlist-script\">{\"type\":\"video\",\"tracklist\":true,\"tracknumbers\":true,\"images\":true,\"artists\":true,\"tracks\":[{\"src\":\"https:\/\/radiozapatista.org\/wp-content\/uploads\/2021\/07\/Valencia_Escuadron421.mp4\",\"type\":\"video\/mp4\",\"title\":\"Escuadron 421 en Valencia\",\"caption\":\"Escuadron 421 en Valencia\",\"description\":\"\",\"meta\":{\"length_formatted\":\"2:24\"},\"dimensions\":{\"original\":{\"width\":1280,\"height\":720},\"resized\":{\"width\":640,\"height\":360}},\"image\":{\"src\":\"https:\/\/radiozapatista.org\/wp-includes\/images\/media\/video.svg\",\"width\":48,\"height\":64},\"thumb\":{\"src\":\"https:\/\/radiozapatista.org\/wp-includes\/images\/media\/video.svg\",\"width\":48,\"height\":64}}]}<\/script>\n<\/div>\n\t\n<p><em><strong>Ve y escucha la transmisi\u00f3n de la bienvenida el 5 de julio en Val\u00e8ncia a trav\u00e9s de <a href=\"https:\/\/www.youtube.com\/watch?v=--gqaeAg42w\">https:\/\/www.youtube.com\/watch?v=&#8211;gqaeAg42w<\/a> y su continuaci\u00f3n en <a href=\"https:\/\/www.youtube.com\/watch?v=o1LxhW9bP1U&amp;t=0s\">https:\/\/www.youtube.com\/watch?v=o1LxhW9bP1U&amp;t=0s<\/a> por Taller Ahuehuete.<\/strong><\/em><\/p>\n<h3><strong>Barcelona<\/strong><\/h3>\n<p><em>S\u00edntesis en audio de la bienvenida en Barcelona<\/em> (3:46 min): [podcast]https:\/\/radiozapatista.org\/wp-content\/uploads\/2021\/07\/mezclabarcelona.mp3[\/podcast]<\/p>\n<div id=\"attachment_38638\" style=\"width: 1356px\" class=\"wp-caption aligncenter\"><a href=\"https:\/\/radiozapatista.org\/?attachment_id=38638\" rel=\"attachment wp-att-38638\"><img loading=\"lazy\" decoding=\"async\" aria-describedby=\"caption-attachment-38638\" class=\"size-full wp-image-38638\" src=\"https:\/\/radiozapatista.org\/wp-content\/uploads\/2021\/07\/EZ_CATALUNA.png\" alt=\"\" width=\"1346\" height=\"760\" srcset=\"https:\/\/radiozapatista.org\/wp-content\/uploads\/2021\/07\/EZ_CATALUNA.png 1346w, https:\/\/radiozapatista.org\/wp-content\/uploads\/2021\/07\/EZ_CATALUNA-350x198.png 350w, https:\/\/radiozapatista.org\/wp-content\/uploads\/2021\/07\/EZ_CATALUNA-768x434.png 768w, https:\/\/radiozapatista.org\/wp-content\/uploads\/2021\/07\/EZ_CATALUNA-1024x578.png 1024w\" sizes=\"auto, (max-width: 1346px) 100vw, 1346px\" \/><\/a><p id=\"caption-attachment-38638\" class=\"wp-caption-text\">Bienvenida al Escuadr\u00f3n 421 del EZLN en la Plaza Catalunya, Barcelona. Foto tomada de: Assemblea catalana de suport a la Gira Zapatista 2021.<\/p><\/div>\n<p>Ha habido un alegre alboroto en las ramblas. El Escuadr\u00f3n 421 del Ej\u00e9rcito Zapatista de Liberaci\u00f3n Nacional, que representa a miles de personas que habitan las comunidades en lucha de Chiapas, M\u00e9xico, fue recibido y acompa\u00f1ado en el puerto de Barcelona por las plataformas organizadas en Catalunya. Se dieron cita el 6 de julio bajo la enorme estatua dedicada a Crist\u00f3bal Col\u00f3n, 57 metros de altura que simbolizan el alcance de vista de la ocupaci\u00f3n que lleva su apellido. Fue bajo este monumento, que mira hacia las tierras colonizadas, que reson\u00f3 el \u2018yo vengo a ofrecer mi coraz\u00f3n\u2019, cantado al un\u00edsono por luchas e historias diversas.<\/p>\n<p>Tras el canto, a unos metros de la playa que ba\u00f1a el Mediterr\u00e1neo, parti\u00f3 una bicifestaci\u00f3n por las ramblas hacia la Plaza de Catalunya, una rodada de m\u00e1s de un kil\u00f3metro, mientras se escuchaba de fondo el himno zapatista. Bajo un cielo nublado, se march\u00f3 respetando protocolos por la pandemia de Covid-19. El Escuadr\u00f3n 421, de camino hacia Par\u00eds, march\u00f3 en cord\u00f3n de seguridad, levantando todo el tiempo sus pu\u00f1os en un coro de \u201cvivas\u201d y seguido por una gran manta de EZLN abrigada por el canto de V\u00edctor Jara: \u201cEl derecho de vivir en paz\u201d. Estas famos\u00edsimas ramblas de Barcelona suelen estar llenas de turistas, pero tambi\u00e9n hay en ellas migrantes, gente haciendo magia, m\u00fasica y malabares para subsistir en un entorno de extremos y contrastes. Fue aqu\u00ed y en la plaza en donde se reprimi\u00f3 la voz del voto independentista en el referendo de 2017.<\/p>\n<p>Tras llegar a la Plaza Catalunya, comenzaron las \u201cbuenas tardes\u201d (bona tarda) y los \u201cbienvenidas, compa\u00f1eras\u201d (benvingudes, companyeres), para luego llevar a cabo el acto en distintos idiomas. As\u00ed como ha ocurrido en actos de bienvenida de d\u00edas anteriores, el Escuadr\u00f3n 421 salud\u00f3 a sus anfitriones en voz de Marijose, Yuli, Ximena, Felipe, Carolina, Lupita y Bernal en castellano, ch&#8217;ol, tzotzil y tzeltal.<\/p>\n<p>A lo largo de\u00a0 varias horas de evento de bienvenida, se escucharon las expresiones y participaciones que denotan una amplia gama de luchas colectivas.<\/p>\n<p>El Movimiento de Migrantes denunci\u00f3 los dolores que causa la Ley de Extranjer\u00eda, que propicia persecuci\u00f3n y expulsi\u00f3n de personas \u2018sin papeles\u2019, as\u00ed como mano de obra barata: \u201cLas migrantes no nos rendimos y buscamos un caminar conjunto sabiendo que este camino no es nada f\u00e1cil por las conciencias que hay que despertar (\u2026) En el centro de la vida tambi\u00e9n est\u00e1n los cuidados (\u2026) Nos convocamos desde nuestras resistencias y cosmovisiones para seguir en la lucha y en nuestro caminar\u201d.<\/p>\n<p>El Sindicato de manteros agradeci\u00f3 al EZLN \u201cpor cruzar las fronteras y compartir experiencias\u201d pues, dijo, \u201ctenemos la misma historia de esclavitud, colonizaci\u00f3n del saqueo y del desplazamiento forzado\u201d. Por eso agreg\u00f3: \u201cTenemos que unir todas las luchas del mundo, porque se trata de defender los derechos humanos en esta revoluci\u00f3n que es para mejorar la vida humana\u201d. El sindicato inform\u00f3 que se reunieron \u201cpara trabajar en varios ejes, educaci\u00f3n, soberan\u00eda alimentaria, feminismo\u201d, es decir, \u201clo b\u00e1sico para asegurar la vida&#8221;.<\/p>\n<p>El grupo de Poetisas Feministas y Antirracistas de M\u00e9xico habl\u00f3 de los \u201cdolores y las penas arrancadas\u201d, pero tambi\u00e9n de la forma en que \u201clas compas zapatistas nos hacen tener la esperanza bien agarrada\u201d y \u201caferrarnos a lo que nos quede de vida\u201d. Luego acompa\u00f1aron sus palabras con el poema \u2018Ustedes son mis maestras y maestros\u2019, escrito a partir del genocidio en Guatemala y ahora dedicado al Escuadr\u00f3n 421.<\/p>\n<p>Vinieron luego varias horas de participaciones de voces colectivas que hablaron desde espacios ocupados, desde el Ripoll\u00e9s, desde espacios sociales autogestionados como Can Batll\u00f3, desde la Plataforma de Afectados por las Hipotecas, la PAH.<\/p>\n<p>Espacios ocupados: \u201cTampoco pedimos permiso para ser libres, tomamos espacios y ocupamos para vivir la vida en libertad y autogestionarnos para solucionar nuestra necesidad de vivienda, para el desarrollo del arte, conciertos, talleres de oficios, espacios no mixtos de mujeres, bibliotecas, comedores populares, ocupamos para huertos urbanos y para hacer espacios de comunidad, gimnasio y un cine en Sant Andreu (\u2026) Somos un magma, un espacio diverso que sigue tras 25-30 a\u00f1os ocupando y liberando espacios y aun con los desalojos de ayuntamientos que se dicen progresistas como el que hay aqu\u00ed (\u2026) Esta ma\u00f1ana baj\u00e9 al huerto y vi que el ma\u00edz hab\u00eda florecido (\u2026) M\u00e1s seres les est\u00e1n dando la bienvenida, la lucha sigue.\u201d<\/p>\n<p>Desde el Ripoll\u00e9s hablaron 2 compa\u00f1eras: \u201cHoy acercamos nuestras voces desde la ruralidad del norte, r\u00edos que nutren y recorren la Garrotxa, r\u00edos que se despiden en l\u2019Empord\u00e0 y llegan al mar Mediterr\u00e1neo. Son tierras que escuchan a sus abuelas, sus nietas, campesinas, que escuchan sus sabidur\u00edas (\u2026) Tierras llenas de vida que se encuentran con un modelo extractivo, que se encuentra con nuestros cuerpos, que nos tritura d\u00eda a d\u00eda, nos oprime y nos ciega este modelo heteropatriarcal. Tierras que germinan para romper la violencia (\u2026) Las ruralidades despertamos, recuperando procesos de gobernanza cooperativa, somos pueblos, barrios y r\u00edos que despertamos. Hoy estas tierras les abrazan y dan la bienvenida. Les acompa\u00f1amos a crear este mundo en donde quepan muchos mundos.\u201d<\/p>\n<p>Can Batll\u00f3 dijo: \u201cGracias por venir a traer la fuerza de los pueblos originarios y zapatistas (\u2026) Venimos de un espacio autogestionado (\u2026) Catalunya aglutina colectivos diversos: de autogesti\u00f3n, espacios de cuidado, artes, transfeminismo, vivienda, memoria hist\u00f3rica, cultura, soberan\u00eda energ\u00e9tica y alimentaria. Trabajamos interaccionando para la transformaci\u00f3n, para una econom\u00eda cooperativa, una educaci\u00f3n autogestionada, para el asociacionismo\u201d. Entonces llamaron a \u201cgenerar lazos de comunicaci\u00f3n\u201d porque hay \u201cganas de compartir saberes, ignorancias y pesadillas (\u2026) para continuar navegando en la corriente zapatista en la libertad, la democracia y la justicia.\u201d<\/p>\n<p>La PAH (Plataforma Afectados por las Hipotecas) dijo: \u201cLa lucha es por la vivienda (&#8230;) Nuestro problema de vivienda afecta a toda la clase trabajadora, sobre todo a mujeres y migrantes\u201d que han perdido la vida. \u201cSufrimos la crisis provocada por la especulaci\u00f3n, la salvaci\u00f3n de la banca por dinero p\u00fablico (\u2026) Paramos los desahucios, no hemos parado tampoco de crecer como plataforma.\u201d Terminaron su participaci\u00f3n afirmando que hay que defender \u201cel derecho a habitar en este mundo\u201d.<\/p>\n<p>Hubo tambi\u00e9n una amplia participaci\u00f3n de quienes luchan desde el arte, la m\u00fasica, la poes\u00eda, la escritura. David Fern\u00e1ndez cit\u00f3, entre otros poemas, uno del italiano Erri de Luca intitulado \u2018Despr\u00e9s\u2019 (despu\u00e9s) entonando algunos vernos en catal\u00e1n como el de &#8216;cuando la humanidad ser\u00e1 poca e ir\u00e1 a pie\u2019. De Mireia Calafell retom\u00f3 versos del \u2018porque hay revoluciones que son monosil\u00e1bicas\u2019. Tambi\u00e9n recit\u00f3 el contundente \u2018NO\u2019, acerca de la represi\u00f3n del 1 de octubre de 2017 recitando \u2018No levant\u00e9is la voz\u2019 \u2018no hag\u00e1is memoria\u2019 \u2018no despert\u00e9is los muertos\u2019 \u2018no quer\u00e9is un S\u00cd que se pone en duda y que tiene identidades\u2019 \u2018regresad a casa, no lo quer\u00e1is todo, que todo est\u00e1 en camino y no hay tanta prisa\u2019. David finaliz\u00f3 dirigi\u00e9ndose al Escuadr\u00f3n 421 para decirles: \u201cno teng\u00e1is tanta prisa en regresar\u201d.<\/p>\n<div id=\"attachment_38640\" style=\"width: 1173px\" class=\"wp-caption aligncenter\"><a href=\"https:\/\/radiozapatista.org\/?attachment_id=38640\" rel=\"attachment wp-att-38640\"><img loading=\"lazy\" decoding=\"async\" aria-describedby=\"caption-attachment-38640\" class=\"size-full wp-image-38640\" src=\"https:\/\/radiozapatista.org\/wp-content\/uploads\/2021\/07\/Barcelona.png\" alt=\"\" width=\"1163\" height=\"788\" srcset=\"https:\/\/radiozapatista.org\/wp-content\/uploads\/2021\/07\/Barcelona.png 1163w, https:\/\/radiozapatista.org\/wp-content\/uploads\/2021\/07\/Barcelona-350x237.png 350w, https:\/\/radiozapatista.org\/wp-content\/uploads\/2021\/07\/Barcelona-768x520.png 768w, https:\/\/radiozapatista.org\/wp-content\/uploads\/2021\/07\/Barcelona-1024x694.png 1024w\" sizes=\"auto, (max-width: 1163px) 100vw, 1163px\" \/><\/a><p id=\"caption-attachment-38640\" class=\"wp-caption-text\">Bienvenida al Escuadr\u00f3n 421 del EZLN. Plaza Catalunya. Barcelona. Foto tomada de: Gira zapatista Catalunya<br \/>@girazapatistac1<\/p><\/div>\n<p>Unao compa\u00f1erao ley\u00f3 despu\u00e9s el poema \u201cAncestra del futuro\u201dcon \u2018Devu\u00e9lvannos el oro\u2019 como un grito de dolor, una herida colonial no cicatrizada. \u201cEl futuro est\u00e1 en el pasado\u201d fue le\u00eddo en ingl\u00e9s y en lengua castellana: \u201cSi mi voz te incomoda prep\u00e1rate, en el futuro seremos muchas (&#8230;) seguiremos disputando el tiempo robado (\u2026) confrontaremos la imposibilidad del habla (\u2026) el futuro est\u00e1 siempre en el pasado.\u201d<\/p>\n<p>Tambi\u00e9n cant\u00f3 Adala su \u2018m\u00fasica d\u2019arrel\u2019, m\u00fasica de ra\u00edz, que dio la bienvenida a las zapatistas: \u201c\u00bfQui\u00e9n puede comprar o tomar el cielo o la tierra? (\u2026) No somos amos del aire y el reflejo del agua (\u2026) Cada parte de esta tierra es sagrada para mi pueblo porque vive de la tierra y del r\u00edo (\u2026) \u00a0Somos iguales por dentro y es el mismo sol el que nos despierta (\u2026) Conserven la tierra para vuestros hijos\u201d. Su \u00faltimo canto fue una versi\u00f3n en catal\u00e1n de \u201cTodo cambia\u201d, de Mercedes Sosa. \u2018Si tot canvia en aquest m\u00f3n, que jo canvi no es estrany\u2019, dijo al final.<\/p>\n<p>Bruno, poeta palestino y activista transfeminista, agradeci\u00f3 a Marijose especialmente por ser un referente, pues \u201cel binarismo es un invento colonial, las personas trans siempre hemos existido y estamos por todas partes\u201d.<\/p>\n<p>El colectivo transfeminista \u2018MariCarmen\u2019 lleg\u00f3 desde Collserola para recordar que \u201cnos queremos vivas, no queremos machos ni TERFS (habla del asesinato de un compa\u00f1ero Samuel en A Coru\u00f1a por su orientaci\u00f3n sexual). \u201cQue nadie nos cuestione nuestra identidad. Cuestion\u00e9monos los privilegios, apoyemos, amor y cari\u00f1o para todos, todas y todes. Nos queremos vives&#8221;.<\/p>\n<p>Montserrat Vilaplana del Grupo &#8216;Llibertat per la Juani&#8217; hizo un llamado a la solidaridad con Juana Ruiz y todas las presas pol\u00edticas palestinas. Juana Ruiz ser\u00e1 juzgada por Israel el 27 de julio. Fue detenida el pasado 13 de abril por 30 militares. Desde entonces, \u201cJuani ha sufrido vulneraciones de derechos humanos, sin lentes para leer, y no solo lo vive Juani, es una constante de Israel a la poblaci\u00f3n palestina en general. Juani es internacionalista que apoyaba al pueblo palestino y por eso la detuvieron, est\u00e1 este proceso de enjuiciamiento y los canales diplom\u00e1ticos prometidos por el gobierno no hacen nada. La organizaci\u00f3n para la que trabajaba tambi\u00e9n la arrasaron (\u2026) La lucha es una misma lucha. \u00a1Visca Palestina Lliure!, \u00a1Solidaritat amb el poble palest\u00ed!, \u00a1Juani, t\u2019estimem i et volem a casa!<\/p>\n<p>Es entonces cuando mujeres migradas cantaron juntas \u201cSin Miedo\u201d, de Vivir Quintana, con mantas de \u201cM\u00e9xico Feminicida\u201d, \u201cFuria Mexicana, al sororo rugir del amor\u201d. Tras el canto, gritaron al un\u00edsono sobre el escenario: \u2018Europa, Europa, cuestiona tu riqueza, tu comodidad es nuestra pobreza\u2019 (\u2026) y cantaron \u2018Hay que quemar, hay que quemar, hay que quemar el sistema por racista, colonial y patriarcal\u2019.<\/p>\n<p>Lleg\u00f3 el turno de Cumbia Kaos, cumbia chilena, m\u00fasica combativa que enton\u00f3 letras en donde se escuch\u00f3 \u2018mar Mediterr\u00e1neo como mar muerto y podrido, como las democracias en las que hemos vivido\u2019. &#8216;\u00a1Renuncia, Pi\u00f1era, asesino! Que renuncien todos los asesinos, que aguanten las luchas de este territorio y las del otro lado del charco (&#8230;) Es la cumbia antisistema y la canto pa\u2019 vencer. Asambleas libertarias otra vez\u2019 (\u2026) \u2018Expropiar a los burgueses su poder\u2019. Mientras la gente bailaba, Marijose grababa con su tel\u00e9fono celular.<\/p>\n<p>Para cerrar, hablaron\u00a0mujeres migrantes y racializadas: \u201cLa otra Europa tambi\u00e9n nos violenta, no vamos a permitir m\u00e1s, ya son m\u00e1s de 500 a\u00f1os, aqu\u00ed est\u00e1n sus hermanas y hermanos\u201d. Nos hablaron de las resistencias en Colombia, de la Europa extractivista, \u201cla Europa que acosa en el metro llam\u00e1ndonos sudacas, la Europa que nos ve y se agarra el bolso. Abrazamos a los hermanos y hermanas de Abya Yala, indias, campesinas. Que esto nos d\u00e9 fuerza, ya nos est\u00e1 dando fuerza. Y de nuevo se escucharon fuerte las exclamaciones en la plaza \u00a1Hay que quemar el sistema por racista y colonial! \u00a1De sur a sur, de este a oeste, la lucha sigue, cueste lo que cueste!<\/p>\n<p>Lleg\u00f3 entonces el momento de la partida del Escuadr\u00f3n 421, tras haber recorrido diversas regiones del Estado Espa\u00f1ol. Como en todos los eventos de bienvenida, estxs siete navegantes levantaron olas en tierra y se retiraron escuchando consignas que empapan acantilados en muchas lenguas: \u00a1<em>Visca, Visca, Visca, la lluita zapatista!<\/em><\/p>\n<p><em><strong>Ve y escucha la transmisi\u00f3n del evento el 6 de julio en Barcelona a trav\u00e9s de <a href=\"https:\/\/www.youtube.com\/watch?v=h5ctn5D_8uw\">https:\/\/www.youtube.com\/watch?v=h5ctn5D_8uw<\/a> por La Mosca\u00a0TV.<\/strong><\/em><\/p>\n<p>&nbsp;<\/p>","protected":false},"excerpt":{"rendered":"<p>En el pa\u00eds de la muerte so\u00f1aron un planeta vivo. Y para contagiar a mucha gente de ganas de habitarlo de nuevo, pues optaron por compartir ese sue\u00f1o, as\u00ed que desde el cementerio gigante en que se ha convertido M\u00e9xico, desde su esquina m\u00e1s olvidada por lo que sea que signifique la justicia, dise\u00f1aron una [&hellip;]<\/p>\n","protected":false},"author":1,"featured_media":38614,"comment_status":"open","ping_status":"closed","sticky":false,"template":"","format":"standard","meta":{"footnotes":""},"categories":[1,1318,955,949,953,190,222],"tags":[239,920,926,1317],"class_list":["post-38549","post","type-post","status-publish","format-standard","has-post-thumbnail","hentry","category-audio","category-caravana-zapatista-a-europa","category-ezln-temas","category-fotorreportaje","category-mundo","category-radiozapatista","category-video","tag-espana","tag-europa","tag-ezln","tag-travesia-por-la-vida"],"_links":{"self":[{"href":"https:\/\/radiozapatista.org\/index.php?rest_route=\/wp\/v2\/posts\/38549","targetHints":{"allow":["GET"]}}],"collection":[{"href":"https:\/\/radiozapatista.org\/index.php?rest_route=\/wp\/v2\/posts"}],"about":[{"href":"https:\/\/radiozapatista.org\/index.php?rest_route=\/wp\/v2\/types\/post"}],"author":[{"embeddable":true,"href":"https:\/\/radiozapatista.org\/index.php?rest_route=\/wp\/v2\/users\/1"}],"replies":[{"embeddable":true,"href":"https:\/\/radiozapatista.org\/index.php?rest_route=%2Fwp%2Fv2%2Fcomments&post=38549"}],"version-history":[{"count":52,"href":"https:\/\/radiozapatista.org\/index.php?rest_route=\/wp\/v2\/posts\/38549\/revisions"}],"predecessor-version":[{"id":38666,"href":"https:\/\/radiozapatista.org\/index.php?rest_route=\/wp\/v2\/posts\/38549\/revisions\/38666"}],"wp:featuredmedia":[{"embeddable":true,"href":"https:\/\/radiozapatista.org\/index.php?rest_route=\/wp\/v2\/media\/38614"}],"wp:attachment":[{"href":"https:\/\/radiozapatista.org\/index.php?rest_route=%2Fwp%2Fv2%2Fmedia&parent=38549"}],"wp:term":[{"taxonomy":"category","embeddable":true,"href":"https:\/\/radiozapatista.org\/index.php?rest_route=%2Fwp%2Fv2%2Fcategories&post=38549"},{"taxonomy":"post_tag","embeddable":true,"href":"https:\/\/radiozapatista.org\/index.php?rest_route=%2Fwp%2Fv2%2Ftags&post=38549"}],"curies":[{"name":"wp","href":"https:\/\/api.w.org\/{rel}","templated":true}]}}