{"id":38536,"date":"2021-07-08T18:14:39","date_gmt":"2021-07-08T23:14:39","guid":{"rendered":"https:\/\/radiozapatista.org\/?p=38536"},"modified":"2021-07-08T18:14:39","modified_gmt":"2021-07-08T23:14:39","slug":"hasta-la-vida-siempre-festejan-la-llegada-del-escuadron-zapatista-en-su-primera-etapa-en-francia","status":"publish","type":"post","link":"https:\/\/radiozapatista.org\/?p=38536","title":{"rendered":"\u00ab\u00a1Hasta la vida siempre!\u00bb Festejan la llegada del Escuadr\u00f3n zapatista en su primera etapa en Francia"},"content":{"rendered":"<p>Toulouse, 8 de julio de 2021. Cientos de personas dieron la bienvenida a la primera delegaci\u00f3n de la Gira por la Vida en la plaza del barrio popular Arnaud Bernard en la capital regional de Occitania en el suroeste de Francia. Despu\u00e9s de cruzar los Pirineos catalanes, la ciudad llamada Tolosa en occitano, conocida como la <em>ville rose<\/em> (ciudad rosa) por sus construcciones de cantera rosa, ha acogido calurosamente a la comitiva zapatista hoy por la tarde, con palabras combativas y amorosas, m\u00fasica y cantos, as\u00ed como mantas pintadas y consignas de apoyo a las luchas de los pueblos en resistencia.<\/p>\n<p>Un miembro de la comisi\u00f3n anfitriona se dirigi\u00f3 al Escuadr\u00f3n 421 con las siguientes palabras: \u00abcuando vuelvan a nuestra regi\u00f3n, conversaremos acerca de unos temas tan urgentes como el derecho de las personas indocumentadas y de los refugiados, los feminismos, la contracultura, la educaci\u00f3n, la defensa ambiental, las luchas sociales, el movimiento de los chalecos amarillos (<em>gilets jaunes<\/em>), las luchas contra las violencias y el racismo de Estado. Nuevamente sean muy bienvenidos en Toulouse y en Europa. \u00a1Qu\u00e9 vivan las luchas anticapitalistas, antirracistas y antipatriarcales!\u00bb<\/p>\n<p>Una integrante de la asociaci\u00f3n France Am\u00e9rique Latine declar\u00f3: \u00abestamos felices de esta invasi\u00f3n y deseamos que este tipo de invasiones se multipliquen al infinito. Apoyamos la campa\u00f1a que se est\u00e1 desarrollando actualmente para pedir la autorizaci\u00f3n de la entrada en el territorio franc\u00e9s de la delegaci\u00f3n zapatista que estar\u00eda llegando a mitad del mes de julio. Por el momento, no tienen la autorizaci\u00f3n para entrar\u00bb.<\/p>\n<p>Marijos\u00e9 dirigi\u00f3 unas palabras de despedida: \u00abHermanos, hermanas, a nombre de los compa\u00f1eros y compa\u00f1eras del Escuadr\u00f3n 421, les damos las gracias por haber estado en estos momentos reunidos, y a todos los colectivos que est\u00e1n haciendo todo lo posible para hacer de esta gira lo mejor. A todos los colectivos que est\u00e1n dando su granito de arena para que esta gira sea posible. Estamos muy contentos y agradecidos que nos hayan recibido ac\u00e1 en estos momentos. Y pues, de parte de todos los pueblos zapatistas estamos muy contentos\u00bb. \u00ab\u00a1Nosotros tambi\u00e9n!\u00bb reaccion\u00f3 una persona de manera espont\u00e1nea. \u00abGracias. El enemigo quiso enterrarnos vivos y se olvid\u00f3 que somos semillas y aqu\u00ed estamos para germinar y surcar nuevos surcos, vamos por la vida, compa\u00f1eros y compa\u00f1eras. \u00a1Hasta la vida siempre!\u00bb. Se escucharon enseguida al un\u00edsono las letras \u00abE.Z.L.N.\u00bb y \u00ab\u00a1El pueblo unido jam\u00e1s ser\u00e1 vencido!\u00bb.<\/p>\n<p><!--more-->Despu\u00e9s de este evento pol\u00edtico-cultural festivo, se retiraron les siete integrantes del Escuadr\u00f3n 421 para descansar antes de viajar ma\u00f1ana en camioneta a Par\u00eds, donde se les dar\u00e1 la bienvenida este pr\u00f3ximo s\u00e1bado a las 15 hrs. en La Parole Errante en Montreuil (M\u00e9tro Croix de Chavaux). Despu\u00e9s de su primera gira en el estado espa\u00f1ol, la delegaci\u00f3n mar\u00edtima zapatista\u00a0 tambi\u00e9n\u00a0estar\u00e1 festejada con digna alegr\u00eda en la regi\u00f3n parisina.<\/p>\n<p align=\"center\"><img loading=\"lazy\" decoding=\"async\" class=\"aligncenter wp-image-19182\" src=\"https:\/\/pozol.org\/wp-content\/uploads\/2021\/07\/IMG_4658-300x225.jpg\" sizes=\"auto, (max-width: 464px) 100vw, 464px\" srcset=\"https:\/\/pozol.org\/wp-content\/uploads\/2021\/07\/IMG_4658-300x225.jpg 300w, https:\/\/pozol.org\/wp-content\/uploads\/2021\/07\/IMG_4658-1024x768.jpg 1024w, https:\/\/pozol.org\/wp-content\/uploads\/2021\/07\/IMG_4658-768x576.jpg 768w, https:\/\/pozol.org\/wp-content\/uploads\/2021\/07\/IMG_4658-1536x1152.jpg 1536w, https:\/\/pozol.org\/wp-content\/uploads\/2021\/07\/IMG_4658-2048x1536.jpg 2048w, https:\/\/pozol.org\/wp-content\/uploads\/2021\/07\/IMG_4658-500x375.jpg 500w\" alt=\"\" width=\"464\" height=\"349\" \/><\/p>\n<p align=\"center\"><img loading=\"lazy\" decoding=\"async\" class=\"wp-image-19183 aligncenter\" src=\"https:\/\/pozol.org\/wp-content\/uploads\/2021\/07\/IMG_4659-300x225.jpg\" sizes=\"auto, (max-width: 468px) 100vw, 468px\" srcset=\"https:\/\/pozol.org\/wp-content\/uploads\/2021\/07\/IMG_4659-300x225.jpg 300w, https:\/\/pozol.org\/wp-content\/uploads\/2021\/07\/IMG_4659-1024x768.jpg 1024w, https:\/\/pozol.org\/wp-content\/uploads\/2021\/07\/IMG_4659-768x576.jpg 768w, https:\/\/pozol.org\/wp-content\/uploads\/2021\/07\/IMG_4659-1536x1152.jpg 1536w, https:\/\/pozol.org\/wp-content\/uploads\/2021\/07\/IMG_4659-2048x1536.jpg 2048w, https:\/\/pozol.org\/wp-content\/uploads\/2021\/07\/IMG_4659-500x375.jpg 500w\" alt=\"\" width=\"468\" height=\"351\" \/><\/p>\n<p>M\u00e1s informaci\u00f3n y <a href=\"https:\/\/www.facebook.com\/permalink.php?story_fbid=1387911344938550&amp;id=100011590934258\" target=\"_blank\" rel=\"noopener\">videos<\/a> de la bienvenida en Toulouse en las redes de <a href=\"https:\/\/www.facebook.com\/pozol.colectivo\" target=\"_blank\" rel=\"noopener\">Radio Pozol<\/a> y <a href=\"https:\/\/www.facebook.com\/pozol.colectivo\" target=\"_blank\" rel=\"noopener\">Pozol Noticias.<\/a><br \/>\n<a href=\"https:\/\/www.facebook.com\/permalink.php?story_fbid=1387911344938550&amp;id=100011590934258\" target=\"_blank\" rel=\"noopener\">Video de la bienvenida en Toulouse, Occitania, Francia.<\/a><\/p>\n<p>&nbsp;<\/p>","protected":false},"excerpt":{"rendered":"<p>Toulouse, 8 de julio de 2021. Cientos de personas dieron la bienvenida a la primera delegaci\u00f3n de la Gira por la Vida en la plaza del barrio popular Arnaud Bernard en la capital regional de Occitania en el suroeste de Francia. Despu\u00e9s de cruzar los Pirineos catalanes, la ciudad llamada Tolosa en occitano, conocida como [&hellip;]<\/p>\n","protected":false},"author":1,"featured_media":38537,"comment_status":"open","ping_status":"closed","sticky":false,"template":"","format":"standard","meta":{"footnotes":""},"categories":[1318,955,953,196],"tags":[920,26,926,532,1317],"class_list":["post-38536","post","type-post","status-publish","format-standard","has-post-thumbnail","hentry","category-caravana-zapatista-a-europa","category-ezln-temas","category-mundo","category-radio-pozol","tag-europa","tag-europa-zapatista","tag-ezln","tag-francia","tag-travesia-por-la-vida"],"_links":{"self":[{"href":"https:\/\/radiozapatista.org\/index.php?rest_route=\/wp\/v2\/posts\/38536","targetHints":{"allow":["GET"]}}],"collection":[{"href":"https:\/\/radiozapatista.org\/index.php?rest_route=\/wp\/v2\/posts"}],"about":[{"href":"https:\/\/radiozapatista.org\/index.php?rest_route=\/wp\/v2\/types\/post"}],"author":[{"embeddable":true,"href":"https:\/\/radiozapatista.org\/index.php?rest_route=\/wp\/v2\/users\/1"}],"replies":[{"embeddable":true,"href":"https:\/\/radiozapatista.org\/index.php?rest_route=%2Fwp%2Fv2%2Fcomments&post=38536"}],"version-history":[{"count":1,"href":"https:\/\/radiozapatista.org\/index.php?rest_route=\/wp\/v2\/posts\/38536\/revisions"}],"predecessor-version":[{"id":38538,"href":"https:\/\/radiozapatista.org\/index.php?rest_route=\/wp\/v2\/posts\/38536\/revisions\/38538"}],"wp:featuredmedia":[{"embeddable":true,"href":"https:\/\/radiozapatista.org\/index.php?rest_route=\/wp\/v2\/media\/38537"}],"wp:attachment":[{"href":"https:\/\/radiozapatista.org\/index.php?rest_route=%2Fwp%2Fv2%2Fmedia&parent=38536"}],"wp:term":[{"taxonomy":"category","embeddable":true,"href":"https:\/\/radiozapatista.org\/index.php?rest_route=%2Fwp%2Fv2%2Fcategories&post=38536"},{"taxonomy":"post_tag","embeddable":true,"href":"https:\/\/radiozapatista.org\/index.php?rest_route=%2Fwp%2Fv2%2Ftags&post=38536"}],"curies":[{"name":"wp","href":"https:\/\/api.w.org\/{rel}","templated":true}]}}