{"id":38521,"date":"2021-07-06T17:03:08","date_gmt":"2021-07-06T22:03:08","guid":{"rendered":"https:\/\/radiozapatista.org\/?p=38521"},"modified":"2021-07-10T18:13:46","modified_gmt":"2021-07-10T23:13:46","slug":"ezln-volantem-est-alio-modo-gradiendi-que-esperamos","status":"publish","type":"post","link":"https:\/\/radiozapatista.org\/?p=38521","title":{"rendered":"EZLN: VOLANTEM EST ALIO MODO GRADIENDI (\u00bfQu\u00e9 esperamos?)"},"content":{"rendered":"<p><\/p>\n<h3 style=\"text-align: center;\"><a href=\"https:\/\/radiozapatista.org\/wp-content\/uploads\/2021\/07\/avion-1.jpg\"><img loading=\"lazy\" decoding=\"async\" class=\"aligncenter size-full wp-image-38522\" src=\"https:\/\/radiozapatista.org\/wp-content\/uploads\/2021\/07\/avion-1.jpg\" alt=\"\" width=\"976\" height=\"536\" srcset=\"https:\/\/radiozapatista.org\/wp-content\/uploads\/2021\/07\/avion-1.jpg 976w, https:\/\/radiozapatista.org\/wp-content\/uploads\/2021\/07\/avion-1-350x192.jpg 350w, https:\/\/radiozapatista.org\/wp-content\/uploads\/2021\/07\/avion-1-768x422.jpg 768w\" sizes=\"auto, (max-width: 976px) 100vw, 976px\" \/><\/a><\/h3>\n<h3 style=\"text-align: center;\">VOLANTEM EST ALIO MODO GRADIENDI<\/h3>\n<p style=\"text-align: center;\">(\u00bfQu\u00e9 esperamos?)<\/p>\n<p>Cualquier d\u00eda, cualquier mes de cualquier a\u00f1o.<\/p>\n<p>Sequ\u00edas.\u00a0 Inundaciones.\u00a0 Sismos.\u00a0 Erupciones.\u00a0 Contaminaci\u00f3n.\u00a0 Pandemias actuales y futuras.\u00a0 Asesinatos de l\u00edderes de pueblos originarios, de defensores de los derechos humanos, de guardianes de la Tierra.\u00a0 Violencia de g\u00e9nero escalada hasta el genocidio contra las mujeres \u2013el suicidio imb\u00e9cil de la humanidad-.\u00a0 Racismo no pocas veces mal oculto detr\u00e1s de la limosna.\u00a0 Criminalizaci\u00f3n y persecuci\u00f3n de la diferencia.\u00a0 La condenaci\u00f3n irremediable de la desaparici\u00f3n forzada.\u00a0 Represi\u00f3n como respuesta a demandas leg\u00edtimas.\u00a0 Explotaci\u00f3n de los m\u00e1s por los menos.\u00a0 Grandes proyectos de destrucci\u00f3n de territorios.\u00a0 Poblados desolados.\u00a0 Desplazados por millones, ocultos bajo la figura de \u201cmigraci\u00f3n\u201d.\u00a0 Especies en peligro de extinci\u00f3n o ya s\u00f3lo un nombre en la carpeta de \u201canimales prehist\u00f3ricos\u201d.\u00a0 Gigantescas ganancias de los m\u00e1s ricos de los ricos del planeta.\u00a0 Miseria extrema de los m\u00e1s pobres de los necesitados del mundo.\u00a0 La tiran\u00eda del dinero.\u00a0 La realidad virtual como salida falsa frente a la realidad real.\u00a0 Estados Nacionales agonizantes.\u00a0 Cada individuo un extra\u00f1o enemigo.\u00a0 La mentira como programa de gobierno. \u00a0Lo fr\u00edvolo y superficial como ideales a alcanzar.\u00a0 El cinismo como nueva religi\u00f3n.\u00a0 La muerte como cotidianeidad.\u00a0 La guerra.\u00a0 Siempre la guerra.<\/p>\n<p>La tormenta arrasando con todo, susurrando, aconsejando, gritando:<\/p>\n<p style=\"text-align: center;\"><em>\u00a1R\u00edndete!<\/em><\/p>\n<p style=\"text-align: center;\"><em>\u00a1R\u00edndete!<\/em><\/p>\n<h3 style=\"text-align: center;\"><strong><em>\u00a1R\u00cdNDETE!<\/em><\/strong><\/h3>\n<p>Y sin embargo\u2026<\/p>\n<p>All\u00e1, cerca y lejos de nuestros suelos y cielos, hay alguien.\u00a0 Una mujer, un hombre, <strong><em>unoa otroa<\/em><\/strong>, un grupo, un colectivo, una organizaci\u00f3n, un movimiento, un pueblo originario, un barrio, una calle, un poblado, una casa, una habitaci\u00f3n.\u00a0 En el rinc\u00f3n m\u00e1s peque\u00f1o, m\u00e1s olvidado, m\u00e1s lejano, hay alguien que dice \u201cNO\u201d.\u00a0 Que lo dice quedo, que apenas se oye, que lo grita, que lo vive y lo muere.\u00a0 Y se rebela y resiste.\u00a0 Alguien.\u00a0 Hay que buscarle.\u00a0 Hay que encontrarle.\u00a0 Hay que escucharle.\u00a0 Hay que aprenderle.<\/p>\n<p>Aunque tengamos que volar para abrazarle.<\/p>\n<p>Porque, despu\u00e9s de todo, volar es s\u00f3lo otra forma de caminar.\u00a0 Y, bueno, caminar es nuestro modo de luchar, de vivir.<\/p>\n<p>As\u00ed que, en la Traves\u00eda por la Vida, \u00bfqu\u00e9 esperamos?\u00a0 Esperamos mirarle su coraz\u00f3n de usted.\u00a0 Esperamos que no sea demasiado tarde.\u00a0 Esperamos\u2026 todo.<\/p>\n<p>Doy Fe.<br \/>\nSupGaleano.<br \/>\nPlaneta Tierra\u2026 o lo que queda de \u00e9l.<\/p>\n<p align=\"center\"><iframe loading=\"lazy\" src=\"https:\/\/player.vimeo.com\/video\/571814406\" width=\"640\" height=\"400\" frameborder=\"0\" allowfullscreen=\"allowfullscreen\" data-mce-fragment=\"1\"><\/iframe><\/p>\n<p>\u00abOn l\u00e2che rien\u00bb en Franc\u00e9s, Espa\u00f1ol, Catalan, Euskera, Gallego. Interpretada por: HK et les SALTIMBANKS con LA PULQUERIA, TXARANGO, LA TROBA KUNG-F\u00d9, FERMIN MUGURUZA et DAKIDARRIA.<\/p>\n<p>&nbsp;<\/p>","protected":false},"excerpt":{"rendered":"<p>VOLANTEM EST ALIO MODO GRADIENDI (\u00bfQu\u00e9 esperamos?) Cualquier d\u00eda, cualquier mes de cualquier a\u00f1o. Sequ\u00edas.\u00a0 Inundaciones.\u00a0 Sismos.\u00a0 Erupciones.\u00a0 Contaminaci\u00f3n.\u00a0 Pandemias actuales y futuras.\u00a0 Asesinatos de l\u00edderes de pueblos originarios, de defensores de los derechos humanos, de guardianes de la Tierra.\u00a0 Violencia de g\u00e9nero escalada hasta el genocidio contra las mujeres \u2013el suicidio imb\u00e9cil de la [&hellip;]<\/p>\n","protected":false},"author":1,"featured_media":38522,"comment_status":"open","ping_status":"closed","sticky":false,"template":"","format":"standard","meta":{"footnotes":""},"categories":[1318,6,118,955,953],"tags":[644,920,926,1317],"class_list":["post-38521","post","type-post","status-publish","format-standard","has-post-thumbnail","hentry","category-caravana-zapatista-a-europa","category-chiapas","category-ezln","category-ezln-temas","category-mundo","tag-comunicados-ezln","tag-europa","tag-ezln","tag-travesia-por-la-vida"],"_links":{"self":[{"href":"https:\/\/radiozapatista.org\/index.php?rest_route=\/wp\/v2\/posts\/38521","targetHints":{"allow":["GET"]}}],"collection":[{"href":"https:\/\/radiozapatista.org\/index.php?rest_route=\/wp\/v2\/posts"}],"about":[{"href":"https:\/\/radiozapatista.org\/index.php?rest_route=\/wp\/v2\/types\/post"}],"author":[{"embeddable":true,"href":"https:\/\/radiozapatista.org\/index.php?rest_route=\/wp\/v2\/users\/1"}],"replies":[{"embeddable":true,"href":"https:\/\/radiozapatista.org\/index.php?rest_route=%2Fwp%2Fv2%2Fcomments&post=38521"}],"version-history":[{"count":3,"href":"https:\/\/radiozapatista.org\/index.php?rest_route=\/wp\/v2\/posts\/38521\/revisions"}],"predecessor-version":[{"id":38580,"href":"https:\/\/radiozapatista.org\/index.php?rest_route=\/wp\/v2\/posts\/38521\/revisions\/38580"}],"wp:featuredmedia":[{"embeddable":true,"href":"https:\/\/radiozapatista.org\/index.php?rest_route=\/wp\/v2\/media\/38522"}],"wp:attachment":[{"href":"https:\/\/radiozapatista.org\/index.php?rest_route=%2Fwp%2Fv2%2Fmedia&parent=38521"}],"wp:term":[{"taxonomy":"category","embeddable":true,"href":"https:\/\/radiozapatista.org\/index.php?rest_route=%2Fwp%2Fv2%2Fcategories&post=38521"},{"taxonomy":"post_tag","embeddable":true,"href":"https:\/\/radiozapatista.org\/index.php?rest_route=%2Fwp%2Fv2%2Ftags&post=38521"}],"curies":[{"name":"wp","href":"https:\/\/api.w.org\/{rel}","templated":true}]}}