{"id":38498,"date":"2021-07-02T17:36:29","date_gmt":"2021-07-02T22:36:29","guid":{"rendered":"https:\/\/radiozapatista.org\/?p=38498"},"modified":"2021-07-02T17:37:26","modified_gmt":"2021-07-02T22:37:26","slug":"lluvia-de-actividades-para-recibir-al-ezln-y-el-cni-en-la-capital-francesa","status":"publish","type":"post","link":"https:\/\/radiozapatista.org\/?p=38498","title":{"rendered":"Lluvia de actividades para recibir al EZLN y el CNI en la capital francesa"},"content":{"rendered":"<p><\/p>\n<div class=\"entry\">\n<p><span lang=\"ES\">Par\u00eds, 2 de julio 2021. Si bien los \u00faltimos d\u00edas de junio fueron bastante pluviosos en Par\u00eds y los suburbios de la capital de Francia, se anuncia este fin de semana una gran lluvia de eventos p\u00fablicos para dar pronto la bienvenida al Escuadr\u00f3n 421, a las Fuerzas \u00e1reas zapatistas y a representantes del Congreso Nacional Ind\u00edgena que son defensores del territorio en sus comunidades y barrios en M\u00e9xico. Un aire refrescante de alegre rebeld\u00eda sopla y alienta la movilizaci\u00f3n de cientos de personas en la regi\u00f3n parisina quienes est\u00e1n preparando la llegada de la mayor delegaci\u00f3n rebelde a tierras insumisas que luchan abajo y a la izquierda en los movimientos sindicales, feministas, ecologistas, antifascistas, internacionalistas y libertarios.<\/span><\/p>\n<div id=\"attachment_19111\" class=\"wp-caption aligncenter\">\n<p><img loading=\"lazy\" decoding=\"async\" class=\"wp-image-19111 size-medium\" src=\"https:\/\/pozol.org\/wp-content\/uploads\/2021\/07\/IMG-9193-300x225.jpg\" sizes=\"auto, (max-width: 300px) 100vw, 300px\" srcset=\"https:\/\/pozol.org\/wp-content\/uploads\/2021\/07\/IMG-9193-300x225.jpg 300w, https:\/\/pozol.org\/wp-content\/uploads\/2021\/07\/IMG-9193-1024x768.jpg 1024w, https:\/\/pozol.org\/wp-content\/uploads\/2021\/07\/IMG-9193-768x576.jpg 768w, https:\/\/pozol.org\/wp-content\/uploads\/2021\/07\/IMG-9193-1536x1152.jpg 1536w, https:\/\/pozol.org\/wp-content\/uploads\/2021\/07\/IMG-9193-2048x1536.jpg 2048w, https:\/\/pozol.org\/wp-content\/uploads\/2021\/07\/IMG-9193-500x375.jpg 500w\" alt=\"\" width=\"300\" height=\"225\" aria-describedby=\"caption-attachment-19111\" \/><\/p>\n<p id=\"caption-attachment-19111\" class=\"wp-caption-text\">En las paredes del barrio Place des F\u00eates en Par\u00eds. Fotos de <em>\u00a1Compas Arriba!<\/em><\/p>\n<\/div>\n<p><span lang=\"ES\">A pesar de distracciones como las competencias de ciclismo del Tour de France o la eliminaci\u00f3n del equipo galo por Suiza en la Eurocopa, les militantes simpatizantes del zapatismo en la capital francesa pegan carteles en los murales de los barrios populares, difundan volantes en los mercados y mandan cascadas de mensajes electr\u00f3nicos que invitan a una serie de actividades pol\u00edtico-culturales abiertas a toda la poblaci\u00f3n. <\/span><span lang=\"ES\">El activismo parisino prev\u00e9 una lluvia de eventos de compartici\u00f3n de la palabra a menos de dos semanas de la fiesta nacional del 14 de julio que celebra la toma de la c\u00e1rcel real de la Bastilla en 1789, pero tambi\u00e9n en plena conmemoraci\u00f3n de los 150 a\u00f1os de la represi\u00f3n terrible que cay\u00f3 sobre las y los <i>communard.e.s<\/i> de 1871. Sin duda, el desembarque de la flota zapatista en la costa atl\u00e1ntica y el eminente aterrizaje de combatientes enmascarados en Par\u00eds recuerdan im\u00e1genes tenaces en la poblaci\u00f3n francesa porque evocan la liberaci\u00f3n de la capital en agosto 1944 por las fuerzas aliadas y la R\u00e9sistance que actuaba en plena clandestinidad contra la ocupaci\u00f3n nazi.<\/span><\/p>\n<p><img loading=\"lazy\" decoding=\"async\" class=\" wp-image-19112 alignright\" src=\"https:\/\/pozol.org\/wp-content\/uploads\/2021\/07\/IMG-9195-300x225.jpg\" sizes=\"auto, (max-width: 268px) 100vw, 268px\" srcset=\"https:\/\/pozol.org\/wp-content\/uploads\/2021\/07\/IMG-9195-300x225.jpg 300w, https:\/\/pozol.org\/wp-content\/uploads\/2021\/07\/IMG-9195-1024x768.jpg 1024w, https:\/\/pozol.org\/wp-content\/uploads\/2021\/07\/IMG-9195-768x576.jpg 768w, https:\/\/pozol.org\/wp-content\/uploads\/2021\/07\/IMG-9195-1536x1152.jpg 1536w, https:\/\/pozol.org\/wp-content\/uploads\/2021\/07\/IMG-9195-2048x1536.jpg 2048w, https:\/\/pozol.org\/wp-content\/uploads\/2021\/07\/IMG-9195-500x375.jpg 500w\" alt=\"\" width=\"268\" height=\"201\" \/><br \/>\n<span lang=\"ES\">El <a href=\"https:\/\/www.facebook.com\/collectifparisayotzinapa\" target=\"_blank\" rel=\"noopener\">Colectivo Par\u00eds Ayotzinapa<\/a> y Doxa Esta organizan el conversatorio <a href=\"https:\/\/www.facebook.com\/events\/517895862667397\/\" target=\"_blank\" rel=\"noopener\"><i>Sororidades en las luchas por la defensa del cuerpo-territorio<\/i><\/a> en el centro cultural La Fl\u00e8che d\u2019Or el s\u00e1bado 3 de julio a partir de las 11 horas y en vivo en redes sociales. Despu\u00e9s de un encuentro no mixto (sin hombres), en un c\u00edrculo de compartici\u00f3n con el p\u00fablico intervendr\u00e1n las compa\u00f1eras Rachel Keke y Tiziri Kandy (sindicalistas empleadas del hotel Ibis de Batignolle), Lolita Ch\u00e1vez (feminista comunitaria maya kich\u00e9 de Guatemala), las jardineras obreras de Aubervilliers y la soci\u00f3loga feminista Jules Falquet. Las DJ X-Ometria, DJ Uani\/Mezcal y Maye DJ animar\u00e1n una <i>sonidera rabiosa<\/i> al final de la tarde despu\u00e9s del concierto de Sonora de Luchar.<\/span><\/p>\n<p><img loading=\"lazy\" decoding=\"async\" class=\" wp-image-19110 alignleft\" src=\"https:\/\/pozol.org\/wp-content\/uploads\/2021\/07\/8b2b5dbe-8986-4f84-95c6-c8a70fdfdc1c-211x300.jpg\" sizes=\"auto, (max-width: 264px) 100vw, 264px\" srcset=\"https:\/\/pozol.org\/wp-content\/uploads\/2021\/07\/8b2b5dbe-8986-4f84-95c6-c8a70fdfdc1c-211x300.jpg 211w, https:\/\/pozol.org\/wp-content\/uploads\/2021\/07\/8b2b5dbe-8986-4f84-95c6-c8a70fdfdc1c-352x500.jpg 352w, https:\/\/pozol.org\/wp-content\/uploads\/2021\/07\/8b2b5dbe-8986-4f84-95c6-c8a70fdfdc1c.jpg 721w\" alt=\"\" width=\"264\" height=\"375\" \/><br \/>\n<span lang=\"ES\">Este mismo s\u00e1bado, un recorrido festivo zapatista saldr\u00e1 del teatro del Th\u00e9\u00e2tre de la Noue a las 17 horas, plaza Berthie Albrecht. Despu\u00e9s, a partir de las 19 horas, habr\u00e1 un comedor solidario en el espacio En Gare, 127 rue Marceau, para cerrar la noche con una proyecci\u00f3n de cortometrajes acerca del zapatismo. El gato-jaguar de un cartel parisino pide a los asistentes: \u201c\u00a1Vengan enmascaradxs!\u201d (<i>Venez masqu\u00e9.e.s !<\/i>) recordando al p\u00fablico que no se bajara la guardia sanitaria ante el reciente desconfinamiento decretado por el gobierno de Macron.<\/span><\/p>\n<\/div>\n<p><!--more--><\/p>\n<div class=\"entry\">\n<p><span lang=\"ES\">El domingo 4 de julio de 2021 en plaza central del barrio popular de Place des F\u00eates en el norte de Par\u00eds, se celebrar\u00e1 a las 19:30 hrs. \u201cla primera asamblea popular para recibir a les representantes zapatistas\u201d. Se exhibir\u00e1 una exposici\u00f3n\/creaci\u00f3n colectiva <i>Zapantera Negra<\/i>, realizada a ra\u00edz del encuentro art\u00edstico entre los Black Panthers y los Zapatistas. Se rendir\u00e1 homenaje a Marc Tomsin, un \u201c<i>ami de zapatistes<\/i>\u201d como indica el cartel y el volante, un activista libertario, sindicalista y editor (\u00e9ditions Ludd, Rue des Cascades, blog <a href=\"https:\/\/www.lavoiedujaguar.net\/\" target=\"_blank\" rel=\"noopener\">La Voie du Jaguar<\/a>) quien fue un habitante desde que era ni\u00f1o del barrio Place des F\u00eates y perteneci\u00f3 al <a href=\"https:\/\/cspcl.ouvaton.org\/\" target=\"_blank\" rel=\"noopener\">Comit\u00e9 de Solidaridad con los Pueblos de Chiapas en Lucha<\/a>. Despu\u00e9s de un momento musical, se anuncia la proyecci\u00f3n en pantalla grande de una selecci\u00f3n de pel\u00edculas zapatistas.<\/span><\/p>\n<p><img loading=\"lazy\" decoding=\"async\" class=\"wp-image-19114 alignright\" src=\"https:\/\/pozol.org\/wp-content\/uploads\/2021\/07\/IMG-9202-300x225.jpg\" sizes=\"auto, (max-width: 380px) 100vw, 380px\" srcset=\"https:\/\/pozol.org\/wp-content\/uploads\/2021\/07\/IMG-9202-300x225.jpg 300w, https:\/\/pozol.org\/wp-content\/uploads\/2021\/07\/IMG-9202-1024x768.jpg 1024w, https:\/\/pozol.org\/wp-content\/uploads\/2021\/07\/IMG-9202-768x576.jpg 768w, https:\/\/pozol.org\/wp-content\/uploads\/2021\/07\/IMG-9202-1536x1152.jpg 1536w, https:\/\/pozol.org\/wp-content\/uploads\/2021\/07\/IMG-9202-2048x1536.jpg 2048w, https:\/\/pozol.org\/wp-content\/uploads\/2021\/07\/IMG-9202-500x375.jpg 500w\" alt=\"\" width=\"380\" height=\"285\" \/><i><span lang=\"ES\">\u201c\u00bfLlover\u00e1 julio en Par\u00eds?\u201d <\/span><\/i><a href=\"http:\/\/enlacezapatista.ezln.org.mx\/2021\/06\/27\/la-travesia-por-la-vida-a-que-vamos\/\" target=\"_blank\" rel=\"noopener\"><span lang=\"ES\">(<\/span><span lang=\"ES\">\u00bfA qu\u00e9 vamos?<\/span><\/a><span lang=\"ES\">). <\/span><span lang=\"ES\">\u00bfQu\u00e9, cu\u00e1ndo y c\u00f3mo llover\u00e1? \u00bfLlover\u00e1 sobre el Muro de los Con<\/span><span lang=\"ES\">federados en memoria de la lucha de la Comuna? \u00bfLlover\u00e1 sobre el Trocadero y el Campo de Marzo donde protestan les defensores de derechos humanos al pie de la Torre Eiffel? \u00bfLlover\u00e1 sobre las plazas de la Bastilla o de la Rep\u00fablica donde en 2016 las Noches de Pie (<i>Nuit Debout<\/i>) despertaron conciencias en el pa\u00eds galo? \u00bfLlover\u00e1 sobre los Campos El\u00edseos como lo hicieron en 2018 los chalecos amarillos? <\/span><span lang=\"ES\">Caer\u00e1 este fin de semana en Par\u00eds una lluvia de di\u00e1logos calurosos y de festividades combativas que parecen anteceder el despliegue invasor de tropas mar\u00edtimas y a\u00e9reas en <i>Slumil K\u2019ajxemk\u2019op<\/i>.<\/span><\/p>\n<p><img loading=\"lazy\" decoding=\"async\" class=\"wp-image-19115 aligncenter\" src=\"https:\/\/pozol.org\/wp-content\/uploads\/2021\/07\/IMG-9204-768x1024.jpg\" sizes=\"auto, (max-width: 615px) 100vw, 615px\" srcset=\"https:\/\/pozol.org\/wp-content\/uploads\/2021\/07\/IMG-9204-768x1024.jpg 768w, https:\/\/pozol.org\/wp-content\/uploads\/2021\/07\/IMG-9204-225x300.jpg 225w, https:\/\/pozol.org\/wp-content\/uploads\/2021\/07\/IMG-9204-1152x1536.jpg 1152w, https:\/\/pozol.org\/wp-content\/uploads\/2021\/07\/IMG-9204-1536x2048.jpg 1536w, https:\/\/pozol.org\/wp-content\/uploads\/2021\/07\/IMG-9204-375x500.jpg 375w, https:\/\/pozol.org\/wp-content\/uploads\/2021\/07\/IMG-9204-scaled.jpg 1920w\" alt=\"\" width=\"615\" height=\"820\" \/><\/p>\n<p><img loading=\"lazy\" decoding=\"async\" class=\"aligncenter size-large wp-image-19118\" src=\"https:\/\/pozol.org\/wp-content\/uploads\/2021\/07\/IMG-9206-1024x768.jpg\" sizes=\"auto, (max-width: 618px) 100vw, 618px\" srcset=\"https:\/\/pozol.org\/wp-content\/uploads\/2021\/07\/IMG-9206-1024x768.jpg 1024w, https:\/\/pozol.org\/wp-content\/uploads\/2021\/07\/IMG-9206-300x225.jpg 300w, https:\/\/pozol.org\/wp-content\/uploads\/2021\/07\/IMG-9206-768x576.jpg 768w, https:\/\/pozol.org\/wp-content\/uploads\/2021\/07\/IMG-9206-1536x1152.jpg 1536w, https:\/\/pozol.org\/wp-content\/uploads\/2021\/07\/IMG-9206-2048x1536.jpg 2048w, https:\/\/pozol.org\/wp-content\/uploads\/2021\/07\/IMG-9206-500x375.jpg 500w\" alt=\"\" width=\"618\" height=\"464\" \/><\/p>\n<p>Texto y fotos: \u00a1Compas Arriba! en colaboraci\u00f3n con Radio Pozol.<\/p>\n<\/div>\n<p><!--more--><\/p>\n<div class=\"share-post\"><\/div>\n<p><\/p>","protected":false},"excerpt":{"rendered":"<p>Par\u00eds, 2 de julio 2021. Si bien los \u00faltimos d\u00edas de junio fueron bastante pluviosos en Par\u00eds y los suburbios de la capital de Francia, se anuncia este fin de semana una gran lluvia de eventos p\u00fablicos para dar pronto la bienvenida al Escuadr\u00f3n 421, a las Fuerzas \u00e1reas zapatistas y a representantes del Congreso [&hellip;]<\/p>\n","protected":false},"author":13,"featured_media":38500,"comment_status":"open","ping_status":"closed","sticky":false,"template":"","format":"standard","meta":{"footnotes":""},"categories":[957,51,1318,955,826,953,935],"tags":[1334],"class_list":["post-38498","post","type-post","status-publish","format-standard","has-post-thumbnail","hentry","category-autonomia","category-autor","category-caravana-zapatista-a-europa","category-ezln-temas","category-medios-libres-2","category-mundo","category-temas","tag-travesiaporlavida"],"_links":{"self":[{"href":"https:\/\/radiozapatista.org\/index.php?rest_route=\/wp\/v2\/posts\/38498","targetHints":{"allow":["GET"]}}],"collection":[{"href":"https:\/\/radiozapatista.org\/index.php?rest_route=\/wp\/v2\/posts"}],"about":[{"href":"https:\/\/radiozapatista.org\/index.php?rest_route=\/wp\/v2\/types\/post"}],"author":[{"embeddable":true,"href":"https:\/\/radiozapatista.org\/index.php?rest_route=\/wp\/v2\/users\/13"}],"replies":[{"embeddable":true,"href":"https:\/\/radiozapatista.org\/index.php?rest_route=%2Fwp%2Fv2%2Fcomments&post=38498"}],"version-history":[{"count":1,"href":"https:\/\/radiozapatista.org\/index.php?rest_route=\/wp\/v2\/posts\/38498\/revisions"}],"predecessor-version":[{"id":38501,"href":"https:\/\/radiozapatista.org\/index.php?rest_route=\/wp\/v2\/posts\/38498\/revisions\/38501"}],"wp:featuredmedia":[{"embeddable":true,"href":"https:\/\/radiozapatista.org\/index.php?rest_route=\/wp\/v2\/media\/38500"}],"wp:attachment":[{"href":"https:\/\/radiozapatista.org\/index.php?rest_route=%2Fwp%2Fv2%2Fmedia&parent=38498"}],"wp:term":[{"taxonomy":"category","embeddable":true,"href":"https:\/\/radiozapatista.org\/index.php?rest_route=%2Fwp%2Fv2%2Fcategories&post=38498"},{"taxonomy":"post_tag","embeddable":true,"href":"https:\/\/radiozapatista.org\/index.php?rest_route=%2Fwp%2Fv2%2Ftags&post=38498"}],"curies":[{"name":"wp","href":"https:\/\/api.w.org\/{rel}","templated":true}]}}