{"id":38379,"date":"2021-06-29T17:15:59","date_gmt":"2021-06-29T22:15:59","guid":{"rendered":"https:\/\/radiozapatista.org\/?p=38379"},"modified":"2021-07-02T12:37:06","modified_gmt":"2021-07-02T17:37:06","slug":"una-montana-para-artellarnos","status":"publish","type":"post","link":"https:\/\/radiozapatista.org\/?p=38379","title":{"rendered":"Una monta\u00f1a para \u201cartellarnos\u201d &#8211; Di\u00e1logo con miembros de Xira pola Vida, Galiza"},"content":{"rendered":"<p>Una charla con Fernando y Denis de XirapolaVida, Galiza<\/p>\n<p>Junio, 2021<\/p>\n<p>Por Colectivo Radio Zapatista<\/p>\n<p>Vives donde comienza y termina tu continente, donde amanece y oscurece al final. Luchas desde la zona templada a la que abrazan una zona fr\u00edgida y una t\u00f3rrida. Habitas aquella regi\u00f3n que se pens\u00f3 la Finisterre. Mientras contemplas el ocaso en el poniente oce\u00e1nico, tu mirada apunta allende el mar para imaginar que vislumbras, a m\u00e1s de siete mil kil\u00f3metros, esa gigantesca isla continental de la que ha zarpado una \u201cMonta\u00f1a\u201d en traves\u00eda por la vida. Antes, un poco m\u00e1s cerca, a unos doscientos kil\u00f3metros, tu memoria se nubla con el horror del hundimiento del buque petrolero Prestige, con su marea de chapopote que ba\u00f1\u00f3 de muerte dos mil kil\u00f3metros de costas atl\u00e1nticas y cant\u00e1bricas hace dos d\u00e9cadas. Pero est\u00e1s en Galiza y sabes de resistencia. Tambi\u00e9n recuerdas a la marea humana que se organiz\u00f3 para lavar miles de toneladas de petr\u00f3leo y empapar de vida las playas turbias. Hoy que la gente ha llegado al puerto de Vigo desde muchos lugares para recibir al Escuadr\u00f3n 421 que agrupa a Lupita, Carolina, Ximena, Yuli, Bernal, Felipe y Marijose, lees una manta provocadora que les llama a despertar y les apresta a levar anclas para zarpar hacia una traves\u00eda colectiva en su propia tierra, articulando experiencias tan diversas como olas. As\u00ed que es posible que veas la llegada de la \u201cMonta\u00f1a\u201d como un reto \u201chermoso, grande y necesario\u201d que nos anima a \u201cartellarnos (articularnos, unirnos) territorialmente\u201d, como lo plantean Fernando y Dennis, \u201cartellados\u201d en decenas de Colectivos de la Coordinadora Galega da Xira Zapatista pola Vida.<\/p>\n<p>La comunidad aut\u00f3noma de Galicia es una de las 17 que existen en el Estado Espa\u00f1ol. Las ahora cuatro provincias galegas (Pontevedra, Ourense, Lugo y A Coru\u00f1a) se distribuyen en una cartograf\u00eda que hist\u00f3ricamente fue reduci\u00e9ndose pero que a\u00fan abarca una gran extensi\u00f3n de tierra y territorios costeros, mare\u00f1os y numerosas aldeas, adem\u00e1s de centros urbanos, que albergan narraciones que dan sentido a su pasado com\u00fan. Desde ah\u00ed cuidan su cultura, sus tradiciones, su lengua, su vida. Desde aqu\u00ed se organizaron para recibir al zapatismo en el puerto de la ciudad de Vigo.<\/p>\n<p align=\"center\"><a href=\"https:\/\/radiozapatista.org\/wp-content\/uploads\/2021\/06\/photo_2021-06-12_10-21-57-1-1.jpg\"><img loading=\"lazy\" decoding=\"async\" class=\"aligncenter wp-image-38459 size-full\" src=\"https:\/\/radiozapatista.org\/wp-content\/uploads\/2021\/06\/photo_2021-06-12_10-21-57-1-1.jpg\" alt=\"\" width=\"714\" height=\"339\" srcset=\"https:\/\/radiozapatista.org\/wp-content\/uploads\/2021\/06\/photo_2021-06-12_10-21-57-1-1.jpg 714w, https:\/\/radiozapatista.org\/wp-content\/uploads\/2021\/06\/photo_2021-06-12_10-21-57-1-1-350x166.jpg 350w\" sizes=\"auto, (max-width: 714px) 100vw, 714px\" \/><\/a><\/p>\n<p>Fernando y Dennis nos comparten sus experiencias de lucha, organizaci\u00f3n y resistencia.<\/p>\n<p><strong>Fernando: <\/strong>Trabajo en varios colectivos, casi todos de una forma u otra ligados a la defensa del territorio. Con Dennis coincid\u00ed en las brigadas deseucaliptizadoras en Frox\u00e1n (Galiza). Esto porque Galicia tiene un problema importante con el eucalipto como una especie invasora plantada cada vez m\u00e1s masivamente por los intereses de la industria papelera, de la celulosa. Y hay una iniciativa de las brigadas deseucaliptizadoras que nacieron del Monte Vecinal de Frox\u00e1n y de la Asociaci\u00f3n Ecologista de VerdeGaia (<a href=\"http:\/\/verdegaia.org\/brigadas\/\"><em>http:\/\/verdegaia.org\/brigadas\/<\/em><\/a>) que es como un voluntariado ambiental para apoyar a los Montes Vecinales, que es una propiedad comunal de los pueblos, y a particulares que quieran eliminar el eucalipto de sus tierras y poner especies aut\u00f3ctonas. Porque el eucalipto empobrece el suelo, favorece los incendios, chupa mucha agua. Es un problema medioambiental. Igualmente me vinculo con la lucha de los <em>Montes Vecinales en Mancom\u00fan<\/em>. En Galicia permanece esta figura legal de propiedad de los montes que son del colectivo, de la comunidad, no se pueden vender ni partir. Es algo previo a la l\u00f3gica capitalista. Las vecinas y vecinos, simplemente por el hecho de vivir en el sitio, tienen derechos de uso pero no de propiedad mercantil. Entonces es una forma muy extendida que ocupa una cuarta parte de Galicia. Este problema en Galicia en las \u00faltimas d\u00e9cadas, desde hace unos 50 a\u00f1os, se ha acrecentado sobretodo con la entrada en la Uni\u00f3n Europea, ha habido pol\u00edticas capitalistas que se han ido imponiendo y que fomentan el abandono rural. Pol\u00edticas que buscan romper las comunidades labregas, la autosuficiencia, la cultura campesina, e ir \u2018vaciando el campo\u2019, para dejarlo en manos de los intereses de las grandes empresas. De hecho, relacionado con el eucalipto, tambi\u00e9n hay un serio problema de acaparamiento de tierras en Galiza por empresas de la celulosa y del papel, o bien, directamente, hay acaparamiento del uso, aunque la propiedad siga siendo de particulares. Sobre los Montes Comunales, y debido al abandono, el mal gobierno est\u00e1 planeando leyes para poder obligar a una cesi\u00f3n de gesti\u00f3n a empresas privadas. Pero hay otros lugares en donde si se mantiene una comunidad viva, que quiere gestionar el territorio y defenderlo hay proyectos muy interesantes como el de las brigadas de Frox\u00e1n. Donde yo vivo, estamos luchando por un monte donde a\u00fan tenemos que recuperar la titularidad de los vecinos. El ayuntamiento lo usurp\u00f3 en los a\u00f1os sesenta, en tiempos de (Francisco) Franco. Ah\u00ed estamos en esa lucha, y estamos tambi\u00e9n enfrent\u00e1ndonos a una ola tremenda en este \u00faltimo a\u00f1o de proyectos e\u00f3licos que arrasar\u00edan una gran parte de los montes gallegos, por no decir todos. En Galiza hay 4,000 e\u00f3licos instalados en los montes de compa\u00f1\u00edas el\u00e9ctricas privadas, algunas de ellas que est\u00e1n operando en el Istmo de Oaxaca (M\u00e9xico, como Naturgy, Fenosa, Endesa o Iberdrola).<\/p>\n<p><em>Nos identificamos con los problemas del extractivismo<\/em>:<br \/>\n[podcast]https:\/\/radiozapatista.org\/wp-content\/uploads\/2021\/06\/Problemas-de-extractivismo-son-muy-semejantes.mp3[\/podcast]<\/p>\n<p align=\"center\"><img loading=\"lazy\" decoding=\"async\" class=\"alignnone size-large wp-image-38388\" src=\"https:\/\/radiozapatista.org\/wp-content\/uploads\/2021\/06\/184033922_111602144439134_5016839251200762021_n-1024x665.jpg\" alt=\"\" width=\"1024\" height=\"665\" srcset=\"https:\/\/radiozapatista.org\/wp-content\/uploads\/2021\/06\/184033922_111602144439134_5016839251200762021_n-1024x665.jpg 1024w, https:\/\/radiozapatista.org\/wp-content\/uploads\/2021\/06\/184033922_111602144439134_5016839251200762021_n-350x227.jpg 350w, https:\/\/radiozapatista.org\/wp-content\/uploads\/2021\/06\/184033922_111602144439134_5016839251200762021_n-768x499.jpg 768w, https:\/\/radiozapatista.org\/wp-content\/uploads\/2021\/06\/184033922_111602144439134_5016839251200762021_n.jpg 1142w\" sizes=\"auto, (max-width: 1024px) 100vw, 1024px\" \/><\/p>\n<p><strong>Denis: <\/strong>Yo estoy trabajando en construir Bravos Foundry (Ferrer\u00eda de Bravos, <a href=\"http:\/\/bravosfoundry.com\/es\/\">http:\/\/bravosfoundry.com\/es\/<\/a>), un proyecto con una aldea abandonada, pero yo no soy gallego (viene de Berl\u00edn, Alemania), es una lucha menos local. El objetivo principal de Foundry es crear espacios, o liberar espacios del neoliberalismo, crear espacios afuera del \u00e1mbito de estado y capital. Soy acad\u00e9mico y no me gusta trabajar en una universidad, pero me gusta investigar y quer\u00eda crear un espacio donde se pueda hacer de otra manera. Llegando a Galicia &#8216;el campo te come&#8217;. Ya no haces tanto trabajo acad\u00e9mico. Est\u00e1s con el monte, est\u00e1s con la tierra. Yo no veo una contradicci\u00f3n ah\u00ed. Creo que liberar estos espacios del neoliberalismo se trata de construir una infraestructura que funcione fuera de este \u00e1mbito. Y la autonom\u00eda comienza con la tierra, con la autosuficiencia, con la defensa de la tierra. Lo que yo defiendo tal vez es menos concreto que las luchas que dibuja Fernando ahora pero es parte. Tal vez sea m\u00e1s una \u201ctierra mental\u201d o algo as\u00ed, pero el neoliberalismo tambi\u00e9n nos coloniza mentalmente. Para liberarse de eso hay que tener espacios liberados y tejer redes entre ellos. Y trabajar para construir infraestructuras afuera del capitalismo que nos destruye. Tambi\u00e9n estoy involucrado en un proyecto que se llama freeingspace.com (<a href=\"https:\/\/freeingspace.com\/\">https:\/\/freeingspace.com\/<\/a>) que es un mapa sin \u00e1nimo lucro, sin estados, sin discriminaci\u00f3n, proyecto manejado de manera democr\u00e1tica. Creo que lo m\u00e1s importante es tejer redes entre ese tipo de espacios para crear otro tipo de mundo, como suelen decir los zapatistas, \u201cun mundo en que quepan muchos mundos\u201d, no s\u00e9 si lo digo bien.<\/p>\n<p><em>Construir espacios liberados y tejer redes entre ellos<\/em>:<br \/>\n[podcast]https:\/\/radiozapatista.org\/wp-content\/uploads\/2021\/06\/Construir-espacios-liberados-y-tejer-redes.mp3[\/podcast]<\/p>\n<p><strong>RZ: <\/strong>Pues vemos muchas similitudes con los m\u00faltiples rostros del despojo. Nos gustar\u00eda conocer m\u00e1s a profundidad qu\u00e9 tipo de acciones, qu\u00e9 personas est\u00e1n involucradas en crear estos espacios y tejer estas redes como un movimiento hacia la Xira.<\/p>\n<p><strong>Fernando<\/strong>: \u00bfC\u00f3mo hacemos aqu\u00ed en Galiza con la Xira? Cada uno aportando lo que podemos y lo que sabemos. La vemos como una oportunidad de reconectarnos, de reconocernos, de aprender de las otras luchas (&#8230;) Es muy interesante que estamos gente ligada a movimientos rurales contra megaproyectos, colectivos feministas, LGTB, organizaciones obreras, anarcosindicalistas, colectivos antifascistas, organizaciones por la recuperaci\u00f3n de la memoria hist\u00f3rica (que vivieron la represi\u00f3n tras la guerra civil), proyectos autogestivos de educaci\u00f3n. Es la muestra de un mundo donde quepan muchos mundos.<\/p>\n<p><em>Las reconexiones y c\u00f3mo nos organizamos<\/em>:<br \/>\n[podcast]https:\/\/radiozapatista.org\/wp-content\/uploads\/2021\/06\/LasReconexiones_La-organizaci\u00f3n.mp3[\/podcast]<\/p>\n<p><strong>Denis<\/strong>: Aqu\u00ed vivo en la aldea y hay ese sentido de apoyo mutuo, toda la gente se conoce y la gente se apoya en enfrentar cosas muy concretas que trascienden las divisiones partidarias. El sentido de proyecto de Montes Comunales es para las generaciones que vienen. Y ese sentido es s\u00faper importante. La gente siente la necesidad de construir eso. (La delegaci\u00f3n zapatista) va a llamar a Europa La Tierra Insurgente, pero a\u00fan no existe, est\u00e1 por construir, la gente lo quiere. Estamos en un camino de muerte y destrucci\u00f3n mundial. Y hay que construir esta tierra comunal. La Xira trata de trabajar para esto. Esta red se trata no s\u00f3lo de mostrar solidaridad con los zapatistas sino de hacer las redes.<\/p>\n<p><em>Los Montes Comunales son para las generaciones que vienen:<\/em><br \/>\n[podcast]https:\/\/radiozapatista.org\/wp-content\/uploads\/2021\/06\/ElSentidoComunitarioydeTrabajarConjuntamente-1.mp3[\/podcast]<\/p>\n<p>Es a partir de esa necesidad de construir redes que los colectivos organizados en torno de la llegada zapatista a Europa se identifican con el mensaje y la pr\u00e1ctica cotidiana de las comunidades ind\u00edgenas rebeldes. Dennis agrega que \u201clos proyectos de estos movimientos y colectivos parten de cosas muy concretas&#8221;, como por ejemplo la lucha contra los e\u00f3licos, el trabajar junto con los vecinos. &#8220;Eso nos junta, poco a poco podemos construir burbujas de autonom\u00eda para poder autogestionar nuestros territorios, nuestros barrios, nuestras vidas, nuestros cuidados\u201d, agrega Fernando.<\/p>\n<p><em>La importancia de reconstruir la comunidad local<\/em>:<br \/>\n[podcast]https:\/\/radiozapatista.org\/wp-content\/uploads\/2021\/06\/ReconstruirComunidadLocalparalaAutonom\u00eda.mp3[\/podcast]<\/p>\n<p><strong>RZ: <\/strong>\u00bfQu\u00e9 tanto se ha logrado la vinculaci\u00f3n? \u00bfCu\u00e1les son los desaf\u00edos?<\/p>\n<p><strong>Denis<\/strong>: Un desaf\u00edo es entender que lo que enfrentamos globalmente -la hidra y sus cabezas y sus manifestaciones, con su poder de metamorfosis y sus bichos expansivos- siempre quiere m\u00e1s, junto con el Estado que es expansivo y quiere poder. El desaf\u00edo es fomentar una conciencia de que en varias luchas estamos afrontando el mismo bicho, pero al fin es un bicho. \u00bfC\u00f3mo hacerlo? Conect\u00e1ndonos, no s\u00e9, haciendo mesas redondas. Es muy dif\u00edcil. El enemigo es global, eso es cierto, la lucha es global. Hace cien a\u00f1os hab\u00eda un internacionalismo. Hoy es otra cosa, la globalizaci\u00f3n de hoy es la del capital, es la de Facebook, es otra cosa, de hecho naci\u00f3 un nacionalismo nuevo. No tengo una respuesta buena.<\/p>\n<p><strong>Fernando<\/strong>: El reto que afrontamos es muy grande ahora mismo, estamos ante la gran tormenta y la definen muy bien los compas. Llevamos doscientos a\u00f1os de combustibles f\u00f3siles que han permitido la expansi\u00f3n del capitalismo para llegar a esta destrucci\u00f3n y ahora se acaban y el sistema va hacia un colapso. Y tiene una capacidad de mutar para conseguir el beneficio, el poder y la explotaci\u00f3n. Yo veo que la excusa de la pandemia, en Europa, se usa como doctrina del shock. La gente est\u00e1 preocupada. Si es para tanto o no es discutible. Pero se est\u00e1 usando para incrementar el control sobre la poblaci\u00f3n. Hay medidas represivas y empobrecimiento de sectores populares (por desv\u00edo recursos hacia grandes empresas). Vamos hacia otra fase del capitalismo. Los compas lo est\u00e1n viendo claro. \u00bfC\u00f3mo reaccionar ante esto? Ac\u00e1 es dif\u00edcil por lo desestructurado de las comunidades. En las aldeas a veces por el despoblamiento se deja de celebrar la fiesta, pero hay que intentar de m\u00faltiples maneras. Debe haber m\u00faltiples respuestas porque son m\u00faltiples las realidades. La izquierda convencional, partidista, est\u00e1 totalmente perdida, no quiere ver cu\u00e1l es la situaci\u00f3n hist\u00f3rica a la que nos enfrentamos. Se sue\u00f1a con los tiempos del estado bienestar, ferramenta in\u00fatil, y si se dice (lo que ocurre) no hay votos.<\/p>\n<p><em>El reto es grande, hermoso y necesario:<\/em><br \/>\n[podcast]https:\/\/radiozapatista.org\/wp-content\/uploads\/2021\/06\/ElRetoesGrandeHermosoNecesario.mp3[\/podcast]<\/p>\n<p>Aqu\u00ed agrega Dennis que hay otro desaf\u00edo, que es conectar todas las luchas. Parte del objetivo de la Xira por la Vida es eso y de hecho ya se est\u00e1 logrando. Nos cuenta que ya estaba anunciado y que, con la preparaci\u00f3n para la llegada del escuadr\u00f3n zapatista, comenzaron a conectarse, aunque el desaf\u00edo no termina.<\/p>\n<p><em>Crear comunidad haciendo cosas conjuntamente:<\/em><br \/>\n[podcast]https:\/\/radiozapatista.org\/wp-content\/uploads\/2021\/06\/SeguirSiendoRebeldes.Territorio.Asamblea.Trabajo.Fiesta.mp3[\/podcast]<\/p>\n<p><strong>RZ<\/strong>: En la preparaci\u00f3n de la gira, m\u00e1s all\u00e1 de lo local, \u00bfc\u00f3mo lo ven en lo europeo?<\/p>\n<p><strong>Denis<\/strong>: Lo que ha llamado la atenci\u00f3n ante el anuncio de la gira es la conformaci\u00f3n de comit\u00e9s a nivel nacional y luego subcomit\u00e9s. Creo que hay mucho contacto entre colectivos que antes no lo ten\u00edan y eso es bueno. Yo conozco un mont\u00f3n de proyectos que no conoc\u00eda y tienen m\u00e1s contacto que antes. Toda la gente est\u00e1 haciendo lo que puede.<\/p>\n<p><strong>Fernando<\/strong>: \u00a1Yo es que flipo!, cuando ves en la Escuelita (iniciativa zapatista de 2013) su capacidad organizativa y observas que tienen todo el rodaje de treinta a\u00f1os de organizaci\u00f3n. En Europa no lo tenemos. Llegan y nos hacen un reto muy hermoso pero nos muestran nuestras incapacidades. Yo no s\u00e9 si estar muy de acuerdo con Dennis acerca de la burocracia en los comit\u00e9s. Nos falta mucho que aprender para ser operativos, pero nos falta porque no tenemos costumbre de trabajar colectivamente. Dec\u00eda una compa\u00f1era del sindicato labrego que no hay un espacio com\u00fan de movimientos sociales en Europa, como mucho la Marcha Mundial de las Mujeres y la V\u00eda Campesina. Pero no hab\u00eda cuando los compas lanzan esta maravillosa \u2018proposta\u2019 de la XirapolaVida, no hay ese espacio. Al principio desde Galiza est\u00e1bamos esperando un poco qu\u00e9 es lo que se organiza desde Europa y tal. Y me acuerdo que nos dec\u00eda un compa en una reuni\u00f3n: \u201ces que no hay a qui\u00e9n dirigirse en Europa, tenemos que tejerlo nosotros con Europa\u201d. El reto es muy grande, es muy hermoso y es muy necesario. Es dif\u00edcil, no partimos de cero, partimos de menos diez y es muy necesario. Creo que los compas nos dan un ejemplo de abajo arriba y ellos lo hacen as\u00ed, en asambleas en comunidades, los MAREZ (Municipios Aut\u00f3nomos Rebeldes Zapatistas), las Juntas de Buen Gobierno. Aqu\u00ed en Galicia hemos intentado establecer grupos locales, comarcas, ciudades y artellarnos (articularnos) territorialmente. Aqu\u00ed en el Estado Espa\u00f1ol se pretende un poco as\u00ed, que a veces es poco operativo, farragoso, pero bueno, por lo menos vamos caminando e intentando mejorar.<\/p>\n<p><strong>RZ<\/strong>: Y para esta Gira por la Vida, \u00bfqu\u00e9 necesidades hay en cuestiones operativas, teniendo en cuenta que es el primer puerto?<\/p>\n<p><strong>Fernando<\/strong>: Hay un equipo de gente trabajando. En Vigo tenemos prevista la llegada, recibimiento, acto primero en el puerto. Antes de que llegue La Monta\u00f1a llegar\u00e1n las delegaciones europeas para recibirlos, tenemos espacios para alojamiento de la delegaci\u00f3n zapatista pero tambi\u00e9n un espacio para el trabajo, el encuentro y para delegaciones europeas. Hay muchas comunidades de montes y algunas tienen instalaciones muy buenas y nos han ofrecido la de Taneiga, el Centro Sociocultural y Deportivo las Pedri\u00f1as (Caracol Base de la Europa Zapatista que se re\u00fane para recibir a la Monta\u00f1a) y otras m\u00e1s.<\/p>\n<p align=\"center\"><img loading=\"lazy\" decoding=\"async\" class=\"aligncenter wp-image-38450 size-full\" src=\"https:\/\/radiozapatista.org\/wp-content\/uploads\/2021\/06\/dbcb7c20-d337-11eb-99f3-f5daa6ac37d2-photo2021-06-22-10.57.16.jpeg\" alt=\"\" width=\"1074\" height=\"1280\" srcset=\"https:\/\/radiozapatista.org\/wp-content\/uploads\/2021\/06\/dbcb7c20-d337-11eb-99f3-f5daa6ac37d2-photo2021-06-22-10.57.16.jpeg 1074w, https:\/\/radiozapatista.org\/wp-content\/uploads\/2021\/06\/dbcb7c20-d337-11eb-99f3-f5daa6ac37d2-photo2021-06-22-10.57.16-252x300.jpeg 252w, https:\/\/radiozapatista.org\/wp-content\/uploads\/2021\/06\/dbcb7c20-d337-11eb-99f3-f5daa6ac37d2-photo2021-06-22-10.57.16-768x915.jpeg 768w, https:\/\/radiozapatista.org\/wp-content\/uploads\/2021\/06\/dbcb7c20-d337-11eb-99f3-f5daa6ac37d2-photo2021-06-22-10.57.16-859x1024.jpeg 859w\" sizes=\"auto, (max-width: 1074px) 100vw, 1074px\" \/><\/p>\n<p>Los colectivos articulados en la Xirapolavida han organizado un equipo de comunicaci\u00f3n y trabajan en la difusi\u00f3n por redes sociales, como Facebook, Twitter y un blog. Recogen las acciones en la calle, en mesas informativas, foros, seminarios, con acciones de recaudaci\u00f3n de fondos. Desde el punto de vista m\u00e1s log\u00edstico, trabajan en comisiones y grupos de trabajo, con una comisi\u00f3n legal, una de log\u00edstica, de finanzas, de alimentaci\u00f3n para la llegada y el recibimiento para la delegaci\u00f3n zapatista, as\u00ed como para las delegaciones europeas y del Estado Espa\u00f1ol.<\/p>\n<p><strong>Fernando<\/strong>: Habr\u00e1 fiesta y acto pol\u00edtico, porque van juntas, quien quiera acercarse puede poner sus necesidades de alojamiento, alimentaci\u00f3n, etc\u00e9tera, y lo que se puede aportar, actos, actividades, menaje de cocina, para que el equipo log\u00edstico sepa lo que se necesita y lo que se cuenta. Aqu\u00ed tenemos una lengua, hermana del portugu\u00e9s, hay diferentes lenguas y pueblos en el Estado Espa\u00f1ol como en Catalunya o Euskadi. Los enlaces estar\u00e1n en galego.<\/p>\n<p><img loading=\"lazy\" decoding=\"async\" class=\"aligncenter wp-image-38447 size-full\" src=\"https:\/\/radiozapatista.org\/wp-content\/uploads\/2021\/06\/197313192_118949893704359_6074181868615969259_n.jpg\" alt=\"\" width=\"758\" height=\"720\" srcset=\"https:\/\/radiozapatista.org\/wp-content\/uploads\/2021\/06\/197313192_118949893704359_6074181868615969259_n.jpg 758w, https:\/\/radiozapatista.org\/wp-content\/uploads\/2021\/06\/197313192_118949893704359_6074181868615969259_n-316x300.jpg 316w\" sizes=\"auto, (max-width: 758px) 100vw, 758px\" \/><\/p>\n<p>Para cerrar la charla, Fernando narra la que recuerda como \u201cuna de las cosas m\u00e1s bonitas\u201d que alguien le ha dicho en la vida. Fue algo que escuch\u00f3 en uno de sus viajes a M\u00e9xico. Ocurri\u00f3 en la Escuela Normal de Cher\u00e1n (municipio aut\u00f3nomo en el estado de Michoac\u00e1n) cuando \u00e9l estaba hablando de la realidad de Galicia, cuando cont\u00f3 que eran un pueblo que estaba perdiendo su lengua por la fuerza del castellano, cuando cont\u00f3 que eran un pueblo campesino, marinero. Uno de los ni\u00f1os le respondi\u00f3 \u201c\u00a1Es que no sab\u00edamos que en Europa hubiera pueblos ind\u00edgenas!\u201d Fernando comenta que \u201cel 99.9 por ciento de los gallegos no se identificar\u00edan con esa definici\u00f3n de ind\u00edgena\u201d y propone \u201cbuscar en esa ra\u00edz com\u00fan ind\u00edgena que creo que todos los pueblos tenemos de conexi\u00f3n con la tierra\u201d mucho m\u00e1s viva en Latinoam\u00e9rica que en Europa, quiz\u00e1, nos dice, porque \u201custedes llevan quinientos a\u00f1os de represi\u00f3n, pero nosotros llevamos dos mil, por lo que ese pozo de ra\u00edz ind\u00edgena aqu\u00ed est\u00e1 mucho m\u00e1s borrado\u201d.<\/p>\n<p>Denis, para despedir la conversaci\u00f3n, nos cuenta que se est\u00e1 preparando una exhibici\u00f3n \u201cSamir Vive\u201d, a m\u00e1s de dos a\u00f1os del fallecimiento del defensor de la tierra y del agua Samir Flores Soberanes, comunicador asesinado en la puerta de su casa en Morelos, M\u00e9xico, en febrero de 2019.<\/p>\n<p>Hay muchas historias por contar sobre las tormentas que han sorteado estas tierras en su empe\u00f1o antifascista y republicano. El legado de los n\u00facleos de resistencia de mujeres libertarias que se &#8220;artellaron&#8221; en A Coru\u00f1a en 1936 est\u00e1 por cumplir un siglo. Ese legado es lucha que contin\u00faa, incluso al interior de las organizaciones anticapitalistas. La migraci\u00f3n, el arraigo inadvertido, el dolor de la invisibilidad que excluye a personas migrantes y racializadas son heridas abiertas,\u00a0tambi\u00e9n al interior de las organizaciones anticapitalistas, como sue\u00f1os pendientes.<\/p>\n<p>Hace 528 a\u00f1os que Crist\u00f3bal Col\u00f3n, los hermanos Pinz\u00f3n y sus marineros volvieron a Europa de su primer viaje al Caribe. Mientras Mart\u00edn Pinz\u00f3n toc\u00f3 puerto en Bayona con La Pinta, Col\u00f3n regres\u00f3 por Lisboa. Llevaba en La Ni\u00f1a a un grupo de diez pobladores ta\u00ednos capturados en La Espa\u00f1ola (hoy Hait\u00ed y Rep\u00fablica Dominicana), aunque s\u00f3lo cuatro sobrevivieron la traves\u00eda. Siguiendo una ruta similar, el capit\u00e1n Ludwig y su tripulaci\u00f3n, en medio de una pandemia, han llevado a buen puerto en Vigo a la delegaci\u00f3n mar\u00edtima zapatista \u201cEscuadr\u00f3n 421\u201d, gente libre que se embarc\u00f3 en la Isla Mujeres, la Finisterre del sureste mexicano.<\/p>\n<p>Siete compas que navegaron por miles llevan la fuerza de las batallas comunitarias libradas dignamente. Acaban de renombrar un continente (Slumil K&#8217;ajxemk&#8217;op, Tierra Insumisa, la que no se resigna) tras desplegar un mensaje que se ancl\u00f3 en Vigo en pleno solsticio de verano: \u201cDESPERTAD\u201d. Pisaron este nuevo continente en plenilunio. Con la profundidad hist\u00f3rica que \u201cartella\u201d la conexi\u00f3n de Galiza con la vida, la lengua, la tierra y el trabajo, si vives o luchas o habitas en colectivo este conf\u00edn, el pron\u00f3stico anuncia que volver\u00e1s a sortear el barlovento.<\/p>\n<p>Fotograf\u00edas: Xira pola Vida<\/p>\n<p>&nbsp;<\/p>","protected":false},"excerpt":{"rendered":"<p>Una charla con Fernando y Denis de XirapolaVida, Galiza Junio, 2021 Por Colectivo Radio Zapatista Vives donde comienza y termina tu continente, donde amanece y oscurece al final. Luchas desde la zona templada a la que abrazan una zona fr\u00edgida y una t\u00f3rrida. Habitas aquella regi\u00f3n que se pens\u00f3 la Finisterre. Mientras contemplas el ocaso [&hellip;]<\/p>\n","protected":false},"author":20,"featured_media":38388,"comment_status":"open","ping_status":"closed","sticky":false,"template":"","format":"standard","meta":{"footnotes":""},"categories":[1,957,955,953,190],"tags":[239,920,926,1333,1317],"class_list":["post-38379","post","type-post","status-publish","format-standard","has-post-thumbnail","hentry","category-audio","category-autonomia","category-ezln-temas","category-mundo","category-radiozapatista","tag-espana","tag-europa","tag-ezln","tag-galicia","tag-travesia-por-la-vida"],"_links":{"self":[{"href":"https:\/\/radiozapatista.org\/index.php?rest_route=\/wp\/v2\/posts\/38379","targetHints":{"allow":["GET"]}}],"collection":[{"href":"https:\/\/radiozapatista.org\/index.php?rest_route=\/wp\/v2\/posts"}],"about":[{"href":"https:\/\/radiozapatista.org\/index.php?rest_route=\/wp\/v2\/types\/post"}],"author":[{"embeddable":true,"href":"https:\/\/radiozapatista.org\/index.php?rest_route=\/wp\/v2\/users\/20"}],"replies":[{"embeddable":true,"href":"https:\/\/radiozapatista.org\/index.php?rest_route=%2Fwp%2Fv2%2Fcomments&post=38379"}],"version-history":[{"count":38,"href":"https:\/\/radiozapatista.org\/index.php?rest_route=\/wp\/v2\/posts\/38379\/revisions"}],"predecessor-version":[{"id":38491,"href":"https:\/\/radiozapatista.org\/index.php?rest_route=\/wp\/v2\/posts\/38379\/revisions\/38491"}],"wp:featuredmedia":[{"embeddable":true,"href":"https:\/\/radiozapatista.org\/index.php?rest_route=\/wp\/v2\/media\/38388"}],"wp:attachment":[{"href":"https:\/\/radiozapatista.org\/index.php?rest_route=%2Fwp%2Fv2%2Fmedia&parent=38379"}],"wp:term":[{"taxonomy":"category","embeddable":true,"href":"https:\/\/radiozapatista.org\/index.php?rest_route=%2Fwp%2Fv2%2Fcategories&post=38379"},{"taxonomy":"post_tag","embeddable":true,"href":"https:\/\/radiozapatista.org\/index.php?rest_route=%2Fwp%2Fv2%2Ftags&post=38379"}],"curies":[{"name":"wp","href":"https:\/\/api.w.org\/{rel}","templated":true}]}}