{"id":38279,"date":"2021-06-23T14:09:30","date_gmt":"2021-06-23T19:09:30","guid":{"rendered":"https:\/\/radiozapatista.org\/?p=38279"},"modified":"2021-06-24T14:41:41","modified_gmt":"2021-06-24T19:41:41","slug":"cartas-nauticas-iii-desembarca-el-escuadron-421-en-galicia","status":"publish","type":"post","link":"https:\/\/radiozapatista.org\/?p=38279","title":{"rendered":"Cartas n\u00e1uticas III: Desembarca el Escuadr\u00f3n 421 en Galicia"},"content":{"rendered":"<p><\/p>\n<blockquote>\n<p style=\"text-align: right;\"><em>A nombre de todas las mujeres, ni\u00f1os, hombres, ancianos y, claro, otroas zapatistas, declaro que el nombre de esta tierra, a la que sus naturales llaman ahora Europa, de aqu\u00ed en adelante se llamar\u00e1 \u201cSlumil K&#8217;ajxemk&#8217;op\u201d, que quiere decir \u201cTierra insumisa\u201d, tierra que no se resigna, que no desmaya. Y as\u00ed ser\u00e1 conocida por propios y extra\u00f1os mientras haya alguien aqu\u00ed que no se rinda, que no se venda y que no claudique.<\/em><\/p>\n<\/blockquote>\n<p align=\"\u201djustify\u201d\">Con esas palabras Marijose, otroa zapatista del Escuadr\u00f3n 421, rebautiz\u00f3 el \u201cviejo continente\u201d este martes 22 de junio de 2021 en la ciudad de Vigo, Galicia.<\/p>\n<p style=\"text-align: center;\"><a href=\"https:\/\/radiozapatista.org\/wp-content\/uploads\/2021\/06\/201167617_1919801384834540_6538933609324600866_n.jpg\"><img loading=\"lazy\" decoding=\"async\" class=\"aligncenter wp-image-38282 size-medium\" src=\"https:\/\/radiozapatista.org\/wp-content\/uploads\/2021\/06\/201167617_1919801384834540_6538933609324600866_n-350x263.jpg\" alt=\"\" width=\"350\" height=\"263\" srcset=\"https:\/\/radiozapatista.org\/wp-content\/uploads\/2021\/06\/201167617_1919801384834540_6538933609324600866_n-350x263.jpg 350w, https:\/\/radiozapatista.org\/wp-content\/uploads\/2021\/06\/201167617_1919801384834540_6538933609324600866_n-768x576.jpg 768w, https:\/\/radiozapatista.org\/wp-content\/uploads\/2021\/06\/201167617_1919801384834540_6538933609324600866_n-1024x768.jpg 1024w, https:\/\/radiozapatista.org\/wp-content\/uploads\/2021\/06\/201167617_1919801384834540_6538933609324600866_n.jpg 1280w\" sizes=\"auto, (max-width: 350px) 100vw, 350px\" \/><\/a><br \/>\n<small>Foto: Juana Machetes<\/small><\/p>\n<p align=\"justify\">Quinientos veintiocho a\u00f1os despu\u00e9s de que la carabela La Pinta arribara a estas costas tras el primer y fat\u00eddico \u201cencuentro\u201d entre el continente europeo y el que poco despu\u00e9s ser\u00eda nombrado Am\u00e9rica, lleg\u00f3 a <em>Galiza<\/em> el nav\u00edo La Monta\u00f1a, tras 50 d\u00edas de navegaci\u00f3n desde Isla Mujeres en el Caribe mexicano.<\/p>\n<p align=\"justify\">A bordo trajo a siete zapatistas, el <a href=\"https:\/\/radiozapatista.org\/?p=37201\">Escuadr\u00f3n 421<\/a> \u2013cuatro mujeres, dos hombres, unoa otroa\u2013. A bordo trajo cinco siglos de resistencia y 38 a\u00f1os de lucha zapatista. A bordo trajo o\u00eddos y miradas atentas y corazones abiertos, para encontrarse con quienes resisten y luchan contra el sistema enloquecido que atenta contra la humanidad. A bordo trajo la <em>utop\u00eda <\/em>de un verdadero <em>Encuentro<\/em> que no sea de muerte sino de vida, de lucha, de resistencia y rebeld\u00eda.<\/p>\n<p align=\"justify\">Desde hace d\u00edas, empezaron a llegar a Galiza delegaciones de muchos rincones de Slumil K\u2019ajxemk\u2019op y de otros pa\u00edses, para darle la bienvenida al Escuadr\u00f3n 421, la avanzada de una \u201cinvasi\u00f3n zapatista\u201d a la que se sumar\u00e1n muchos y muchas m\u00e1s que llegar\u00e1n por v\u00eda a\u00e9rea, incluyendo a ni\u00f1as y ni\u00f1os. No muy lejos del local del desembarque, el Centro Social das Pedri\u00f1as, renombrado &#8220;Caracol Base de la Europa Zapatista&#8221;, se acondicion\u00f3 para recibir\u00a0 a lxs delegadxs que llegaron de las muchas geograf\u00edas.<\/p>\n<p style=\"text-align: center;\"><!--more--><iframe loading=\"lazy\" src=\"https:\/\/player.vimeo.com\/video\/565396427\" width=\"640\" height=\"360\" frameborder=\"0\" allowfullscreen=\"allowfullscreen\"><\/iframe><br \/>\n<small><a href=\"https:\/\/vimeo.com\/565396427\">LLEGADA DE LXS ZAPATISTAS 20\/06\/2021<\/a> &#8211; <a href=\"https:\/\/vimeo.com\/realidadaparte\">Mel Guevara<\/a>.<\/small><\/p>\n<p align=\"justify\">Durante tres d\u00edas, la Monta\u00f1a permaneci\u00f3 frente a la costa de Vigo desplegando una gran manta con las palabras \u201c\u00a1DESPERTAD!\u201d, mientras las distintas comisiones trabajaban febriles en los \u00faltimos preparativos para el recibimiento.<\/p>\n<p style=\"text-align: center;\"><iframe loading=\"lazy\" title=\"YouTube video player\" src=\"https:\/\/www.youtube.com\/embed\/dsFQr5dVyH0\" width=\"560\" height=\"315\" frameborder=\"0\" allowfullscreen=\"allowfullscreen\"><\/iframe><br \/>\n<small>Video por <a href=\"https:\/\/www.ya-basta-netz.org\/\" target=\"_blank\" rel=\"noopener\">Ya Basta Netz<\/a>, publicado en <a href=\"https:\/\/guilhotina.info\/2021\/06\/21\/europa-vigo-a-montanha-zapatista\/\" target=\"_blank\" rel=\"noopener\">Gilhotina.info<\/a><\/small><\/p>\n<p align=\"justify\">Ese martes 22 de junio, en los alrededores del Museo do Mar de Galicia, a pocos pasos de la Praia de Carril, cientos de personas se congregaron para recibir al Escuadr\u00f3n 421. Adem\u00e1s de la fuerte presencia gallega, hab\u00eda delegaciones provenientes de Euskal Herria, Catalu\u00f1a, Pa\u00eds Valenci\u00e0, Andaluc\u00eda, Estado Espa\u00f1ol, Portugal, Alemania, Italia,\u00a0 Francia, Holanda, Suiza, Finlandia, Rep\u00fablica Checa, Grecia, Cabo Verde, Ir\u00e1n, Chile, Brasil, Argentina, Colombia y M\u00e9xico. Un grupo de mujeres gaiteras, ataviadas con trajes tradicionales, tocaban m\u00fasica gallega con alegre algarab\u00eda.<\/p>\n<div class=\"wp-playlist wp-video-playlist wp-playlist-light\">\n\t\t<video controls=\"controls\" preload=\"none\" width=\"640\"\n\t\t height=\"360\"\t><\/video>\n\t<div class=\"wp-playlist-next\"><\/div>\n\t<div class=\"wp-playlist-prev\"><\/div>\n\t<noscript>\n\t<ol>\n\t\t<li><a href='https:\/\/radiozapatista.org\/wp-content\/uploads\/2021\/06\/CompanerasGaiteras_GuillotinaInfo.mp4'>Compa\u00f1eras Gaiteras<\/a><\/li>\t<\/ol>\n\t<\/noscript>\n\t<script type=\"application\/json\" class=\"wp-playlist-script\">{\"type\":\"video\",\"tracklist\":true,\"tracknumbers\":true,\"images\":true,\"artists\":true,\"tracks\":[{\"src\":\"https:\/\/radiozapatista.org\/wp-content\/uploads\/2021\/06\/CompanerasGaiteras_GuillotinaInfo.mp4\",\"type\":\"video\/mp4\",\"title\":\"Compa\\u00f1eras Gaiteras\",\"caption\":\"Compa\\u00f1eras Gaiteras - Desembarque del Escuadr\\u00f3n 421 - Video: Guilhotina.info\",\"description\":\"\",\"meta\":{\"length_formatted\":\"0:39\"},\"dimensions\":{\"original\":{\"width\":1280,\"height\":720},\"resized\":{\"width\":640,\"height\":360}},\"image\":{\"src\":\"https:\/\/radiozapatista.org\/wp-includes\/images\/media\/video.svg\",\"width\":48,\"height\":64},\"thumb\":{\"src\":\"https:\/\/radiozapatista.org\/wp-includes\/images\/media\/video.svg\",\"width\":48,\"height\":64}}]}<\/script>\n<\/div>\n\t\n<p align=\"justify\">Con m\u00e1s o menos una hora de retraso debido a los fuertes vientos, sali\u00f3 de La Monta\u00f1a una lancha con el Escuadr\u00f3n 421 y miembros de la tripulaci\u00f3n, que desembarcaron en la punta del muelle, a un lado del faro. Loa primeroa en posar sus pies en tierras gallegas fue Marijose. Despu\u00e9s caminaron por el muelle, pasando a un lado del Acuario del museo, para encontrarse con la multitud que los esperaba, junto con las gaiteras y el equipo de seguridad, en la peque\u00f1a explanada, de donde caminar\u00edan hacia la Praia de Carril. En todo momento, las medidas sanitarias ante la pandemia del Covid-19 fueron reiteradas y cuidadosamente observadas.<\/p>\n<p align=\"center\"><a href=\"https:\/\/radiozapatista.org\/wp-content\/uploads\/2021\/06\/inbound714257896.jpg\"><img loading=\"lazy\" decoding=\"async\" class=\"aligncenter size-large wp-image-38284\" src=\"https:\/\/radiozapatista.org\/wp-content\/uploads\/2021\/06\/inbound714257896-1024x768.jpg\" alt=\"\" width=\"1024\" height=\"768\" srcset=\"https:\/\/radiozapatista.org\/wp-content\/uploads\/2021\/06\/inbound714257896-1024x768.jpg 1024w, https:\/\/radiozapatista.org\/wp-content\/uploads\/2021\/06\/inbound714257896-350x263.jpg 350w, https:\/\/radiozapatista.org\/wp-content\/uploads\/2021\/06\/inbound714257896-768x576.jpg 768w, https:\/\/radiozapatista.org\/wp-content\/uploads\/2021\/06\/inbound714257896.jpg 1280w\" sizes=\"auto, (max-width: 1024px) 100vw, 1024px\" \/><\/a><\/p>\n\n\t\t<style type=\"text\/css\">\n\t\t\t#gallery-1 {\n\t\t\t\tmargin: auto;\n\t\t\t}\n\t\t\t#gallery-1 .gallery-item {\n\t\t\t\tfloat: left;\n\t\t\t\tmargin-top: 10px;\n\t\t\t\ttext-align: center;\n\t\t\t\twidth: 33%;\n\t\t\t}\n\t\t\t#gallery-1 img {\n\t\t\t\tborder: 2px solid #cfcfcf;\n\t\t\t}\n\t\t\t#gallery-1 .gallery-caption {\n\t\t\t\tmargin-left: 0;\n\t\t\t}\n\t\t\t\/* see gallery_shortcode() in wp-includes\/media.php *\/\n\t\t<\/style>\n\t\t<div id='gallery-1' class='gallery galleryid-38279 gallery-columns-3 gallery-size-medium'><dl class='gallery-item'>\n\t\t\t<dt class='gallery-icon landscape'>\n\t\t\t\t<a href='https:\/\/radiozapatista.org\/wp-content\/uploads\/2021\/06\/205812321_4588454421183370_8316691440159587797_n.jpg'><img loading=\"lazy\" decoding=\"async\" width=\"350\" height=\"263\" src=\"https:\/\/radiozapatista.org\/wp-content\/uploads\/2021\/06\/205812321_4588454421183370_8316691440159587797_n-350x263.jpg\" class=\"attachment-medium size-medium\" alt=\"\" srcset=\"https:\/\/radiozapatista.org\/wp-content\/uploads\/2021\/06\/205812321_4588454421183370_8316691440159587797_n-350x263.jpg 350w, https:\/\/radiozapatista.org\/wp-content\/uploads\/2021\/06\/205812321_4588454421183370_8316691440159587797_n-768x576.jpg 768w, https:\/\/radiozapatista.org\/wp-content\/uploads\/2021\/06\/205812321_4588454421183370_8316691440159587797_n.jpg 960w\" sizes=\"auto, (max-width: 350px) 100vw, 350px\" \/><\/a>\n\t\t\t<\/dt><\/dl><dl class='gallery-item'>\n\t\t\t<dt class='gallery-icon landscape'>\n\t\t\t\t<a href='https:\/\/radiozapatista.org\/wp-content\/uploads\/2021\/06\/inbound1112029833.jpg'><img loading=\"lazy\" decoding=\"async\" width=\"350\" height=\"263\" src=\"https:\/\/radiozapatista.org\/wp-content\/uploads\/2021\/06\/inbound1112029833-350x263.jpg\" class=\"attachment-medium size-medium\" alt=\"\" srcset=\"https:\/\/radiozapatista.org\/wp-content\/uploads\/2021\/06\/inbound1112029833-350x263.jpg 350w, https:\/\/radiozapatista.org\/wp-content\/uploads\/2021\/06\/inbound1112029833-768x576.jpg 768w, https:\/\/radiozapatista.org\/wp-content\/uploads\/2021\/06\/inbound1112029833-1024x768.jpg 1024w, https:\/\/radiozapatista.org\/wp-content\/uploads\/2021\/06\/inbound1112029833.jpg 1280w\" sizes=\"auto, (max-width: 350px) 100vw, 350px\" \/><\/a>\n\t\t\t<\/dt><\/dl><dl class='gallery-item'>\n\t\t\t<dt class='gallery-icon landscape'>\n\t\t\t\t<a href='https:\/\/radiozapatista.org\/wp-content\/uploads\/2021\/06\/inbound-1237992461.jpg'><img loading=\"lazy\" decoding=\"async\" width=\"350\" height=\"263\" src=\"https:\/\/radiozapatista.org\/wp-content\/uploads\/2021\/06\/inbound-1237992461-350x263.jpg\" class=\"attachment-medium size-medium\" alt=\"\" srcset=\"https:\/\/radiozapatista.org\/wp-content\/uploads\/2021\/06\/inbound-1237992461-350x263.jpg 350w, https:\/\/radiozapatista.org\/wp-content\/uploads\/2021\/06\/inbound-1237992461-768x576.jpg 768w, https:\/\/radiozapatista.org\/wp-content\/uploads\/2021\/06\/inbound-1237992461-1024x768.jpg 1024w, https:\/\/radiozapatista.org\/wp-content\/uploads\/2021\/06\/inbound-1237992461.jpg 1280w\" sizes=\"auto, (max-width: 350px) 100vw, 350px\" \/><\/a>\n\t\t\t<\/dt><\/dl><br style=\"clear: both\" \/>\n\t\t<\/div>\n\n<p align=\"center\"><small>Fotos: Juana Machetes<\/small><\/p>\n<p align=\"justify\">Para quienes llegaron de tantas geograf\u00edas, y para quienes desde enero se vienen organizando para recibir a lxs zapatistas, el momento fue sumamente emotivo.<\/p>\n<p align=\"justify\">\u201c<em>Hay cosas que me resulta dif\u00edcil describir con palabras\u201d, <\/em>nos dijo un compa\u00f1ero de la asamblea gallega<em>. \u201cEstar aqu\u00ed frente a la r\u00eda, con los montes, el mar\u2026 Ver llegar al muelle a las compas, esas figuras de baja estatura pero gigantes, subir por la escalera. Fue muy emotivo que toda la comitiva arranc\u00f3 con la m\u00fasica tradicional gallega. Gaitas, panderetas, tocadas por m\u00fasicas de nuestra tierra engalanadas con sus ropas tradicionales. Fue hermos\u00edsimo ver toda la diversidad, banderas gallegas independentistas, republicanas, antifascistas, junto con la del EZLN\u2026\u201d<\/em><\/p>\n<p style=\"text-align: center;\"><a href=\"https:\/\/radiozapatista.org\/wp-content\/uploads\/2021\/06\/photo_2021-06-22_13-17-21.jpg\"><img loading=\"lazy\" decoding=\"async\" class=\"aligncenter size-large wp-image-38288\" src=\"https:\/\/radiozapatista.org\/wp-content\/uploads\/2021\/06\/photo_2021-06-22_13-17-21-1024x558.jpg\" alt=\"\" width=\"1024\" height=\"558\" srcset=\"https:\/\/radiozapatista.org\/wp-content\/uploads\/2021\/06\/photo_2021-06-22_13-17-21-1024x558.jpg 1024w, https:\/\/radiozapatista.org\/wp-content\/uploads\/2021\/06\/photo_2021-06-22_13-17-21-350x191.jpg 350w, https:\/\/radiozapatista.org\/wp-content\/uploads\/2021\/06\/photo_2021-06-22_13-17-21-768x418.jpg 768w, https:\/\/radiozapatista.org\/wp-content\/uploads\/2021\/06\/photo_2021-06-22_13-17-21.jpg 1265w\" sizes=\"auto, (max-width: 1024px) 100vw, 1024px\" \/><\/a><br \/>\n<small>Foto: Elena Gil<\/small><\/p>\n<p align=\"justify\">En la playa de Carril, diversas delegadas y delegados de diferentes pa\u00edses se presentaron. Las luchas all\u00ed reunidas resonaron con las de M\u00e9xico y las Am\u00e9ricas y las de muchas otras partes del mundo. Luchas contra el extractivismo, contra los megaproyectos, por la soberan\u00eda alimentaria, por las lenguas y la memoria hist\u00f3rica, luchas feministas, trans, antifascistas y anticapitalistas, por los y las desaparecidas, luchas obreras, anarcosindicalistas, contra las e\u00f3licas, contra los monocultivos y mucho m\u00e1s.<\/p>\n<p align=\"justify\">Al gran templete preparado para el evento subieron lxs miembrxs del Escuadr\u00f3n 421 y la tripulaci\u00f3n de La Monta\u00f1a. Sobre el templete se encontraban <a href=\"https:\/\/radiozapatista.org\/?p=37335\">los cuatro cayucos<\/a> que atravesaron el Atl\u00e1ntico junto con la delegaci\u00f3n mar\u00edtima, y que representan los cuatro elementos de la traves\u00eda revolucionaria zapatista: la ancestralidad maya; la clandestinidad y el levantamiento armado; la construcci\u00f3n de la autonom\u00eda; la infancia encargada de cuidar y reinventar las cartas n\u00e1uticas para navegar el futuro.<\/p>\n<div class=\"wp-playlist wp-video-playlist wp-playlist-light\">\n\t\t<video controls=\"controls\" preload=\"none\" width=\"640\"\n\t\t height=\"360\"\t><\/video>\n\t<div class=\"wp-playlist-next\"><\/div>\n\t<div class=\"wp-playlist-prev\"><\/div>\n\t<noscript>\n\t<ol>\n\t\t<li><a href='https:\/\/radiozapatista.org\/wp-content\/uploads\/2021\/06\/Escuadron421Templete.mp4'>Video: Xarxa Solid\u00e0ria Gira per la Vida Pa\u00eds Valenci\u00e0<\/a><\/li>\t<\/ol>\n\t<\/noscript>\n\t<script type=\"application\/json\" class=\"wp-playlist-script\">{\"type\":\"video\",\"tracklist\":true,\"tracknumbers\":true,\"images\":true,\"artists\":true,\"tracks\":[{\"src\":\"https:\/\/radiozapatista.org\/wp-content\/uploads\/2021\/06\/Escuadron421Templete.mp4\",\"type\":\"video\/mp4\",\"title\":\"Video: Xarxa Solid\\u00e0ria Gira per la Vida Pa\\u00eds Valenci\\u00e0\",\"caption\":\"Video: Xarxa Solid\\u00e0ria Gira per la Vida Pa\\u00eds Valenci\\u00e0\",\"description\":\"Video: Xarxa Solid\\u00e0ria Gira per la Vida Pa\\u00eds Valenci\\u00e0\",\"meta\":{\"length_formatted\":\"0:14\"},\"dimensions\":{\"original\":{\"width\":1920,\"height\":1080},\"resized\":{\"width\":640,\"height\":360}},\"image\":{\"src\":\"https:\/\/radiozapatista.org\/wp-includes\/images\/media\/video.svg\",\"width\":48,\"height\":64},\"thumb\":{\"src\":\"https:\/\/radiozapatista.org\/wp-includes\/images\/media\/video.svg\",\"width\":48,\"height\":64}}]}<\/script>\n<\/div>\n\t\n<p align=\"justify\">\u201c<em>Hemos pasado 50 d\u00edas juntos, por suerte llegamos ac\u00e1. Les entregamos aqu\u00ed a los compas zapatistas\u2026 la despensa del barco ya est\u00e1 vac\u00eda, ya no hay alimentos\u201d<\/em>, brome\u00f3 el Capit\u00e1n Ludwig<em>. <\/em>\u201c<em>Para nosotros termin\u00f3 un viaje, pero aqu\u00ed comienza un viaje nuevo. Que despierten todos los que no est\u00e1n aqu\u00ed.<\/em>\u201d<\/p>\n<p align=\"justify\">\u201c<em>Estoy muy contento de llegar aqu\u00ed con todos juntos<\/em>\u201d, dijo un miembro de la tripulaci\u00f3n, evidentemente conmovido<em>. \u201cLa \u00fanica cosa que quiero decir es que, despu\u00e9s de este viaje, voy a llorar un poco, porque ellos son muy buenas gentes.<\/em>\u201d<\/p>\n<p align=\"justify\">Despu\u00e9s Marijose rebautiz\u00f3 a la Europa rebelde, y las y los dem\u00e1s miembros del Escuadr\u00f3n 421 se presentaron. Yuli, promotora y formadora de educaci\u00f3n, nos record\u00f3 que ellxs son s\u00f3lo la avanzada mar\u00edtima de un contingente mucho mayor que arribar\u00e1 a Slumil K&#8217;ajxemk&#8217;op por v\u00eda a\u00e9rea: \u201c<em><strong>Somos la primera delegaci\u00f3n, pero atr\u00e1s est\u00e1n muchos m\u00e1s y llegar\u00e1n muchos m\u00e1s<\/strong><\/em>\u201d.<\/p>\n<div class=\"wp-playlist wp-audio-playlist wp-playlist-light\">\n\t\t\t<div class=\"wp-playlist-current-item\"><\/div>\n\t\t<audio controls=\"controls\" preload=\"none\" width=\"640\"\n\t\t\t><\/audio>\n\t<div class=\"wp-playlist-next\"><\/div>\n\t<div class=\"wp-playlist-prev\"><\/div>\n\t<noscript>\n\t<ol>\n\t\t<li><a href='https:\/\/radiozapatista.org\/wp-content\/uploads\/2021\/06\/rebautizada.mp3'>Europa rebautizada: Slumil K'ajxemk'op<\/a><\/li><li><a href='https:\/\/radiozapatista.org\/wp-content\/uploads\/2021\/06\/Yuli.mp3'>Palabras de Yuli<\/a><\/li><li><a href='https:\/\/radiozapatista.org\/wp-content\/uploads\/2021\/06\/Ximena.mp3'>Palabras de Ximena<\/a><\/li><li><a href='https:\/\/radiozapatista.org\/wp-content\/uploads\/2021\/06\/carolina.mp3'>Palabras de Carolina<\/a><\/li><li><a href='https:\/\/radiozapatista.org\/wp-content\/uploads\/2021\/06\/Lupita.mp3'>Palabras de Lupita<\/a><\/li><li><a href='https:\/\/radiozapatista.org\/wp-content\/uploads\/2021\/06\/bernal.mp3'>Palabras de Bernal<\/a><\/li><li><a href='https:\/\/radiozapatista.org\/wp-content\/uploads\/2021\/06\/felipe.mp3'>Palabras de Felipe<\/a><\/li><li><a href='https:\/\/radiozapatista.org\/wp-content\/uploads\/2021\/06\/marijose2.mp3'>Palabras de Marijose<\/a><\/li>\t<\/ol>\n\t<\/noscript>\n\t<script type=\"application\/json\" class=\"wp-playlist-script\">{\"type\":\"audio\",\"tracklist\":true,\"tracknumbers\":true,\"images\":true,\"artists\":false,\"tracks\":[{\"src\":\"https:\/\/radiozapatista.org\/wp-content\/uploads\/2021\/06\/rebautizada.mp3\",\"type\":\"audio\/mpeg\",\"title\":\"Europa rebautizada: Slumil K'ajxemk'op\",\"caption\":\"Europa rebautizada: Slumil K'ajxemk'op\",\"description\":\"Europa rebautizada: Slumil K'ajxemk'op\",\"meta\":{\"genre\":\"Blues\",\"length_formatted\":\"0:42\"},\"image\":{\"src\":\"https:\/\/radiozapatista.org\/wp-includes\/images\/media\/audio.svg\",\"width\":48,\"height\":64},\"thumb\":{\"src\":\"https:\/\/radiozapatista.org\/wp-includes\/images\/media\/audio.svg\",\"width\":48,\"height\":64}},{\"src\":\"https:\/\/radiozapatista.org\/wp-content\/uploads\/2021\/06\/Yuli.mp3\",\"type\":\"audio\/mpeg\",\"title\":\"Palabras de Yuli\",\"caption\":\"Palabras de Yuli\",\"description\":\"\",\"meta\":{\"genre\":\"Blues\",\"length_formatted\":\"0:42\"},\"image\":{\"src\":\"https:\/\/radiozapatista.org\/wp-includes\/images\/media\/audio.svg\",\"width\":48,\"height\":64},\"thumb\":{\"src\":\"https:\/\/radiozapatista.org\/wp-includes\/images\/media\/audio.svg\",\"width\":48,\"height\":64}},{\"src\":\"https:\/\/radiozapatista.org\/wp-content\/uploads\/2021\/06\/Ximena.mp3\",\"type\":\"audio\/mpeg\",\"title\":\"Palabras de Ximena\",\"caption\":\"Palabras de Ximena\",\"description\":\"\",\"meta\":{\"genre\":\"Blues\",\"length_formatted\":\"0:31\"},\"image\":{\"src\":\"https:\/\/radiozapatista.org\/wp-includes\/images\/media\/audio.svg\",\"width\":48,\"height\":64},\"thumb\":{\"src\":\"https:\/\/radiozapatista.org\/wp-includes\/images\/media\/audio.svg\",\"width\":48,\"height\":64}},{\"src\":\"https:\/\/radiozapatista.org\/wp-content\/uploads\/2021\/06\/carolina.mp3\",\"type\":\"audio\/mpeg\",\"title\":\"Palabras de Carolina\",\"caption\":\"Palabras de Carolina\",\"description\":\"Palabras de Carolina\",\"meta\":{\"genre\":\"Blues\",\"length_formatted\":\"0:24\"},\"image\":{\"src\":\"https:\/\/radiozapatista.org\/wp-includes\/images\/media\/audio.svg\",\"width\":48,\"height\":64},\"thumb\":{\"src\":\"https:\/\/radiozapatista.org\/wp-includes\/images\/media\/audio.svg\",\"width\":48,\"height\":64}},{\"src\":\"https:\/\/radiozapatista.org\/wp-content\/uploads\/2021\/06\/Lupita.mp3\",\"type\":\"audio\/mpeg\",\"title\":\"Palabras de Lupita\",\"caption\":\"Palabras de Lupita\",\"description\":\"\",\"meta\":{\"genre\":\"Blues\",\"length_formatted\":\"0:16\"},\"image\":{\"src\":\"https:\/\/radiozapatista.org\/wp-includes\/images\/media\/audio.svg\",\"width\":48,\"height\":64},\"thumb\":{\"src\":\"https:\/\/radiozapatista.org\/wp-includes\/images\/media\/audio.svg\",\"width\":48,\"height\":64}},{\"src\":\"https:\/\/radiozapatista.org\/wp-content\/uploads\/2021\/06\/bernal.mp3\",\"type\":\"audio\/mpeg\",\"title\":\"Palabras de Bernal\",\"caption\":\"Palabras de Bernal\",\"description\":\"Palabras de Bernal\",\"meta\":{\"genre\":\"Blues\",\"length_formatted\":\"0:16\"},\"image\":{\"src\":\"https:\/\/radiozapatista.org\/wp-includes\/images\/media\/audio.svg\",\"width\":48,\"height\":64},\"thumb\":{\"src\":\"https:\/\/radiozapatista.org\/wp-includes\/images\/media\/audio.svg\",\"width\":48,\"height\":64}},{\"src\":\"https:\/\/radiozapatista.org\/wp-content\/uploads\/2021\/06\/felipe.mp3\",\"type\":\"audio\/mpeg\",\"title\":\"Palabras de Felipe\",\"caption\":\"Palabras de Felipe\",\"description\":\"Palabras de Felipe\",\"meta\":{\"genre\":\"Blues\",\"length_formatted\":\"0:34\"},\"image\":{\"src\":\"https:\/\/radiozapatista.org\/wp-includes\/images\/media\/audio.svg\",\"width\":48,\"height\":64},\"thumb\":{\"src\":\"https:\/\/radiozapatista.org\/wp-includes\/images\/media\/audio.svg\",\"width\":48,\"height\":64}},{\"src\":\"https:\/\/radiozapatista.org\/wp-content\/uploads\/2021\/06\/marijose2.mp3\",\"type\":\"audio\/mpeg\",\"title\":\"Palabras de Marijose\",\"caption\":\"Palabras de Marijose\",\"description\":\"Palabras de Marijose\",\"meta\":{\"genre\":\"Blues\",\"length_formatted\":\"1:08\"},\"image\":{\"src\":\"https:\/\/radiozapatista.org\/wp-includes\/images\/media\/audio.svg\",\"width\":48,\"height\":64},\"thumb\":{\"src\":\"https:\/\/radiozapatista.org\/wp-includes\/images\/media\/audio.svg\",\"width\":48,\"height\":64}}]}<\/script>\n<\/div>\n\t\n<p align=\"justify\">En Galiza la celebraci\u00f3n de la Fiesta de San Juan, que coincide con el solsticio de verano, el momento en que en el hemisferio norte los d\u00edas son m\u00e1s largos, es muy importante y muy simb\u00f3lica. Durante el evento, el Escuadr\u00f3n 421 recibi\u00f3 un cesto con la hierba de San Juan, para ponerse en agua a la luz de la luna y ba\u00f1arse con ella al d\u00eda siguiente, como se dijo, &#8220;para mantenerse j\u00f3venes y bellos&#8221;.<\/p>\n<p align=\"justify\">Enseguida, compa\u00f1eras de Xira pola Vida, la asamblea gallega que ha trabajado en la organizaci\u00f3n de la gira en territorio gallego desde el mes de enero, leyeron un comunicado de bienvenida, en gallego y en espa\u00f1ol.<\/p>\n<div class=\"wp-playlist wp-audio-playlist wp-playlist-light\">\n\t\t\t<div class=\"wp-playlist-current-item\"><\/div>\n\t\t<audio controls=\"controls\" preload=\"none\" width=\"640\"\n\t\t\t><\/audio>\n\t<div class=\"wp-playlist-next\"><\/div>\n\t<div class=\"wp-playlist-prev\"><\/div>\n\t<noscript>\n\t<ol>\n\t\t<li><a href='https:\/\/radiozapatista.org\/wp-content\/uploads\/2021\/06\/ComunicadoXiraPolaVida.mp3'>Comunicado Xira pola Vida - gallego<\/a><\/li><li><a href='https:\/\/radiozapatista.org\/wp-content\/uploads\/2021\/06\/ComunicadoXiraPolaVida_espanol.mp3'>Comunicado Xira pola Vida - espa\u00f1ol<\/a><\/li>\t<\/ol>\n\t<\/noscript>\n\t<script type=\"application\/json\" class=\"wp-playlist-script\">{\"type\":\"audio\",\"tracklist\":true,\"tracknumbers\":true,\"images\":true,\"artists\":false,\"tracks\":[{\"src\":\"https:\/\/radiozapatista.org\/wp-content\/uploads\/2021\/06\/ComunicadoXiraPolaVida.mp3\",\"type\":\"audio\/mpeg\",\"title\":\"Comunicado Xira pola Vida - gallego\",\"caption\":\"Comunicado Xira pola Vida - gallego\",\"description\":\"Comunicado Xira pola Vida - gallego\",\"meta\":{\"length_formatted\":\"4:42\"},\"image\":{\"src\":\"https:\/\/radiozapatista.org\/wp-includes\/images\/media\/audio.svg\",\"width\":48,\"height\":64},\"thumb\":{\"src\":\"https:\/\/radiozapatista.org\/wp-includes\/images\/media\/audio.svg\",\"width\":48,\"height\":64}},{\"src\":\"https:\/\/radiozapatista.org\/wp-content\/uploads\/2021\/06\/ComunicadoXiraPolaVida_espanol.mp3\",\"type\":\"audio\/mpeg\",\"title\":\"Comunicado Xira pola Vida - espa\\u00f1ol\",\"caption\":\"Comunicado Xira pola Vida - espa\\u00f1ol\",\"description\":\"\\\"ComunicadoXiraPolaVida_espanol\\\".\",\"meta\":{\"length_formatted\":\"5:48\"},\"image\":{\"src\":\"https:\/\/radiozapatista.org\/wp-includes\/images\/media\/audio.svg\",\"width\":48,\"height\":64},\"thumb\":{\"src\":\"https:\/\/radiozapatista.org\/wp-includes\/images\/media\/audio.svg\",\"width\":48,\"height\":64}}]}<\/script>\n<\/div>\n\t\n<p align=\"justify\">Luego de una emotiva despedida de la tripulaci\u00f3n, que regresaba al nav\u00edo despu\u00e9s de casi dos meses de convivencia con loas zapatistas y, tras la palabra de organizaciones y\u00a0 colectivos, empez\u00f3 la fiesta, que no pod\u00eda faltar, con m\u00fasica, bailes, poes\u00eda y representaciones teatrales.<\/p>\n<p style=\"text-align: center;\"><a href=\"https:\/\/radiozapatista.org\/wp-content\/uploads\/2021\/06\/photo_2021-06-22_15-22-06.jpg\"><img loading=\"lazy\" decoding=\"async\" class=\"aligncenter size-large wp-image-38330\" src=\"https:\/\/radiozapatista.org\/wp-content\/uploads\/2021\/06\/photo_2021-06-22_15-22-06-1024x536.jpg\" alt=\"\" width=\"1024\" height=\"536\" srcset=\"https:\/\/radiozapatista.org\/wp-content\/uploads\/2021\/06\/photo_2021-06-22_15-22-06-1024x536.jpg 1024w, https:\/\/radiozapatista.org\/wp-content\/uploads\/2021\/06\/photo_2021-06-22_15-22-06-350x183.jpg 350w, https:\/\/radiozapatista.org\/wp-content\/uploads\/2021\/06\/photo_2021-06-22_15-22-06-768x402.jpg 768w, https:\/\/radiozapatista.org\/wp-content\/uploads\/2021\/06\/photo_2021-06-22_15-22-06.jpg 1280w\" sizes=\"auto, (max-width: 1024px) 100vw, 1024px\" \/><\/a><br \/>\n<small>Foto: Xira pola Vida<\/small><\/p>\n<p align=\"justify\">La tarde avanzaba rumbo a la noche y en el cielo crepuscular de Galicia resonaban las voces que repet\u00edan: \u201cNos sembraron miedo, nos crecieron alas\u201d. \u201cPor todas las compas luchando en Reforma, por todas las morras peleando en Sonora, por las comandantas luchando por Chiapas, por todas las madres buscando en Tijuana, cantamos sin miedo, pedimos justicia, gritamos por cada desparecida, que retumbe fuerte: \u00a1Nos queremos vivas!\u201d. As\u00ed, entre la recepci\u00f3n con la m\u00fasica tradicional gallega y la <em>Canci\u00f3n sin miedo<\/em> de Vivir Quintana, nacida en M\u00e9xico y transformada en himno por las luchas feministas en el mundo, se empiezan a tejer lazos entre los pueblos de diversas geograf\u00edas para hacer frente a un sistema que ha perdido el rumbo.<\/p>\n<p align=\"justify\">Es ese el desaf\u00edo que plantea esta Gira Zapatista. Vincular las luchas, resistencias y formas de so\u00f1ar mundos para que, unidas en la diversidad, podamos construir otros mundos posibles. Arduo desaf\u00edo pero urgente y necesario, que se empez\u00f3 a bordar en tierras europeas desde antes de la llegada de esta delegaci\u00f3n mar\u00edtima, durante los muchos meses en que una gran diversidad de movimientos, colectivos y organizaciones han tenido que encontrarse, articularse e inventar formas otras de <em>ser en colectivo<\/em>.<\/p>\n<p align=\"justify\">Esto ya comenz\u00f3. Pero como dicen loas zapatistas: Falta lo que falta&#8230;<\/p>\n<p style=\"text-align: center;\" align=\"justify\"><iframe loading=\"lazy\" src=\"https:\/\/video.anartist.org\/videos\/embed\/0039e40b-685c-4fd0-ba48-263777f6769d?start=2m38s\" width=\"650\" height=\"500\" frameborder=\"0\" sandbox=\"allow-same-origin allow-scripts allow-popups\" allowfullscreen=\"allowfullscreen\"><\/iframe><br \/>\n<small>Video: Apolline Anor | Mel Guevara y Manuela Henao | Sandra Blondel, Pascal Hennequin y Azdru | Valentina Leduc y Juan Carlos Rulfo | Zeltia Outeiri\u00f1o Gonzalez<\/small><\/p>\n<p><strong>Ve tambi\u00e9n: <a href=\"https:\/\/radiozapatista.org\/?p=38349\">EL DESEMBARCO<\/a> (Enlace Zapatista)<\/strong><\/p>\n\n\t\t<style type=\"text\/css\">\n\t\t\t#gallery-2 {\n\t\t\t\tmargin: auto;\n\t\t\t}\n\t\t\t#gallery-2 .gallery-item {\n\t\t\t\tfloat: left;\n\t\t\t\tmargin-top: 10px;\n\t\t\t\ttext-align: center;\n\t\t\t\twidth: 33%;\n\t\t\t}\n\t\t\t#gallery-2 img {\n\t\t\t\tborder: 2px solid #cfcfcf;\n\t\t\t}\n\t\t\t#gallery-2 .gallery-caption {\n\t\t\t\tmargin-left: 0;\n\t\t\t}\n\t\t\t\/* see gallery_shortcode() in wp-includes\/media.php *\/\n\t\t<\/style>\n\t\t<div id='gallery-2' class='gallery galleryid-38279 gallery-columns-3 gallery-size-medium'><dl class='gallery-item'>\n\t\t\t<dt class='gallery-icon landscape'>\n\t\t\t\t<a href='https:\/\/radiozapatista.org\/wp-content\/uploads\/2021\/06\/201167617_1919801384834540_6538933609324600866_n.jpg'><img loading=\"lazy\" decoding=\"async\" width=\"350\" height=\"263\" src=\"https:\/\/radiozapatista.org\/wp-content\/uploads\/2021\/06\/201167617_1919801384834540_6538933609324600866_n-350x263.jpg\" class=\"attachment-medium size-medium\" alt=\"\" srcset=\"https:\/\/radiozapatista.org\/wp-content\/uploads\/2021\/06\/201167617_1919801384834540_6538933609324600866_n-350x263.jpg 350w, https:\/\/radiozapatista.org\/wp-content\/uploads\/2021\/06\/201167617_1919801384834540_6538933609324600866_n-768x576.jpg 768w, https:\/\/radiozapatista.org\/wp-content\/uploads\/2021\/06\/201167617_1919801384834540_6538933609324600866_n-1024x768.jpg 1024w, https:\/\/radiozapatista.org\/wp-content\/uploads\/2021\/06\/201167617_1919801384834540_6538933609324600866_n.jpg 1280w\" sizes=\"auto, (max-width: 350px) 100vw, 350px\" \/><\/a>\n\t\t\t<\/dt><\/dl><dl class='gallery-item'>\n\t\t\t<dt class='gallery-icon landscape'>\n\t\t\t\t<a href='https:\/\/radiozapatista.org\/wp-content\/uploads\/2021\/06\/inbound714257896.jpg'><img loading=\"lazy\" decoding=\"async\" width=\"350\" height=\"263\" src=\"https:\/\/radiozapatista.org\/wp-content\/uploads\/2021\/06\/inbound714257896-350x263.jpg\" class=\"attachment-medium size-medium\" alt=\"\" srcset=\"https:\/\/radiozapatista.org\/wp-content\/uploads\/2021\/06\/inbound714257896-350x263.jpg 350w, https:\/\/radiozapatista.org\/wp-content\/uploads\/2021\/06\/inbound714257896-768x576.jpg 768w, https:\/\/radiozapatista.org\/wp-content\/uploads\/2021\/06\/inbound714257896-1024x768.jpg 1024w, https:\/\/radiozapatista.org\/wp-content\/uploads\/2021\/06\/inbound714257896.jpg 1280w\" sizes=\"auto, (max-width: 350px) 100vw, 350px\" \/><\/a>\n\t\t\t<\/dt><\/dl><dl class='gallery-item'>\n\t\t\t<dt class='gallery-icon landscape'>\n\t\t\t\t<a href='https:\/\/radiozapatista.org\/wp-content\/uploads\/2021\/06\/205812321_4588454421183370_8316691440159587797_n.jpg'><img loading=\"lazy\" decoding=\"async\" width=\"350\" height=\"263\" src=\"https:\/\/radiozapatista.org\/wp-content\/uploads\/2021\/06\/205812321_4588454421183370_8316691440159587797_n-350x263.jpg\" class=\"attachment-medium size-medium\" alt=\"\" srcset=\"https:\/\/radiozapatista.org\/wp-content\/uploads\/2021\/06\/205812321_4588454421183370_8316691440159587797_n-350x263.jpg 350w, https:\/\/radiozapatista.org\/wp-content\/uploads\/2021\/06\/205812321_4588454421183370_8316691440159587797_n-768x576.jpg 768w, https:\/\/radiozapatista.org\/wp-content\/uploads\/2021\/06\/205812321_4588454421183370_8316691440159587797_n.jpg 960w\" sizes=\"auto, (max-width: 350px) 100vw, 350px\" \/><\/a>\n\t\t\t<\/dt><\/dl><br style=\"clear: both\" \/><dl class='gallery-item'>\n\t\t\t<dt class='gallery-icon landscape'>\n\t\t\t\t<a href='https:\/\/radiozapatista.org\/wp-content\/uploads\/2021\/06\/inbound1112029833.jpg'><img loading=\"lazy\" decoding=\"async\" width=\"350\" height=\"263\" src=\"https:\/\/radiozapatista.org\/wp-content\/uploads\/2021\/06\/inbound1112029833-350x263.jpg\" class=\"attachment-medium size-medium\" alt=\"\" srcset=\"https:\/\/radiozapatista.org\/wp-content\/uploads\/2021\/06\/inbound1112029833-350x263.jpg 350w, https:\/\/radiozapatista.org\/wp-content\/uploads\/2021\/06\/inbound1112029833-768x576.jpg 768w, https:\/\/radiozapatista.org\/wp-content\/uploads\/2021\/06\/inbound1112029833-1024x768.jpg 1024w, https:\/\/radiozapatista.org\/wp-content\/uploads\/2021\/06\/inbound1112029833.jpg 1280w\" sizes=\"auto, (max-width: 350px) 100vw, 350px\" \/><\/a>\n\t\t\t<\/dt><\/dl><dl class='gallery-item'>\n\t\t\t<dt class='gallery-icon landscape'>\n\t\t\t\t<a href='https:\/\/radiozapatista.org\/wp-content\/uploads\/2021\/06\/200253750_1921453518002660_3945697043549073765_n.jpg'><img loading=\"lazy\" decoding=\"async\" width=\"350\" height=\"263\" src=\"https:\/\/radiozapatista.org\/wp-content\/uploads\/2021\/06\/200253750_1921453518002660_3945697043549073765_n-350x263.jpg\" class=\"attachment-medium size-medium\" alt=\"\" srcset=\"https:\/\/radiozapatista.org\/wp-content\/uploads\/2021\/06\/200253750_1921453518002660_3945697043549073765_n-350x263.jpg 350w, https:\/\/radiozapatista.org\/wp-content\/uploads\/2021\/06\/200253750_1921453518002660_3945697043549073765_n-768x576.jpg 768w, https:\/\/radiozapatista.org\/wp-content\/uploads\/2021\/06\/200253750_1921453518002660_3945697043549073765_n.jpg 960w\" sizes=\"auto, (max-width: 350px) 100vw, 350px\" \/><\/a>\n\t\t\t<\/dt><\/dl><dl class='gallery-item'>\n\t\t\t<dt class='gallery-icon landscape'>\n\t\t\t\t<a href='https:\/\/radiozapatista.org\/wp-content\/uploads\/2021\/06\/202176278_4588454801183332_5533269321215170559_n.jpg'><img loading=\"lazy\" decoding=\"async\" width=\"350\" height=\"263\" src=\"https:\/\/radiozapatista.org\/wp-content\/uploads\/2021\/06\/202176278_4588454801183332_5533269321215170559_n-350x263.jpg\" class=\"attachment-medium size-medium\" alt=\"\" srcset=\"https:\/\/radiozapatista.org\/wp-content\/uploads\/2021\/06\/202176278_4588454801183332_5533269321215170559_n-350x263.jpg 350w, https:\/\/radiozapatista.org\/wp-content\/uploads\/2021\/06\/202176278_4588454801183332_5533269321215170559_n-768x576.jpg 768w, https:\/\/radiozapatista.org\/wp-content\/uploads\/2021\/06\/202176278_4588454801183332_5533269321215170559_n.jpg 960w\" sizes=\"auto, (max-width: 350px) 100vw, 350px\" \/><\/a>\n\t\t\t<\/dt><\/dl><br style=\"clear: both\" \/><dl class='gallery-item'>\n\t\t\t<dt class='gallery-icon landscape'>\n\t\t\t\t<a href='https:\/\/radiozapatista.org\/wp-content\/uploads\/2021\/06\/202417619_4588454287850050_6860502690113777438_n.jpg'><img loading=\"lazy\" decoding=\"async\" width=\"350\" height=\"263\" src=\"https:\/\/radiozapatista.org\/wp-content\/uploads\/2021\/06\/202417619_4588454287850050_6860502690113777438_n-350x263.jpg\" class=\"attachment-medium size-medium\" alt=\"\" srcset=\"https:\/\/radiozapatista.org\/wp-content\/uploads\/2021\/06\/202417619_4588454287850050_6860502690113777438_n-350x263.jpg 350w, https:\/\/radiozapatista.org\/wp-content\/uploads\/2021\/06\/202417619_4588454287850050_6860502690113777438_n-768x576.jpg 768w, https:\/\/radiozapatista.org\/wp-content\/uploads\/2021\/06\/202417619_4588454287850050_6860502690113777438_n.jpg 960w\" sizes=\"auto, (max-width: 350px) 100vw, 350px\" \/><\/a>\n\t\t\t<\/dt><\/dl><dl class='gallery-item'>\n\t\t\t<dt class='gallery-icon landscape'>\n\t\t\t\t<a href='https:\/\/radiozapatista.org\/wp-content\/uploads\/2021\/06\/205294206_4588454694516676_4927978022568443883_n.jpg'><img loading=\"lazy\" decoding=\"async\" width=\"350\" height=\"263\" src=\"https:\/\/radiozapatista.org\/wp-content\/uploads\/2021\/06\/205294206_4588454694516676_4927978022568443883_n-350x263.jpg\" class=\"attachment-medium size-medium\" alt=\"\" srcset=\"https:\/\/radiozapatista.org\/wp-content\/uploads\/2021\/06\/205294206_4588454694516676_4927978022568443883_n-350x263.jpg 350w, https:\/\/radiozapatista.org\/wp-content\/uploads\/2021\/06\/205294206_4588454694516676_4927978022568443883_n-768x576.jpg 768w, https:\/\/radiozapatista.org\/wp-content\/uploads\/2021\/06\/205294206_4588454694516676_4927978022568443883_n.jpg 960w\" sizes=\"auto, (max-width: 350px) 100vw, 350px\" \/><\/a>\n\t\t\t<\/dt><\/dl><dl class='gallery-item'>\n\t\t\t<dt class='gallery-icon landscape'>\n\t\t\t\t<a href='https:\/\/radiozapatista.org\/wp-content\/uploads\/2021\/06\/inbound-923212278-2.jpg'><img loading=\"lazy\" decoding=\"async\" width=\"350\" height=\"263\" src=\"https:\/\/radiozapatista.org\/wp-content\/uploads\/2021\/06\/inbound-923212278-2-350x263.jpg\" class=\"attachment-medium size-medium\" alt=\"\" srcset=\"https:\/\/radiozapatista.org\/wp-content\/uploads\/2021\/06\/inbound-923212278-2-350x263.jpg 350w, https:\/\/radiozapatista.org\/wp-content\/uploads\/2021\/06\/inbound-923212278-2-768x576.jpg 768w, https:\/\/radiozapatista.org\/wp-content\/uploads\/2021\/06\/inbound-923212278-2-1024x768.jpg 1024w, https:\/\/radiozapatista.org\/wp-content\/uploads\/2021\/06\/inbound-923212278-2.jpg 1280w\" sizes=\"auto, (max-width: 350px) 100vw, 350px\" \/><\/a>\n\t\t\t<\/dt><\/dl><br style=\"clear: both\" \/><dl class='gallery-item'>\n\t\t\t<dt class='gallery-icon portrait'>\n\t\t\t\t<a href='https:\/\/radiozapatista.org\/wp-content\/uploads\/2021\/06\/203044697_1921452921336053_3564524985364685580_n.png'><img loading=\"lazy\" decoding=\"async\" width=\"168\" height=\"300\" src=\"https:\/\/radiozapatista.org\/wp-content\/uploads\/2021\/06\/203044697_1921452921336053_3564524985364685580_n-168x300.png\" class=\"attachment-medium size-medium\" alt=\"\" srcset=\"https:\/\/radiozapatista.org\/wp-content\/uploads\/2021\/06\/203044697_1921452921336053_3564524985364685580_n-168x300.png 168w, https:\/\/radiozapatista.org\/wp-content\/uploads\/2021\/06\/203044697_1921452921336053_3564524985364685580_n.png 402w\" sizes=\"auto, (max-width: 168px) 100vw, 168px\" \/><\/a>\n\t\t\t<\/dt><\/dl><dl class='gallery-item'>\n\t\t\t<dt class='gallery-icon portrait'>\n\t\t\t\t<a href='https:\/\/radiozapatista.org\/wp-content\/uploads\/2021\/06\/205220705_1921454221335923_7911232048602679948_n.png'><img loading=\"lazy\" decoding=\"async\" width=\"168\" height=\"300\" src=\"https:\/\/radiozapatista.org\/wp-content\/uploads\/2021\/06\/205220705_1921454221335923_7911232048602679948_n-168x300.png\" class=\"attachment-medium size-medium\" alt=\"\" srcset=\"https:\/\/radiozapatista.org\/wp-content\/uploads\/2021\/06\/205220705_1921454221335923_7911232048602679948_n-168x300.png 168w, https:\/\/radiozapatista.org\/wp-content\/uploads\/2021\/06\/205220705_1921454221335923_7911232048602679948_n.png 403w\" sizes=\"auto, (max-width: 168px) 100vw, 168px\" \/><\/a>\n\t\t\t<\/dt><\/dl><dl class='gallery-item'>\n\t\t\t<dt class='gallery-icon portrait'>\n\t\t\t\t<a href='https:\/\/radiozapatista.org\/wp-content\/uploads\/2021\/06\/204835613_1921454228002589_7358670963445300265_n.png'><img loading=\"lazy\" decoding=\"async\" width=\"172\" height=\"300\" src=\"https:\/\/radiozapatista.org\/wp-content\/uploads\/2021\/06\/204835613_1921454228002589_7358670963445300265_n-172x300.png\" class=\"attachment-medium size-medium\" alt=\"\" srcset=\"https:\/\/radiozapatista.org\/wp-content\/uploads\/2021\/06\/204835613_1921454228002589_7358670963445300265_n-172x300.png 172w, https:\/\/radiozapatista.org\/wp-content\/uploads\/2021\/06\/204835613_1921454228002589_7358670963445300265_n.png 413w\" sizes=\"auto, (max-width: 172px) 100vw, 172px\" \/><\/a>\n\t\t\t<\/dt><\/dl><br style=\"clear: both\" \/><dl class='gallery-item'>\n\t\t\t<dt class='gallery-icon portrait'>\n\t\t\t\t<a href='https:\/\/radiozapatista.org\/wp-content\/uploads\/2021\/06\/200036751_1921454204669258_5546453461596645404_n.png'><img loading=\"lazy\" decoding=\"async\" width=\"170\" height=\"300\" src=\"https:\/\/radiozapatista.org\/wp-content\/uploads\/2021\/06\/200036751_1921454204669258_5546453461596645404_n-170x300.png\" class=\"attachment-medium size-medium\" alt=\"\" srcset=\"https:\/\/radiozapatista.org\/wp-content\/uploads\/2021\/06\/200036751_1921454204669258_5546453461596645404_n-170x300.png 170w, https:\/\/radiozapatista.org\/wp-content\/uploads\/2021\/06\/200036751_1921454204669258_5546453461596645404_n.png 408w\" sizes=\"auto, (max-width: 170px) 100vw, 170px\" \/><\/a>\n\t\t\t<\/dt><\/dl><dl class='gallery-item'>\n\t\t\t<dt class='gallery-icon portrait'>\n\t\t\t\t<a href='https:\/\/radiozapatista.org\/wp-content\/uploads\/2021\/06\/198810232_1921454274669251_7973215777735057852_n.png'><img loading=\"lazy\" decoding=\"async\" width=\"168\" height=\"300\" src=\"https:\/\/radiozapatista.org\/wp-content\/uploads\/2021\/06\/198810232_1921454274669251_7973215777735057852_n-168x300.png\" class=\"attachment-medium size-medium\" alt=\"\" srcset=\"https:\/\/radiozapatista.org\/wp-content\/uploads\/2021\/06\/198810232_1921454274669251_7973215777735057852_n-168x300.png 168w, https:\/\/radiozapatista.org\/wp-content\/uploads\/2021\/06\/198810232_1921454274669251_7973215777735057852_n.png 403w\" sizes=\"auto, (max-width: 168px) 100vw, 168px\" \/><\/a>\n\t\t\t<\/dt><\/dl><dl class='gallery-item'>\n\t\t\t<dt class='gallery-icon portrait'>\n\t\t\t\t<a href='https:\/\/radiozapatista.org\/wp-content\/uploads\/2021\/06\/197261232_1921454261335919_4586730071059477779_n.png'><img loading=\"lazy\" decoding=\"async\" width=\"168\" height=\"300\" src=\"https:\/\/radiozapatista.org\/wp-content\/uploads\/2021\/06\/197261232_1921454261335919_4586730071059477779_n-168x300.png\" class=\"attachment-medium size-medium\" alt=\"\" srcset=\"https:\/\/radiozapatista.org\/wp-content\/uploads\/2021\/06\/197261232_1921454261335919_4586730071059477779_n-168x300.png 168w, https:\/\/radiozapatista.org\/wp-content\/uploads\/2021\/06\/197261232_1921454261335919_4586730071059477779_n.png 404w\" sizes=\"auto, (max-width: 168px) 100vw, 168px\" \/><\/a>\n\t\t\t<\/dt><\/dl><br style=\"clear: both\" \/><dl class='gallery-item'>\n\t\t\t<dt class='gallery-icon portrait'>\n\t\t\t\t<a href='https:\/\/radiozapatista.org\/wp-content\/uploads\/2021\/06\/202539318_1921454191335926_3988414412204066039_n.png'><img loading=\"lazy\" decoding=\"async\" width=\"168\" height=\"300\" src=\"https:\/\/radiozapatista.org\/wp-content\/uploads\/2021\/06\/202539318_1921454191335926_3988414412204066039_n-168x300.png\" class=\"attachment-medium size-medium\" alt=\"\" srcset=\"https:\/\/radiozapatista.org\/wp-content\/uploads\/2021\/06\/202539318_1921454191335926_3988414412204066039_n-168x300.png 168w, https:\/\/radiozapatista.org\/wp-content\/uploads\/2021\/06\/202539318_1921454191335926_3988414412204066039_n.png 402w\" sizes=\"auto, (max-width: 168px) 100vw, 168px\" \/><\/a>\n\t\t\t<\/dt><\/dl><dl class='gallery-item'>\n\t\t\t<dt class='gallery-icon portrait'>\n\t\t\t\t<a href='https:\/\/radiozapatista.org\/wp-content\/uploads\/2021\/06\/201977731_1921453234669355_3823486124691591247_n.png'><img loading=\"lazy\" decoding=\"async\" width=\"215\" height=\"300\" src=\"https:\/\/radiozapatista.org\/wp-content\/uploads\/2021\/06\/201977731_1921453234669355_3823486124691591247_n-215x300.png\" class=\"attachment-medium size-medium\" alt=\"\" srcset=\"https:\/\/radiozapatista.org\/wp-content\/uploads\/2021\/06\/201977731_1921453234669355_3823486124691591247_n-215x300.png 215w, https:\/\/radiozapatista.org\/wp-content\/uploads\/2021\/06\/201977731_1921453234669355_3823486124691591247_n.png 511w\" sizes=\"auto, (max-width: 215px) 100vw, 215px\" \/><\/a>\n\t\t\t<\/dt><\/dl><dl class='gallery-item'>\n\t\t\t<dt class='gallery-icon landscape'>\n\t\t\t\t<a href='https:\/\/radiozapatista.org\/wp-content\/uploads\/2021\/06\/photo_2021-06-22_13-13-14.jpg'><img loading=\"lazy\" decoding=\"async\" width=\"350\" height=\"263\" src=\"https:\/\/radiozapatista.org\/wp-content\/uploads\/2021\/06\/photo_2021-06-22_13-13-14-350x263.jpg\" class=\"attachment-medium size-medium\" alt=\"\" srcset=\"https:\/\/radiozapatista.org\/wp-content\/uploads\/2021\/06\/photo_2021-06-22_13-13-14-350x263.jpg 350w, https:\/\/radiozapatista.org\/wp-content\/uploads\/2021\/06\/photo_2021-06-22_13-13-14-768x576.jpg 768w, https:\/\/radiozapatista.org\/wp-content\/uploads\/2021\/06\/photo_2021-06-22_13-13-14-1024x768.jpg 1024w, https:\/\/radiozapatista.org\/wp-content\/uploads\/2021\/06\/photo_2021-06-22_13-13-14.jpg 1280w\" sizes=\"auto, (max-width: 350px) 100vw, 350px\" \/><\/a>\n\t\t\t<\/dt><\/dl><br style=\"clear: both\" \/><dl class='gallery-item'>\n\t\t\t<dt class='gallery-icon landscape'>\n\t\t\t\t<a href='https:\/\/radiozapatista.org\/wp-content\/uploads\/2021\/06\/inbound714257896-1.jpg'><img loading=\"lazy\" decoding=\"async\" width=\"350\" height=\"263\" src=\"https:\/\/radiozapatista.org\/wp-content\/uploads\/2021\/06\/inbound714257896-1-350x263.jpg\" class=\"attachment-medium size-medium\" alt=\"\" srcset=\"https:\/\/radiozapatista.org\/wp-content\/uploads\/2021\/06\/inbound714257896-1-350x263.jpg 350w, https:\/\/radiozapatista.org\/wp-content\/uploads\/2021\/06\/inbound714257896-1-768x576.jpg 768w, https:\/\/radiozapatista.org\/wp-content\/uploads\/2021\/06\/inbound714257896-1-1024x768.jpg 1024w, https:\/\/radiozapatista.org\/wp-content\/uploads\/2021\/06\/inbound714257896-1.jpg 1280w\" sizes=\"auto, (max-width: 350px) 100vw, 350px\" \/><\/a>\n\t\t\t<\/dt><\/dl><dl class='gallery-item'>\n\t\t\t<dt class='gallery-icon landscape'>\n\t\t\t\t<a href='https:\/\/radiozapatista.org\/wp-content\/uploads\/2021\/06\/photo_2021-06-22_13-12-59.jpg'><img loading=\"lazy\" decoding=\"async\" width=\"350\" height=\"263\" src=\"https:\/\/radiozapatista.org\/wp-content\/uploads\/2021\/06\/photo_2021-06-22_13-12-59-350x263.jpg\" class=\"attachment-medium size-medium\" alt=\"\" srcset=\"https:\/\/radiozapatista.org\/wp-content\/uploads\/2021\/06\/photo_2021-06-22_13-12-59-350x263.jpg 350w, https:\/\/radiozapatista.org\/wp-content\/uploads\/2021\/06\/photo_2021-06-22_13-12-59-768x576.jpg 768w, https:\/\/radiozapatista.org\/wp-content\/uploads\/2021\/06\/photo_2021-06-22_13-12-59-1024x768.jpg 1024w, https:\/\/radiozapatista.org\/wp-content\/uploads\/2021\/06\/photo_2021-06-22_13-12-59.jpg 1280w\" sizes=\"auto, (max-width: 350px) 100vw, 350px\" \/><\/a>\n\t\t\t<\/dt><\/dl><dl class='gallery-item'>\n\t\t\t<dt class='gallery-icon landscape'>\n\t\t\t\t<a href='https:\/\/radiozapatista.org\/wp-content\/uploads\/2021\/06\/photo_2021-06-22_13-13-07.jpg'><img loading=\"lazy\" decoding=\"async\" width=\"350\" height=\"263\" src=\"https:\/\/radiozapatista.org\/wp-content\/uploads\/2021\/06\/photo_2021-06-22_13-13-07-350x263.jpg\" class=\"attachment-medium size-medium\" alt=\"\" srcset=\"https:\/\/radiozapatista.org\/wp-content\/uploads\/2021\/06\/photo_2021-06-22_13-13-07-350x263.jpg 350w, https:\/\/radiozapatista.org\/wp-content\/uploads\/2021\/06\/photo_2021-06-22_13-13-07-768x576.jpg 768w, https:\/\/radiozapatista.org\/wp-content\/uploads\/2021\/06\/photo_2021-06-22_13-13-07-1024x768.jpg 1024w, https:\/\/radiozapatista.org\/wp-content\/uploads\/2021\/06\/photo_2021-06-22_13-13-07.jpg 1280w\" sizes=\"auto, (max-width: 350px) 100vw, 350px\" \/><\/a>\n\t\t\t<\/dt><\/dl><br style=\"clear: both\" \/>\n\t\t<\/div>\n\n<p>Fotos de la galer\u00eda: Juana Machetes y Gira per la Vida.<br \/>\nFoto de portada: Juana Machetes.<\/p>","protected":false},"excerpt":{"rendered":"<p>A nombre de todas las mujeres, ni\u00f1os, hombres, ancianos y, claro, otroas zapatistas, declaro que el nombre de esta tierra, a la que sus naturales llaman ahora Europa, de aqu\u00ed en adelante se llamar\u00e1 \u201cSlumil K&#8217;ajxemk&#8217;op\u201d, que quiere decir \u201cTierra insumisa\u201d, tierra que no se resigna, que no desmaya. Y as\u00ed ser\u00e1 conocida por propios [&hellip;]<\/p>\n","protected":false},"author":1,"featured_media":38335,"comment_status":"open","ping_status":"closed","sticky":false,"template":"","format":"standard","meta":{"footnotes":""},"categories":[1,957,1318,955,949,934,953,190,222],"tags":[920,26,926,1317],"class_list":["post-38279","post","type-post","status-publish","format-standard","has-post-thumbnail","hentry","category-audio","category-autonomia","category-caravana-zapatista-a-europa","category-ezln-temas","category-fotorreportaje","category-multimedia","category-mundo","category-radiozapatista","category-video","tag-europa","tag-europa-zapatista","tag-ezln","tag-travesia-por-la-vida"],"_links":{"self":[{"href":"https:\/\/radiozapatista.org\/index.php?rest_route=\/wp\/v2\/posts\/38279","targetHints":{"allow":["GET"]}}],"collection":[{"href":"https:\/\/radiozapatista.org\/index.php?rest_route=\/wp\/v2\/posts"}],"about":[{"href":"https:\/\/radiozapatista.org\/index.php?rest_route=\/wp\/v2\/types\/post"}],"author":[{"embeddable":true,"href":"https:\/\/radiozapatista.org\/index.php?rest_route=\/wp\/v2\/users\/1"}],"replies":[{"embeddable":true,"href":"https:\/\/radiozapatista.org\/index.php?rest_route=%2Fwp%2Fv2%2Fcomments&post=38279"}],"version-history":[{"count":28,"href":"https:\/\/radiozapatista.org\/index.php?rest_route=\/wp\/v2\/posts\/38279\/revisions"}],"predecessor-version":[{"id":38373,"href":"https:\/\/radiozapatista.org\/index.php?rest_route=\/wp\/v2\/posts\/38279\/revisions\/38373"}],"wp:featuredmedia":[{"embeddable":true,"href":"https:\/\/radiozapatista.org\/index.php?rest_route=\/wp\/v2\/media\/38335"}],"wp:attachment":[{"href":"https:\/\/radiozapatista.org\/index.php?rest_route=%2Fwp%2Fv2%2Fmedia&parent=38279"}],"wp:term":[{"taxonomy":"category","embeddable":true,"href":"https:\/\/radiozapatista.org\/index.php?rest_route=%2Fwp%2Fv2%2Fcategories&post=38279"},{"taxonomy":"post_tag","embeddable":true,"href":"https:\/\/radiozapatista.org\/index.php?rest_route=%2Fwp%2Fv2%2Ftags&post=38279"}],"curies":[{"name":"wp","href":"https:\/\/api.w.org\/{rel}","templated":true}]}}