{"id":37957,"date":"2021-05-25T11:23:55","date_gmt":"2021-05-25T16:23:55","guid":{"rendered":"https:\/\/radiozapatista.org\/?p=37957"},"modified":"2021-05-25T11:23:55","modified_gmt":"2021-05-25T16:23:55","slug":"26-de-mayo-la-gira-zapatista-por-europa-un-viaje-por-la-vida","status":"publish","type":"post","link":"https:\/\/radiozapatista.org\/?p=37957","title":{"rendered":"26 de mayo: La gira zapatista por Europa &#8211; Un viaje por la vida"},"content":{"rendered":"<p><span class=\"style-scope yt-formatted-string\" dir=\"auto\">Mi\u00e9rcoles 26 de mayo. <\/span><span class=\"style-scope yt-formatted-string\" dir=\"auto\">20:00<\/span><span class=\"style-scope yt-formatted-string\" dir=\"auto\">hrs. <\/span><\/p>\n<p><span class=\"style-scope yt-formatted-string\" dir=\"auto\">En 2020, lxs zapatistas anunciaron que hab\u00edan decidido viajar a Europa desde M\u00e9xico en el verano de 2021, como primera etapa de un trayecto que les llevar\u00e1 por los cinco continentes con la idea de \u201crealizar encuentros, di\u00e1logos, intercambios de ideas, experiencias, an\u00e1lisis y colaboraciones entre quienes nos encontramos empe\u00f1ados en la lucha por la Vida\u201d. <\/span><\/p>\n<p><span class=\"style-scope yt-formatted-string\" dir=\"auto\">En nuestro pr\u00f3ximo Directo conversaremos con parte de la organizaci\u00f3n de la gira zapatista en Europa en conexi\u00f3n simult\u00e1nea desde Vigo, Madrid y Basilea (Suiza). <\/span><\/p>\n<p><span class=\"style-scope yt-formatted-string\" dir=\"auto\">\u00bfCu\u00e1les son las \u00faltimas noticias de la gira zapatista? \u00bfQu\u00e9 actividades estar\u00e1n programadas? \u00bfCu\u00e1les son los objetivos de la gira zapatista por Europa? \u00bfC\u00f3mo podemos apoyar la gira zapatista desde Europa? <\/span><\/p>\n<p><span class=\"style-scope yt-formatted-string\" dir=\"auto\">\u00a1Transmisi\u00f3n simult\u00e1nea en Facebook, Youtube y Twitch! <\/span><\/p>\n<p><span class=\"style-scope yt-formatted-string\" dir=\"auto\">ENLACES DE CONEXI\u00d3N: <\/span><\/p>\n<p><a class=\"yt-simple-endpoint style-scope yt-formatted-string\" dir=\"auto\" spellcheck=\"false\" href=\"https:\/\/www.youtube.com\/watch?v=H3LlSKCXELY&amp;t=0s\">https:\/\/youtu.be\/H3LlSKCXELY<\/a><\/p>\n<p><a class=\"yt-simple-endpoint style-scope yt-formatted-string\" dir=\"auto\" spellcheck=\"false\" href=\"https:\/\/www.youtube.com\/redirect?event=video_description&amp;redir_token=QUFFLUhqbkJaQUVDN3VYVm1XbTV1V3ExRFlDa1BtSVlJd3xBQ3Jtc0ttbkJyRF8xMW9ZblhrWlNkcFlFdEdlNnNYZHlIUXFjYTA3WnJZZnBuZm9qZ0tnaUZxaGtmWFMycDZOeWQ4S0lZWXZ4Zk0tc0dDakVOQmpTVFh0OEN6Um5ZRlZkRGRnbWoxRjlHN3ZfalBMSTY1ZW9xSQ&amp;q=https%3A%2F%2Fwww.facebook.com%2F201700123527772%2Fposts%2F1399822413715531\" target=\"_blank\" rel=\"nofollow noopener\">https:\/\/www.facebook.com\/201700123527&#8230;<\/a><\/p>\n<p><a class=\"yt-simple-endpoint style-scope yt-formatted-string\" dir=\"auto\" spellcheck=\"false\" href=\"https:\/\/www.youtube.com\/redirect?event=video_description&amp;redir_token=QUFFLUhqblBCNEhUVVUwYVV3dDF6Tjhjd25NS3JiOTlmUXxBQ3Jtc0tsWlA1WUxQbGN1eEdyZExTalpvVzVONVl3TkZYaVlHLWNhYm5LVVc0cUx3djJYbGhtOWhGSWxRY2RvMDF3OXFOcklPMWszb25hc1hzQlFlak5VU0NXMEZ5bFBUTEJpMWxGX3BDbjh3bXNqWlI4Ukk4VQ&amp;q=https%3A%2F%2Fwww.twitch.tv%2FPoderMigrante\" target=\"_blank\" rel=\"nofollow noopener\">https:\/\/www.twitch.tv\/PoderMigrante<\/a><\/p>\n<p><span class=\"style-scope yt-formatted-string\" dir=\"auto\">\u00a1Difunde, con\u00e9ctate, participa! Frente al racismo, <\/span><a class=\"yt-simple-endpoint style-scope yt-formatted-string\" dir=\"auto\" spellcheck=\"false\" href=\"https:\/\/www.youtube.com\/hashtag\/podermigrante\">#PoderMigrante<\/a><\/p>","protected":false},"excerpt":{"rendered":"<p>Mi\u00e9rcoles 26 de mayo. 20:00hrs. En 2020, lxs zapatistas anunciaron que hab\u00edan decidido viajar a Europa desde M\u00e9xico en el verano de 2021, como primera etapa de un trayecto que les llevar\u00e1 por los cinco continentes con la idea de \u201crealizar encuentros, di\u00e1logos, intercambios de ideas, experiencias, an\u00e1lisis y colaboraciones entre quienes nos encontramos empe\u00f1ados [&hellip;]<\/p>\n","protected":false},"author":1,"featured_media":0,"comment_status":"open","ping_status":"closed","sticky":false,"template":"","format":"standard","meta":{"footnotes":""},"categories":[183],"tags":[],"class_list":["post-37957","post","type-post","status-publish","format-standard","hentry","category-blog"],"_links":{"self":[{"href":"https:\/\/radiozapatista.org\/index.php?rest_route=\/wp\/v2\/posts\/37957","targetHints":{"allow":["GET"]}}],"collection":[{"href":"https:\/\/radiozapatista.org\/index.php?rest_route=\/wp\/v2\/posts"}],"about":[{"href":"https:\/\/radiozapatista.org\/index.php?rest_route=\/wp\/v2\/types\/post"}],"author":[{"embeddable":true,"href":"https:\/\/radiozapatista.org\/index.php?rest_route=\/wp\/v2\/users\/1"}],"replies":[{"embeddable":true,"href":"https:\/\/radiozapatista.org\/index.php?rest_route=%2Fwp%2Fv2%2Fcomments&post=37957"}],"version-history":[{"count":1,"href":"https:\/\/radiozapatista.org\/index.php?rest_route=\/wp\/v2\/posts\/37957\/revisions"}],"predecessor-version":[{"id":37958,"href":"https:\/\/radiozapatista.org\/index.php?rest_route=\/wp\/v2\/posts\/37957\/revisions\/37958"}],"wp:attachment":[{"href":"https:\/\/radiozapatista.org\/index.php?rest_route=%2Fwp%2Fv2%2Fmedia&parent=37957"}],"wp:term":[{"taxonomy":"category","embeddable":true,"href":"https:\/\/radiozapatista.org\/index.php?rest_route=%2Fwp%2Fv2%2Fcategories&post=37957"},{"taxonomy":"post_tag","embeddable":true,"href":"https:\/\/radiozapatista.org\/index.php?rest_route=%2Fwp%2Fv2%2Ftags&post=37957"}],"curies":[{"name":"wp","href":"https:\/\/api.w.org\/{rel}","templated":true}]}}