{"id":37949,"date":"2021-05-25T11:10:48","date_gmt":"2021-05-25T16:10:48","guid":{"rendered":"https:\/\/radiozapatista.org\/?p=37949"},"modified":"2021-05-25T11:14:32","modified_gmt":"2021-05-25T16:14:32","slug":"37949","status":"publish","type":"post","link":"https:\/\/radiozapatista.org\/?p=37949","title":{"rendered":"Rueda de prensa: Simulaci\u00f3n de consultas ind\u00edgenas, corredor interoce\u00e1nico"},"content":{"rendered":"<p><\/p>\n<p style=\"text-align: center;\">Desde la #TomaDelINPI, convocamos a una #RuedaDePrensa para denunciar la simulaci\u00f3n de consultas a modo y denunciar el despojo de la tierra y el territorio en el Istmo Oaxaque\u00f1o #NoAlCorredorTransoceanico.<br \/>\nLos esperamos este martes 25 de Mayo a las 12:00 hrs. En la #TomaDelINPI, ubicado en Av. M\u00e9xico-Coyoac\u00e1n, Col. Xoco. Benito Ju\u00e1rez.<br \/>\nS\u00edguenos por la redes sociales!<br \/>\nFrente al Despojo y la Represi\u00f3n, la Solidaridad Convoca: Asamblea Permanente de Puente Madera, El Istmo es Nuestro y comunidades afectadas de Mixtquilla y Ciudad Ixtepec<\/p>\n<p style=\"text-align: center;\"><a href=\"https:\/\/radiozapatista.org\/wp-content\/uploads\/2021\/05\/photo_2021-05-24_19-36-09.jpg\"><img loading=\"lazy\" decoding=\"async\" class=\"aligncenter size-full wp-image-37950\" src=\"https:\/\/radiozapatista.org\/wp-content\/uploads\/2021\/05\/photo_2021-05-24_19-36-09.jpg\" alt=\"\" width=\"678\" height=\"960\" srcset=\"https:\/\/radiozapatista.org\/wp-content\/uploads\/2021\/05\/photo_2021-05-24_19-36-09.jpg 678w, https:\/\/radiozapatista.org\/wp-content\/uploads\/2021\/05\/photo_2021-05-24_19-36-09-212x300.jpg 212w\" sizes=\"auto, (max-width: 678px) 100vw, 678px\" \/><\/a><\/p>\n<p><\/p>","protected":false},"excerpt":{"rendered":"<p>Desde la #TomaDelINPI, convocamos a una #RuedaDePrensa para denunciar la simulaci\u00f3n de consultas a modo y denunciar el despojo de la tierra y el territorio en el Istmo Oaxaque\u00f1o #NoAlCorredorTransoceanico. Los esperamos este martes 25 de Mayo a las 12:00 hrs. En la #TomaDelINPI, ubicado en Av. M\u00e9xico-Coyoac\u00e1n, Col. Xoco. Benito Ju\u00e1rez. S\u00edguenos por la [&hellip;]<\/p>\n","protected":false},"author":1,"featured_media":0,"comment_status":"open","ping_status":"closed","sticky":false,"template":"","format":"standard","meta":{"footnotes":""},"categories":[183],"tags":[],"class_list":["post-37949","post","type-post","status-publish","format-standard","hentry","category-blog"],"_links":{"self":[{"href":"https:\/\/radiozapatista.org\/index.php?rest_route=\/wp\/v2\/posts\/37949","targetHints":{"allow":["GET"]}}],"collection":[{"href":"https:\/\/radiozapatista.org\/index.php?rest_route=\/wp\/v2\/posts"}],"about":[{"href":"https:\/\/radiozapatista.org\/index.php?rest_route=\/wp\/v2\/types\/post"}],"author":[{"embeddable":true,"href":"https:\/\/radiozapatista.org\/index.php?rest_route=\/wp\/v2\/users\/1"}],"replies":[{"embeddable":true,"href":"https:\/\/radiozapatista.org\/index.php?rest_route=%2Fwp%2Fv2%2Fcomments&post=37949"}],"version-history":[{"count":2,"href":"https:\/\/radiozapatista.org\/index.php?rest_route=\/wp\/v2\/posts\/37949\/revisions"}],"predecessor-version":[{"id":37952,"href":"https:\/\/radiozapatista.org\/index.php?rest_route=\/wp\/v2\/posts\/37949\/revisions\/37952"}],"wp:attachment":[{"href":"https:\/\/radiozapatista.org\/index.php?rest_route=%2Fwp%2Fv2%2Fmedia&parent=37949"}],"wp:term":[{"taxonomy":"category","embeddable":true,"href":"https:\/\/radiozapatista.org\/index.php?rest_route=%2Fwp%2Fv2%2Fcategories&post=37949"},{"taxonomy":"post_tag","embeddable":true,"href":"https:\/\/radiozapatista.org\/index.php?rest_route=%2Fwp%2Fv2%2Ftags&post=37949"}],"curies":[{"name":"wp","href":"https:\/\/api.w.org\/{rel}","templated":true}]}}