{"id":37629,"date":"2021-05-06T17:16:13","date_gmt":"2021-05-06T22:16:13","guid":{"rendered":"https:\/\/radiozapatista.org\/?p=37629"},"modified":"2021-05-06T17:16:13","modified_gmt":"2021-05-06T22:16:13","slug":"denuncia-del-preso-en-lucha-marcelino-ruiz-gomez","status":"publish","type":"post","link":"https:\/\/radiozapatista.org\/?p=37629","title":{"rendered":"[:es]Denuncia del preso en lucha Marcelino Ruiz G\u00f3mez[:]"},"content":{"rendered":"<p>[:es]6\/5\/2021<br \/>\nCERSS No 10<br \/>\nComit\u00e1n, Chiapas, Mexico.<\/p>\n<p>Denuncia publica<br \/>\nOrganizaci\u00f3n Vineketik en Resistencia adherente a la Sexta Declaraci\u00f3n de la Selva Lacandona del EZLN<\/p>\n<p>A la opini\u00f3n publica<br \/>\nA los medios de comunicaci\u00f3n<br \/>\nA la Sexta nacional e internacional<br \/>\nA los defensores de derechos humanos, ONGs<br \/>\nA la Red Contra la Represi\u00f3n y por la Solidaridad<br \/>\nAl pueblo de Mexico y del mundo<\/p>\n<p>El d\u00eda de hoy jueves 6 de mayo aproximadamente a las 11de la ma\u00f1ana vino mi esposa a darme mi pozol que me manda mi mam\u00e1 desde San Juan Chamula y unas frutas como mango, que no me dejaron pasar pues me van prohibiendo el paso de mis cosas que me trae mi familia es una clara represi\u00f3n de parte del Sr. Director Jos\u00e9 Hern\u00e1ndez Marquez y su comandante Ramiro ya que solicite hablar con ellos para pedirles una explicaci\u00f3n del por qu\u00e9 no me dejan pasar mis cosas ya que en la poblaci\u00f3n y dem\u00e1s compa\u00f1eros tienen fruter\u00edas dentro del centro y ya no me dejan pasar lo que me trae mi familia porque yo no tengo dinero para pagar el paso, es por eso que los denuncio ante la opini\u00f3n publica a los derechos humanos ya que claramente se ve desigualdad el desprecio a los ind\u00edgenas que siempre hemos sido reprimidos de diferentes maneras con tal de apagar nuestra lucha.<\/p>\n<p>Atentamente<\/p>\n<p>Marcelino Ruiz G\u00f3mez [:]<\/p>\n","protected":false},"excerpt":{"rendered":"<p>[:es]6\/5\/2021 CERSS No 10 Comit\u00e1n, Chiapas, Mexico. Denuncia publica Organizaci\u00f3n Vineketik en Resistencia adherente a la Sexta Declaraci\u00f3n de la Selva Lacandona del EZLN A la opini\u00f3n publica A los medios de comunicaci\u00f3n A la Sexta nacional e internacional A los defensores de derechos humanos, ONGs A la Red Contra la Represi\u00f3n y por la [&hellip;]<\/p>\n","protected":false},"author":1,"featured_media":0,"comment_status":"open","ping_status":"closed","sticky":false,"template":"","format":"standard","meta":{"footnotes":""},"categories":[6,183,962],"tags":[948],"class_list":["post-37629","post","type-post","status-publish","format-standard","hentry","category-chiapas","category-blog","category-presos","tag-presos"],"_links":{"self":[{"href":"https:\/\/radiozapatista.org\/index.php?rest_route=\/wp\/v2\/posts\/37629","targetHints":{"allow":["GET"]}}],"collection":[{"href":"https:\/\/radiozapatista.org\/index.php?rest_route=\/wp\/v2\/posts"}],"about":[{"href":"https:\/\/radiozapatista.org\/index.php?rest_route=\/wp\/v2\/types\/post"}],"author":[{"embeddable":true,"href":"https:\/\/radiozapatista.org\/index.php?rest_route=\/wp\/v2\/users\/1"}],"replies":[{"embeddable":true,"href":"https:\/\/radiozapatista.org\/index.php?rest_route=%2Fwp%2Fv2%2Fcomments&post=37629"}],"version-history":[{"count":1,"href":"https:\/\/radiozapatista.org\/index.php?rest_route=\/wp\/v2\/posts\/37629\/revisions"}],"predecessor-version":[{"id":37630,"href":"https:\/\/radiozapatista.org\/index.php?rest_route=\/wp\/v2\/posts\/37629\/revisions\/37630"}],"wp:attachment":[{"href":"https:\/\/radiozapatista.org\/index.php?rest_route=%2Fwp%2Fv2%2Fmedia&parent=37629"}],"wp:term":[{"taxonomy":"category","embeddable":true,"href":"https:\/\/radiozapatista.org\/index.php?rest_route=%2Fwp%2Fv2%2Fcategories&post=37629"},{"taxonomy":"post_tag","embeddable":true,"href":"https:\/\/radiozapatista.org\/index.php?rest_route=%2Fwp%2Fv2%2Ftags&post=37629"}],"curies":[{"name":"wp","href":"https:\/\/api.w.org\/{rel}","templated":true}]}}