{"id":37125,"date":"2021-04-08T21:10:01","date_gmt":"2021-04-09T02:10:01","guid":{"rendered":"https:\/\/radiozapatista.org\/?p=37125"},"modified":"2021-04-13T15:23:42","modified_gmt":"2021-04-13T20:23:42","slug":"honduras-pruebas-vinculan-a-empresa-por-asesinato-de-berta-caceres-y-suspenden-juicio","status":"publish","type":"post","link":"https:\/\/radiozapatista.org\/?p=37125","title":{"rendered":"Honduras | Pruebas vinculan a empresa por asesinato de Berta C\u00e1ceres y suspenden juicio"},"content":{"rendered":"<p>Por \u00d1an\u00ed Pinto<\/p>\n<p>Tras cinco a\u00f1os del asesinato de la activista Berta C\u00e1ceres en Honduras, este 7 de abril, hab\u00eda iniciado formalmente un juicio contra el ex militar de las Fuerzas Armadas de Honduras, Roberto David Castillo, quien fue detenido en 2018 como presunto autor intelectual de este atroz crimen. No obstante, la defensa t\u00e9cnica de Castillo, por cuarta ocasi\u00f3n, present\u00f3 ante la Corte de Apelaciones de la Corte Suprema de Justicia (CSJ) de Honduras una recusaci\u00f3n contra el Tribunal que lleva el juicio.<\/p>\n<p>Los abogados de Castillo pidieron a la Corte que traslade el caso a otro tribunal. Luc\u00eda Villars, portavoz de los tribunales, expres\u00f3 que el juicio no pod\u00eda proseguir hasta que el Tribunal de Apelaciones resolviera el asunto. Tiene tres d\u00edas para hacerlo.<\/p>\n<p>El abogado de la familia C\u00e1ceres, V\u00edctor Fern\u00e1ndez, puntualiz\u00f3 que la defensa present\u00f3 la recusaci\u00f3n \u201chaciendo un alegato forzado mostrando enemistad manifiesta con el Tribunal y ese elemento dice que lo infieren del trato que han recibido del Tribunal\u201d.<\/p>\n<p>La familia de Berta considera que la suspensi\u00f3n del juicio se dio en torno a nuevas pruebas que presentaron los abogados que llevan el caso, sobre un pago de m\u00e1s de 1 mill\u00f3n 200 mil d\u00f3lares que recibi\u00f3 David Castillo, dos d\u00edas antes del asesinato de Berta, por parte de Daniel \u00c1tala Sabla, gerente financiero de la empresa Desarrollos Energ\u00e9ticos S.A. (DESA), principal accionista del proyecto hidroel\u00e9ctrico Agua Zarca, cuya construcci\u00f3n est\u00e1 planeada para realizarse sobre el R\u00edo Gualcarque.<br \/>\n<!--more--><\/p>\n<figure class=\"wp-block-gallery columns-2 is-cropped\">\n<ul class=\"blocks-gallery-grid\">\n<li class=\"blocks-gallery-item\">\n<figure><img loading=\"lazy\" decoding=\"async\" class=\"wp-image-37588\" src=\"https:\/\/avispa.org\/wp-content\/uploads\/2021\/04\/Juicio-Berta-Caceres1.jpg\" sizes=\"auto, (max-width: 940px) 100vw, 940px\" srcset=\"https:\/\/avispa.org\/wp-content\/uploads\/2021\/04\/Juicio-Berta-Caceres1.jpg 940w, https:\/\/avispa.org\/wp-content\/uploads\/2021\/04\/Juicio-Berta-Caceres1-300x251.jpg 300w, https:\/\/avispa.org\/wp-content\/uploads\/2021\/04\/Juicio-Berta-Caceres1-768x644.jpg 768w, https:\/\/avispa.org\/wp-content\/uploads\/2021\/04\/Juicio-Berta-Caceres1-696x583.jpg 696w, https:\/\/avispa.org\/wp-content\/uploads\/2021\/04\/Juicio-Berta-Caceres1-501x420.jpg 501w\" alt=\"\" width=\"940\" height=\"788\" data-id=\"37588\" data-link=\"https:\/\/avispa.org\/?attachment_id=37588\" \/><\/figure>\n<\/li>\n<li class=\"blocks-gallery-item\">\n<figure><img loading=\"lazy\" decoding=\"async\" class=\"wp-image-37589\" src=\"https:\/\/avispa.org\/wp-content\/uploads\/2021\/04\/Juicio-David-Castillo-1024x556.jpg\" sizes=\"auto, (max-width: 1024px) 100vw, 1024px\" srcset=\"https:\/\/avispa.org\/wp-content\/uploads\/2021\/04\/Juicio-David-Castillo-1024x556.jpg 1024w, https:\/\/avispa.org\/wp-content\/uploads\/2021\/04\/Juicio-David-Castillo-300x163.jpg 300w, https:\/\/avispa.org\/wp-content\/uploads\/2021\/04\/Juicio-David-Castillo-768x417.jpg 768w, https:\/\/avispa.org\/wp-content\/uploads\/2021\/04\/Juicio-David-Castillo-696x378.jpg 696w, https:\/\/avispa.org\/wp-content\/uploads\/2021\/04\/Juicio-David-Castillo-1068x580.jpg 1068w, https:\/\/avispa.org\/wp-content\/uploads\/2021\/04\/Juicio-David-Castillo-774x420.jpg 774w, https:\/\/avispa.org\/wp-content\/uploads\/2021\/04\/Juicio-David-Castillo.jpg 1280w\" alt=\"\" width=\"1024\" height=\"556\" data-id=\"37589\" data-full-url=\"https:\/\/avispa.org\/wp-content\/uploads\/2021\/04\/Juicio-David-Castillo.jpg\" data-link=\"https:\/\/avispa.org\/?attachment_id=37589\" \/><\/figure>\n<\/li>\n<\/ul>\n<\/figure>\n<p>Aunque la empresa se desvincul\u00f3 de toda responsabilidad de este crimen, argumentando que \u201cbajo ning\u00fan concepto es responsable ni tiene v\u00ednculo material e intelectual con el asesinato\u201d, la familia de Berta considera lo contrario.<\/p>\n<p>Este pago \u201clo entendemos tambi\u00e9n como la vinculaci\u00f3n de estos se\u00f1ores. Bueno esto despierta grandes suspicacias, verdad, de que esto se pueda tratar de un pago para la comisi\u00f3n del delito, por las p\u00e9rdidas que les estaba significando la lucha de R\u00edo Blanco, liderada por mi madre\u201d, se\u00f1al\u00f3 la hija de la activista asesinada, Berta Isabel Z\u00fa\u00f1iga<\/p>\n<p>Los abogados del caso Berta C\u00e1ceres presentaron, adem\u00e1s de la autorizaci\u00f3n de la transferencia, tambi\u00e9n correos electr\u00f3nicos y llamadas telef\u00f3nicas, un cruce de mensajes y llamadas entre Castillo Mej\u00eda y Geovanny Bustillo, exjefe de seguridad de DESA y militar retirado.<\/p>\n<p>Yuri Mora, director de comunicaciones del Ministerio P\u00fablico, agreg\u00f3 que la fiscal\u00eda cuenta con m\u00e1s de 55 medios de prueba entre testificales, periciales, pruebas cient\u00edficas y testimonios para demostrar la culpabilidad de Castillo Mej\u00eda.<\/p>\n<p>Por su parte, el abogado Fern\u00e1ndez puntualiza, \u201cesperamos que esta semana se agote el procedimiento de la recusaci\u00f3n y ojal\u00e1 en los primeros d\u00edas de la otra (semana) retomemos el juicio\u201d.<\/p>","protected":false},"excerpt":{"rendered":"<p>Por \u00d1an\u00ed Pinto Tras cinco a\u00f1os del asesinato de la activista Berta C\u00e1ceres en Honduras, este 7 de abril, hab\u00eda iniciado formalmente un juicio contra el ex militar de las Fuerzas Armadas de Honduras, Roberto David Castillo, quien fue detenido en 2018 como presunto autor intelectual de este atroz crimen. No obstante, la defensa t\u00e9cnica [&hellip;]<\/p>\n","protected":false},"author":21,"featured_media":37126,"comment_status":"open","ping_status":"closed","sticky":false,"template":"","format":"standard","meta":{"footnotes":""},"categories":[51,1284,826,958,961,935],"tags":[58,53,1305,567,147,23,545,87,148,27,483],"class_list":["post-37125","post","type-post","status-publish","format-standard","has-post-thumbnail","hentry","category-autor","category-latinoamerica","category-medios-libres-2","category-megaproyectos","category-mujeres","category-temas","tag-derechos-humanos","tag-justicia","tag-latinoamerica","tag-megaproyectos","tag-militarizacion","tag-paramilitares","tag-pueblos-indigenas","tag-represion","tag-resistencia","tag-solidaridad","tag-tierra-y-territorio"],"_links":{"self":[{"href":"https:\/\/radiozapatista.org\/index.php?rest_route=\/wp\/v2\/posts\/37125","targetHints":{"allow":["GET"]}}],"collection":[{"href":"https:\/\/radiozapatista.org\/index.php?rest_route=\/wp\/v2\/posts"}],"about":[{"href":"https:\/\/radiozapatista.org\/index.php?rest_route=\/wp\/v2\/types\/post"}],"author":[{"embeddable":true,"href":"https:\/\/radiozapatista.org\/index.php?rest_route=\/wp\/v2\/users\/21"}],"replies":[{"embeddable":true,"href":"https:\/\/radiozapatista.org\/index.php?rest_route=%2Fwp%2Fv2%2Fcomments&post=37125"}],"version-history":[{"count":2,"href":"https:\/\/radiozapatista.org\/index.php?rest_route=\/wp\/v2\/posts\/37125\/revisions"}],"predecessor-version":[{"id":37160,"href":"https:\/\/radiozapatista.org\/index.php?rest_route=\/wp\/v2\/posts\/37125\/revisions\/37160"}],"wp:featuredmedia":[{"embeddable":true,"href":"https:\/\/radiozapatista.org\/index.php?rest_route=\/wp\/v2\/media\/37126"}],"wp:attachment":[{"href":"https:\/\/radiozapatista.org\/index.php?rest_route=%2Fwp%2Fv2%2Fmedia&parent=37125"}],"wp:term":[{"taxonomy":"category","embeddable":true,"href":"https:\/\/radiozapatista.org\/index.php?rest_route=%2Fwp%2Fv2%2Fcategories&post=37125"},{"taxonomy":"post_tag","embeddable":true,"href":"https:\/\/radiozapatista.org\/index.php?rest_route=%2Fwp%2Fv2%2Ftags&post=37125"}],"curies":[{"name":"wp","href":"https:\/\/api.w.org\/{rel}","templated":true}]}}