{"id":37031,"date":"2021-03-26T23:20:08","date_gmt":"2021-03-27T05:20:08","guid":{"rendered":"https:\/\/radiozapatista.org\/?p=37031"},"modified":"2021-03-26T23:20:08","modified_gmt":"2021-03-27T05:20:08","slug":"temuco-alcanza-record-historico-en-cantidad-de-campamentos-aumento-de-familias-residentes-y-sin-acceso-a-agua","status":"publish","type":"post","link":"https:\/\/radiozapatista.org\/?p=37031","title":{"rendered":"Temuco alcanza r\u00e9cord hist\u00f3rico en cantidad de campamentos, aumento de familias residentes y sin acceso a agua"},"content":{"rendered":"<p><\/p>\n<div id=\"content\" class=\"clearfix\">\n<article id=\"post-22216\" class=\"post-22216 post type-post status-publish format-standard has-post-thumbnail hentry category-not tag-campamentos tag-temuco tag-tomas-de-terrenos tag-vivienda-digna\">\n<div class=\"article-content clearfix\">\n<div class=\"entry-content clearfix\">\n<p>Para nadie es una novedad la cantidad de campamentos que han surgido posterior al denominado estallido social en Temuco. Cuesti\u00f3n que se ha querido impedir, ocultar, pero no solucionar. LLegando incluso a tener que movilizarse muchos de ellos por acceso al agua, bajo riesgo sanitario a causa del nuevo Coronavirus Covid-19. Siendo de especial preocupaci\u00f3n la negativa de la institucionalidad de entregar el suministro del vital elemento y la represi\u00f3n hacia el movimiento de tomas de terreno.<\/p>\n<p>Estos \u00faltimos hechos de represi\u00f3n fueron denunciados en instancias internacionales, por ser de car\u00e1cter ilegal, contra los derechos humanos y constituyen actos de violencia estatal hacia la poblaci\u00f3n en medios de una grave crisis sanitaria mundial, contraviniendo derechos fundamentales como el acceso a la vivienda y el agua. Asi consta en la <a href=\"https:\/\/observatorio.cl\/declaracion-y-denuncia-sobre-situacion-de-campamentos-de-temuco-ante-organismos-internacionales-de-derechos-humanos\/\" target=\"_blank\" rel=\"noreferrer noopener\">DECLARACION Y DENUNCIA SOBRE SITUACION DE CAMPAMENTOS DE TEMUCO ANTE ORGANISMOS INTERNACIONALES DE DERECHOS HUMANOS. <\/a><\/p>\n<p>En la reciente publicaci\u00f3n del <a href=\"https:\/\/g5noticias.cl\/2021\/03\/25\/catastro-nacional-de-campamentos-2020-2021-de-techo-chile-aumentaron-74-desde-2019\/\" target=\"_blank\" rel=\"noreferrer noopener\">Catastro Nacional de Campamentos 2020-2021 por parte de TECHO-Chile y Fundaci\u00f3n Vivienda (FV)<\/a> se evidencia lo anteriormente expuesto en la hist\u00f3rica cifra total de 81.643 familias que habitan en 969 campamentos en el pa\u00eds, siendo \u00e9ste el dato m\u00e1s alto desde el a\u00f1o 1996.<\/p>\n<p>Para la regi\u00f3n de la Araucan\u00eda el estudio arroj\u00f3 un aumento del 315,38% en la cantidad de familias y un 128,57% en el n\u00famero de campamentos.<\/p>\n<p>Estas cifras son preocupantes debido a que la situaci\u00f3n sanitaria no da indicios de retroceder en la capital de la regi\u00f3n de La Araucan\u00eda y a\u00fan se encuentran demasiados campamentos sin acceso a agua.<\/p>\n<p>Tatiana Alarc\u00f3n, dirigenta de campamento en sector Amanecer declara que es inaudito que a\u00fan existan personas en pandemia sin acceso al agua:<\/p>\n<figure class=\"wp-block-audio\"><audio src=\"https:\/\/radiokurruf.org\/wp-content\/uploads\/2021\/03\/Tatiana-Alarcon-sector-Amanecer.mp3\" controls=\"controls\" data-mce-fragment=\"1\"><\/audio><\/figure>\n<p>Lorena Reyes dirigenta del campamento El Esfuerzo del sector Porvenir indica que se vieron en la necesidad de irse a vivir a un campamento, que <em>\u00ab\u2026existe una grave crisis habitacional, perdieron sus trabajos, los arriendos son excesivamente caros y las autoridades no toman cartas en el asunto\u00bb<\/em>, entre otra palabras enfatiz\u00f3, quien tambi\u00e9n como Tatiana Alarc\u00f3n viven en campamentos que cumplen m\u00e1s de un a\u00f1o.<\/p>\n<figure class=\"wp-block-audio\"><audio src=\"https:\/\/radiokurruf.org\/wp-content\/uploads\/2021\/03\/Lorena-Reyes-dirigenta-campamento-El-Esfuerzo-sector-Porvenir.mp3\" controls=\"controls\" data-mce-fragment=\"1\"><\/audio><\/figure>\n<\/div>\n<\/div>\n<\/article>\n<\/div>\n<ul class=\"default-wp-page clearfix\">\n<li class=\"previous\"><a href=\"https:\/\/radiokurruf.org\/2021\/03\/26\/audio-presos-politicos-de-larga-condena-de-la-revuelta-e-imputads-inician-huelga-de-hambre-en-santiago\/\" rel=\"prev\"><span class=\"meta-nav\">\u2190<\/span> [Audio] Presos pol\u00edticos de larga condena, de la revuelta y anarquistas inician huelga de hambre en Santiago<\/a><\/li>\n<li class=\"next\"><a href=\"https:\/\/radiokurruf.org\/2021\/03\/27\/mision-quebec-canada-observadora-de-dd-hh-denuncia-violencia-estatal-contra-mujeres-y-manifestantes-el-pasado-8m-en-chile\/\" rel=\"next\">Misi\u00f3n Quebec-Canad\u00e1 observadora de DD.HH. Denuncia violencia estatal contra mujeres y manifestantes el pasado 8M en Chile <span class=\"meta-nav\">\u2192<\/span><\/a><\/li>\n<\/ul>\n<p><\/p>","protected":false},"excerpt":{"rendered":"<p>Para nadie es una novedad la cantidad de campamentos que han surgido posterior al denominado estallido social en Temuco. Cuesti\u00f3n que se ha querido impedir, ocultar, pero no solucionar. LLegando incluso a tener que movilizarse muchos de ellos por acceso al agua, bajo riesgo sanitario a causa del nuevo Coronavirus Covid-19. Siendo de especial preocupaci\u00f3n [&hellip;]<\/p>\n","protected":false},"author":21,"featured_media":0,"comment_status":"open","ping_status":"closed","sticky":false,"template":"","format":"standard","meta":{"footnotes":""},"categories":[51,1284,826,958,183,935],"tags":[58,53,1305,567,147,545,87,148,27,483],"class_list":["post-37031","post","type-post","status-publish","format-standard","hentry","category-autor","category-latinoamerica","category-medios-libres-2","category-megaproyectos","category-blog","category-temas","tag-derechos-humanos","tag-justicia","tag-latinoamerica","tag-megaproyectos","tag-militarizacion","tag-pueblos-indigenas","tag-represion","tag-resistencia","tag-solidaridad","tag-tierra-y-territorio"],"_links":{"self":[{"href":"https:\/\/radiozapatista.org\/index.php?rest_route=\/wp\/v2\/posts\/37031","targetHints":{"allow":["GET"]}}],"collection":[{"href":"https:\/\/radiozapatista.org\/index.php?rest_route=\/wp\/v2\/posts"}],"about":[{"href":"https:\/\/radiozapatista.org\/index.php?rest_route=\/wp\/v2\/types\/post"}],"author":[{"embeddable":true,"href":"https:\/\/radiozapatista.org\/index.php?rest_route=\/wp\/v2\/users\/21"}],"replies":[{"embeddable":true,"href":"https:\/\/radiozapatista.org\/index.php?rest_route=%2Fwp%2Fv2%2Fcomments&post=37031"}],"version-history":[{"count":1,"href":"https:\/\/radiozapatista.org\/index.php?rest_route=\/wp\/v2\/posts\/37031\/revisions"}],"predecessor-version":[{"id":37032,"href":"https:\/\/radiozapatista.org\/index.php?rest_route=\/wp\/v2\/posts\/37031\/revisions\/37032"}],"wp:attachment":[{"href":"https:\/\/radiozapatista.org\/index.php?rest_route=%2Fwp%2Fv2%2Fmedia&parent=37031"}],"wp:term":[{"taxonomy":"category","embeddable":true,"href":"https:\/\/radiozapatista.org\/index.php?rest_route=%2Fwp%2Fv2%2Fcategories&post=37031"},{"taxonomy":"post_tag","embeddable":true,"href":"https:\/\/radiozapatista.org\/index.php?rest_route=%2Fwp%2Fv2%2Ftags&post=37031"}],"curies":[{"name":"wp","href":"https:\/\/api.w.org\/{rel}","templated":true}]}}